{"id":1186,"date":"2020-11-26T17:23:21","date_gmt":"2020-11-26T16:23:21","guid":{"rendered":"https:\/\/fes-heidenheim.de\/grundschule\/?p=1186"},"modified":"2022-10-02T17:10:02","modified_gmt":"2022-10-02T15:10:02","slug":"der-verlorene-sohn-musiktheater","status":"publish","type":"post","link":"https:\/\/fes-heidenheim.de\/grundschule\/2020\/11\/26\/der-verlorene-sohn-musiktheater\/","title":{"rendered":"Der verlorene Sohn \u2014 Musiktheater"},"content":{"rendered":"\n<p>Der ver\u00adlorene Sohn? Das ist doch diese Geschichte aus der Bibel. Wenn man diesen Titel h\u00f6rt, denkt man sich\u00ader nicht an Gauner, Casi\u00adnos und Bank\u00fcber\u00adf\u00e4lle. Aber genau darum ging es im Musi\u00adcal \u201eDer ver\u00adlorene Sohn\u201c, das die Sech\u00adstk\u00adl\u00e4ssler unseres FES-Gym\u00adna\u00adsi\u00adums und unser\u00ader FES-Realschule im neuen Gemein\u00addezen\u00adtrum der Evan\u00adge\u00adlis\u00adchen Br\u00fcck\u00adenge\u00admeinde in Hei\u00adden\u00adheim auf die B\u00fchne gebracht haben. Eltern, Gro\u00dfel\u00adtern, Geschwis\u00adter und G\u00e4ste durften eine Stunde span\u00adnen\u00addes The\u00adater mit viel Musik, Gesang und Tanz genie\u00dfen und dabei die alte bib\u00adlis\u00adche Geschichte ein\u00admal in einem ganz neuen Gewand erleben.<br><br>Jonas hat die Nase voll. Sein gro\u00dfer Brud\u00ader Elias hat vielle\u00adicht kein Prob\u00adlem damit, den ganzen Tag alles f\u00fcr den Vater zu erledi\u00adgen, die Arbeit auf dem Feld und auf dem Hof. Aber Jonas hat genug davon, er hat Fer\u00adn\u00adweh. Also fordert er von seinem Vater sein Erbe ein, verkracht sich mit seinem Brud\u00ader und haut ab. In der neuen Stadt l\u00e4uft es auch erst ein\u00admal richtig gut, doch es dauert nicht lange, da ger\u00e4t er an ein paar ziem\u00adlich zwielichtige Typen, die ihn ins Casi\u00adno lock\u00aden. Und da nimmt das Ungl\u00fcck dann seinen Lauf. Am Ende sitzt er im Knast, hat nie\u00adman\u00adden mehr au\u00dfer ein\u00ader Bet\u00adt\u00adlerin und der Wirt\u00adstochter Char\u00adlott, die ihn von Anfang an gewarnt hat\u00adten. Wieder nach Hause zur\u00fcck, schl\u00e4gt die Bet\u00adt\u00adlerin vor. Das geht auf keinen Fall! Nicht, nach\u00addem er so mit seinem Vater umge\u00adgan\u00adgen ist. Doch am Ende wagt er es doch. \u201eAus tiefer Nacht bin ich erwacht, ich seh den Tag in neuem Licht\u201c singt Jonas im Lied \u201eWenn es Hoff\u00adnung gibt\u201c und traut sich wieder nach Hause, wo er von offe\u00adnen Vat\u00ader\u00adar\u00admen und einem zorni\u00adgen gro\u00dfen Brud\u00ader erwartet wird, der die Freude des Vaters ein\u00adfach nicht ver\u00adste\u00adhen kann.<br><br>Was wie eine span\u00adnende Kindergeschichte klingt, hat einen ern\u00adsten Hin\u00adter\u00adgrund, einen bib\u00adlis\u00adchen, \u00fcber den die Sch\u00fcler mit den bei\u00adden FES-Chor\u00adleit\u00adern und Musik\u00adlehrern Andreas Borkeloh und Geert\u00adje-Marie Groth sowie der The\u00adater\u00adver\u00adant\u00adwortlichen, Kathrin Brandt, w\u00e4hrend der Ein\u00adstudierung immer wieder gere\u00addet haben. \u00dcber Gottes Liebe und seine Freude, uns immer wieder bei sich aufzunehmen, egal wie weit und wie lange wir uns von ihm ent\u00adfer\u00adnt haben und wie wir mit ihm umge\u00adgan\u00adgen sind. Die jun\u00adgen Gym\u00adnasi\u00adas\u00adten und Realsch\u00fcler waren bei ihrem Pro\u00adjekt nicht alleine. Sie wur\u00adden bei aus\u00adgew\u00e4hlten Liedern und Szenen tatkr\u00e4ftig unter\u00adst\u00fctzt von 24 Drit\u00adtk\u00adl\u00e4sslern unser\u00ader FES-Grund\u00adschule, die bei diesem j\u00e4hrlichen Musik\u00adthe\u00adater\u00adpro\u00adjekt der Sechtk\u00adl\u00e4ssler schon das dritte Jahr infolge im Rah\u00admen der Koop\u00ader\u00ada\u00adtion \u201eGro\u00df Rauskom\u00admen\u201c mit\u00admachen \u2014 mit freudi\u00adgem, laut\u00adstarkem Gesang und bun\u00adten Chore\u00adografien. Diese Koop\u00ader\u00ada\u00adtion ver\u00adlieh dem Musi\u00adcal eine ganz beson\u00addere Farbe und F\u00fclle, mit \u00fcber sechzig Kindern auf der B\u00fchne und far\u00adben\u00adfro\u00adher Beleuch\u00adtung \u2013 auch dank mod\u00adern\u00ader Licht\u00adtech\u00adnik in dem vor kaum drei Monat\u00aden er\u00f6ffneten Gemein\u00addezen\u00adtrum.<br><br>Nach jed\u00ader Auf\u00adf\u00fchrung gab es noch ein aus\u00adladen\u00addes Buf\u00adfet, bere\u00adit\u00adgestellt von den Eltern unser\u00ader Sechtk\u00adl\u00e4ssler, um die bei\u00adden Abende geb\u00fchrend ausklin\u00adgen zu lassen.<\/p>\n","protected":false},"excerpt":{"rendered":"<p>Der ver\u00adlorene Sohn? Das ist doch diese Geschichte aus der Bibel. Wenn man diesen Titel h\u00f6rt, denkt man sich\u00ader nicht an Gauner, Casi\u00adnos und Bank\u00fcber\u00adf\u00e4lle. Aber genau darum ging&nbsp;es&nbsp;[\u2026]<\/p>\n","protected":false},"author":1,"featured_media":1876,"comment_status":"open","ping_status":"open","sticky":false,"template":"","format":"standard","meta":{"_et_pb_use_builder":"off","_et_pb_old_content":"<!-- wp:paragraph -->\n<p>Der verlorene Sohn? Das ist doch diese Geschichte aus der Bibel. Wenn man diesen Titel h\u00f6rt, denkt man sicher nicht an Gauner, Casinos und Bank\u00fcberf\u00e4lle. Aber genau darum ging es im Musical \u201eDer verlorene Sohn\u201c, das die Sechstkl\u00e4ssler unseres FES-Gymnasiums und unserer FES-Realschule im neuen Gemeindezentrum der Evangelischen Br\u00fcckengemeinde in Heidenheim auf die B\u00fchne gebracht haben. Eltern, Gro\u00dfeltern, Geschwister und G\u00e4ste durften eine Stunde spannendes Theater mit viel Musik, Gesang und Tanz genie\u00dfen und dabei die alte biblische Geschichte einmal in einem ganz neuen Gewand erleben.<br><br>Jonas hat die Nase voll. Sein gro\u00dfer Bruder Elias hat vielleicht kein Problem damit, den ganzen Tag alles f\u00fcr den Vater zu erledigen, die Arbeit auf dem Feld und auf dem Hof. Aber Jonas hat genug davon, er hat Fernweh. Also fordert er von seinem Vater sein Erbe ein, verkracht sich mit seinem Bruder und haut ab. In der neuen Stadt l\u00e4uft es auch erst einmal richtig gut, doch es dauert nicht lange, da ger\u00e4t er an ein paar ziemlich zwielichtige Typen, die ihn ins Casino locken. Und da nimmt das Ungl\u00fcck dann seinen Lauf. Am Ende sitzt er im Knast, hat niemanden mehr au\u00dfer einer Bettlerin und der Wirtstochter Charlott, die ihn von Anfang an gewarnt hatten. Wieder nach Hause zur\u00fcck, schl\u00e4gt die Bettlerin vor. Das geht auf keinen Fall! Nicht, nachdem er so mit seinem Vater umgegangen ist. Doch am Ende wagt er es doch. \u201eAus tiefer Nacht bin ich erwacht, ich seh den Tag in neuem Licht\u201c singt Jonas im Lied \u201eWenn es Hoffnung gibt\u201c und traut sich wieder nach Hause, wo er von offenen Vaterarmen und einem zornigen gro\u00dfen Bruder erwartet wird, der die Freude des Vaters einfach nicht verstehen kann.<br><br>Was wie eine spannende Kindergeschichte klingt, hat einen ernsten Hintergrund, einen biblischen, \u00fcber den die Sch\u00fcler mit den beiden FES-Chorleitern und Musiklehrern Andreas Borkeloh und Geertje-Marie Groth sowie der Theaterverantwortlichen, Kathrin Brandt, w\u00e4hrend der Einstudierung immer wieder geredet haben. \u00dcber Gottes Liebe und seine Freude, uns immer wieder bei sich aufzunehmen, egal wie weit und wie lange wir uns von ihm entfernt haben und wie wir mit ihm umgegangen sind. Die jungen Gymnasiasten und Realsch\u00fcler waren bei ihrem Projekt nicht alleine. Sie wurden bei ausgew\u00e4hlten Liedern und Szenen tatkr\u00e4ftig unterst\u00fctzt von 24 Drittkl\u00e4sslern unserer FES-Grundschule, die bei diesem j\u00e4hrlichen Musiktheaterprojekt der Sechtkl\u00e4ssler schon das dritte Jahr infolge im Rahmen der Kooperation \u201eGro\u00df Rauskommen\u201c mitmachen - mit freudigem, lautstarkem Gesang und bunten Choreografien. Diese Kooperation verlieh dem Musical eine ganz besondere Farbe und F\u00fclle, mit \u00fcber sechzig Kindern auf der B\u00fchne und farbenfroher Beleuchtung \u2013 auch dank moderner Lichttechnik in dem vor kaum drei Monaten er\u00f6ffneten Gemeindezentrum.<br><br>Nach jeder Auff\u00fchrung gab es noch ein ausladendes Buffet, bereitgestellt von den Eltern unserer Sechtkl\u00e4ssler, um die beiden Abende geb\u00fchrend ausklingen zu lassen.<\/p>\n<!-- \/wp:paragraph -->","_et_gb_content_width":"","inline_featured_image":false,"wp_typography_post_enhancements_disabled":false,"footnotes":""},"categories":[47],"tags":[],"class_list":["post-1186","post","type-post","status-publish","format-standard","has-post-thumbnail","hentry","category-fes-grundschule-aktuell"],"yoast_head":"<!-- This site is optimized with the Yoast SEO plugin v27.4 - https:\/\/yoast.com\/product\/yoast-seo-wordpress\/ -->\n<title>Der verlorene Sohn - Musiktheater - Grundschule | Freie Evangelischen Schule und Kindertagesst\u00e4tte Heidenheim e. V.<\/title>\n<meta name=\"robots\" content=\"index, follow, max-snippet:-1, max-image-preview:large, max-video-preview:-1\" \/>\n<link rel=\"canonical\" href=\"https:\/\/fes-heidenheim.de\/grundschule\/2020\/11\/26\/der-verlorene-sohn-musiktheater\/\" \/>\n<meta property=\"og:locale\" content=\"de_DE\" \/>\n<meta property=\"og:type\" content=\"article\" \/>\n<meta property=\"og:title\" content=\"Der verlorene Sohn - Musiktheater - Grundschule | Freie Evangelischen Schule und Kindertagesst\u00e4tte Heidenheim e. V.\" \/>\n<meta property=\"og:description\" content=\"Der ver\u00adlorene Sohn? Das ist doch diese Geschichte aus der Bibel. Wenn man diesen Titel h\u00f6rt, denkt man sich\u00ader nicht an Gauner, Casi\u00adnos und Bank\u00fcber\u00adf\u00e4lle. Aber genau darum ging es [&hellip;]\" \/>\n<meta property=\"og:url\" content=\"https:\/\/fes-heidenheim.de\/grundschule\/2020\/11\/26\/der-verlorene-sohn-musiktheater\/\" \/>\n<meta property=\"og:site_name\" content=\"Grundschule | Freie Evangelischen Schule und Kindertagesst\u00e4tte Heidenheim e. V.\" \/>\n<meta property=\"article:published_time\" content=\"2020-11-26T16:23:21+00:00\" \/>\n<meta property=\"article:modified_time\" content=\"2022-10-02T15:10:02+00:00\" \/>\n<meta property=\"og:image\" content=\"https:\/\/fes-heidenheim.de\/grundschule\/wp-content\/uploads\/sites\/4\/2020\/11\/musical.jpg\" \/>\n\t<meta property=\"og:image:width\" content=\"1024\" \/>\n\t<meta property=\"og:image:height\" content=\"683\" \/>\n\t<meta property=\"og:image:type\" content=\"image\/jpeg\" \/>\n<meta name=\"author\" content=\"fes\" \/>\n<meta name=\"twitter:card\" content=\"summary_large_image\" \/>\n<meta name=\"twitter:label1\" content=\"Verfasst von\" \/>\n\t<meta name=\"twitter:data1\" content=\"fes\" \/>\n\t<meta name=\"twitter:label2\" content=\"Gesch\u00e4tzte Lesezeit\" \/>\n\t<meta name=\"twitter:data2\" content=\"2\u00a0Minuten\" \/>\n<script type=\"application\/ld+json\" class=\"yoast-schema-graph\">{\"@context\":\"https:\\\/\\\/schema.org\",\"@graph\":[{\"@type\":\"Article\",\"@id\":\"https:\\\/\\\/fes-heidenheim.de\\\/grundschule\\\/2020\\\/11\\\/26\\\/der-verlorene-sohn-musiktheater\\\/#article\",\"isPartOf\":{\"@id\":\"https:\\\/\\\/fes-heidenheim.de\\\/grundschule\\\/2020\\\/11\\\/26\\\/der-verlorene-sohn-musiktheater\\\/\"},\"author\":{\"name\":\"fes\",\"@id\":\"https:\\\/\\\/fes-heidenheim.de\\\/grundschule\\\/#\\\/schema\\\/person\\\/e8b717a48deac1a9531664496e910db7\"},\"headline\":\"Der verlorene Sohn \u2014 Musiktheater\",\"datePublished\":\"2020-11-26T16:23:21+00:00\",\"dateModified\":\"2022-10-02T15:10:02+00:00\",\"mainEntityOfPage\":{\"@id\":\"https:\\\/\\\/fes-heidenheim.de\\\/grundschule\\\/2020\\\/11\\\/26\\\/der-verlorene-sohn-musiktheater\\\/\"},\"wordCount\":496,\"commentCount\":0,\"image\":{\"@id\":\"https:\\\/\\\/fes-heidenheim.de\\\/grundschule\\\/2020\\\/11\\\/26\\\/der-verlorene-sohn-musiktheater\\\/#primaryimage\"},\"thumbnailUrl\":\"https:\\\/\\\/fes-heidenheim.de\\\/grundschule\\\/wp-content\\\/uploads\\\/sites\\\/4\\\/2020\\\/11\\\/musical.jpg\",\"articleSection\":[\"FES Grundschule\"],\"inLanguage\":\"de\"},{\"@type\":\"WebPage\",\"@id\":\"https:\\\/\\\/fes-heidenheim.de\\\/grundschule\\\/2020\\\/11\\\/26\\\/der-verlorene-sohn-musiktheater\\\/\",\"url\":\"https:\\\/\\\/fes-heidenheim.de\\\/grundschule\\\/2020\\\/11\\\/26\\\/der-verlorene-sohn-musiktheater\\\/\",\"name\":\"Der verlorene Sohn - Musiktheater - Grundschule | Freie Evangelischen Schule und Kindertagesst\u00e4tte Heidenheim e. V.\",\"isPartOf\":{\"@id\":\"https:\\\/\\\/fes-heidenheim.de\\\/grundschule\\\/#website\"},\"primaryImageOfPage\":{\"@id\":\"https:\\\/\\\/fes-heidenheim.de\\\/grundschule\\\/2020\\\/11\\\/26\\\/der-verlorene-sohn-musiktheater\\\/#primaryimage\"},\"image\":{\"@id\":\"https:\\\/\\\/fes-heidenheim.de\\\/grundschule\\\/2020\\\/11\\\/26\\\/der-verlorene-sohn-musiktheater\\\/#primaryimage\"},\"thumbnailUrl\":\"https:\\\/\\\/fes-heidenheim.de\\\/grundschule\\\/wp-content\\\/uploads\\\/sites\\\/4\\\/2020\\\/11\\\/musical.jpg\",\"datePublished\":\"2020-11-26T16:23:21+00:00\",\"dateModified\":\"2022-10-02T15:10:02+00:00\",\"author\":{\"@id\":\"https:\\\/\\\/fes-heidenheim.de\\\/grundschule\\\/#\\\/schema\\\/person\\\/e8b717a48deac1a9531664496e910db7\"},\"breadcrumb\":{\"@id\":\"https:\\\/\\\/fes-heidenheim.de\\\/grundschule\\\/2020\\\/11\\\/26\\\/der-verlorene-sohn-musiktheater\\\/#breadcrumb\"},\"inLanguage\":\"de\",\"potentialAction\":[{\"@type\":\"ReadAction\",\"target\":[\"https:\\\/\\\/fes-heidenheim.de\\\/grundschule\\\/2020\\\/11\\\/26\\\/der-verlorene-sohn-musiktheater\\\/\"]}]},{\"@type\":\"ImageObject\",\"inLanguage\":\"de\",\"@id\":\"https:\\\/\\\/fes-heidenheim.de\\\/grundschule\\\/2020\\\/11\\\/26\\\/der-verlorene-sohn-musiktheater\\\/#primaryimage\",\"url\":\"https:\\\/\\\/fes-heidenheim.de\\\/grundschule\\\/wp-content\\\/uploads\\\/sites\\\/4\\\/2020\\\/11\\\/musical.jpg\",\"contentUrl\":\"https:\\\/\\\/fes-heidenheim.de\\\/grundschule\\\/wp-content\\\/uploads\\\/sites\\\/4\\\/2020\\\/11\\\/musical.jpg\",\"width\":1024,\"height\":683,\"caption\":\"FES Der Verlorenen Sohn\"},{\"@type\":\"BreadcrumbList\",\"@id\":\"https:\\\/\\\/fes-heidenheim.de\\\/grundschule\\\/2020\\\/11\\\/26\\\/der-verlorene-sohn-musiktheater\\\/#breadcrumb\",\"itemListElement\":[{\"@type\":\"ListItem\",\"position\":1,\"name\":\"Startseite\",\"item\":\"https:\\\/\\\/fes-heidenheim.de\\\/grundschule\\\/\"},{\"@type\":\"ListItem\",\"position\":2,\"name\":\"Der verlorene Sohn &#8211; Musiktheater\"}]},{\"@type\":\"WebSite\",\"@id\":\"https:\\\/\\\/fes-heidenheim.de\\\/grundschule\\\/#website\",\"url\":\"https:\\\/\\\/fes-heidenheim.de\\\/grundschule\\\/\",\"name\":\"Grundschule | Freie Evangelischen Schule und Kindertagesst\u00e4tte Heidenheim e. V.\",\"description\":\"Webseiten der Grundschule der Freien Evangelischen Schule und Kindertagesst\u00e4tte Heidenheim e.V.\",\"potentialAction\":[{\"@type\":\"SearchAction\",\"target\":{\"@type\":\"EntryPoint\",\"urlTemplate\":\"https:\\\/\\\/fes-heidenheim.de\\\/grundschule\\\/?s={search_term_string}\"},\"query-input\":{\"@type\":\"PropertyValueSpecification\",\"valueRequired\":true,\"valueName\":\"search_term_string\"}}],\"inLanguage\":\"de\"},{\"@type\":\"Person\",\"@id\":\"https:\\\/\\\/fes-heidenheim.de\\\/grundschule\\\/#\\\/schema\\\/person\\\/e8b717a48deac1a9531664496e910db7\",\"name\":\"fes\",\"image\":{\"@type\":\"ImageObject\",\"inLanguage\":\"de\",\"@id\":\"https:\\\/\\\/secure.gravatar.com\\\/avatar\\\/effdf0474358ff27f1e16eb3157eee659b464c36afe22d3bed195415271415a3?s=96&d=mm&r=g\",\"url\":\"https:\\\/\\\/secure.gravatar.com\\\/avatar\\\/effdf0474358ff27f1e16eb3157eee659b464c36afe22d3bed195415271415a3?s=96&d=mm&r=g\",\"contentUrl\":\"https:\\\/\\\/secure.gravatar.com\\\/avatar\\\/effdf0474358ff27f1e16eb3157eee659b464c36afe22d3bed195415271415a3?s=96&d=mm&r=g\",\"caption\":\"fes\"},\"url\":\"https:\\\/\\\/fes-heidenheim.de\\\/grundschule\\\/author\\\/fes\\\/\"}]}<\/script>\n<!-- \/ Yoast SEO plugin. -->","yoast_head_json":{"title":"Der verlorene Sohn - Musiktheater - Grundschule | Freie Evangelischen Schule und Kindertagesst\u00e4tte Heidenheim e. V.","robots":{"index":"index","follow":"follow","max-snippet":"max-snippet:-1","max-image-preview":"max-image-preview:large","max-video-preview":"max-video-preview:-1"},"canonical":"https:\/\/fes-heidenheim.de\/grundschule\/2020\/11\/26\/der-verlorene-sohn-musiktheater\/","og_locale":"de_DE","og_type":"article","og_title":"Der verlorene Sohn - Musiktheater - Grundschule | Freie Evangelischen Schule und Kindertagesst\u00e4tte Heidenheim e. V.","og_description":"Der ver\u00adlorene Sohn? Das ist doch diese Geschichte aus der Bibel. Wenn man diesen Titel h\u00f6rt, denkt man sich\u00ader nicht an Gauner, Casi\u00adnos und Bank\u00fcber\u00adf\u00e4lle. Aber genau darum ging es [&hellip;]","og_url":"https:\/\/fes-heidenheim.de\/grundschule\/2020\/11\/26\/der-verlorene-sohn-musiktheater\/","og_site_name":"Grundschule | Freie Evangelischen Schule und Kindertagesst\u00e4tte Heidenheim e. V.","article_published_time":"2020-11-26T16:23:21+00:00","article_modified_time":"2022-10-02T15:10:02+00:00","og_image":[{"width":1024,"height":683,"url":"https:\/\/fes-heidenheim.de\/grundschule\/wp-content\/uploads\/sites\/4\/2020\/11\/musical.jpg","type":"image\/jpeg"}],"author":"fes","twitter_card":"summary_large_image","twitter_misc":{"Verfasst von":"fes","Gesch\u00e4tzte Lesezeit":"2\u00a0Minuten"},"schema":{"@context":"https:\/\/schema.org","@graph":[{"@type":"Article","@id":"https:\/\/fes-heidenheim.de\/grundschule\/2020\/11\/26\/der-verlorene-sohn-musiktheater\/#article","isPartOf":{"@id":"https:\/\/fes-heidenheim.de\/grundschule\/2020\/11\/26\/der-verlorene-sohn-musiktheater\/"},"author":{"name":"fes","@id":"https:\/\/fes-heidenheim.de\/grundschule\/#\/schema\/person\/e8b717a48deac1a9531664496e910db7"},"headline":"Der verlorene Sohn \u2014 Musiktheater","datePublished":"2020-11-26T16:23:21+00:00","dateModified":"2022-10-02T15:10:02+00:00","mainEntityOfPage":{"@id":"https:\/\/fes-heidenheim.de\/grundschule\/2020\/11\/26\/der-verlorene-sohn-musiktheater\/"},"wordCount":496,"commentCount":0,"image":{"@id":"https:\/\/fes-heidenheim.de\/grundschule\/2020\/11\/26\/der-verlorene-sohn-musiktheater\/#primaryimage"},"thumbnailUrl":"https:\/\/fes-heidenheim.de\/grundschule\/wp-content\/uploads\/sites\/4\/2020\/11\/musical.jpg","articleSection":["FES Grundschule"],"inLanguage":"de"},{"@type":"WebPage","@id":"https:\/\/fes-heidenheim.de\/grundschule\/2020\/11\/26\/der-verlorene-sohn-musiktheater\/","url":"https:\/\/fes-heidenheim.de\/grundschule\/2020\/11\/26\/der-verlorene-sohn-musiktheater\/","name":"Der verlorene Sohn - Musiktheater - Grundschule | Freie Evangelischen Schule und Kindertagesst\u00e4tte Heidenheim e. V.","isPartOf":{"@id":"https:\/\/fes-heidenheim.de\/grundschule\/#website"},"primaryImageOfPage":{"@id":"https:\/\/fes-heidenheim.de\/grundschule\/2020\/11\/26\/der-verlorene-sohn-musiktheater\/#primaryimage"},"image":{"@id":"https:\/\/fes-heidenheim.de\/grundschule\/2020\/11\/26\/der-verlorene-sohn-musiktheater\/#primaryimage"},"thumbnailUrl":"https:\/\/fes-heidenheim.de\/grundschule\/wp-content\/uploads\/sites\/4\/2020\/11\/musical.jpg","datePublished":"2020-11-26T16:23:21+00:00","dateModified":"2022-10-02T15:10:02+00:00","author":{"@id":"https:\/\/fes-heidenheim.de\/grundschule\/#\/schema\/person\/e8b717a48deac1a9531664496e910db7"},"breadcrumb":{"@id":"https:\/\/fes-heidenheim.de\/grundschule\/2020\/11\/26\/der-verlorene-sohn-musiktheater\/#breadcrumb"},"inLanguage":"de","potentialAction":[{"@type":"ReadAction","target":["https:\/\/fes-heidenheim.de\/grundschule\/2020\/11\/26\/der-verlorene-sohn-musiktheater\/"]}]},{"@type":"ImageObject","inLanguage":"de","@id":"https:\/\/fes-heidenheim.de\/grundschule\/2020\/11\/26\/der-verlorene-sohn-musiktheater\/#primaryimage","url":"https:\/\/fes-heidenheim.de\/grundschule\/wp-content\/uploads\/sites\/4\/2020\/11\/musical.jpg","contentUrl":"https:\/\/fes-heidenheim.de\/grundschule\/wp-content\/uploads\/sites\/4\/2020\/11\/musical.jpg","width":1024,"height":683,"caption":"FES Der Verlorenen Sohn"},{"@type":"BreadcrumbList","@id":"https:\/\/fes-heidenheim.de\/grundschule\/2020\/11\/26\/der-verlorene-sohn-musiktheater\/#breadcrumb","itemListElement":[{"@type":"ListItem","position":1,"name":"Startseite","item":"https:\/\/fes-heidenheim.de\/grundschule\/"},{"@type":"ListItem","position":2,"name":"Der verlorene Sohn &#8211; Musiktheater"}]},{"@type":"WebSite","@id":"https:\/\/fes-heidenheim.de\/grundschule\/#website","url":"https:\/\/fes-heidenheim.de\/grundschule\/","name":"Grundschule | Freie Evangelischen Schule und Kindertagesst\u00e4tte Heidenheim e. V.","description":"Webseiten der Grundschule der Freien Evangelischen Schule und Kindertagesst\u00e4tte Heidenheim e.V.","potentialAction":[{"@type":"SearchAction","target":{"@type":"EntryPoint","urlTemplate":"https:\/\/fes-heidenheim.de\/grundschule\/?s={search_term_string}"},"query-input":{"@type":"PropertyValueSpecification","valueRequired":true,"valueName":"search_term_string"}}],"inLanguage":"de"},{"@type":"Person","@id":"https:\/\/fes-heidenheim.de\/grundschule\/#\/schema\/person\/e8b717a48deac1a9531664496e910db7","name":"fes","image":{"@type":"ImageObject","inLanguage":"de","@id":"https:\/\/secure.gravatar.com\/avatar\/effdf0474358ff27f1e16eb3157eee659b464c36afe22d3bed195415271415a3?s=96&d=mm&r=g","url":"https:\/\/secure.gravatar.com\/avatar\/effdf0474358ff27f1e16eb3157eee659b464c36afe22d3bed195415271415a3?s=96&d=mm&r=g","contentUrl":"https:\/\/secure.gravatar.com\/avatar\/effdf0474358ff27f1e16eb3157eee659b464c36afe22d3bed195415271415a3?s=96&d=mm&r=g","caption":"fes"},"url":"https:\/\/fes-heidenheim.de\/grundschule\/author\/fes\/"}]}},"_links":{"self":[{"href":"https:\/\/fes-heidenheim.de\/grundschule\/wp-json\/wp\/v2\/posts\/1186","targetHints":{"allow":["GET"]}}],"collection":[{"href":"https:\/\/fes-heidenheim.de\/grundschule\/wp-json\/wp\/v2\/posts"}],"about":[{"href":"https:\/\/fes-heidenheim.de\/grundschule\/wp-json\/wp\/v2\/types\/post"}],"author":[{"embeddable":true,"href":"https:\/\/fes-heidenheim.de\/grundschule\/wp-json\/wp\/v2\/users\/1"}],"replies":[{"embeddable":true,"href":"https:\/\/fes-heidenheim.de\/grundschule\/wp-json\/wp\/v2\/comments?post=1186"}],"version-history":[{"count":11,"href":"https:\/\/fes-heidenheim.de\/grundschule\/wp-json\/wp\/v2\/posts\/1186\/revisions"}],"predecessor-version":[{"id":2522,"href":"https:\/\/fes-heidenheim.de\/grundschule\/wp-json\/wp\/v2\/posts\/1186\/revisions\/2522"}],"wp:featuredmedia":[{"embeddable":true,"href":"https:\/\/fes-heidenheim.de\/grundschule\/wp-json\/wp\/v2\/media\/1876"}],"wp:attachment":[{"href":"https:\/\/fes-heidenheim.de\/grundschule\/wp-json\/wp\/v2\/media?parent=1186"}],"wp:term":[{"taxonomy":"category","embeddable":true,"href":"https:\/\/fes-heidenheim.de\/grundschule\/wp-json\/wp\/v2\/categories?post=1186"},{"taxonomy":"post_tag","embeddable":true,"href":"https:\/\/fes-heidenheim.de\/grundschule\/wp-json\/wp\/v2\/tags?post=1186"}],"curies":[{"name":"wp","href":"https:\/\/api.w.org\/{rel}","templated":true}]}}