{"id":2904,"date":"2022-10-05T16:42:07","date_gmt":"2022-10-05T14:42:07","guid":{"rendered":"https:\/\/fes-heidenheim.de\/grundschule\/?p=2904"},"modified":"2022-10-22T21:57:57","modified_gmt":"2022-10-22T19:57:57","slug":"weltreise-im-klassenzimmer","status":"publish","type":"post","link":"https:\/\/fes-heidenheim.de\/grundschule\/2022\/10\/05\/weltreise-im-klassenzimmer\/","title":{"rendered":"Weltreise im Klassenzimmer"},"content":{"rendered":"\n<p><strong>F\u00fcnf G\u00e4ste aus Burun\u00addi in Afri\u00adka besucht\u00aden die Klassen 3 und&nbsp;4<\/strong><\/p>\n\n\n\n<p class=\"has-small-font-size\">Am Fre\u00aditag, den 23.9.2022, hat\u00adte die FES Grund\u00adschule ganz beson\u00adderen Besuch. 5 G\u00e4ste aus <strong>Burun\u00addi<\/strong> in Afri\u00adka besucht\u00aden die Klassen 3 und 4 am Vor\u00admit\u00adtag in den ersten bei\u00adden Stun\u00adden. Herr Win\u00adkler und Herr Burst vom Kinder\u00adw\u00aderk Lima sind zurzeit mit dem afrikanis\u00adchen Besuch (Lehrer und Pfar\u00adrer aus Burun\u00addi) in Deutsch\u00adland und erm\u00f6glicht\u00aden den Kindern so eine unvergessliche Erfahrung und Begeg\u00adnung. Sie gaben einen Ein\u00adblick in die Arbeit an ihrer christlichen Schule nahe der Haupt\u00adstadt von Burun\u00addi, die sie mit ihrem Part\u00adner Har\u00advest Ini\u00adtia\u00adtives betreiben. Das Ein\u00adtauchen in eine andere Kul\u00adtur wurde nicht nur durch das Sprechen in Englisch und Franz\u00f6\u00adsisch greif\u00adbar, son\u00addern auch durch die her\u00adzliche und begeis\u00adternde Art der Besuch\u00ader, die den Kindern ein Lied auf Kirun\u00addi beibracht\u00aden. Schnell fassten die Kinder da Zutrauen und spiel\u00adten auch in der Pause noch begeis\u00adtert mit den beson\u00adderen G\u00e4sten. Bei so ein\u00ader her\u00adzlichen Begeg\u00adnung auf Augen\u00adh\u00f6he wurde auch die Sprach\u00adbar\u00adriere hin\u00adf\u00e4l\u00adlig und die Kinder wer\u00adden sich\u00ader noch lange an diesen ein\u00adma\u00adli\u00adgen Tag zur\u00fcckdenken.<\/p>\n\n\n\n<figure class=\"wp-block-image size-full\"><img loading=\"lazy\" decoding=\"async\" width=\"800\" height=\"533\" src=\"https:\/\/fes-heidenheim.de\/grundschule\/wp-content\/uploads\/sites\/4\/2022\/10\/6.R6R_7479.jpg\" alt class=\"wp-image-2950\" srcset=\"https:\/\/fes-heidenheim.de\/grundschule\/wp-content\/uploads\/sites\/4\/2022\/10\/6.R6R_7479.jpg 800w, https:\/\/fes-heidenheim.de\/grundschule\/wp-content\/uploads\/sites\/4\/2022\/10\/6.R6R_7479-480x320.jpg 480w\" sizes=\"(min-width: 0px) and (max-width: 480px) 480px, (min-width: 481px) 800px, 100vw\"><figcaption>Lehrkr\u00e4fte FES Grund\u00adschule &amp; Kinder\u00adw\u00aderk Lima mit Del\u00ade\u00adga\u00adtion aus Afri\u00adka (Burun\u00addi) <\/figcaption><\/figure>\n","protected":false},"excerpt":{"rendered":"<p>F\u00fcnf G\u00e4ste aus Burun\u00addi in Afri\u00adka besucht\u00aden die Klassen 3 und&nbsp;4 Am Fre\u00aditag, den 23.9.2022, hat\u00adte die FES Grund\u00adschule ganz beson\u00adderen Besuch. 5 G\u00e4ste aus Burun\u00addi in Afri\u00adka besucht\u00aden&nbsp;die&nbsp;[\u2026]<\/p>\n","protected":false},"author":10,"featured_media":2905,"comment_status":"open","ping_status":"open","sticky":false,"template":"","format":"standard","meta":{"_et_pb_use_builder":"off","_et_pb_old_content":"","_et_gb_content_width":"","inline_featured_image":false,"wp_typography_post_enhancements_disabled":false,"footnotes":""},"categories":[47],"tags":[],"class_list":["post-2904","post","type-post","status-publish","format-standard","has-post-thumbnail","hentry","category-fes-grundschule-aktuell"],"yoast_head":"<!-- This site is optimized with the Yoast SEO plugin v27.4 - https:\/\/yoast.com\/product\/yoast-seo-wordpress\/ -->\n<title>Weltreise im Klassenzimmer - Grundschule | Freie Evangelischen Schule und Kindertagesst\u00e4tte Heidenheim e. V.<\/title>\n<meta name=\"robots\" content=\"index, follow, max-snippet:-1, max-image-preview:large, max-video-preview:-1\" \/>\n<link rel=\"canonical\" href=\"https:\/\/fes-heidenheim.de\/grundschule\/2022\/10\/05\/weltreise-im-klassenzimmer\/\" \/>\n<meta property=\"og:locale\" content=\"de_DE\" \/>\n<meta property=\"og:type\" content=\"article\" \/>\n<meta property=\"og:title\" content=\"Weltreise im Klassenzimmer - Grundschule | Freie Evangelischen Schule und Kindertagesst\u00e4tte Heidenheim e. V.\" \/>\n<meta property=\"og:description\" content=\"F\u00fcnf G\u00e4ste aus Burun\u00addi in Afri\u00adka besucht\u00aden die Klassen 3 und&nbsp;4 Am Fre\u00aditag, den 23.9.2022, hat\u00adte die FES Grund\u00adschule ganz beson\u00adderen Besuch. 5 G\u00e4ste aus Burun\u00addi in Afri\u00adka besucht\u00aden die [&hellip;]\" \/>\n<meta property=\"og:url\" content=\"https:\/\/fes-heidenheim.de\/grundschule\/2022\/10\/05\/weltreise-im-klassenzimmer\/\" \/>\n<meta property=\"og:site_name\" content=\"Grundschule | Freie Evangelischen Schule und Kindertagesst\u00e4tte Heidenheim e. V.\" \/>\n<meta property=\"article:published_time\" content=\"2022-10-05T14:42:07+00:00\" \/>\n<meta property=\"article:modified_time\" content=\"2022-10-22T19:57:57+00:00\" \/>\n<meta property=\"og:image\" content=\"https:\/\/fes-heidenheim.de\/grundschule\/wp-content\/uploads\/sites\/4\/2022\/10\/40887037-2547-4481-9f79-40583c1c0c7c.jpg\" \/>\n\t<meta property=\"og:image:width\" content=\"2048\" \/>\n\t<meta property=\"og:image:height\" content=\"1536\" \/>\n\t<meta property=\"og:image:type\" content=\"image\/jpeg\" \/>\n<meta name=\"author\" content=\"fesgrundschule\" \/>\n<meta name=\"twitter:card\" content=\"summary_large_image\" \/>\n<meta name=\"twitter:label1\" content=\"Verfasst von\" \/>\n\t<meta name=\"twitter:data1\" content=\"fesgrundschule\" \/>\n\t<meta name=\"twitter:label2\" content=\"Gesch\u00e4tzte Lesezeit\" \/>\n\t<meta name=\"twitter:data2\" content=\"2\u00a0Minuten\" \/>\n<script type=\"application\/ld+json\" class=\"yoast-schema-graph\">{\"@context\":\"https:\\\/\\\/schema.org\",\"@graph\":[{\"@type\":\"Article\",\"@id\":\"https:\\\/\\\/fes-heidenheim.de\\\/grundschule\\\/2022\\\/10\\\/05\\\/weltreise-im-klassenzimmer\\\/#article\",\"isPartOf\":{\"@id\":\"https:\\\/\\\/fes-heidenheim.de\\\/grundschule\\\/2022\\\/10\\\/05\\\/weltreise-im-klassenzimmer\\\/\"},\"author\":{\"name\":\"fesgrundschule\",\"@id\":\"https:\\\/\\\/fes-heidenheim.de\\\/grundschule\\\/#\\\/schema\\\/person\\\/c710e301f9c19bdd9401b6e1e10f6308\"},\"headline\":\"Weltreise im Klassenzimmer\",\"datePublished\":\"2022-10-05T14:42:07+00:00\",\"dateModified\":\"2022-10-22T19:57:57+00:00\",\"mainEntityOfPage\":{\"@id\":\"https:\\\/\\\/fes-heidenheim.de\\\/grundschule\\\/2022\\\/10\\\/05\\\/weltreise-im-klassenzimmer\\\/\"},\"wordCount\":192,\"commentCount\":0,\"image\":{\"@id\":\"https:\\\/\\\/fes-heidenheim.de\\\/grundschule\\\/2022\\\/10\\\/05\\\/weltreise-im-klassenzimmer\\\/#primaryimage\"},\"thumbnailUrl\":\"https:\\\/\\\/fes-heidenheim.de\\\/grundschule\\\/wp-content\\\/uploads\\\/sites\\\/4\\\/2022\\\/10\\\/40887037-2547-4481-9f79-40583c1c0c7c.jpg\",\"articleSection\":[\"FES Grundschule\"],\"inLanguage\":\"de\"},{\"@type\":\"WebPage\",\"@id\":\"https:\\\/\\\/fes-heidenheim.de\\\/grundschule\\\/2022\\\/10\\\/05\\\/weltreise-im-klassenzimmer\\\/\",\"url\":\"https:\\\/\\\/fes-heidenheim.de\\\/grundschule\\\/2022\\\/10\\\/05\\\/weltreise-im-klassenzimmer\\\/\",\"name\":\"Weltreise im Klassenzimmer - Grundschule | Freie Evangelischen Schule und Kindertagesst\u00e4tte Heidenheim e. V.\",\"isPartOf\":{\"@id\":\"https:\\\/\\\/fes-heidenheim.de\\\/grundschule\\\/#website\"},\"primaryImageOfPage\":{\"@id\":\"https:\\\/\\\/fes-heidenheim.de\\\/grundschule\\\/2022\\\/10\\\/05\\\/weltreise-im-klassenzimmer\\\/#primaryimage\"},\"image\":{\"@id\":\"https:\\\/\\\/fes-heidenheim.de\\\/grundschule\\\/2022\\\/10\\\/05\\\/weltreise-im-klassenzimmer\\\/#primaryimage\"},\"thumbnailUrl\":\"https:\\\/\\\/fes-heidenheim.de\\\/grundschule\\\/wp-content\\\/uploads\\\/sites\\\/4\\\/2022\\\/10\\\/40887037-2547-4481-9f79-40583c1c0c7c.jpg\",\"datePublished\":\"2022-10-05T14:42:07+00:00\",\"dateModified\":\"2022-10-22T19:57:57+00:00\",\"author\":{\"@id\":\"https:\\\/\\\/fes-heidenheim.de\\\/grundschule\\\/#\\\/schema\\\/person\\\/c710e301f9c19bdd9401b6e1e10f6308\"},\"breadcrumb\":{\"@id\":\"https:\\\/\\\/fes-heidenheim.de\\\/grundschule\\\/2022\\\/10\\\/05\\\/weltreise-im-klassenzimmer\\\/#breadcrumb\"},\"inLanguage\":\"de\",\"potentialAction\":[{\"@type\":\"ReadAction\",\"target\":[\"https:\\\/\\\/fes-heidenheim.de\\\/grundschule\\\/2022\\\/10\\\/05\\\/weltreise-im-klassenzimmer\\\/\"]}]},{\"@type\":\"ImageObject\",\"inLanguage\":\"de\",\"@id\":\"https:\\\/\\\/fes-heidenheim.de\\\/grundschule\\\/2022\\\/10\\\/05\\\/weltreise-im-klassenzimmer\\\/#primaryimage\",\"url\":\"https:\\\/\\\/fes-heidenheim.de\\\/grundschule\\\/wp-content\\\/uploads\\\/sites\\\/4\\\/2022\\\/10\\\/40887037-2547-4481-9f79-40583c1c0c7c.jpg\",\"contentUrl\":\"https:\\\/\\\/fes-heidenheim.de\\\/grundschule\\\/wp-content\\\/uploads\\\/sites\\\/4\\\/2022\\\/10\\\/40887037-2547-4481-9f79-40583c1c0c7c.jpg\",\"width\":2048,\"height\":1536},{\"@type\":\"BreadcrumbList\",\"@id\":\"https:\\\/\\\/fes-heidenheim.de\\\/grundschule\\\/2022\\\/10\\\/05\\\/weltreise-im-klassenzimmer\\\/#breadcrumb\",\"itemListElement\":[{\"@type\":\"ListItem\",\"position\":1,\"name\":\"Startseite\",\"item\":\"https:\\\/\\\/fes-heidenheim.de\\\/grundschule\\\/\"},{\"@type\":\"ListItem\",\"position\":2,\"name\":\"Weltreise im Klassenzimmer\"}]},{\"@type\":\"WebSite\",\"@id\":\"https:\\\/\\\/fes-heidenheim.de\\\/grundschule\\\/#website\",\"url\":\"https:\\\/\\\/fes-heidenheim.de\\\/grundschule\\\/\",\"name\":\"Grundschule | Freie Evangelischen Schule und Kindertagesst\u00e4tte Heidenheim e. V.\",\"description\":\"Webseiten der Grundschule der Freien Evangelischen Schule und Kindertagesst\u00e4tte Heidenheim e.V.\",\"potentialAction\":[{\"@type\":\"SearchAction\",\"target\":{\"@type\":\"EntryPoint\",\"urlTemplate\":\"https:\\\/\\\/fes-heidenheim.de\\\/grundschule\\\/?s={search_term_string}\"},\"query-input\":{\"@type\":\"PropertyValueSpecification\",\"valueRequired\":true,\"valueName\":\"search_term_string\"}}],\"inLanguage\":\"de\"},{\"@type\":\"Person\",\"@id\":\"https:\\\/\\\/fes-heidenheim.de\\\/grundschule\\\/#\\\/schema\\\/person\\\/c710e301f9c19bdd9401b6e1e10f6308\",\"name\":\"fesgrundschule\",\"image\":{\"@type\":\"ImageObject\",\"inLanguage\":\"de\",\"@id\":\"https:\\\/\\\/secure.gravatar.com\\\/avatar\\\/38ecb39ed4fe473f2e492adcd43415e41a7ac114075f70cddbf131e25ea9a5a0?s=96&d=mm&r=g\",\"url\":\"https:\\\/\\\/secure.gravatar.com\\\/avatar\\\/38ecb39ed4fe473f2e492adcd43415e41a7ac114075f70cddbf131e25ea9a5a0?s=96&d=mm&r=g\",\"contentUrl\":\"https:\\\/\\\/secure.gravatar.com\\\/avatar\\\/38ecb39ed4fe473f2e492adcd43415e41a7ac114075f70cddbf131e25ea9a5a0?s=96&d=mm&r=g\",\"caption\":\"fesgrundschule\"},\"url\":\"https:\\\/\\\/fes-heidenheim.de\\\/grundschule\\\/author\\\/fesgrundschule\\\/\"}]}<\/script>\n<!-- \/ Yoast SEO plugin. -->","yoast_head_json":{"title":"Weltreise im Klassenzimmer - Grundschule | Freie Evangelischen Schule und Kindertagesst\u00e4tte Heidenheim e. V.","robots":{"index":"index","follow":"follow","max-snippet":"max-snippet:-1","max-image-preview":"max-image-preview:large","max-video-preview":"max-video-preview:-1"},"canonical":"https:\/\/fes-heidenheim.de\/grundschule\/2022\/10\/05\/weltreise-im-klassenzimmer\/","og_locale":"de_DE","og_type":"article","og_title":"Weltreise im Klassenzimmer - Grundschule | Freie Evangelischen Schule und Kindertagesst\u00e4tte Heidenheim e. V.","og_description":"F\u00fcnf G\u00e4ste aus Burun\u00addi in Afri\u00adka besucht\u00aden die Klassen 3 und&nbsp;4 Am Fre\u00aditag, den 23.9.2022, hat\u00adte die FES Grund\u00adschule ganz beson\u00adderen Besuch. 5 G\u00e4ste aus Burun\u00addi in Afri\u00adka besucht\u00aden die [&hellip;]","og_url":"https:\/\/fes-heidenheim.de\/grundschule\/2022\/10\/05\/weltreise-im-klassenzimmer\/","og_site_name":"Grundschule | Freie Evangelischen Schule und Kindertagesst\u00e4tte Heidenheim e. V.","article_published_time":"2022-10-05T14:42:07+00:00","article_modified_time":"2022-10-22T19:57:57+00:00","og_image":[{"width":2048,"height":1536,"url":"https:\/\/fes-heidenheim.de\/grundschule\/wp-content\/uploads\/sites\/4\/2022\/10\/40887037-2547-4481-9f79-40583c1c0c7c.jpg","type":"image\/jpeg"}],"author":"fesgrundschule","twitter_card":"summary_large_image","twitter_misc":{"Verfasst von":"fesgrundschule","Gesch\u00e4tzte Lesezeit":"2\u00a0Minuten"},"schema":{"@context":"https:\/\/schema.org","@graph":[{"@type":"Article","@id":"https:\/\/fes-heidenheim.de\/grundschule\/2022\/10\/05\/weltreise-im-klassenzimmer\/#article","isPartOf":{"@id":"https:\/\/fes-heidenheim.de\/grundschule\/2022\/10\/05\/weltreise-im-klassenzimmer\/"},"author":{"name":"fesgrundschule","@id":"https:\/\/fes-heidenheim.de\/grundschule\/#\/schema\/person\/c710e301f9c19bdd9401b6e1e10f6308"},"headline":"Weltreise im Klassenzimmer","datePublished":"2022-10-05T14:42:07+00:00","dateModified":"2022-10-22T19:57:57+00:00","mainEntityOfPage":{"@id":"https:\/\/fes-heidenheim.de\/grundschule\/2022\/10\/05\/weltreise-im-klassenzimmer\/"},"wordCount":192,"commentCount":0,"image":{"@id":"https:\/\/fes-heidenheim.de\/grundschule\/2022\/10\/05\/weltreise-im-klassenzimmer\/#primaryimage"},"thumbnailUrl":"https:\/\/fes-heidenheim.de\/grundschule\/wp-content\/uploads\/sites\/4\/2022\/10\/40887037-2547-4481-9f79-40583c1c0c7c.jpg","articleSection":["FES Grundschule"],"inLanguage":"de"},{"@type":"WebPage","@id":"https:\/\/fes-heidenheim.de\/grundschule\/2022\/10\/05\/weltreise-im-klassenzimmer\/","url":"https:\/\/fes-heidenheim.de\/grundschule\/2022\/10\/05\/weltreise-im-klassenzimmer\/","name":"Weltreise im Klassenzimmer - Grundschule | Freie Evangelischen Schule und Kindertagesst\u00e4tte Heidenheim e. V.","isPartOf":{"@id":"https:\/\/fes-heidenheim.de\/grundschule\/#website"},"primaryImageOfPage":{"@id":"https:\/\/fes-heidenheim.de\/grundschule\/2022\/10\/05\/weltreise-im-klassenzimmer\/#primaryimage"},"image":{"@id":"https:\/\/fes-heidenheim.de\/grundschule\/2022\/10\/05\/weltreise-im-klassenzimmer\/#primaryimage"},"thumbnailUrl":"https:\/\/fes-heidenheim.de\/grundschule\/wp-content\/uploads\/sites\/4\/2022\/10\/40887037-2547-4481-9f79-40583c1c0c7c.jpg","datePublished":"2022-10-05T14:42:07+00:00","dateModified":"2022-10-22T19:57:57+00:00","author":{"@id":"https:\/\/fes-heidenheim.de\/grundschule\/#\/schema\/person\/c710e301f9c19bdd9401b6e1e10f6308"},"breadcrumb":{"@id":"https:\/\/fes-heidenheim.de\/grundschule\/2022\/10\/05\/weltreise-im-klassenzimmer\/#breadcrumb"},"inLanguage":"de","potentialAction":[{"@type":"ReadAction","target":["https:\/\/fes-heidenheim.de\/grundschule\/2022\/10\/05\/weltreise-im-klassenzimmer\/"]}]},{"@type":"ImageObject","inLanguage":"de","@id":"https:\/\/fes-heidenheim.de\/grundschule\/2022\/10\/05\/weltreise-im-klassenzimmer\/#primaryimage","url":"https:\/\/fes-heidenheim.de\/grundschule\/wp-content\/uploads\/sites\/4\/2022\/10\/40887037-2547-4481-9f79-40583c1c0c7c.jpg","contentUrl":"https:\/\/fes-heidenheim.de\/grundschule\/wp-content\/uploads\/sites\/4\/2022\/10\/40887037-2547-4481-9f79-40583c1c0c7c.jpg","width":2048,"height":1536},{"@type":"BreadcrumbList","@id":"https:\/\/fes-heidenheim.de\/grundschule\/2022\/10\/05\/weltreise-im-klassenzimmer\/#breadcrumb","itemListElement":[{"@type":"ListItem","position":1,"name":"Startseite","item":"https:\/\/fes-heidenheim.de\/grundschule\/"},{"@type":"ListItem","position":2,"name":"Weltreise im Klassenzimmer"}]},{"@type":"WebSite","@id":"https:\/\/fes-heidenheim.de\/grundschule\/#website","url":"https:\/\/fes-heidenheim.de\/grundschule\/","name":"Grundschule | Freie Evangelischen Schule und Kindertagesst\u00e4tte Heidenheim e. V.","description":"Webseiten der Grundschule der Freien Evangelischen Schule und Kindertagesst\u00e4tte Heidenheim e.V.","potentialAction":[{"@type":"SearchAction","target":{"@type":"EntryPoint","urlTemplate":"https:\/\/fes-heidenheim.de\/grundschule\/?s={search_term_string}"},"query-input":{"@type":"PropertyValueSpecification","valueRequired":true,"valueName":"search_term_string"}}],"inLanguage":"de"},{"@type":"Person","@id":"https:\/\/fes-heidenheim.de\/grundschule\/#\/schema\/person\/c710e301f9c19bdd9401b6e1e10f6308","name":"fesgrundschule","image":{"@type":"ImageObject","inLanguage":"de","@id":"https:\/\/secure.gravatar.com\/avatar\/38ecb39ed4fe473f2e492adcd43415e41a7ac114075f70cddbf131e25ea9a5a0?s=96&d=mm&r=g","url":"https:\/\/secure.gravatar.com\/avatar\/38ecb39ed4fe473f2e492adcd43415e41a7ac114075f70cddbf131e25ea9a5a0?s=96&d=mm&r=g","contentUrl":"https:\/\/secure.gravatar.com\/avatar\/38ecb39ed4fe473f2e492adcd43415e41a7ac114075f70cddbf131e25ea9a5a0?s=96&d=mm&r=g","caption":"fesgrundschule"},"url":"https:\/\/fes-heidenheim.de\/grundschule\/author\/fesgrundschule\/"}]}},"_links":{"self":[{"href":"https:\/\/fes-heidenheim.de\/grundschule\/wp-json\/wp\/v2\/posts\/2904","targetHints":{"allow":["GET"]}}],"collection":[{"href":"https:\/\/fes-heidenheim.de\/grundschule\/wp-json\/wp\/v2\/posts"}],"about":[{"href":"https:\/\/fes-heidenheim.de\/grundschule\/wp-json\/wp\/v2\/types\/post"}],"author":[{"embeddable":true,"href":"https:\/\/fes-heidenheim.de\/grundschule\/wp-json\/wp\/v2\/users\/10"}],"replies":[{"embeddable":true,"href":"https:\/\/fes-heidenheim.de\/grundschule\/wp-json\/wp\/v2\/comments?post=2904"}],"version-history":[{"count":4,"href":"https:\/\/fes-heidenheim.de\/grundschule\/wp-json\/wp\/v2\/posts\/2904\/revisions"}],"predecessor-version":[{"id":2952,"href":"https:\/\/fes-heidenheim.de\/grundschule\/wp-json\/wp\/v2\/posts\/2904\/revisions\/2952"}],"wp:featuredmedia":[{"embeddable":true,"href":"https:\/\/fes-heidenheim.de\/grundschule\/wp-json\/wp\/v2\/media\/2905"}],"wp:attachment":[{"href":"https:\/\/fes-heidenheim.de\/grundschule\/wp-json\/wp\/v2\/media?parent=2904"}],"wp:term":[{"taxonomy":"category","embeddable":true,"href":"https:\/\/fes-heidenheim.de\/grundschule\/wp-json\/wp\/v2\/categories?post=2904"},{"taxonomy":"post_tag","embeddable":true,"href":"https:\/\/fes-heidenheim.de\/grundschule\/wp-json\/wp\/v2\/tags?post=2904"}],"curies":[{"name":"wp","href":"https:\/\/api.w.org\/{rel}","templated":true}]}}