{"id":3428,"date":"2024-08-01T15:30:00","date_gmt":"2024-08-01T13:30:00","guid":{"rendered":"https:\/\/fes-heidenheim.de\/grundschule\/?p=3428"},"modified":"2024-08-01T09:33:40","modified_gmt":"2024-08-01T07:33:40","slug":"ausflug-ins-gruene-klassenzimmer","status":"publish","type":"post","link":"https:\/\/fes-heidenheim.de\/grundschule\/2024\/08\/01\/ausflug-ins-gruene-klassenzimmer\/","title":{"rendered":"Ausflug ins gr\u00fcne Klassenzimmer"},"content":{"rendered":"\n<p>Am vor\u00adlet\u00adzten Schul\u00adt\u00adag vor den Som\u00admer\u00adfe\u00adrien begab sich die gesamte Grund\u00adschule der FES auf einen Aus\u00adflug ins <a href=\"https:\/\/brenzpark-ev.de\/gruenes-klassenzimmer\/\">\u201eGr\u00fcne Klassen\u00adz\u00adim\u00admer\u201c im Bren\u00adz\u00adpark<\/a>. Bei richtig tollem Wet\u00adter durfte jede Klasse ein erleb\u00adnisori\u00aden\u00adtiertes und prax\u00adis\u00adna\u00adh\u00ades Pro\u00adgramm aus den Bere\u00adichen \u201eNatur, Pflanzen und Tiere\u201c besuchen.<\/p>\n\n\n\n<p>Die Klasse 2 besch\u00e4ftigte sich unter dem Mot\u00adto \u201eEne mene Miste \u2013 es lebt was in der Kiste\u201c mit der Kom\u00adpostierung von pflan\u00adzlichen K\u00fcchen- und Gr\u00fcn\u00adabf\u00e4llen. Dabei ging es zun\u00e4chst um Fra\u00adgen wie z. B. \u201eWelche Far\u00adben haben die Abfall\u00adton\u00adnen im Land\u00adkreis Hei\u00adden\u00adheim? Was geh\u00f6rt in die braune Tonne?\u201c<\/p>\n\n\n\n<p>Ein Mitar\u00adbeit\u00ader des Kreis\u00adab\u00adfall\u00adwirtschafts\u00adbe\u00adtriebs Hei\u00adden\u00adheim erk\u00adl\u00e4rte uns Wis\u00adsenswertes dar\u00fcber, was mit dem Inhalt der braunen Tonne passiert, wenn das M\u00fcl\u00adlau\u00adto den Sam\u00admelplatz erre\u00adicht hat. Zuerst m\u00fcssen n\u00e4m\u00adlich nicht-erw\u00fcn\u00adschte Stoffe (wie Plas\u00adtik und Met\u00adall) aus den Gr\u00fcngutabf\u00e4llen ent\u00adfer\u00adnt werden.<\/p>\n\n\n\n<p>Wir erfuhren, dass sog\u00adar schon Scheren und andere Met\u00adall\u00adteile in der braunen Tonne gefun\u00adden wur\u00adden. Auch, dass die Gr\u00fcn\u00adabf\u00e4lle in braune Papiert\u00fcten oder Zeitungspa\u00adpi\u00ader gesteckt wer\u00adden sollen, und nicht in die ange\u00adblich kom\u00adpostier\u00adbaren Plas\u00adtik\u00adt\u00fcten, die man in Super\u00adm\u00e4rk\u00adten kaufen kann, erfuhren die Kinder.<\/p>\n\n\n\n<p>Am Ende des Kom\u00adpostierung\u00adsprozess\u00ades kommt jeden\u00adfalls sch\u00f6ne Erde her\u00adaus, die man f\u00fcr Blu\u00admen- und Gem\u00fcse\u00adbeete im Garten ver\u00adwen\u00adden kann. Dass man Kom\u00adpost auch im Garten her\u00adstellen kann, und nicht nur im Kreis\u00adab\u00adfall\u00adwirtschafts\u00adbe\u00adtrieb, lern\u00adten wir nat\u00fcr\u00adlich auch. Viele Kinder berichteten von Kom\u00adpost\u00adbe\u00adh\u00e4l\u00adtern im eige\u00adnen Garten oder dem der Gro\u00dfeltern.<\/p>\n\n\n\n<p>Um auch noch selb\u00adst \u201eHand anzule\u00adgen\u201c, bekam jedes Kind eine Becherlupe geschenkt. Eine Mis\u00adchung aus Forschergeist und Sand\u00adkas\u00adten\u00adfeel\u00ading kam auf, als nun alle einen gro\u00dfen Kom\u00adposthaufen nach leben\u00adden Tierchen durch\u00adsuchen durften. Es wur\u00adden Asseln, Regen\u00adw\u00fcrmer, Nack\u00adtsch\u00adneck\u00aden, Spin\u00adnen und sog\u00adar Tausend\u00adf\u00fc\u00dfler und Hun\u00addert\u00adf\u00fc\u00dfler (Ups, das ist ein Unter\u00adschied?) gefunden.<\/p>\n\n\n\n<p>Nach diesem so ganz anderen \u201eUnter\u00adricht\u201c durften nat\u00fcr\u00adlich noch die Spiel\u00adger\u00e4te im Bren\u00adz\u00adpark (wie Rutschen, Klet\u00adterg\u00ader\u00fcste etc.) aus\u00adgiebig genutzt wer\u00adden und der Tag fand einen run\u00adden Ausklang.<\/p>\n\n\n\n<p>So erlebten wir weit mehr als nur einen Aus\u00adflug an die frische Luft: Durch das Ler\u00adnen mit \u201eKopf, Herz und Hand\u201c wurde ganz neben\u00adbei das Ziel der Umwelt\u00adbil\u00addung ver\u00adfol\u00adgt und ein Bewusst\u00adsein daf\u00fcr geschaf\u00adfen, was f\u00fcr eine wertvolle Ressource Gr\u00fcn- und K\u00fcchen\u00adabf\u00e4lle sind.<\/p>\n\n\n\n<p><\/p>\n\n\n\n<figure class=\"wp-block-gallery has-nested-images columns-default is-cropped wp-block-gallery-1 is-layout-flex wp-block-gallery-is-layout-flex\">\n<figure class=\"wp-block-image size-large\"><img loading=\"lazy\" decoding=\"async\" width=\"768\" height=\"1024\" data-id=\"3411\" src=\"https:\/\/fes-heidenheim.de\/grundschule\/wp-content\/uploads\/sites\/4\/2024\/07\/fes-grundschule-projekttage-2024-06-768x1024.jpg\" alt=\"Projekttage FES Grundschule 2024: Ausflug in das Gr\u00fcne Klassenzimmer im Brenzpark\" class=\"wp-image-3411\"><\/figure>\n\n\n\n<figure class=\"wp-block-image size-large\"><img loading=\"lazy\" decoding=\"async\" width=\"1024\" height=\"768\" data-id=\"3412\" src=\"https:\/\/fes-heidenheim.de\/grundschule\/wp-content\/uploads\/sites\/4\/2024\/07\/fes-grundschule-projekttage-2024-03-1024x768.jpg\" alt=\"Projekttage FES Grundschule 2024: Ausflug in das Gr\u00fcne Klassenzimmer im Brenzpark\" class=\"wp-image-3412\" srcset=\"https:\/\/fes-heidenheim.de\/grundschule\/wp-content\/uploads\/sites\/4\/2024\/07\/fes-grundschule-projekttage-2024-03-1024x768.jpg 1024w, https:\/\/fes-heidenheim.de\/grundschule\/wp-content\/uploads\/sites\/4\/2024\/07\/fes-grundschule-projekttage-2024-03-980x735.jpg 980w, https:\/\/fes-heidenheim.de\/grundschule\/wp-content\/uploads\/sites\/4\/2024\/07\/fes-grundschule-projekttage-2024-03-480x360.jpg 480w\" sizes=\"(min-width: 0px) and (max-width: 480px) 480px, (min-width: 481px) and (max-width: 980px) 980px, (min-width: 981px) 1024px, 100vw\"><\/figure>\n\n\n\n<figure class=\"wp-block-image size-large\"><img loading=\"lazy\" decoding=\"async\" width=\"1024\" height=\"768\" data-id=\"3414\" src=\"https:\/\/fes-heidenheim.de\/grundschule\/wp-content\/uploads\/sites\/4\/2024\/07\/fes-grundschule-projekttage-2024-04-1024x768.jpg\" alt=\"Projekttage FES Grundschule 2024: Ausflug in das Gr\u00fcne Klassenzimmer im Brenzpark\" class=\"wp-image-3414\" srcset=\"https:\/\/fes-heidenheim.de\/grundschule\/wp-content\/uploads\/sites\/4\/2024\/07\/fes-grundschule-projekttage-2024-04-1024x768.jpg 1024w, https:\/\/fes-heidenheim.de\/grundschule\/wp-content\/uploads\/sites\/4\/2024\/07\/fes-grundschule-projekttage-2024-04-980x735.jpg 980w, https:\/\/fes-heidenheim.de\/grundschule\/wp-content\/uploads\/sites\/4\/2024\/07\/fes-grundschule-projekttage-2024-04-480x360.jpg 480w\" sizes=\"(min-width: 0px) and (max-width: 480px) 480px, (min-width: 481px) and (max-width: 980px) 980px, (min-width: 981px) 1024px, 100vw\"><\/figure>\n\n\n\n<figure class=\"wp-block-image size-large\"><img loading=\"lazy\" decoding=\"async\" width=\"1024\" height=\"768\" data-id=\"3415\" src=\"https:\/\/fes-heidenheim.de\/grundschule\/wp-content\/uploads\/sites\/4\/2024\/07\/fes-grundschule-projekttage-2024-02-1024x768.jpg\" alt=\"Projekttage FES Grundschule 2024\" class=\"wp-image-3415\" srcset=\"https:\/\/fes-heidenheim.de\/grundschule\/wp-content\/uploads\/sites\/4\/2024\/07\/fes-grundschule-projekttage-2024-02-1024x768.jpg 1024w, https:\/\/fes-heidenheim.de\/grundschule\/wp-content\/uploads\/sites\/4\/2024\/07\/fes-grundschule-projekttage-2024-02-980x735.jpg 980w, https:\/\/fes-heidenheim.de\/grundschule\/wp-content\/uploads\/sites\/4\/2024\/07\/fes-grundschule-projekttage-2024-02-480x360.jpg 480w\" sizes=\"(min-width: 0px) and (max-width: 480px) 480px, (min-width: 481px) and (max-width: 980px) 980px, (min-width: 981px) 1024px, 100vw\"><\/figure>\n<\/figure>\n","protected":false},"excerpt":{"rendered":"<p>Am vor\u00adlet\u00adzten Schul\u00adt\u00adag vor den Som\u00admer\u00adfe\u00adrien begab sich die gesamte Grund\u00adschule der FES auf einen Aus\u00adflug ins \u201eGr\u00fcne Klassen\u00adz\u00adim\u00admer\u201c im Bren\u00adz\u00adpark. Bei richtig tollem Wet\u00adter durfte jede Klasse ein erlebnisorientiertes&nbsp;[\u2026]<\/p>\n","protected":false},"author":1,"featured_media":3413,"comment_status":"closed","ping_status":"closed","sticky":false,"template":"","format":"standard","meta":{"_et_pb_use_builder":"off","_et_pb_old_content":"","_et_gb_content_width":"","inline_featured_image":false,"wp_typography_post_enhancements_disabled":false,"footnotes":""},"categories":[47],"tags":[],"class_list":["post-3428","post","type-post","status-publish","format-standard","has-post-thumbnail","hentry","category-fes-grundschule-aktuell"],"yoast_head":"<!-- This site is optimized with the Yoast SEO plugin v27.4 - https:\/\/yoast.com\/product\/yoast-seo-wordpress\/ -->\n<title>Ausflug ins gr\u00fcne Klassenzimmer - Grundschule | Freie Evangelischen Schule und Kindertagesst\u00e4tte Heidenheim e. V.<\/title>\n<meta name=\"robots\" content=\"index, follow, max-snippet:-1, max-image-preview:large, max-video-preview:-1\" \/>\n<link rel=\"canonical\" href=\"https:\/\/fes-heidenheim.de\/grundschule\/2024\/08\/01\/ausflug-ins-gruene-klassenzimmer\/\" \/>\n<meta property=\"og:locale\" content=\"de_DE\" \/>\n<meta property=\"og:type\" content=\"article\" \/>\n<meta property=\"og:title\" content=\"Ausflug ins gr\u00fcne Klassenzimmer - Grundschule | Freie Evangelischen Schule und Kindertagesst\u00e4tte Heidenheim e. V.\" \/>\n<meta property=\"og:description\" content=\"Am vor\u00adlet\u00adzten Schul\u00adt\u00adag vor den Som\u00admer\u00adfe\u00adrien begab sich die gesamte Grund\u00adschule der FES auf einen Aus\u00adflug ins \u201eGr\u00fcne Klassen\u00adz\u00adim\u00admer\u201c im Bren\u00adz\u00adpark. Bei richtig tollem Wet\u00adter durfte jede Klasse ein erleb\u00adnisori\u00aden\u00adtiertes [&hellip;]\" \/>\n<meta property=\"og:url\" content=\"https:\/\/fes-heidenheim.de\/grundschule\/2024\/08\/01\/ausflug-ins-gruene-klassenzimmer\/\" \/>\n<meta property=\"og:site_name\" content=\"Grundschule | Freie Evangelischen Schule und Kindertagesst\u00e4tte Heidenheim e. V.\" \/>\n<meta property=\"article:published_time\" content=\"2024-08-01T13:30:00+00:00\" \/>\n<meta property=\"og:image\" content=\"https:\/\/fes-heidenheim.de\/grundschule\/wp-content\/uploads\/sites\/4\/2024\/07\/fes-grundschule-projekttage-2024-05.jpg\" \/>\n\t<meta property=\"og:image:width\" content=\"1080\" \/>\n\t<meta property=\"og:image:height\" content=\"810\" \/>\n\t<meta property=\"og:image:type\" content=\"image\/jpeg\" \/>\n<meta name=\"author\" content=\"fes\" \/>\n<meta name=\"twitter:card\" content=\"summary_large_image\" \/>\n<meta name=\"twitter:label1\" content=\"Verfasst von\" \/>\n\t<meta name=\"twitter:data1\" content=\"fes\" \/>\n\t<meta name=\"twitter:label2\" content=\"Gesch\u00e4tzte Lesezeit\" \/>\n\t<meta name=\"twitter:data2\" content=\"3\u00a0Minuten\" \/>\n<script type=\"application\/ld+json\" class=\"yoast-schema-graph\">{\"@context\":\"https:\\\/\\\/schema.org\",\"@graph\":[{\"@type\":\"Article\",\"@id\":\"https:\\\/\\\/fes-heidenheim.de\\\/grundschule\\\/2024\\\/08\\\/01\\\/ausflug-ins-gruene-klassenzimmer\\\/#article\",\"isPartOf\":{\"@id\":\"https:\\\/\\\/fes-heidenheim.de\\\/grundschule\\\/2024\\\/08\\\/01\\\/ausflug-ins-gruene-klassenzimmer\\\/\"},\"author\":{\"name\":\"fes\",\"@id\":\"https:\\\/\\\/fes-heidenheim.de\\\/grundschule\\\/#\\\/schema\\\/person\\\/e8b717a48deac1a9531664496e910db7\"},\"headline\":\"Ausflug ins gr\u00fcne Klassenzimmer\",\"datePublished\":\"2024-08-01T13:30:00+00:00\",\"mainEntityOfPage\":{\"@id\":\"https:\\\/\\\/fes-heidenheim.de\\\/grundschule\\\/2024\\\/08\\\/01\\\/ausflug-ins-gruene-klassenzimmer\\\/\"},\"wordCount\":378,\"image\":{\"@id\":\"https:\\\/\\\/fes-heidenheim.de\\\/grundschule\\\/2024\\\/08\\\/01\\\/ausflug-ins-gruene-klassenzimmer\\\/#primaryimage\"},\"thumbnailUrl\":\"https:\\\/\\\/fes-heidenheim.de\\\/grundschule\\\/wp-content\\\/uploads\\\/sites\\\/4\\\/2024\\\/07\\\/fes-grundschule-projekttage-2024-05.jpg\",\"articleSection\":[\"FES Grundschule\"],\"inLanguage\":\"de\"},{\"@type\":\"WebPage\",\"@id\":\"https:\\\/\\\/fes-heidenheim.de\\\/grundschule\\\/2024\\\/08\\\/01\\\/ausflug-ins-gruene-klassenzimmer\\\/\",\"url\":\"https:\\\/\\\/fes-heidenheim.de\\\/grundschule\\\/2024\\\/08\\\/01\\\/ausflug-ins-gruene-klassenzimmer\\\/\",\"name\":\"Ausflug ins gr\u00fcne Klassenzimmer - Grundschule | Freie Evangelischen Schule und Kindertagesst\u00e4tte Heidenheim e. V.\",\"isPartOf\":{\"@id\":\"https:\\\/\\\/fes-heidenheim.de\\\/grundschule\\\/#website\"},\"primaryImageOfPage\":{\"@id\":\"https:\\\/\\\/fes-heidenheim.de\\\/grundschule\\\/2024\\\/08\\\/01\\\/ausflug-ins-gruene-klassenzimmer\\\/#primaryimage\"},\"image\":{\"@id\":\"https:\\\/\\\/fes-heidenheim.de\\\/grundschule\\\/2024\\\/08\\\/01\\\/ausflug-ins-gruene-klassenzimmer\\\/#primaryimage\"},\"thumbnailUrl\":\"https:\\\/\\\/fes-heidenheim.de\\\/grundschule\\\/wp-content\\\/uploads\\\/sites\\\/4\\\/2024\\\/07\\\/fes-grundschule-projekttage-2024-05.jpg\",\"datePublished\":\"2024-08-01T13:30:00+00:00\",\"author\":{\"@id\":\"https:\\\/\\\/fes-heidenheim.de\\\/grundschule\\\/#\\\/schema\\\/person\\\/e8b717a48deac1a9531664496e910db7\"},\"breadcrumb\":{\"@id\":\"https:\\\/\\\/fes-heidenheim.de\\\/grundschule\\\/2024\\\/08\\\/01\\\/ausflug-ins-gruene-klassenzimmer\\\/#breadcrumb\"},\"inLanguage\":\"de\",\"potentialAction\":[{\"@type\":\"ReadAction\",\"target\":[\"https:\\\/\\\/fes-heidenheim.de\\\/grundschule\\\/2024\\\/08\\\/01\\\/ausflug-ins-gruene-klassenzimmer\\\/\"]}]},{\"@type\":\"ImageObject\",\"inLanguage\":\"de\",\"@id\":\"https:\\\/\\\/fes-heidenheim.de\\\/grundschule\\\/2024\\\/08\\\/01\\\/ausflug-ins-gruene-klassenzimmer\\\/#primaryimage\",\"url\":\"https:\\\/\\\/fes-heidenheim.de\\\/grundschule\\\/wp-content\\\/uploads\\\/sites\\\/4\\\/2024\\\/07\\\/fes-grundschule-projekttage-2024-05.jpg\",\"contentUrl\":\"https:\\\/\\\/fes-heidenheim.de\\\/grundschule\\\/wp-content\\\/uploads\\\/sites\\\/4\\\/2024\\\/07\\\/fes-grundschule-projekttage-2024-05.jpg\",\"width\":1080,\"height\":810,\"caption\":\"Projekttage FES Grundschule: Es gibt immer was zu staunen!\"},{\"@type\":\"BreadcrumbList\",\"@id\":\"https:\\\/\\\/fes-heidenheim.de\\\/grundschule\\\/2024\\\/08\\\/01\\\/ausflug-ins-gruene-klassenzimmer\\\/#breadcrumb\",\"itemListElement\":[{\"@type\":\"ListItem\",\"position\":1,\"name\":\"Startseite\",\"item\":\"https:\\\/\\\/fes-heidenheim.de\\\/grundschule\\\/\"},{\"@type\":\"ListItem\",\"position\":2,\"name\":\"Ausflug ins gr\u00fcne Klassenzimmer\"}]},{\"@type\":\"WebSite\",\"@id\":\"https:\\\/\\\/fes-heidenheim.de\\\/grundschule\\\/#website\",\"url\":\"https:\\\/\\\/fes-heidenheim.de\\\/grundschule\\\/\",\"name\":\"Grundschule | Freie Evangelischen Schule und Kindertagesst\u00e4tte Heidenheim e. V.\",\"description\":\"Webseiten der Grundschule der Freien Evangelischen Schule und Kindertagesst\u00e4tte Heidenheim e.V.\",\"potentialAction\":[{\"@type\":\"SearchAction\",\"target\":{\"@type\":\"EntryPoint\",\"urlTemplate\":\"https:\\\/\\\/fes-heidenheim.de\\\/grundschule\\\/?s={search_term_string}\"},\"query-input\":{\"@type\":\"PropertyValueSpecification\",\"valueRequired\":true,\"valueName\":\"search_term_string\"}}],\"inLanguage\":\"de\"},{\"@type\":\"Person\",\"@id\":\"https:\\\/\\\/fes-heidenheim.de\\\/grundschule\\\/#\\\/schema\\\/person\\\/e8b717a48deac1a9531664496e910db7\",\"name\":\"fes\",\"image\":{\"@type\":\"ImageObject\",\"inLanguage\":\"de\",\"@id\":\"https:\\\/\\\/secure.gravatar.com\\\/avatar\\\/effdf0474358ff27f1e16eb3157eee659b464c36afe22d3bed195415271415a3?s=96&d=mm&r=g\",\"url\":\"https:\\\/\\\/secure.gravatar.com\\\/avatar\\\/effdf0474358ff27f1e16eb3157eee659b464c36afe22d3bed195415271415a3?s=96&d=mm&r=g\",\"contentUrl\":\"https:\\\/\\\/secure.gravatar.com\\\/avatar\\\/effdf0474358ff27f1e16eb3157eee659b464c36afe22d3bed195415271415a3?s=96&d=mm&r=g\",\"caption\":\"fes\"},\"url\":\"https:\\\/\\\/fes-heidenheim.de\\\/grundschule\\\/author\\\/fes\\\/\"}]}<\/script>\n<!-- \/ Yoast SEO plugin. -->","yoast_head_json":{"title":"Ausflug ins gr\u00fcne Klassenzimmer - Grundschule | Freie Evangelischen Schule und Kindertagesst\u00e4tte Heidenheim e. V.","robots":{"index":"index","follow":"follow","max-snippet":"max-snippet:-1","max-image-preview":"max-image-preview:large","max-video-preview":"max-video-preview:-1"},"canonical":"https:\/\/fes-heidenheim.de\/grundschule\/2024\/08\/01\/ausflug-ins-gruene-klassenzimmer\/","og_locale":"de_DE","og_type":"article","og_title":"Ausflug ins gr\u00fcne Klassenzimmer - Grundschule | Freie Evangelischen Schule und Kindertagesst\u00e4tte Heidenheim e. V.","og_description":"Am vor\u00adlet\u00adzten Schul\u00adt\u00adag vor den Som\u00admer\u00adfe\u00adrien begab sich die gesamte Grund\u00adschule der FES auf einen Aus\u00adflug ins \u201eGr\u00fcne Klassen\u00adz\u00adim\u00admer\u201c im Bren\u00adz\u00adpark. Bei richtig tollem Wet\u00adter durfte jede Klasse ein erleb\u00adnisori\u00aden\u00adtiertes [&hellip;]","og_url":"https:\/\/fes-heidenheim.de\/grundschule\/2024\/08\/01\/ausflug-ins-gruene-klassenzimmer\/","og_site_name":"Grundschule | Freie Evangelischen Schule und Kindertagesst\u00e4tte Heidenheim e. V.","article_published_time":"2024-08-01T13:30:00+00:00","og_image":[{"width":1080,"height":810,"url":"https:\/\/fes-heidenheim.de\/grundschule\/wp-content\/uploads\/sites\/4\/2024\/07\/fes-grundschule-projekttage-2024-05.jpg","type":"image\/jpeg"}],"author":"fes","twitter_card":"summary_large_image","twitter_misc":{"Verfasst von":"fes","Gesch\u00e4tzte Lesezeit":"3\u00a0Minuten"},"schema":{"@context":"https:\/\/schema.org","@graph":[{"@type":"Article","@id":"https:\/\/fes-heidenheim.de\/grundschule\/2024\/08\/01\/ausflug-ins-gruene-klassenzimmer\/#article","isPartOf":{"@id":"https:\/\/fes-heidenheim.de\/grundschule\/2024\/08\/01\/ausflug-ins-gruene-klassenzimmer\/"},"author":{"name":"fes","@id":"https:\/\/fes-heidenheim.de\/grundschule\/#\/schema\/person\/e8b717a48deac1a9531664496e910db7"},"headline":"Ausflug ins gr\u00fcne Klassenzimmer","datePublished":"2024-08-01T13:30:00+00:00","mainEntityOfPage":{"@id":"https:\/\/fes-heidenheim.de\/grundschule\/2024\/08\/01\/ausflug-ins-gruene-klassenzimmer\/"},"wordCount":378,"image":{"@id":"https:\/\/fes-heidenheim.de\/grundschule\/2024\/08\/01\/ausflug-ins-gruene-klassenzimmer\/#primaryimage"},"thumbnailUrl":"https:\/\/fes-heidenheim.de\/grundschule\/wp-content\/uploads\/sites\/4\/2024\/07\/fes-grundschule-projekttage-2024-05.jpg","articleSection":["FES Grundschule"],"inLanguage":"de"},{"@type":"WebPage","@id":"https:\/\/fes-heidenheim.de\/grundschule\/2024\/08\/01\/ausflug-ins-gruene-klassenzimmer\/","url":"https:\/\/fes-heidenheim.de\/grundschule\/2024\/08\/01\/ausflug-ins-gruene-klassenzimmer\/","name":"Ausflug ins gr\u00fcne Klassenzimmer - Grundschule | Freie Evangelischen Schule und Kindertagesst\u00e4tte Heidenheim e. V.","isPartOf":{"@id":"https:\/\/fes-heidenheim.de\/grundschule\/#website"},"primaryImageOfPage":{"@id":"https:\/\/fes-heidenheim.de\/grundschule\/2024\/08\/01\/ausflug-ins-gruene-klassenzimmer\/#primaryimage"},"image":{"@id":"https:\/\/fes-heidenheim.de\/grundschule\/2024\/08\/01\/ausflug-ins-gruene-klassenzimmer\/#primaryimage"},"thumbnailUrl":"https:\/\/fes-heidenheim.de\/grundschule\/wp-content\/uploads\/sites\/4\/2024\/07\/fes-grundschule-projekttage-2024-05.jpg","datePublished":"2024-08-01T13:30:00+00:00","author":{"@id":"https:\/\/fes-heidenheim.de\/grundschule\/#\/schema\/person\/e8b717a48deac1a9531664496e910db7"},"breadcrumb":{"@id":"https:\/\/fes-heidenheim.de\/grundschule\/2024\/08\/01\/ausflug-ins-gruene-klassenzimmer\/#breadcrumb"},"inLanguage":"de","potentialAction":[{"@type":"ReadAction","target":["https:\/\/fes-heidenheim.de\/grundschule\/2024\/08\/01\/ausflug-ins-gruene-klassenzimmer\/"]}]},{"@type":"ImageObject","inLanguage":"de","@id":"https:\/\/fes-heidenheim.de\/grundschule\/2024\/08\/01\/ausflug-ins-gruene-klassenzimmer\/#primaryimage","url":"https:\/\/fes-heidenheim.de\/grundschule\/wp-content\/uploads\/sites\/4\/2024\/07\/fes-grundschule-projekttage-2024-05.jpg","contentUrl":"https:\/\/fes-heidenheim.de\/grundschule\/wp-content\/uploads\/sites\/4\/2024\/07\/fes-grundschule-projekttage-2024-05.jpg","width":1080,"height":810,"caption":"Projekttage FES Grundschule: Es gibt immer was zu staunen!"},{"@type":"BreadcrumbList","@id":"https:\/\/fes-heidenheim.de\/grundschule\/2024\/08\/01\/ausflug-ins-gruene-klassenzimmer\/#breadcrumb","itemListElement":[{"@type":"ListItem","position":1,"name":"Startseite","item":"https:\/\/fes-heidenheim.de\/grundschule\/"},{"@type":"ListItem","position":2,"name":"Ausflug ins gr\u00fcne Klassenzimmer"}]},{"@type":"WebSite","@id":"https:\/\/fes-heidenheim.de\/grundschule\/#website","url":"https:\/\/fes-heidenheim.de\/grundschule\/","name":"Grundschule | Freie Evangelischen Schule und Kindertagesst\u00e4tte Heidenheim e. V.","description":"Webseiten der Grundschule der Freien Evangelischen Schule und Kindertagesst\u00e4tte Heidenheim e.V.","potentialAction":[{"@type":"SearchAction","target":{"@type":"EntryPoint","urlTemplate":"https:\/\/fes-heidenheim.de\/grundschule\/?s={search_term_string}"},"query-input":{"@type":"PropertyValueSpecification","valueRequired":true,"valueName":"search_term_string"}}],"inLanguage":"de"},{"@type":"Person","@id":"https:\/\/fes-heidenheim.de\/grundschule\/#\/schema\/person\/e8b717a48deac1a9531664496e910db7","name":"fes","image":{"@type":"ImageObject","inLanguage":"de","@id":"https:\/\/secure.gravatar.com\/avatar\/effdf0474358ff27f1e16eb3157eee659b464c36afe22d3bed195415271415a3?s=96&d=mm&r=g","url":"https:\/\/secure.gravatar.com\/avatar\/effdf0474358ff27f1e16eb3157eee659b464c36afe22d3bed195415271415a3?s=96&d=mm&r=g","contentUrl":"https:\/\/secure.gravatar.com\/avatar\/effdf0474358ff27f1e16eb3157eee659b464c36afe22d3bed195415271415a3?s=96&d=mm&r=g","caption":"fes"},"url":"https:\/\/fes-heidenheim.de\/grundschule\/author\/fes\/"}]}},"_links":{"self":[{"href":"https:\/\/fes-heidenheim.de\/grundschule\/wp-json\/wp\/v2\/posts\/3428","targetHints":{"allow":["GET"]}}],"collection":[{"href":"https:\/\/fes-heidenheim.de\/grundschule\/wp-json\/wp\/v2\/posts"}],"about":[{"href":"https:\/\/fes-heidenheim.de\/grundschule\/wp-json\/wp\/v2\/types\/post"}],"author":[{"embeddable":true,"href":"https:\/\/fes-heidenheim.de\/grundschule\/wp-json\/wp\/v2\/users\/1"}],"replies":[{"embeddable":true,"href":"https:\/\/fes-heidenheim.de\/grundschule\/wp-json\/wp\/v2\/comments?post=3428"}],"version-history":[{"count":1,"href":"https:\/\/fes-heidenheim.de\/grundschule\/wp-json\/wp\/v2\/posts\/3428\/revisions"}],"predecessor-version":[{"id":3429,"href":"https:\/\/fes-heidenheim.de\/grundschule\/wp-json\/wp\/v2\/posts\/3428\/revisions\/3429"}],"wp:featuredmedia":[{"embeddable":true,"href":"https:\/\/fes-heidenheim.de\/grundschule\/wp-json\/wp\/v2\/media\/3413"}],"wp:attachment":[{"href":"https:\/\/fes-heidenheim.de\/grundschule\/wp-json\/wp\/v2\/media?parent=3428"}],"wp:term":[{"taxonomy":"category","embeddable":true,"href":"https:\/\/fes-heidenheim.de\/grundschule\/wp-json\/wp\/v2\/categories?post=3428"},{"taxonomy":"post_tag","embeddable":true,"href":"https:\/\/fes-heidenheim.de\/grundschule\/wp-json\/wp\/v2\/tags?post=3428"}],"curies":[{"name":"wp","href":"https:\/\/api.w.org\/{rel}","templated":true}]}}