{"id":3641,"date":"2025-08-08T16:00:00","date_gmt":"2025-08-08T14:00:00","guid":{"rendered":"https:\/\/fes-heidenheim.de\/grundschule\/?p=3641"},"modified":"2025-08-11T11:54:49","modified_gmt":"2025-08-11T09:54:49","slug":"eine-nacht-in-der-schule","status":"publish","type":"post","link":"https:\/\/fes-heidenheim.de\/grundschule\/2025\/08\/08\/eine-nacht-in-der-schule\/","title":{"rendered":"Nachts in der Schule!"},"content":{"rendered":"\n<h2 class=\"wp-block-heading\">Lange Lesenacht in der FES Grundschule<\/h2>\n\n\n\n<p>Aufre\u00adgung und Span\u00adnung pur! Man darf schlie\u00dflich nicht jeden Tag in der Schule \u00fcber\u00adnacht\u00aden. Die Drit\u00adtk\u00adl\u00e4ssler der FES freuten sich riesig auf dieses beson\u00addere Ereig\u00adnis, bei dem die Klassen\u00adz\u00adim\u00admer zum Indoor-Camp\u00ading\u00adplatz umfunk\u00adtion\u00adiert wurde. Nach gemein\u00adsamem Sin\u00adgen und der Andacht gab es eine Leser\u00adal\u00adley hin\u00adter dem Schul\u00adhaus. Wer die richtige L\u00f6sung her\u00adaus bekom\u00admen hat\u00adte, durfte sich ein Eis abholen. Danach war reich\u00adlich Spielzeit und ein Imbiss ange\u00adsagt. Nat\u00fcr\u00adlich w\u00e4re eine Lese\u00adnacht keine Lese\u00adnacht ohne Lesezeit. Also ging es nach dem Umziehen und Z\u00e4hen\u00adputzen in die Schlaf\u00ads\u00e4cke und jed\u00ader ver\u00adtiefte sich in ein inter\u00ades\u00adsantes Buch. Die Nacht wurde zwar etwas kurz, aber das Fr\u00fch\u00adst\u00fcck war reich\u00adlich und danach ging es qua\u00adsi schon ins lange Wochenende.<\/p>\n\n\n\n<figure class=\"wp-block-image size-large\"><img loading=\"lazy\" decoding=\"async\" width=\"1024\" height=\"763\" src=\"https:\/\/fes-heidenheim.de\/grundschule\/wp-content\/uploads\/sites\/4\/2025\/08\/Lesenacht2-1024x763.jpg\" alt=\"Kinder lesen mit Taschenlampen bei der Lesenacht der FES Grundschule.\" class=\"wp-image-3662\" srcset=\"https:\/\/fes-heidenheim.de\/grundschule\/wp-content\/uploads\/sites\/4\/2025\/08\/Lesenacht2-1024x763.jpg 1024w, https:\/\/fes-heidenheim.de\/grundschule\/wp-content\/uploads\/sites\/4\/2025\/08\/Lesenacht2-980x730.jpg 980w, https:\/\/fes-heidenheim.de\/grundschule\/wp-content\/uploads\/sites\/4\/2025\/08\/Lesenacht2-480x358.jpg 480w\" sizes=\"(min-width: 0px) and (max-width: 480px) 480px, (min-width: 481px) and (max-width: 980px) 980px, (min-width: 981px) 1024px, 100vw\"><\/figure>\n","protected":false},"excerpt":{"rendered":"<p>Lange Lese\u00adnacht in der FES Grund\u00adschule Aufre\u00adgung und Span\u00adnung pur! Man darf schlie\u00dflich nicht jeden Tag in der Schule \u00fcber\u00adnacht\u00aden. Die Drit\u00adtk\u00adl\u00e4ssler der FES freuten sich riesig auf dieses besondere&nbsp;[\u2026]<\/p>\n","protected":false},"author":1,"featured_media":3663,"comment_status":"closed","ping_status":"closed","sticky":false,"template":"","format":"standard","meta":{"_et_pb_use_builder":"","_et_pb_old_content":"","_et_gb_content_width":"","inline_featured_image":false,"wp_typography_post_enhancements_disabled":false,"footnotes":""},"categories":[47],"tags":[],"class_list":["post-3641","post","type-post","status-publish","format-standard","has-post-thumbnail","hentry","category-fes-grundschule-aktuell"],"yoast_head":"<!-- This site is optimized with the Yoast SEO plugin v27.4 - https:\/\/yoast.com\/product\/yoast-seo-wordpress\/ -->\n<title>Lange Lesenacht in der FES Grundschule<\/title>\n<meta name=\"description\" content=\"Aufregung und Spannung pur! Man darf schlie\u00dflich nicht jeden Tag in der Schule \u00fcbernachten. Die Drittkl\u00e4ssler der FES freuten sich riesig auf dieses besondere Ereignis.\" \/>\n<meta name=\"robots\" content=\"index, follow, max-snippet:-1, max-image-preview:large, max-video-preview:-1\" \/>\n<link rel=\"canonical\" href=\"https:\/\/fes-heidenheim.de\/grundschule\/2025\/08\/08\/eine-nacht-in-der-schule\/\" \/>\n<meta property=\"og:locale\" content=\"de_DE\" \/>\n<meta property=\"og:type\" content=\"article\" \/>\n<meta property=\"og:title\" content=\"Lange Lesenacht in der FES Grundschule\" \/>\n<meta property=\"og:description\" content=\"Aufregung und Spannung pur! Man darf schlie\u00dflich nicht jeden Tag in der Schule \u00fcbernachten. Die Drittkl\u00e4ssler der FES freuten sich riesig auf dieses besondere Ereignis.\" \/>\n<meta property=\"og:url\" content=\"https:\/\/fes-heidenheim.de\/grundschule\/2025\/08\/08\/eine-nacht-in-der-schule\/\" \/>\n<meta property=\"og:site_name\" content=\"Grundschule | Freie Evangelischen Schule und Kindertagesst\u00e4tte Heidenheim e. V.\" \/>\n<meta property=\"article:published_time\" content=\"2025-08-08T14:00:00+00:00\" \/>\n<meta property=\"article:modified_time\" content=\"2025-08-11T09:54:49+00:00\" \/>\n<meta property=\"og:image\" content=\"https:\/\/fes-heidenheim.de\/grundschule\/wp-content\/uploads\/sites\/4\/2025\/08\/Lesenacht1.jpg\" \/>\n\t<meta property=\"og:image:width\" content=\"1080\" \/>\n\t<meta property=\"og:image:height\" content=\"810\" \/>\n\t<meta property=\"og:image:type\" content=\"image\/jpeg\" \/>\n<meta name=\"author\" content=\"fes\" \/>\n<meta name=\"twitter:card\" content=\"summary_large_image\" \/>\n<meta name=\"twitter:label1\" content=\"Verfasst von\" \/>\n\t<meta name=\"twitter:data1\" content=\"fes\" \/>\n\t<meta name=\"twitter:label2\" content=\"Gesch\u00e4tzte Lesezeit\" \/>\n\t<meta name=\"twitter:data2\" content=\"2\u00a0Minuten\" \/>\n<script type=\"application\/ld+json\" class=\"yoast-schema-graph\">{\"@context\":\"https:\\\/\\\/schema.org\",\"@graph\":[{\"@type\":\"Article\",\"@id\":\"https:\\\/\\\/fes-heidenheim.de\\\/grundschule\\\/2025\\\/08\\\/08\\\/eine-nacht-in-der-schule\\\/#article\",\"isPartOf\":{\"@id\":\"https:\\\/\\\/fes-heidenheim.de\\\/grundschule\\\/2025\\\/08\\\/08\\\/eine-nacht-in-der-schule\\\/\"},\"author\":{\"name\":\"fes\",\"@id\":\"https:\\\/\\\/fes-heidenheim.de\\\/grundschule\\\/#\\\/schema\\\/person\\\/e8b717a48deac1a9531664496e910db7\"},\"headline\":\"Nachts in der Schule!\",\"datePublished\":\"2025-08-08T14:00:00+00:00\",\"dateModified\":\"2025-08-11T09:54:49+00:00\",\"mainEntityOfPage\":{\"@id\":\"https:\\\/\\\/fes-heidenheim.de\\\/grundschule\\\/2025\\\/08\\\/08\\\/eine-nacht-in-der-schule\\\/\"},\"wordCount\":132,\"image\":{\"@id\":\"https:\\\/\\\/fes-heidenheim.de\\\/grundschule\\\/2025\\\/08\\\/08\\\/eine-nacht-in-der-schule\\\/#primaryimage\"},\"thumbnailUrl\":\"https:\\\/\\\/fes-heidenheim.de\\\/grundschule\\\/wp-content\\\/uploads\\\/sites\\\/4\\\/2025\\\/08\\\/Lesenacht1.jpg\",\"articleSection\":[\"FES Grundschule\"],\"inLanguage\":\"de\"},{\"@type\":\"WebPage\",\"@id\":\"https:\\\/\\\/fes-heidenheim.de\\\/grundschule\\\/2025\\\/08\\\/08\\\/eine-nacht-in-der-schule\\\/\",\"url\":\"https:\\\/\\\/fes-heidenheim.de\\\/grundschule\\\/2025\\\/08\\\/08\\\/eine-nacht-in-der-schule\\\/\",\"name\":\"Lange Lesenacht in der FES Grundschule\",\"isPartOf\":{\"@id\":\"https:\\\/\\\/fes-heidenheim.de\\\/grundschule\\\/#website\"},\"primaryImageOfPage\":{\"@id\":\"https:\\\/\\\/fes-heidenheim.de\\\/grundschule\\\/2025\\\/08\\\/08\\\/eine-nacht-in-der-schule\\\/#primaryimage\"},\"image\":{\"@id\":\"https:\\\/\\\/fes-heidenheim.de\\\/grundschule\\\/2025\\\/08\\\/08\\\/eine-nacht-in-der-schule\\\/#primaryimage\"},\"thumbnailUrl\":\"https:\\\/\\\/fes-heidenheim.de\\\/grundschule\\\/wp-content\\\/uploads\\\/sites\\\/4\\\/2025\\\/08\\\/Lesenacht1.jpg\",\"datePublished\":\"2025-08-08T14:00:00+00:00\",\"dateModified\":\"2025-08-11T09:54:49+00:00\",\"author\":{\"@id\":\"https:\\\/\\\/fes-heidenheim.de\\\/grundschule\\\/#\\\/schema\\\/person\\\/e8b717a48deac1a9531664496e910db7\"},\"description\":\"Aufregung und Spannung pur! Man darf schlie\u00dflich nicht jeden Tag in der Schule \u00fcbernachten. Die Drittkl\u00e4ssler der FES freuten sich riesig auf dieses besondere Ereignis.\",\"breadcrumb\":{\"@id\":\"https:\\\/\\\/fes-heidenheim.de\\\/grundschule\\\/2025\\\/08\\\/08\\\/eine-nacht-in-der-schule\\\/#breadcrumb\"},\"inLanguage\":\"de\",\"potentialAction\":[{\"@type\":\"ReadAction\",\"target\":[\"https:\\\/\\\/fes-heidenheim.de\\\/grundschule\\\/2025\\\/08\\\/08\\\/eine-nacht-in-der-schule\\\/\"]}]},{\"@type\":\"ImageObject\",\"inLanguage\":\"de\",\"@id\":\"https:\\\/\\\/fes-heidenheim.de\\\/grundschule\\\/2025\\\/08\\\/08\\\/eine-nacht-in-der-schule\\\/#primaryimage\",\"url\":\"https:\\\/\\\/fes-heidenheim.de\\\/grundschule\\\/wp-content\\\/uploads\\\/sites\\\/4\\\/2025\\\/08\\\/Lesenacht1.jpg\",\"contentUrl\":\"https:\\\/\\\/fes-heidenheim.de\\\/grundschule\\\/wp-content\\\/uploads\\\/sites\\\/4\\\/2025\\\/08\\\/Lesenacht1.jpg\",\"width\":1080,\"height\":810,\"caption\":\"Kinder lesen mit Taschenlampen bei der Lesenacht der FES Grundschule.\"},{\"@type\":\"BreadcrumbList\",\"@id\":\"https:\\\/\\\/fes-heidenheim.de\\\/grundschule\\\/2025\\\/08\\\/08\\\/eine-nacht-in-der-schule\\\/#breadcrumb\",\"itemListElement\":[{\"@type\":\"ListItem\",\"position\":1,\"name\":\"Startseite\",\"item\":\"https:\\\/\\\/fes-heidenheim.de\\\/grundschule\\\/\"},{\"@type\":\"ListItem\",\"position\":2,\"name\":\"Nachts in der Schule!\"}]},{\"@type\":\"WebSite\",\"@id\":\"https:\\\/\\\/fes-heidenheim.de\\\/grundschule\\\/#website\",\"url\":\"https:\\\/\\\/fes-heidenheim.de\\\/grundschule\\\/\",\"name\":\"Grundschule | Freie Evangelischen Schule und Kindertagesst\u00e4tte Heidenheim e. V.\",\"description\":\"Webseiten der Grundschule der Freien Evangelischen Schule und Kindertagesst\u00e4tte Heidenheim e.V.\",\"potentialAction\":[{\"@type\":\"SearchAction\",\"target\":{\"@type\":\"EntryPoint\",\"urlTemplate\":\"https:\\\/\\\/fes-heidenheim.de\\\/grundschule\\\/?s={search_term_string}\"},\"query-input\":{\"@type\":\"PropertyValueSpecification\",\"valueRequired\":true,\"valueName\":\"search_term_string\"}}],\"inLanguage\":\"de\"},{\"@type\":\"Person\",\"@id\":\"https:\\\/\\\/fes-heidenheim.de\\\/grundschule\\\/#\\\/schema\\\/person\\\/e8b717a48deac1a9531664496e910db7\",\"name\":\"fes\",\"image\":{\"@type\":\"ImageObject\",\"inLanguage\":\"de\",\"@id\":\"https:\\\/\\\/secure.gravatar.com\\\/avatar\\\/effdf0474358ff27f1e16eb3157eee659b464c36afe22d3bed195415271415a3?s=96&d=mm&r=g\",\"url\":\"https:\\\/\\\/secure.gravatar.com\\\/avatar\\\/effdf0474358ff27f1e16eb3157eee659b464c36afe22d3bed195415271415a3?s=96&d=mm&r=g\",\"contentUrl\":\"https:\\\/\\\/secure.gravatar.com\\\/avatar\\\/effdf0474358ff27f1e16eb3157eee659b464c36afe22d3bed195415271415a3?s=96&d=mm&r=g\",\"caption\":\"fes\"},\"url\":\"https:\\\/\\\/fes-heidenheim.de\\\/grundschule\\\/author\\\/fes\\\/\"}]}<\/script>\n<!-- \/ Yoast SEO plugin. -->","yoast_head_json":{"title":"Lange Lesenacht in der FES Grundschule","description":"Aufregung und Spannung pur! Man darf schlie\u00dflich nicht jeden Tag in der Schule \u00fcbernachten. Die Drittkl\u00e4ssler der FES freuten sich riesig auf dieses besondere Ereignis.","robots":{"index":"index","follow":"follow","max-snippet":"max-snippet:-1","max-image-preview":"max-image-preview:large","max-video-preview":"max-video-preview:-1"},"canonical":"https:\/\/fes-heidenheim.de\/grundschule\/2025\/08\/08\/eine-nacht-in-der-schule\/","og_locale":"de_DE","og_type":"article","og_title":"Lange Lesenacht in der FES Grundschule","og_description":"Aufregung und Spannung pur! Man darf schlie\u00dflich nicht jeden Tag in der Schule \u00fcbernachten. Die Drittkl\u00e4ssler der FES freuten sich riesig auf dieses besondere Ereignis.","og_url":"https:\/\/fes-heidenheim.de\/grundschule\/2025\/08\/08\/eine-nacht-in-der-schule\/","og_site_name":"Grundschule | Freie Evangelischen Schule und Kindertagesst\u00e4tte Heidenheim e. V.","article_published_time":"2025-08-08T14:00:00+00:00","article_modified_time":"2025-08-11T09:54:49+00:00","og_image":[{"width":1080,"height":810,"url":"https:\/\/fes-heidenheim.de\/grundschule\/wp-content\/uploads\/sites\/4\/2025\/08\/Lesenacht1.jpg","type":"image\/jpeg"}],"author":"fes","twitter_card":"summary_large_image","twitter_misc":{"Verfasst von":"fes","Gesch\u00e4tzte Lesezeit":"2\u00a0Minuten"},"schema":{"@context":"https:\/\/schema.org","@graph":[{"@type":"Article","@id":"https:\/\/fes-heidenheim.de\/grundschule\/2025\/08\/08\/eine-nacht-in-der-schule\/#article","isPartOf":{"@id":"https:\/\/fes-heidenheim.de\/grundschule\/2025\/08\/08\/eine-nacht-in-der-schule\/"},"author":{"name":"fes","@id":"https:\/\/fes-heidenheim.de\/grundschule\/#\/schema\/person\/e8b717a48deac1a9531664496e910db7"},"headline":"Nachts in der Schule!","datePublished":"2025-08-08T14:00:00+00:00","dateModified":"2025-08-11T09:54:49+00:00","mainEntityOfPage":{"@id":"https:\/\/fes-heidenheim.de\/grundschule\/2025\/08\/08\/eine-nacht-in-der-schule\/"},"wordCount":132,"image":{"@id":"https:\/\/fes-heidenheim.de\/grundschule\/2025\/08\/08\/eine-nacht-in-der-schule\/#primaryimage"},"thumbnailUrl":"https:\/\/fes-heidenheim.de\/grundschule\/wp-content\/uploads\/sites\/4\/2025\/08\/Lesenacht1.jpg","articleSection":["FES Grundschule"],"inLanguage":"de"},{"@type":"WebPage","@id":"https:\/\/fes-heidenheim.de\/grundschule\/2025\/08\/08\/eine-nacht-in-der-schule\/","url":"https:\/\/fes-heidenheim.de\/grundschule\/2025\/08\/08\/eine-nacht-in-der-schule\/","name":"Lange Lesenacht in der FES Grundschule","isPartOf":{"@id":"https:\/\/fes-heidenheim.de\/grundschule\/#website"},"primaryImageOfPage":{"@id":"https:\/\/fes-heidenheim.de\/grundschule\/2025\/08\/08\/eine-nacht-in-der-schule\/#primaryimage"},"image":{"@id":"https:\/\/fes-heidenheim.de\/grundschule\/2025\/08\/08\/eine-nacht-in-der-schule\/#primaryimage"},"thumbnailUrl":"https:\/\/fes-heidenheim.de\/grundschule\/wp-content\/uploads\/sites\/4\/2025\/08\/Lesenacht1.jpg","datePublished":"2025-08-08T14:00:00+00:00","dateModified":"2025-08-11T09:54:49+00:00","author":{"@id":"https:\/\/fes-heidenheim.de\/grundschule\/#\/schema\/person\/e8b717a48deac1a9531664496e910db7"},"description":"Aufregung und Spannung pur! Man darf schlie\u00dflich nicht jeden Tag in der Schule \u00fcbernachten. Die Drittkl\u00e4ssler der FES freuten sich riesig auf dieses besondere Ereignis.","breadcrumb":{"@id":"https:\/\/fes-heidenheim.de\/grundschule\/2025\/08\/08\/eine-nacht-in-der-schule\/#breadcrumb"},"inLanguage":"de","potentialAction":[{"@type":"ReadAction","target":["https:\/\/fes-heidenheim.de\/grundschule\/2025\/08\/08\/eine-nacht-in-der-schule\/"]}]},{"@type":"ImageObject","inLanguage":"de","@id":"https:\/\/fes-heidenheim.de\/grundschule\/2025\/08\/08\/eine-nacht-in-der-schule\/#primaryimage","url":"https:\/\/fes-heidenheim.de\/grundschule\/wp-content\/uploads\/sites\/4\/2025\/08\/Lesenacht1.jpg","contentUrl":"https:\/\/fes-heidenheim.de\/grundschule\/wp-content\/uploads\/sites\/4\/2025\/08\/Lesenacht1.jpg","width":1080,"height":810,"caption":"Kinder lesen mit Taschenlampen bei der Lesenacht der FES Grundschule."},{"@type":"BreadcrumbList","@id":"https:\/\/fes-heidenheim.de\/grundschule\/2025\/08\/08\/eine-nacht-in-der-schule\/#breadcrumb","itemListElement":[{"@type":"ListItem","position":1,"name":"Startseite","item":"https:\/\/fes-heidenheim.de\/grundschule\/"},{"@type":"ListItem","position":2,"name":"Nachts in der Schule!"}]},{"@type":"WebSite","@id":"https:\/\/fes-heidenheim.de\/grundschule\/#website","url":"https:\/\/fes-heidenheim.de\/grundschule\/","name":"Grundschule | Freie Evangelischen Schule und Kindertagesst\u00e4tte Heidenheim e. V.","description":"Webseiten der Grundschule der Freien Evangelischen Schule und Kindertagesst\u00e4tte Heidenheim e.V.","potentialAction":[{"@type":"SearchAction","target":{"@type":"EntryPoint","urlTemplate":"https:\/\/fes-heidenheim.de\/grundschule\/?s={search_term_string}"},"query-input":{"@type":"PropertyValueSpecification","valueRequired":true,"valueName":"search_term_string"}}],"inLanguage":"de"},{"@type":"Person","@id":"https:\/\/fes-heidenheim.de\/grundschule\/#\/schema\/person\/e8b717a48deac1a9531664496e910db7","name":"fes","image":{"@type":"ImageObject","inLanguage":"de","@id":"https:\/\/secure.gravatar.com\/avatar\/effdf0474358ff27f1e16eb3157eee659b464c36afe22d3bed195415271415a3?s=96&d=mm&r=g","url":"https:\/\/secure.gravatar.com\/avatar\/effdf0474358ff27f1e16eb3157eee659b464c36afe22d3bed195415271415a3?s=96&d=mm&r=g","contentUrl":"https:\/\/secure.gravatar.com\/avatar\/effdf0474358ff27f1e16eb3157eee659b464c36afe22d3bed195415271415a3?s=96&d=mm&r=g","caption":"fes"},"url":"https:\/\/fes-heidenheim.de\/grundschule\/author\/fes\/"}]}},"_links":{"self":[{"href":"https:\/\/fes-heidenheim.de\/grundschule\/wp-json\/wp\/v2\/posts\/3641","targetHints":{"allow":["GET"]}}],"collection":[{"href":"https:\/\/fes-heidenheim.de\/grundschule\/wp-json\/wp\/v2\/posts"}],"about":[{"href":"https:\/\/fes-heidenheim.de\/grundschule\/wp-json\/wp\/v2\/types\/post"}],"author":[{"embeddable":true,"href":"https:\/\/fes-heidenheim.de\/grundschule\/wp-json\/wp\/v2\/users\/1"}],"replies":[{"embeddable":true,"href":"https:\/\/fes-heidenheim.de\/grundschule\/wp-json\/wp\/v2\/comments?post=3641"}],"version-history":[{"count":3,"href":"https:\/\/fes-heidenheim.de\/grundschule\/wp-json\/wp\/v2\/posts\/3641\/revisions"}],"predecessor-version":[{"id":3665,"href":"https:\/\/fes-heidenheim.de\/grundschule\/wp-json\/wp\/v2\/posts\/3641\/revisions\/3665"}],"wp:featuredmedia":[{"embeddable":true,"href":"https:\/\/fes-heidenheim.de\/grundschule\/wp-json\/wp\/v2\/media\/3663"}],"wp:attachment":[{"href":"https:\/\/fes-heidenheim.de\/grundschule\/wp-json\/wp\/v2\/media?parent=3641"}],"wp:term":[{"taxonomy":"category","embeddable":true,"href":"https:\/\/fes-heidenheim.de\/grundschule\/wp-json\/wp\/v2\/categories?post=3641"},{"taxonomy":"post_tag","embeddable":true,"href":"https:\/\/fes-heidenheim.de\/grundschule\/wp-json\/wp\/v2\/tags?post=3641"}],"curies":[{"name":"wp","href":"https:\/\/api.w.org\/{rel}","templated":true}]}}