{"id":3734,"date":"2025-09-30T13:03:08","date_gmt":"2025-09-30T11:03:08","guid":{"rendered":"https:\/\/fes-heidenheim.de\/grundschule\/?p=3734"},"modified":"2025-09-30T13:03:09","modified_gmt":"2025-09-30T11:03:09","slug":"sommerfest-an-der-fes-grundschule","status":"publish","type":"post","link":"https:\/\/fes-heidenheim.de\/grundschule\/2025\/09\/30\/sommerfest-an-der-fes-grundschule\/","title":{"rendered":"Sommerfest an der FES Grundschule"},"content":{"rendered":"\n<p>Am Fre\u00aditag, 18.09.25 f\u00fcllte sich der Hof vor der FES Grund\u00adschule erneut mit Leben, als sich alle Kinder und Fam\u00adi\u00adlien zum gro\u00dfen Som\u00admer\u00adfest ein\u00adfan\u00adden. Nach ein\u00ader musikalis\u00adchen Ein\u00adstim\u00admung und Begr\u00fc\u00dfung durch die Kinder aus der \u201aMusik um die Welt-AG\u2018 , f\u00fchrte der Schulleit\u00ader Herr Berg\u00adert in das Fest ein und richtete sich mit Worten des Dankes an die Eltern und Helfer. Anschlie\u00dfend war Zeit, das sch\u00f6ne und entspan\u00adnte Pro\u00adgramm auf dem Schul\u00adgel\u00e4nde zu genie\u00dfen. Neben ein\u00ader Bar mit Eis und kalten Getr\u00e4nken, einem Grill\u00adstand mit reich\u00adhaltigem Salat\u00adbuf\u00adfet und ein\u00ader H\u00fcpf\u00adburg f\u00fcr die Kinder, hat\u00adten sich die Viertk\u00adl\u00e4ssler einen tollen Spiele-Park\u00adour aus\u00adgedacht. Hier hat\u00adten vor allem die Kinder, aber auch einige Eltern und Lehrer ihren Spa\u00df beim H\u00fcpfen \u00fcber Tis\u00adche und St\u00fch\u00adle, Tor\u00adwand\u00adschie\u00dfen, Bob\u00adby\u00adcar-Ren\u00adnen oder mit dem Base\u00adballschl\u00e4ger. Bei wun\u00adder\u00adsch\u00f6nem Som\u00admer\u00adwet\u00adter und angenehmen Tem\u00adper\u00ada\u00adturen kon\u00adnten wir so einige sch\u00f6ne Stun\u00adden ver\u00adbrin\u00adgen und das Schul\u00adjahr gemein\u00adsam ausklin\u00adgen lassen. Ein sehr gelun\u00adge\u00adnes Fest, das ohne den gro\u00dfar\u00adti\u00adgen Ein\u00adsatz der Eltern so nicht h\u00e4tte stat\u00adtfind\u00aden k\u00f6n\u00adnen. Vie\u00adlen Dank an alle Helfer und Unter\u00adst\u00fctzer. Der gr\u00f6\u00dfte Dank f\u00fcr das Schul\u00adjahr, unsere Schule und das sch\u00f6ne Som\u00admer\u00adfest geht an den Sch\u00f6pfer aller Dinge, Gott, der uns alle zusam\u00admengerufen hat. Wir sagen Danke f\u00fcr diesen Tag!<\/p>\n\n\n\n<figure class=\"wp-block-gallery has-nested-images columns-default is-cropped wp-block-gallery-1 is-layout-flex wp-block-gallery-is-layout-flex\">\n<figure class=\"wp-block-image size-large\"><img loading=\"lazy\" decoding=\"async\" width=\"320\" height=\"180\" data-id=\"3737\" src=\"https:\/\/fes-heidenheim.de\/grundschule\/wp-content\/uploads\/sites\/4\/2025\/09\/sommerfest-grundschule-fes-heidenheim-musik-ag.jpeg\" alt class=\"wp-image-3737\" srcset=\"https:\/\/fes-heidenheim.de\/grundschule\/wp-content\/uploads\/sites\/4\/2025\/09\/sommerfest-grundschule-fes-heidenheim-musik-ag.jpeg 320w, https:\/\/fes-heidenheim.de\/grundschule\/wp-content\/uploads\/sites\/4\/2025\/09\/sommerfest-grundschule-fes-heidenheim-musik-ag-300x169.jpeg 300w\" sizes=\"(max-width: 320px) 100vw, 320px\"><\/figure>\n\n\n\n<figure class=\"wp-block-image size-large\"><img loading=\"lazy\" decoding=\"async\" width=\"320\" height=\"240\" data-id=\"3738\" src=\"https:\/\/fes-heidenheim.de\/grundschule\/wp-content\/uploads\/sites\/4\/2025\/09\/sommerfest-grundschule-fes-heidenheim-viele-besucher.jpeg\" alt class=\"wp-image-3738\" srcset=\"https:\/\/fes-heidenheim.de\/grundschule\/wp-content\/uploads\/sites\/4\/2025\/09\/sommerfest-grundschule-fes-heidenheim-viele-besucher.jpeg 320w, https:\/\/fes-heidenheim.de\/grundschule\/wp-content\/uploads\/sites\/4\/2025\/09\/sommerfest-grundschule-fes-heidenheim-viele-besucher-300x225.jpeg 300w\" sizes=\"(max-width: 320px) 100vw, 320px\"><\/figure>\n\n\n\n<figure class=\"wp-block-image size-large\"><img loading=\"lazy\" decoding=\"async\" width=\"320\" height=\"240\" data-id=\"3735\" src=\"https:\/\/fes-heidenheim.de\/grundschule\/wp-content\/uploads\/sites\/4\/2025\/09\/sommerfest-grundschule-fes-heidenheim-bobbycar-parcours.jpeg\" alt=\"Beim Sommerfest in der FES Heidenheim Grundschule\" class=\"wp-image-3735\" srcset=\"https:\/\/fes-heidenheim.de\/grundschule\/wp-content\/uploads\/sites\/4\/2025\/09\/sommerfest-grundschule-fes-heidenheim-bobbycar-parcours.jpeg 320w, https:\/\/fes-heidenheim.de\/grundschule\/wp-content\/uploads\/sites\/4\/2025\/09\/sommerfest-grundschule-fes-heidenheim-bobbycar-parcours-300x225.jpeg 300w\" sizes=\"(max-width: 320px) 100vw, 320px\"><\/figure>\n<\/figure>\n","protected":false},"excerpt":{"rendered":"<p>Am Fre\u00aditag, 18.09.25 f\u00fcllte sich der Hof vor der FES Grund\u00adschule erneut mit Leben, als sich alle Kinder und Fam\u00adi\u00adlien zum gro\u00dfen Som\u00admer\u00adfest ein\u00adfan\u00adden. Nach ein\u00ader musikalis\u00adchen Ein\u00adstim\u00admung und Begr\u00fc\u00dfung&nbsp;[\u2026]<\/p>\n","protected":false},"author":1,"featured_media":3736,"comment_status":"closed","ping_status":"closed","sticky":false,"template":"","format":"standard","meta":{"_et_pb_use_builder":"off","_et_pb_old_content":"","_et_gb_content_width":"","inline_featured_image":false,"wp_typography_post_enhancements_disabled":false,"footnotes":""},"categories":[47],"tags":[],"class_list":["post-3734","post","type-post","status-publish","format-standard","has-post-thumbnail","hentry","category-fes-grundschule-aktuell"],"yoast_head":"<!-- This site is optimized with the Yoast SEO plugin v27.4 - https:\/\/yoast.com\/product\/yoast-seo-wordpress\/ -->\n<title>Sommerfest an der FES Grundschule - Grundschule | Freie Evangelischen Schule und Kindertagesst\u00e4tte Heidenheim e. V.<\/title>\n<meta name=\"robots\" content=\"index, follow, max-snippet:-1, max-image-preview:large, max-video-preview:-1\" \/>\n<link rel=\"canonical\" href=\"https:\/\/fes-heidenheim.de\/grundschule\/2025\/09\/30\/sommerfest-an-der-fes-grundschule\/\" \/>\n<meta property=\"og:locale\" content=\"de_DE\" \/>\n<meta property=\"og:type\" content=\"article\" \/>\n<meta property=\"og:title\" content=\"Sommerfest an der FES Grundschule - Grundschule | Freie Evangelischen Schule und Kindertagesst\u00e4tte Heidenheim e. V.\" \/>\n<meta property=\"og:description\" content=\"Am Fre\u00aditag, 18.09.25 f\u00fcllte sich der Hof vor der FES Grund\u00adschule erneut mit Leben, als sich alle Kinder und Fam\u00adi\u00adlien zum gro\u00dfen Som\u00admer\u00adfest ein\u00adfan\u00adden. Nach ein\u00ader musikalis\u00adchen Ein\u00adstim\u00admung und Begr\u00fc\u00dfung [&hellip;]\" \/>\n<meta property=\"og:url\" content=\"https:\/\/fes-heidenheim.de\/grundschule\/2025\/09\/30\/sommerfest-an-der-fes-grundschule\/\" \/>\n<meta property=\"og:site_name\" content=\"Grundschule | Freie Evangelischen Schule und Kindertagesst\u00e4tte Heidenheim e. V.\" \/>\n<meta property=\"article:published_time\" content=\"2025-09-30T11:03:08+00:00\" \/>\n<meta property=\"article:modified_time\" content=\"2025-09-30T11:03:09+00:00\" \/>\n<meta property=\"og:image\" content=\"https:\/\/fes-heidenheim.de\/grundschule\/wp-content\/uploads\/sites\/4\/2025\/09\/sommerfest-grundschule-fes-heidenheim-huepfburg.jpeg\" \/>\n\t<meta property=\"og:image:width\" content=\"320\" \/>\n\t<meta property=\"og:image:height\" content=\"240\" \/>\n\t<meta property=\"og:image:type\" content=\"image\/jpeg\" \/>\n<meta name=\"author\" content=\"fes\" \/>\n<meta name=\"twitter:card\" content=\"summary_large_image\" \/>\n<meta name=\"twitter:label1\" content=\"Verfasst von\" \/>\n\t<meta name=\"twitter:data1\" content=\"fes\" \/>\n\t<meta name=\"twitter:label2\" content=\"Gesch\u00e4tzte Lesezeit\" \/>\n\t<meta name=\"twitter:data2\" content=\"2\u00a0Minuten\" \/>\n<script type=\"application\/ld+json\" class=\"yoast-schema-graph\">{\"@context\":\"https:\\\/\\\/schema.org\",\"@graph\":[{\"@type\":\"Article\",\"@id\":\"https:\\\/\\\/fes-heidenheim.de\\\/grundschule\\\/2025\\\/09\\\/30\\\/sommerfest-an-der-fes-grundschule\\\/#article\",\"isPartOf\":{\"@id\":\"https:\\\/\\\/fes-heidenheim.de\\\/grundschule\\\/2025\\\/09\\\/30\\\/sommerfest-an-der-fes-grundschule\\\/\"},\"author\":{\"name\":\"fes\",\"@id\":\"https:\\\/\\\/fes-heidenheim.de\\\/grundschule\\\/#\\\/schema\\\/person\\\/e8b717a48deac1a9531664496e910db7\"},\"headline\":\"Sommerfest an der FES Grundschule\",\"datePublished\":\"2025-09-30T11:03:08+00:00\",\"dateModified\":\"2025-09-30T11:03:09+00:00\",\"mainEntityOfPage\":{\"@id\":\"https:\\\/\\\/fes-heidenheim.de\\\/grundschule\\\/2025\\\/09\\\/30\\\/sommerfest-an-der-fes-grundschule\\\/\"},\"wordCount\":229,\"image\":{\"@id\":\"https:\\\/\\\/fes-heidenheim.de\\\/grundschule\\\/2025\\\/09\\\/30\\\/sommerfest-an-der-fes-grundschule\\\/#primaryimage\"},\"thumbnailUrl\":\"https:\\\/\\\/fes-heidenheim.de\\\/grundschule\\\/wp-content\\\/uploads\\\/sites\\\/4\\\/2025\\\/09\\\/sommerfest-grundschule-fes-heidenheim-huepfburg.jpeg\",\"articleSection\":[\"FES Grundschule\"],\"inLanguage\":\"de\"},{\"@type\":\"WebPage\",\"@id\":\"https:\\\/\\\/fes-heidenheim.de\\\/grundschule\\\/2025\\\/09\\\/30\\\/sommerfest-an-der-fes-grundschule\\\/\",\"url\":\"https:\\\/\\\/fes-heidenheim.de\\\/grundschule\\\/2025\\\/09\\\/30\\\/sommerfest-an-der-fes-grundschule\\\/\",\"name\":\"Sommerfest an der FES Grundschule - Grundschule | Freie Evangelischen Schule und Kindertagesst\u00e4tte Heidenheim e. V.\",\"isPartOf\":{\"@id\":\"https:\\\/\\\/fes-heidenheim.de\\\/grundschule\\\/#website\"},\"primaryImageOfPage\":{\"@id\":\"https:\\\/\\\/fes-heidenheim.de\\\/grundschule\\\/2025\\\/09\\\/30\\\/sommerfest-an-der-fes-grundschule\\\/#primaryimage\"},\"image\":{\"@id\":\"https:\\\/\\\/fes-heidenheim.de\\\/grundschule\\\/2025\\\/09\\\/30\\\/sommerfest-an-der-fes-grundschule\\\/#primaryimage\"},\"thumbnailUrl\":\"https:\\\/\\\/fes-heidenheim.de\\\/grundschule\\\/wp-content\\\/uploads\\\/sites\\\/4\\\/2025\\\/09\\\/sommerfest-grundschule-fes-heidenheim-huepfburg.jpeg\",\"datePublished\":\"2025-09-30T11:03:08+00:00\",\"dateModified\":\"2025-09-30T11:03:09+00:00\",\"author\":{\"@id\":\"https:\\\/\\\/fes-heidenheim.de\\\/grundschule\\\/#\\\/schema\\\/person\\\/e8b717a48deac1a9531664496e910db7\"},\"breadcrumb\":{\"@id\":\"https:\\\/\\\/fes-heidenheim.de\\\/grundschule\\\/2025\\\/09\\\/30\\\/sommerfest-an-der-fes-grundschule\\\/#breadcrumb\"},\"inLanguage\":\"de\",\"potentialAction\":[{\"@type\":\"ReadAction\",\"target\":[\"https:\\\/\\\/fes-heidenheim.de\\\/grundschule\\\/2025\\\/09\\\/30\\\/sommerfest-an-der-fes-grundschule\\\/\"]}]},{\"@type\":\"ImageObject\",\"inLanguage\":\"de\",\"@id\":\"https:\\\/\\\/fes-heidenheim.de\\\/grundschule\\\/2025\\\/09\\\/30\\\/sommerfest-an-der-fes-grundschule\\\/#primaryimage\",\"url\":\"https:\\\/\\\/fes-heidenheim.de\\\/grundschule\\\/wp-content\\\/uploads\\\/sites\\\/4\\\/2025\\\/09\\\/sommerfest-grundschule-fes-heidenheim-huepfburg.jpeg\",\"contentUrl\":\"https:\\\/\\\/fes-heidenheim.de\\\/grundschule\\\/wp-content\\\/uploads\\\/sites\\\/4\\\/2025\\\/09\\\/sommerfest-grundschule-fes-heidenheim-huepfburg.jpeg\",\"width\":320,\"height\":240,\"caption\":\"Beim Sommerfest in der FES Heidenheim Grundschule gab es eine mega H\u00fcpfburg\"},{\"@type\":\"BreadcrumbList\",\"@id\":\"https:\\\/\\\/fes-heidenheim.de\\\/grundschule\\\/2025\\\/09\\\/30\\\/sommerfest-an-der-fes-grundschule\\\/#breadcrumb\",\"itemListElement\":[{\"@type\":\"ListItem\",\"position\":1,\"name\":\"Startseite\",\"item\":\"https:\\\/\\\/fes-heidenheim.de\\\/grundschule\\\/\"},{\"@type\":\"ListItem\",\"position\":2,\"name\":\"Sommerfest an der FES Grundschule\"}]},{\"@type\":\"WebSite\",\"@id\":\"https:\\\/\\\/fes-heidenheim.de\\\/grundschule\\\/#website\",\"url\":\"https:\\\/\\\/fes-heidenheim.de\\\/grundschule\\\/\",\"name\":\"Grundschule | Freie Evangelischen Schule und Kindertagesst\u00e4tte Heidenheim e. V.\",\"description\":\"Webseiten der Grundschule der Freien Evangelischen Schule und Kindertagesst\u00e4tte Heidenheim e.V.\",\"potentialAction\":[{\"@type\":\"SearchAction\",\"target\":{\"@type\":\"EntryPoint\",\"urlTemplate\":\"https:\\\/\\\/fes-heidenheim.de\\\/grundschule\\\/?s={search_term_string}\"},\"query-input\":{\"@type\":\"PropertyValueSpecification\",\"valueRequired\":true,\"valueName\":\"search_term_string\"}}],\"inLanguage\":\"de\"},{\"@type\":\"Person\",\"@id\":\"https:\\\/\\\/fes-heidenheim.de\\\/grundschule\\\/#\\\/schema\\\/person\\\/e8b717a48deac1a9531664496e910db7\",\"name\":\"fes\",\"image\":{\"@type\":\"ImageObject\",\"inLanguage\":\"de\",\"@id\":\"https:\\\/\\\/secure.gravatar.com\\\/avatar\\\/effdf0474358ff27f1e16eb3157eee659b464c36afe22d3bed195415271415a3?s=96&d=mm&r=g\",\"url\":\"https:\\\/\\\/secure.gravatar.com\\\/avatar\\\/effdf0474358ff27f1e16eb3157eee659b464c36afe22d3bed195415271415a3?s=96&d=mm&r=g\",\"contentUrl\":\"https:\\\/\\\/secure.gravatar.com\\\/avatar\\\/effdf0474358ff27f1e16eb3157eee659b464c36afe22d3bed195415271415a3?s=96&d=mm&r=g\",\"caption\":\"fes\"},\"url\":\"https:\\\/\\\/fes-heidenheim.de\\\/grundschule\\\/author\\\/fes\\\/\"}]}<\/script>\n<!-- \/ Yoast SEO plugin. -->","yoast_head_json":{"title":"Sommerfest an der FES Grundschule - Grundschule | Freie Evangelischen Schule und Kindertagesst\u00e4tte Heidenheim e. V.","robots":{"index":"index","follow":"follow","max-snippet":"max-snippet:-1","max-image-preview":"max-image-preview:large","max-video-preview":"max-video-preview:-1"},"canonical":"https:\/\/fes-heidenheim.de\/grundschule\/2025\/09\/30\/sommerfest-an-der-fes-grundschule\/","og_locale":"de_DE","og_type":"article","og_title":"Sommerfest an der FES Grundschule - Grundschule | Freie Evangelischen Schule und Kindertagesst\u00e4tte Heidenheim e. V.","og_description":"Am Fre\u00aditag, 18.09.25 f\u00fcllte sich der Hof vor der FES Grund\u00adschule erneut mit Leben, als sich alle Kinder und Fam\u00adi\u00adlien zum gro\u00dfen Som\u00admer\u00adfest ein\u00adfan\u00adden. Nach ein\u00ader musikalis\u00adchen Ein\u00adstim\u00admung und Begr\u00fc\u00dfung [&hellip;]","og_url":"https:\/\/fes-heidenheim.de\/grundschule\/2025\/09\/30\/sommerfest-an-der-fes-grundschule\/","og_site_name":"Grundschule | Freie Evangelischen Schule und Kindertagesst\u00e4tte Heidenheim e. V.","article_published_time":"2025-09-30T11:03:08+00:00","article_modified_time":"2025-09-30T11:03:09+00:00","og_image":[{"width":320,"height":240,"url":"https:\/\/fes-heidenheim.de\/grundschule\/wp-content\/uploads\/sites\/4\/2025\/09\/sommerfest-grundschule-fes-heidenheim-huepfburg.jpeg","type":"image\/jpeg"}],"author":"fes","twitter_card":"summary_large_image","twitter_misc":{"Verfasst von":"fes","Gesch\u00e4tzte Lesezeit":"2\u00a0Minuten"},"schema":{"@context":"https:\/\/schema.org","@graph":[{"@type":"Article","@id":"https:\/\/fes-heidenheim.de\/grundschule\/2025\/09\/30\/sommerfest-an-der-fes-grundschule\/#article","isPartOf":{"@id":"https:\/\/fes-heidenheim.de\/grundschule\/2025\/09\/30\/sommerfest-an-der-fes-grundschule\/"},"author":{"name":"fes","@id":"https:\/\/fes-heidenheim.de\/grundschule\/#\/schema\/person\/e8b717a48deac1a9531664496e910db7"},"headline":"Sommerfest an der FES Grundschule","datePublished":"2025-09-30T11:03:08+00:00","dateModified":"2025-09-30T11:03:09+00:00","mainEntityOfPage":{"@id":"https:\/\/fes-heidenheim.de\/grundschule\/2025\/09\/30\/sommerfest-an-der-fes-grundschule\/"},"wordCount":229,"image":{"@id":"https:\/\/fes-heidenheim.de\/grundschule\/2025\/09\/30\/sommerfest-an-der-fes-grundschule\/#primaryimage"},"thumbnailUrl":"https:\/\/fes-heidenheim.de\/grundschule\/wp-content\/uploads\/sites\/4\/2025\/09\/sommerfest-grundschule-fes-heidenheim-huepfburg.jpeg","articleSection":["FES Grundschule"],"inLanguage":"de"},{"@type":"WebPage","@id":"https:\/\/fes-heidenheim.de\/grundschule\/2025\/09\/30\/sommerfest-an-der-fes-grundschule\/","url":"https:\/\/fes-heidenheim.de\/grundschule\/2025\/09\/30\/sommerfest-an-der-fes-grundschule\/","name":"Sommerfest an der FES Grundschule - Grundschule | Freie Evangelischen Schule und Kindertagesst\u00e4tte Heidenheim e. V.","isPartOf":{"@id":"https:\/\/fes-heidenheim.de\/grundschule\/#website"},"primaryImageOfPage":{"@id":"https:\/\/fes-heidenheim.de\/grundschule\/2025\/09\/30\/sommerfest-an-der-fes-grundschule\/#primaryimage"},"image":{"@id":"https:\/\/fes-heidenheim.de\/grundschule\/2025\/09\/30\/sommerfest-an-der-fes-grundschule\/#primaryimage"},"thumbnailUrl":"https:\/\/fes-heidenheim.de\/grundschule\/wp-content\/uploads\/sites\/4\/2025\/09\/sommerfest-grundschule-fes-heidenheim-huepfburg.jpeg","datePublished":"2025-09-30T11:03:08+00:00","dateModified":"2025-09-30T11:03:09+00:00","author":{"@id":"https:\/\/fes-heidenheim.de\/grundschule\/#\/schema\/person\/e8b717a48deac1a9531664496e910db7"},"breadcrumb":{"@id":"https:\/\/fes-heidenheim.de\/grundschule\/2025\/09\/30\/sommerfest-an-der-fes-grundschule\/#breadcrumb"},"inLanguage":"de","potentialAction":[{"@type":"ReadAction","target":["https:\/\/fes-heidenheim.de\/grundschule\/2025\/09\/30\/sommerfest-an-der-fes-grundschule\/"]}]},{"@type":"ImageObject","inLanguage":"de","@id":"https:\/\/fes-heidenheim.de\/grundschule\/2025\/09\/30\/sommerfest-an-der-fes-grundschule\/#primaryimage","url":"https:\/\/fes-heidenheim.de\/grundschule\/wp-content\/uploads\/sites\/4\/2025\/09\/sommerfest-grundschule-fes-heidenheim-huepfburg.jpeg","contentUrl":"https:\/\/fes-heidenheim.de\/grundschule\/wp-content\/uploads\/sites\/4\/2025\/09\/sommerfest-grundschule-fes-heidenheim-huepfburg.jpeg","width":320,"height":240,"caption":"Beim Sommerfest in der FES Heidenheim Grundschule gab es eine mega H\u00fcpfburg"},{"@type":"BreadcrumbList","@id":"https:\/\/fes-heidenheim.de\/grundschule\/2025\/09\/30\/sommerfest-an-der-fes-grundschule\/#breadcrumb","itemListElement":[{"@type":"ListItem","position":1,"name":"Startseite","item":"https:\/\/fes-heidenheim.de\/grundschule\/"},{"@type":"ListItem","position":2,"name":"Sommerfest an der FES Grundschule"}]},{"@type":"WebSite","@id":"https:\/\/fes-heidenheim.de\/grundschule\/#website","url":"https:\/\/fes-heidenheim.de\/grundschule\/","name":"Grundschule | Freie Evangelischen Schule und Kindertagesst\u00e4tte Heidenheim e. V.","description":"Webseiten der Grundschule der Freien Evangelischen Schule und Kindertagesst\u00e4tte Heidenheim e.V.","potentialAction":[{"@type":"SearchAction","target":{"@type":"EntryPoint","urlTemplate":"https:\/\/fes-heidenheim.de\/grundschule\/?s={search_term_string}"},"query-input":{"@type":"PropertyValueSpecification","valueRequired":true,"valueName":"search_term_string"}}],"inLanguage":"de"},{"@type":"Person","@id":"https:\/\/fes-heidenheim.de\/grundschule\/#\/schema\/person\/e8b717a48deac1a9531664496e910db7","name":"fes","image":{"@type":"ImageObject","inLanguage":"de","@id":"https:\/\/secure.gravatar.com\/avatar\/effdf0474358ff27f1e16eb3157eee659b464c36afe22d3bed195415271415a3?s=96&d=mm&r=g","url":"https:\/\/secure.gravatar.com\/avatar\/effdf0474358ff27f1e16eb3157eee659b464c36afe22d3bed195415271415a3?s=96&d=mm&r=g","contentUrl":"https:\/\/secure.gravatar.com\/avatar\/effdf0474358ff27f1e16eb3157eee659b464c36afe22d3bed195415271415a3?s=96&d=mm&r=g","caption":"fes"},"url":"https:\/\/fes-heidenheim.de\/grundschule\/author\/fes\/"}]}},"_links":{"self":[{"href":"https:\/\/fes-heidenheim.de\/grundschule\/wp-json\/wp\/v2\/posts\/3734","targetHints":{"allow":["GET"]}}],"collection":[{"href":"https:\/\/fes-heidenheim.de\/grundschule\/wp-json\/wp\/v2\/posts"}],"about":[{"href":"https:\/\/fes-heidenheim.de\/grundschule\/wp-json\/wp\/v2\/types\/post"}],"author":[{"embeddable":true,"href":"https:\/\/fes-heidenheim.de\/grundschule\/wp-json\/wp\/v2\/users\/1"}],"replies":[{"embeddable":true,"href":"https:\/\/fes-heidenheim.de\/grundschule\/wp-json\/wp\/v2\/comments?post=3734"}],"version-history":[{"count":1,"href":"https:\/\/fes-heidenheim.de\/grundschule\/wp-json\/wp\/v2\/posts\/3734\/revisions"}],"predecessor-version":[{"id":3739,"href":"https:\/\/fes-heidenheim.de\/grundschule\/wp-json\/wp\/v2\/posts\/3734\/revisions\/3739"}],"wp:featuredmedia":[{"embeddable":true,"href":"https:\/\/fes-heidenheim.de\/grundschule\/wp-json\/wp\/v2\/media\/3736"}],"wp:attachment":[{"href":"https:\/\/fes-heidenheim.de\/grundschule\/wp-json\/wp\/v2\/media?parent=3734"}],"wp:term":[{"taxonomy":"category","embeddable":true,"href":"https:\/\/fes-heidenheim.de\/grundschule\/wp-json\/wp\/v2\/categories?post=3734"},{"taxonomy":"post_tag","embeddable":true,"href":"https:\/\/fes-heidenheim.de\/grundschule\/wp-json\/wp\/v2\/tags?post=3734"}],"curies":[{"name":"wp","href":"https:\/\/api.w.org\/{rel}","templated":true}]}}