{"id":2313,"date":"2024-05-16T07:00:00","date_gmt":"2024-05-16T05:00:00","guid":{"rendered":"https:\/\/fes-heidenheim.de\/gymnasium\/?p=2313"},"modified":"2026-02-11T08:39:18","modified_gmt":"2026-02-11T07:39:18","slug":"lehrer-m-w-d-fuer-stimmbildung","status":"publish","type":"post","link":"https:\/\/fes-heidenheim.de\/gymnasium\/2024\/05\/16\/lehrer-m-w-d-fuer-stimmbildung\/","title":{"rendered":"Lehrkraft f\u00fcr Stimmbildung"},"content":{"rendered":"\n<p>Zum n\u00e4ch\u00adst\u00adm\u00f6glichen Zeit\u00adpunkt  suchen wir eine\/n<\/p>\n\n\n\n<h2 class=\"wp-block-heading\">Lehrer\/in f\u00fcr Stimmbildung<\/h2>\n\n\n\n<p><strong>Ihr Auf\u00adgaben\u00adpro\u00adfil:<\/strong><br>Der Einzel- und Kle\u00adin\u00adgrup\u00adpe\u00adnun\u00adter\u00adricht umfasst das Fach Stimm\u00adbil\u00addung\/Reg\u00adis\u00adter-<br>proben f\u00fcr Sch\u00fcler\/innen der Freien Evan\u00adge\u00adlis\u00adchen Schule Hei\u00adden\u00adheim aller Schul\u00adstu-<br>fen im Alter ab 10 Jahren. Die Lehrverpflich\u00adtung find\u00adet geplant an drei Unter\u00adricht\u00ads\u00adta-<br>gen\/Woche statt und kann ggf. durch einen reg\u00adul\u00e4ren Lehrauf\u00adtrag im Unter\u00adrichts\u00adfach<br>Musik aufge\u00adstockt werden.<\/p>\n\n\n\n<p><strong>Ihr Anforderung\u00adspro\u00adfil:<\/strong><br>Voraus\u00adge\u00adset\u00adzt wird ein abgeschlossenes Hochschul\u00adstudi\u00adum im Bere\u00adich Gesang bzw.<br>eine gle\u00adich\u00adw\u00ader\u00adtige Qual\u00adi\u00adfika\u00adtion sowie grundle\u00adgende Ken\u00adnt\u00adnisse und m\u00f6glichst erste<br>Unter\u00adricht\u00adser\u00adfahrun\u00adgen in der Kinder- und Jugendstimmbildung.<\/p>\n\n\n\n<p>Das Stel\u00adlenange\u00adbot richtet sich an entsch\u00adiedene Chris\u00adten, die sich mit den Inhal\u00adten<br>und Zie\u00adlen unser\u00ader christlichen Schule evan\u00adge\u00adlis\u00adchen Beken\u00adnt\u00adniss\u00ades iden\u00adti\u00adfizieren. Ak-<br>tives Inter\u00adesse an ein\u00ader inno\u00adv\u00ada\u00adtiv\u00aden Aus\u00adgestal\u00adtung des Stimm\u00adbil\u00addungsange\u00adbots des<br>noch jun\u00adgen Gym\u00adna\u00adsi\u00adums mit ver\u00adtieft vokaler und cho\u00adrisch\u00ader Aus\u00adbil\u00addung ist er-<br>w\u00fcn\u00adscht.<\/p>\n\n\n\n<p>Wir freuen uns \u00fcber Ihre Bewer\u00adbun\u00adgen (tabel\u00adlar\u00adisch\u00ader Lebenslauf, Hochschulzeug\u00adnis<br>bzw. alter\u00adna\u00adtive Qual\u00adi\u00adfika\u00adtion\u00adsnach\u00adweise, Darstel\u00adlung des geistlichen Werde\u00adgangs und<br>der per\u00ads\u00f6n\u00adlichen Ein\u00adstel\u00adlung zu Jesus Chris\u00adtus, zur Heili\u00adgen Schrift und zur Gemeinde)<br>an das zust\u00e4ndi\u00adge Vor\u00adstandsmit\u00adglied Ulrike Kr\u00fcger, die Ihnen unter der Tele\u00adfon\u00adnum-<br>mer 07321 24254 auch gerne f\u00fcr tele\u00adfonis\u00adche Vor\u00ada\u00adbin\u00adfor\u00adma\u00adtio\u00adnen und Ausk\u00fcn\u00adfte zur<br>Ver\u00adf\u00fc\u00adgung&nbsp;steht.<\/p>\n\n\n\n<p><strong>Freie Evan\u00adge\u00adlis\u00adche Schule Hei\u00adden\u00adheim<br>Realschule und Gym\u00adna\u00adsi\u00adum<br>Kurze Stra\u00dfe 9, 89522 Hei\u00adden\u00adheim<br>www.fes-heidenheim.de<\/strong><\/p>\n","protected":false},"excerpt":{"rendered":"<p>Zum n\u00e4ch\u00adst\u00adm\u00f6glichen Zeit\u00adpunkt suchen wir eine\/n Lehrer\/in f\u00fcr Stimm\u00adbil\u00addung Ihr Auf\u00adgaben\u00adpro\u00adfil:Der Einzel- und Kle\u00adin\u00adgrup\u00adpe\u00adnun\u00adter\u00adricht umfasst das Fach Stim\u00adm\u00ad\u00adbil\u00ad\u00addung\/Reg\u00adis\u00adter-proben f\u00fcr Sch\u00fcler\/innen der Freien Evan\u00adge\u00adlis\u00adchen Schule Hei\u00adden\u00adheim aller Schul\u00ads\u00adtu-fen im Alter&nbsp;ab&nbsp;[\u2026]<\/p>\n","protected":false},"author":1,"featured_media":2314,"comment_status":"closed","ping_status":"closed","sticky":false,"template":"","format":"standard","meta":{"_et_pb_use_builder":"off","_et_pb_old_content":"<!-- wp:paragraph -->\n<p>Zum n\u00e4chstm\u00f6glichen Zeitpunkt  suchen wir eine<\/p>\n<!-- \/wp:paragraph -->\n\n<!-- wp:heading -->\n<h2>Lehrkraft f\u00fcr Stimmbildung (m\/w\/d)<\/h2>\n<!-- \/wp:heading -->\n\n<!-- wp:paragraph -->\n<p><strong>Ihr Aufgabenprofil:<\/strong><br>Der Einzel- und Kleingruppenunterricht umfasst das Fach Stimmbildung\/Register-<br>proben f\u00fcr Sch\u00fcler\/innen der Freien Evangelischen Schule Heidenheim aller Schulstu-<br>fen im Alter ab 10 Jahren. Die Lehrverpflichtung findet geplant an drei Unterrichtsta-<br>gen\/Woche statt und kann ggf. durch einen regul\u00e4ren Lehrauftrag im Unterrichtsfach<br>Musik aufgestockt werden.<\/p>\n<!-- \/wp:paragraph -->\n\n<!-- wp:paragraph -->\n<p><strong>Ihr Anforderungsprofil:<\/strong><br>Vorausgesetzt wird ein abgeschlossenes Hochschulstudium im Bereich Gesang bzw.<br>eine gleichwertige Qualifikation sowie grundlegende Kenntnisse und m\u00f6glichst erste<br>Unterrichtserfahrungen in der Kinder- und Jugendstimmbildung.<\/p>\n<!-- \/wp:paragraph -->\n\n<!-- wp:paragraph -->\n<p>Das Stellenangebot richtet sich an entschiedene Christen, die sich mit den Inhalten<br>und Zielen unserer christlichen Schule evangelischen Bekenntnisses identifizieren. Ak-<br>tives Interesse an einer innovativen Ausgestaltung des Stimmbildungsangebots des<br>noch jungen Gymnasiums mit vertieft vokaler und chorischer Ausbildung ist er-<br>w\u00fcnscht.<\/p>\n<!-- \/wp:paragraph -->\n\n<!-- wp:paragraph -->\n<p>Wir freuen uns \u00fcber Ihre Bewerbungen (tabellarischer Lebenslauf, Hochschulzeugnis<br>bzw. alternative Qualifikationsnachweise, Darstellung des geistlichen Werdegangs und<br>der pers\u00f6nlichen Einstellung zu Jesus Christus, zur Heiligen Schrift und zur Gemeinde)<br>an das zust\u00e4ndige Vorstandsmitglied Ulrike Kr\u00fcger, die Ihnen unter der Telefonnum-<br>mer 07321 24254 auch gerne f\u00fcr telefonische Vorabinformationen und Ausk\u00fcnfte zur<br>Verf\u00fcgung steht.<\/p>\n<!-- \/wp:paragraph -->\n\n<!-- wp:paragraph -->\n<p><strong>Freie Evangelische Schule Heidenheim<br>Realschule und Gymnasium<br>Kurze Stra\u00dfe 9, 89522 Heidenheim<br>www.fes-heidenheim.de<\/strong><\/p>\n<!-- \/wp:paragraph -->","_et_gb_content_width":"","inline_featured_image":false,"wp_typography_post_enhancements_disabled":false,"footnotes":""},"categories":[1,56,58],"tags":[],"class_list":["post-2313","post","type-post","status-publish","format-standard","has-post-thumbnail","hentry","category-allgemein","category-stellenangebot-fes-gymnasium","category-stellenangebot-fes-realschule"],"yoast_head":"<!-- This site is optimized with the Yoast SEO plugin v27.4 - https:\/\/yoast.com\/product\/yoast-seo-wordpress\/ -->\n<title>Lehrkraft f\u00fcr Stimmbildung - Gymnasium | Freie Evangelische Schule und Kindertagesst\u00e4tte Heidenheim e. V.<\/title>\n<meta name=\"robots\" content=\"index, follow, max-snippet:-1, max-image-preview:large, max-video-preview:-1\" \/>\n<link rel=\"canonical\" href=\"https:\/\/fes-heidenheim.de\/gymnasium\/2024\/05\/16\/lehrer-m-w-d-fuer-stimmbildung\/\" \/>\n<meta property=\"og:locale\" content=\"de_DE\" \/>\n<meta property=\"og:type\" content=\"article\" \/>\n<meta property=\"og:title\" content=\"Lehrkraft f\u00fcr Stimmbildung - Gymnasium | Freie Evangelische Schule und Kindertagesst\u00e4tte Heidenheim e. V.\" \/>\n<meta property=\"og:description\" content=\"Zum n\u00e4ch\u00adst\u00adm\u00f6glichen Zeit\u00adpunkt suchen wir eine\/n Lehrer\/in f\u00fcr Stimmbildung Ihr Auf\u00adgaben\u00adpro\u00adfil:Der Einzel- und Kle\u00adin\u00adgrup\u00adpe\u00adnun\u00adter\u00adricht umfasst das Fach Stimm\u00adbil\u00addung\/Reg\u00adis\u00adter-proben f\u00fcr Sch\u00fcler\/innen der Freien Evan\u00adge\u00adlis\u00adchen Schule Hei\u00adden\u00adheim aller Schul\u00adstu-fen im Alter ab [&hellip;]\" \/>\n<meta property=\"og:url\" content=\"https:\/\/fes-heidenheim.de\/gymnasium\/2024\/05\/16\/lehrer-m-w-d-fuer-stimmbildung\/\" \/>\n<meta property=\"og:site_name\" content=\"Gymnasium | Freie Evangelische Schule und Kindertagesst\u00e4tte Heidenheim e. V.\" \/>\n<meta property=\"article:published_time\" content=\"2024-05-16T05:00:00+00:00\" \/>\n<meta property=\"article:modified_time\" content=\"2026-02-11T07:39:18+00:00\" \/>\n<meta property=\"og:image\" content=\"https:\/\/fes-heidenheim.de\/gymnasium\/wp-content\/uploads\/sites\/8\/2021\/10\/fes-rs-gym-stimmbildung.jpg\" \/>\n\t<meta property=\"og:image:width\" content=\"1024\" \/>\n\t<meta property=\"og:image:height\" content=\"684\" \/>\n\t<meta property=\"og:image:type\" content=\"image\/jpeg\" \/>\n<meta name=\"author\" content=\"fes\" \/>\n<meta name=\"twitter:card\" content=\"summary_large_image\" \/>\n<meta name=\"twitter:label1\" content=\"Verfasst von\" \/>\n\t<meta name=\"twitter:data1\" content=\"fes\" \/>\n\t<meta name=\"twitter:label2\" content=\"Gesch\u00e4tzte Lesezeit\" \/>\n\t<meta name=\"twitter:data2\" content=\"2\u00a0Minuten\" \/>\n<script type=\"application\/ld+json\" class=\"yoast-schema-graph\">{\"@context\":\"https:\\\/\\\/schema.org\",\"@graph\":[{\"@type\":\"Article\",\"@id\":\"https:\\\/\\\/fes-heidenheim.de\\\/gymnasium\\\/2024\\\/05\\\/16\\\/lehrer-m-w-d-fuer-stimmbildung\\\/#article\",\"isPartOf\":{\"@id\":\"https:\\\/\\\/fes-heidenheim.de\\\/gymnasium\\\/2024\\\/05\\\/16\\\/lehrer-m-w-d-fuer-stimmbildung\\\/\"},\"author\":{\"name\":\"fes\",\"@id\":\"https:\\\/\\\/fes-heidenheim.de\\\/gymnasium\\\/#\\\/schema\\\/person\\\/e8b717a48deac1a9531664496e910db7\"},\"headline\":\"Lehrkraft f\u00fcr Stimmbildung\",\"datePublished\":\"2024-05-16T05:00:00+00:00\",\"dateModified\":\"2026-02-11T07:39:18+00:00\",\"mainEntityOfPage\":{\"@id\":\"https:\\\/\\\/fes-heidenheim.de\\\/gymnasium\\\/2024\\\/05\\\/16\\\/lehrer-m-w-d-fuer-stimmbildung\\\/\"},\"wordCount\":195,\"image\":{\"@id\":\"https:\\\/\\\/fes-heidenheim.de\\\/gymnasium\\\/2024\\\/05\\\/16\\\/lehrer-m-w-d-fuer-stimmbildung\\\/#primaryimage\"},\"thumbnailUrl\":\"https:\\\/\\\/fes-heidenheim.de\\\/gymnasium\\\/wp-content\\\/uploads\\\/sites\\\/8\\\/2021\\\/10\\\/fes-rs-gym-stimmbildung.jpg\",\"articleSection\":{\"1\":\"Stellenangebot FES Gymnasium\",\"2\":\"Stellenangebot FES Realschule\"},\"inLanguage\":\"de\"},{\"@type\":\"WebPage\",\"@id\":\"https:\\\/\\\/fes-heidenheim.de\\\/gymnasium\\\/2024\\\/05\\\/16\\\/lehrer-m-w-d-fuer-stimmbildung\\\/\",\"url\":\"https:\\\/\\\/fes-heidenheim.de\\\/gymnasium\\\/2024\\\/05\\\/16\\\/lehrer-m-w-d-fuer-stimmbildung\\\/\",\"name\":\"Lehrkraft f\u00fcr Stimmbildung - Gymnasium | Freie Evangelische Schule und Kindertagesst\u00e4tte Heidenheim e. V.\",\"isPartOf\":{\"@id\":\"https:\\\/\\\/fes-heidenheim.de\\\/gymnasium\\\/#website\"},\"primaryImageOfPage\":{\"@id\":\"https:\\\/\\\/fes-heidenheim.de\\\/gymnasium\\\/2024\\\/05\\\/16\\\/lehrer-m-w-d-fuer-stimmbildung\\\/#primaryimage\"},\"image\":{\"@id\":\"https:\\\/\\\/fes-heidenheim.de\\\/gymnasium\\\/2024\\\/05\\\/16\\\/lehrer-m-w-d-fuer-stimmbildung\\\/#primaryimage\"},\"thumbnailUrl\":\"https:\\\/\\\/fes-heidenheim.de\\\/gymnasium\\\/wp-content\\\/uploads\\\/sites\\\/8\\\/2021\\\/10\\\/fes-rs-gym-stimmbildung.jpg\",\"datePublished\":\"2024-05-16T05:00:00+00:00\",\"dateModified\":\"2026-02-11T07:39:18+00:00\",\"author\":{\"@id\":\"https:\\\/\\\/fes-heidenheim.de\\\/gymnasium\\\/#\\\/schema\\\/person\\\/e8b717a48deac1a9531664496e910db7\"},\"breadcrumb\":{\"@id\":\"https:\\\/\\\/fes-heidenheim.de\\\/gymnasium\\\/2024\\\/05\\\/16\\\/lehrer-m-w-d-fuer-stimmbildung\\\/#breadcrumb\"},\"inLanguage\":\"de\",\"potentialAction\":[{\"@type\":\"ReadAction\",\"target\":[\"https:\\\/\\\/fes-heidenheim.de\\\/gymnasium\\\/2024\\\/05\\\/16\\\/lehrer-m-w-d-fuer-stimmbildung\\\/\"]}]},{\"@type\":\"ImageObject\",\"inLanguage\":\"de\",\"@id\":\"https:\\\/\\\/fes-heidenheim.de\\\/gymnasium\\\/2024\\\/05\\\/16\\\/lehrer-m-w-d-fuer-stimmbildung\\\/#primaryimage\",\"url\":\"https:\\\/\\\/fes-heidenheim.de\\\/gymnasium\\\/wp-content\\\/uploads\\\/sites\\\/8\\\/2021\\\/10\\\/fes-rs-gym-stimmbildung.jpg\",\"contentUrl\":\"https:\\\/\\\/fes-heidenheim.de\\\/gymnasium\\\/wp-content\\\/uploads\\\/sites\\\/8\\\/2021\\\/10\\\/fes-rs-gym-stimmbildung.jpg\",\"width\":1024,\"height\":684,\"caption\":\"Stimmbildung an der FES Heidenheim\"},{\"@type\":\"BreadcrumbList\",\"@id\":\"https:\\\/\\\/fes-heidenheim.de\\\/gymnasium\\\/2024\\\/05\\\/16\\\/lehrer-m-w-d-fuer-stimmbildung\\\/#breadcrumb\",\"itemListElement\":[{\"@type\":\"ListItem\",\"position\":1,\"name\":\"Startseite\",\"item\":\"https:\\\/\\\/fes-heidenheim.de\\\/gymnasium\\\/\"},{\"@type\":\"ListItem\",\"position\":2,\"name\":\"Lehrkraft f\u00fcr Stimmbildung\"}]},{\"@type\":\"WebSite\",\"@id\":\"https:\\\/\\\/fes-heidenheim.de\\\/gymnasium\\\/#website\",\"url\":\"https:\\\/\\\/fes-heidenheim.de\\\/gymnasium\\\/\",\"name\":\"Gymnasium | Freie Evangelische Schule und Kindertagesst\u00e4tte Heidenheim e. V.\",\"description\":\"Eine weitere Freie Evangelische Schule Heidenheim e.V. Websites Website\",\"potentialAction\":[{\"@type\":\"SearchAction\",\"target\":{\"@type\":\"EntryPoint\",\"urlTemplate\":\"https:\\\/\\\/fes-heidenheim.de\\\/gymnasium\\\/?s={search_term_string}\"},\"query-input\":{\"@type\":\"PropertyValueSpecification\",\"valueRequired\":true,\"valueName\":\"search_term_string\"}}],\"inLanguage\":\"de\"},{\"@type\":\"Person\",\"@id\":\"https:\\\/\\\/fes-heidenheim.de\\\/gymnasium\\\/#\\\/schema\\\/person\\\/e8b717a48deac1a9531664496e910db7\",\"name\":\"fes\",\"image\":{\"@type\":\"ImageObject\",\"inLanguage\":\"de\",\"@id\":\"https:\\\/\\\/secure.gravatar.com\\\/avatar\\\/effdf0474358ff27f1e16eb3157eee659b464c36afe22d3bed195415271415a3?s=96&d=mm&r=g\",\"url\":\"https:\\\/\\\/secure.gravatar.com\\\/avatar\\\/effdf0474358ff27f1e16eb3157eee659b464c36afe22d3bed195415271415a3?s=96&d=mm&r=g\",\"contentUrl\":\"https:\\\/\\\/secure.gravatar.com\\\/avatar\\\/effdf0474358ff27f1e16eb3157eee659b464c36afe22d3bed195415271415a3?s=96&d=mm&r=g\",\"caption\":\"fes\"},\"url\":\"https:\\\/\\\/fes-heidenheim.de\\\/gymnasium\\\/author\\\/fes\\\/\"}]}<\/script>\n<!-- \/ Yoast SEO plugin. -->","yoast_head_json":{"title":"Lehrkraft f\u00fcr Stimmbildung - Gymnasium | Freie Evangelische Schule und Kindertagesst\u00e4tte Heidenheim e. V.","robots":{"index":"index","follow":"follow","max-snippet":"max-snippet:-1","max-image-preview":"max-image-preview:large","max-video-preview":"max-video-preview:-1"},"canonical":"https:\/\/fes-heidenheim.de\/gymnasium\/2024\/05\/16\/lehrer-m-w-d-fuer-stimmbildung\/","og_locale":"de_DE","og_type":"article","og_title":"Lehrkraft f\u00fcr Stimmbildung - Gymnasium | Freie Evangelische Schule und Kindertagesst\u00e4tte Heidenheim e. V.","og_description":"Zum n\u00e4ch\u00adst\u00adm\u00f6glichen Zeit\u00adpunkt suchen wir eine\/n Lehrer\/in f\u00fcr Stimmbildung Ihr Auf\u00adgaben\u00adpro\u00adfil:Der Einzel- und Kle\u00adin\u00adgrup\u00adpe\u00adnun\u00adter\u00adricht umfasst das Fach Stimm\u00adbil\u00addung\/Reg\u00adis\u00adter-proben f\u00fcr Sch\u00fcler\/innen der Freien Evan\u00adge\u00adlis\u00adchen Schule Hei\u00adden\u00adheim aller Schul\u00adstu-fen im Alter ab [&hellip;]","og_url":"https:\/\/fes-heidenheim.de\/gymnasium\/2024\/05\/16\/lehrer-m-w-d-fuer-stimmbildung\/","og_site_name":"Gymnasium | Freie Evangelische Schule und Kindertagesst\u00e4tte Heidenheim e. V.","article_published_time":"2024-05-16T05:00:00+00:00","article_modified_time":"2026-02-11T07:39:18+00:00","og_image":[{"width":1024,"height":684,"url":"https:\/\/fes-heidenheim.de\/gymnasium\/wp-content\/uploads\/sites\/8\/2021\/10\/fes-rs-gym-stimmbildung.jpg","type":"image\/jpeg"}],"author":"fes","twitter_card":"summary_large_image","twitter_misc":{"Verfasst von":"fes","Gesch\u00e4tzte Lesezeit":"2\u00a0Minuten"},"schema":{"@context":"https:\/\/schema.org","@graph":[{"@type":"Article","@id":"https:\/\/fes-heidenheim.de\/gymnasium\/2024\/05\/16\/lehrer-m-w-d-fuer-stimmbildung\/#article","isPartOf":{"@id":"https:\/\/fes-heidenheim.de\/gymnasium\/2024\/05\/16\/lehrer-m-w-d-fuer-stimmbildung\/"},"author":{"name":"fes","@id":"https:\/\/fes-heidenheim.de\/gymnasium\/#\/schema\/person\/e8b717a48deac1a9531664496e910db7"},"headline":"Lehrkraft f\u00fcr Stimmbildung","datePublished":"2024-05-16T05:00:00+00:00","dateModified":"2026-02-11T07:39:18+00:00","mainEntityOfPage":{"@id":"https:\/\/fes-heidenheim.de\/gymnasium\/2024\/05\/16\/lehrer-m-w-d-fuer-stimmbildung\/"},"wordCount":195,"image":{"@id":"https:\/\/fes-heidenheim.de\/gymnasium\/2024\/05\/16\/lehrer-m-w-d-fuer-stimmbildung\/#primaryimage"},"thumbnailUrl":"https:\/\/fes-heidenheim.de\/gymnasium\/wp-content\/uploads\/sites\/8\/2021\/10\/fes-rs-gym-stimmbildung.jpg","articleSection":{"1":"Stellenangebot FES Gymnasium","2":"Stellenangebot FES Realschule"},"inLanguage":"de"},{"@type":"WebPage","@id":"https:\/\/fes-heidenheim.de\/gymnasium\/2024\/05\/16\/lehrer-m-w-d-fuer-stimmbildung\/","url":"https:\/\/fes-heidenheim.de\/gymnasium\/2024\/05\/16\/lehrer-m-w-d-fuer-stimmbildung\/","name":"Lehrkraft f\u00fcr Stimmbildung - Gymnasium | Freie Evangelische Schule und Kindertagesst\u00e4tte Heidenheim e. V.","isPartOf":{"@id":"https:\/\/fes-heidenheim.de\/gymnasium\/#website"},"primaryImageOfPage":{"@id":"https:\/\/fes-heidenheim.de\/gymnasium\/2024\/05\/16\/lehrer-m-w-d-fuer-stimmbildung\/#primaryimage"},"image":{"@id":"https:\/\/fes-heidenheim.de\/gymnasium\/2024\/05\/16\/lehrer-m-w-d-fuer-stimmbildung\/#primaryimage"},"thumbnailUrl":"https:\/\/fes-heidenheim.de\/gymnasium\/wp-content\/uploads\/sites\/8\/2021\/10\/fes-rs-gym-stimmbildung.jpg","datePublished":"2024-05-16T05:00:00+00:00","dateModified":"2026-02-11T07:39:18+00:00","author":{"@id":"https:\/\/fes-heidenheim.de\/gymnasium\/#\/schema\/person\/e8b717a48deac1a9531664496e910db7"},"breadcrumb":{"@id":"https:\/\/fes-heidenheim.de\/gymnasium\/2024\/05\/16\/lehrer-m-w-d-fuer-stimmbildung\/#breadcrumb"},"inLanguage":"de","potentialAction":[{"@type":"ReadAction","target":["https:\/\/fes-heidenheim.de\/gymnasium\/2024\/05\/16\/lehrer-m-w-d-fuer-stimmbildung\/"]}]},{"@type":"ImageObject","inLanguage":"de","@id":"https:\/\/fes-heidenheim.de\/gymnasium\/2024\/05\/16\/lehrer-m-w-d-fuer-stimmbildung\/#primaryimage","url":"https:\/\/fes-heidenheim.de\/gymnasium\/wp-content\/uploads\/sites\/8\/2021\/10\/fes-rs-gym-stimmbildung.jpg","contentUrl":"https:\/\/fes-heidenheim.de\/gymnasium\/wp-content\/uploads\/sites\/8\/2021\/10\/fes-rs-gym-stimmbildung.jpg","width":1024,"height":684,"caption":"Stimmbildung an der FES Heidenheim"},{"@type":"BreadcrumbList","@id":"https:\/\/fes-heidenheim.de\/gymnasium\/2024\/05\/16\/lehrer-m-w-d-fuer-stimmbildung\/#breadcrumb","itemListElement":[{"@type":"ListItem","position":1,"name":"Startseite","item":"https:\/\/fes-heidenheim.de\/gymnasium\/"},{"@type":"ListItem","position":2,"name":"Lehrkraft f\u00fcr Stimmbildung"}]},{"@type":"WebSite","@id":"https:\/\/fes-heidenheim.de\/gymnasium\/#website","url":"https:\/\/fes-heidenheim.de\/gymnasium\/","name":"Gymnasium | Freie Evangelische Schule und Kindertagesst\u00e4tte Heidenheim e. V.","description":"Eine weitere Freie Evangelische Schule Heidenheim e.V. Websites Website","potentialAction":[{"@type":"SearchAction","target":{"@type":"EntryPoint","urlTemplate":"https:\/\/fes-heidenheim.de\/gymnasium\/?s={search_term_string}"},"query-input":{"@type":"PropertyValueSpecification","valueRequired":true,"valueName":"search_term_string"}}],"inLanguage":"de"},{"@type":"Person","@id":"https:\/\/fes-heidenheim.de\/gymnasium\/#\/schema\/person\/e8b717a48deac1a9531664496e910db7","name":"fes","image":{"@type":"ImageObject","inLanguage":"de","@id":"https:\/\/secure.gravatar.com\/avatar\/effdf0474358ff27f1e16eb3157eee659b464c36afe22d3bed195415271415a3?s=96&d=mm&r=g","url":"https:\/\/secure.gravatar.com\/avatar\/effdf0474358ff27f1e16eb3157eee659b464c36afe22d3bed195415271415a3?s=96&d=mm&r=g","contentUrl":"https:\/\/secure.gravatar.com\/avatar\/effdf0474358ff27f1e16eb3157eee659b464c36afe22d3bed195415271415a3?s=96&d=mm&r=g","caption":"fes"},"url":"https:\/\/fes-heidenheim.de\/gymnasium\/author\/fes\/"}]}},"_links":{"self":[{"href":"https:\/\/fes-heidenheim.de\/gymnasium\/wp-json\/wp\/v2\/posts\/2313","targetHints":{"allow":["GET"]}}],"collection":[{"href":"https:\/\/fes-heidenheim.de\/gymnasium\/wp-json\/wp\/v2\/posts"}],"about":[{"href":"https:\/\/fes-heidenheim.de\/gymnasium\/wp-json\/wp\/v2\/types\/post"}],"author":[{"embeddable":true,"href":"https:\/\/fes-heidenheim.de\/gymnasium\/wp-json\/wp\/v2\/users\/1"}],"replies":[{"embeddable":true,"href":"https:\/\/fes-heidenheim.de\/gymnasium\/wp-json\/wp\/v2\/comments?post=2313"}],"version-history":[{"count":8,"href":"https:\/\/fes-heidenheim.de\/gymnasium\/wp-json\/wp\/v2\/posts\/2313\/revisions"}],"predecessor-version":[{"id":6641,"href":"https:\/\/fes-heidenheim.de\/gymnasium\/wp-json\/wp\/v2\/posts\/2313\/revisions\/6641"}],"wp:featuredmedia":[{"embeddable":true,"href":"https:\/\/fes-heidenheim.de\/gymnasium\/wp-json\/wp\/v2\/media\/2314"}],"wp:attachment":[{"href":"https:\/\/fes-heidenheim.de\/gymnasium\/wp-json\/wp\/v2\/media?parent=2313"}],"wp:term":[{"taxonomy":"category","embeddable":true,"href":"https:\/\/fes-heidenheim.de\/gymnasium\/wp-json\/wp\/v2\/categories?post=2313"},{"taxonomy":"post_tag","embeddable":true,"href":"https:\/\/fes-heidenheim.de\/gymnasium\/wp-json\/wp\/v2\/tags?post=2313"}],"curies":[{"name":"wp","href":"https:\/\/api.w.org\/{rel}","templated":true}]}}