{"id":2565,"date":"2021-11-07T16:57:35","date_gmt":"2021-11-07T15:57:35","guid":{"rendered":"https:\/\/fes-heidenheim.de\/gymnasium\/?p=2565"},"modified":"2021-11-07T16:57:36","modified_gmt":"2021-11-07T15:57:36","slug":"fes-realschule-abschlussjahrgang-2020-21","status":"publish","type":"post","link":"https:\/\/fes-heidenheim.de\/gymnasium\/2021\/11\/07\/fes-realschule-abschlussjahrgang-2020-21\/","title":{"rendered":"FES-Realschule: Abschlussjahrgang 2020\/21"},"content":{"rendered":"\n<h2 class=\"wp-block-heading\">Mittlere Reife an der FES: Viele Preise und Auszeichnungen<\/h2>\n\n\n\n<p><br>Unter Pr\u00fc\u00adfungsvor\u00adsitz von Schulleit\u00ader Andreas Borkeloh absolvierten 21 Sch\u00fcler unser\u00ader FES-Realschule im Juli 2021 erfol\u00adgre\u00adich ihre Realschulabschlusspr\u00fcfung.&nbsp;<\/p>\n\n\n\n<p>Alle Asol\u00adven\u00adten bestanden die Mit\u00adtlere Reife, der Durch\u00adschnitt lag bei 2,3. Es kon\u00adnten 7 Preise und 7 Belo\u00adbi\u00adgun\u00adgen aus\u00adgeteilt wer\u00adden. Zudem wur\u00adden zahlre\u00adiche Fach- und Son\u00adder\u00adpreise vergeben.<\/p>\n\n\n\n<p>Fol\u00adgende Sch\u00fc\u00adlerin\u00adnen und Sch\u00fcler der Klasse 10R haben bestanden: Lena Adler, Jakob Bosch (Belo\u00adbi\u00adgung; Fach\u00adpreis Tech\u00adnik), Lay\u00adla Dan-ne, Manuel Dol\u00adlan\u00adsky (Belo\u00adbi\u00adgung; Son\u00adder\u00adpreis Sch\u00fc-ler\u00adband), Aris Dreher, Amelie Gumprecht (Belo\u00adbi\u00adgung), Mau\u00adrice Jezek (Preis; Fach\u00adpreis Deutsch; Fach\u00adpreis Fran-z\u00f6sisch), Julian Kaiser (Preis), Leonie Kles, Jen\u00adnifer K\u00f6nig (Preis), Anna Lausch, Johann Linz\u00ading (Preis; Fach\u00adpreis Englisch), Juli May\u00ader (Preis), Timo M\u00fchlberg\u00ader (Belo\u00adbi-gung), Lea Pflanz (Belo\u00adbi\u00adgung; Fach\u00adpreis AES), Jonas Sig-mund (Preis; Fach\u00adpreis Math\u00ade\u00admatik), Jakob Str\u00e4\u00dfle, Felix Traub (Preis), Tom Ulsh\u00f6fer, Lara Weiszhar (Belo\u00adbi\u00adgung), Tim Zeiss (Belo\u00adbi\u00adgung; Son\u00adder\u00adpreis Sch\u00fcler-Gebet\u00adskreis; Son\u00adder\u00adpreis Bandtechnik).&nbsp;<\/p>\n\n\n\n<p>Wir w\u00fcn\u00adschen unseren Abschlusss\u00adch\u00fclern alles Gute und Gottes Segen f\u00fcr Ihren weit\u00aderen Lebensweg.<\/p>\n","protected":false},"excerpt":{"rendered":"<p>Mit\u00adtlere Reife an der FES: Viele Preise und Ausze\u00adich\u00adnun\u00adgen Unter Pr\u00fc\u00adfungsvor\u00adsitz von Schulleit\u00ader Andreas Borkeloh absolvierten 21 Sch\u00fcler unser\u00ader FES-Realschule im Juli 2021 erfol\u00adgre\u00adich ihre Realschu\u00adla\u00adb\u00adschlusspr\u00fc\u00adfung.&nbsp; Alle Asol\u00adven\u00adten bestanden die&nbsp;[\u2026]<\/p>\n","protected":false},"author":1,"featured_media":2566,"comment_status":"open","ping_status":"open","sticky":false,"template":"","format":"standard","meta":{"_et_pb_use_builder":"off","_et_pb_old_content":"","_et_gb_content_width":"","inline_featured_image":false,"wp_typography_post_enhancements_disabled":false,"footnotes":""},"categories":[29],"tags":[],"class_list":["post-2565","post","type-post","status-publish","format-standard","has-post-thumbnail","hentry","category-fes-realschule"],"yoast_head":"<!-- This site is optimized with the Yoast SEO plugin v27.4 - https:\/\/yoast.com\/product\/yoast-seo-wordpress\/ -->\n<title>FES-Realschule: Abschlussjahrgang 2020\/21 - Gymnasium | Freie Evangelische Schule und Kindertagesst\u00e4tte Heidenheim e. V.<\/title>\n<meta name=\"robots\" content=\"index, follow, max-snippet:-1, max-image-preview:large, max-video-preview:-1\" \/>\n<link rel=\"canonical\" href=\"https:\/\/fes-heidenheim.de\/gymnasium\/2021\/11\/07\/fes-realschule-abschlussjahrgang-2020-21\/\" \/>\n<meta property=\"og:locale\" content=\"de_DE\" \/>\n<meta property=\"og:type\" content=\"article\" \/>\n<meta property=\"og:title\" content=\"FES-Realschule: Abschlussjahrgang 2020\/21 - Gymnasium | Freie Evangelische Schule und Kindertagesst\u00e4tte Heidenheim e. V.\" \/>\n<meta property=\"og:description\" content=\"Mittlere Reife an der FES: Viele Preise und Auszeichnungen Unter Pr\u00fc\u00adfungsvor\u00adsitz von Schulleit\u00ader Andreas Borkeloh absolvierten 21 Sch\u00fcler unser\u00ader FES-Realschule im Juli 2021 erfol\u00adgre\u00adich ihre Realschulabschlusspr\u00fcfung.&nbsp; Alle Asol\u00adven\u00adten bestanden die [&hellip;]\" \/>\n<meta property=\"og:url\" content=\"https:\/\/fes-heidenheim.de\/gymnasium\/2021\/11\/07\/fes-realschule-abschlussjahrgang-2020-21\/\" \/>\n<meta property=\"og:site_name\" content=\"Gymnasium | Freie Evangelische Schule und Kindertagesst\u00e4tte Heidenheim e. V.\" \/>\n<meta property=\"article:published_time\" content=\"2021-11-07T15:57:35+00:00\" \/>\n<meta property=\"article:modified_time\" content=\"2021-11-07T15:57:36+00:00\" \/>\n<meta property=\"og:image\" content=\"https:\/\/fes-heidenheim.de\/gymnasium\/wp-content\/uploads\/sites\/8\/2021\/11\/fes-rs-abschluss2021-22.jpg\" \/>\n\t<meta property=\"og:image:width\" content=\"2000\" \/>\n\t<meta property=\"og:image:height\" content=\"1334\" \/>\n\t<meta property=\"og:image:type\" content=\"image\/jpeg\" \/>\n<meta name=\"author\" content=\"fes\" \/>\n<meta name=\"twitter:card\" content=\"summary_large_image\" \/>\n<meta name=\"twitter:label1\" content=\"Verfasst von\" \/>\n\t<meta name=\"twitter:data1\" content=\"fes\" \/>\n\t<meta name=\"twitter:label2\" content=\"Gesch\u00e4tzte Lesezeit\" \/>\n\t<meta name=\"twitter:data2\" content=\"1\u00a0Minute\" \/>\n<script type=\"application\/ld+json\" class=\"yoast-schema-graph\">{\"@context\":\"https:\\\/\\\/schema.org\",\"@graph\":[{\"@type\":\"Article\",\"@id\":\"https:\\\/\\\/fes-heidenheim.de\\\/gymnasium\\\/2021\\\/11\\\/07\\\/fes-realschule-abschlussjahrgang-2020-21\\\/#article\",\"isPartOf\":{\"@id\":\"https:\\\/\\\/fes-heidenheim.de\\\/gymnasium\\\/2021\\\/11\\\/07\\\/fes-realschule-abschlussjahrgang-2020-21\\\/\"},\"author\":{\"name\":\"fes\",\"@id\":\"https:\\\/\\\/fes-heidenheim.de\\\/gymnasium\\\/#\\\/schema\\\/person\\\/e8b717a48deac1a9531664496e910db7\"},\"headline\":\"FES-Realschule: Abschlussjahrgang 2020\\\/21\",\"datePublished\":\"2021-11-07T15:57:35+00:00\",\"dateModified\":\"2021-11-07T15:57:36+00:00\",\"mainEntityOfPage\":{\"@id\":\"https:\\\/\\\/fes-heidenheim.de\\\/gymnasium\\\/2021\\\/11\\\/07\\\/fes-realschule-abschlussjahrgang-2020-21\\\/\"},\"wordCount\":161,\"commentCount\":0,\"image\":{\"@id\":\"https:\\\/\\\/fes-heidenheim.de\\\/gymnasium\\\/2021\\\/11\\\/07\\\/fes-realschule-abschlussjahrgang-2020-21\\\/#primaryimage\"},\"thumbnailUrl\":\"https:\\\/\\\/fes-heidenheim.de\\\/gymnasium\\\/wp-content\\\/uploads\\\/sites\\\/8\\\/2021\\\/11\\\/fes-rs-abschluss2021-22.jpg\",\"articleSection\":[\"FES Realschule\"],\"inLanguage\":\"de\"},{\"@type\":\"WebPage\",\"@id\":\"https:\\\/\\\/fes-heidenheim.de\\\/gymnasium\\\/2021\\\/11\\\/07\\\/fes-realschule-abschlussjahrgang-2020-21\\\/\",\"url\":\"https:\\\/\\\/fes-heidenheim.de\\\/gymnasium\\\/2021\\\/11\\\/07\\\/fes-realschule-abschlussjahrgang-2020-21\\\/\",\"name\":\"FES-Realschule: Abschlussjahrgang 2020\\\/21 - Gymnasium | Freie Evangelische Schule und Kindertagesst\u00e4tte Heidenheim e. V.\",\"isPartOf\":{\"@id\":\"https:\\\/\\\/fes-heidenheim.de\\\/gymnasium\\\/#website\"},\"primaryImageOfPage\":{\"@id\":\"https:\\\/\\\/fes-heidenheim.de\\\/gymnasium\\\/2021\\\/11\\\/07\\\/fes-realschule-abschlussjahrgang-2020-21\\\/#primaryimage\"},\"image\":{\"@id\":\"https:\\\/\\\/fes-heidenheim.de\\\/gymnasium\\\/2021\\\/11\\\/07\\\/fes-realschule-abschlussjahrgang-2020-21\\\/#primaryimage\"},\"thumbnailUrl\":\"https:\\\/\\\/fes-heidenheim.de\\\/gymnasium\\\/wp-content\\\/uploads\\\/sites\\\/8\\\/2021\\\/11\\\/fes-rs-abschluss2021-22.jpg\",\"datePublished\":\"2021-11-07T15:57:35+00:00\",\"dateModified\":\"2021-11-07T15:57:36+00:00\",\"author\":{\"@id\":\"https:\\\/\\\/fes-heidenheim.de\\\/gymnasium\\\/#\\\/schema\\\/person\\\/e8b717a48deac1a9531664496e910db7\"},\"breadcrumb\":{\"@id\":\"https:\\\/\\\/fes-heidenheim.de\\\/gymnasium\\\/2021\\\/11\\\/07\\\/fes-realschule-abschlussjahrgang-2020-21\\\/#breadcrumb\"},\"inLanguage\":\"de\",\"potentialAction\":[{\"@type\":\"ReadAction\",\"target\":[\"https:\\\/\\\/fes-heidenheim.de\\\/gymnasium\\\/2021\\\/11\\\/07\\\/fes-realschule-abschlussjahrgang-2020-21\\\/\"]}]},{\"@type\":\"ImageObject\",\"inLanguage\":\"de\",\"@id\":\"https:\\\/\\\/fes-heidenheim.de\\\/gymnasium\\\/2021\\\/11\\\/07\\\/fes-realschule-abschlussjahrgang-2020-21\\\/#primaryimage\",\"url\":\"https:\\\/\\\/fes-heidenheim.de\\\/gymnasium\\\/wp-content\\\/uploads\\\/sites\\\/8\\\/2021\\\/11\\\/fes-rs-abschluss2021-22.jpg\",\"contentUrl\":\"https:\\\/\\\/fes-heidenheim.de\\\/gymnasium\\\/wp-content\\\/uploads\\\/sites\\\/8\\\/2021\\\/11\\\/fes-rs-abschluss2021-22.jpg\",\"width\":2000,\"height\":1334,\"caption\":\"FES Heidenheim Realschule\"},{\"@type\":\"BreadcrumbList\",\"@id\":\"https:\\\/\\\/fes-heidenheim.de\\\/gymnasium\\\/2021\\\/11\\\/07\\\/fes-realschule-abschlussjahrgang-2020-21\\\/#breadcrumb\",\"itemListElement\":[{\"@type\":\"ListItem\",\"position\":1,\"name\":\"Startseite\",\"item\":\"https:\\\/\\\/fes-heidenheim.de\\\/gymnasium\\\/\"},{\"@type\":\"ListItem\",\"position\":2,\"name\":\"FES-Realschule: Abschlussjahrgang 2020\\\/21\"}]},{\"@type\":\"WebSite\",\"@id\":\"https:\\\/\\\/fes-heidenheim.de\\\/gymnasium\\\/#website\",\"url\":\"https:\\\/\\\/fes-heidenheim.de\\\/gymnasium\\\/\",\"name\":\"Gymnasium | Freie Evangelische Schule und Kindertagesst\u00e4tte Heidenheim e. V.\",\"description\":\"Eine weitere Freie Evangelische Schule Heidenheim e.V. Websites Website\",\"potentialAction\":[{\"@type\":\"SearchAction\",\"target\":{\"@type\":\"EntryPoint\",\"urlTemplate\":\"https:\\\/\\\/fes-heidenheim.de\\\/gymnasium\\\/?s={search_term_string}\"},\"query-input\":{\"@type\":\"PropertyValueSpecification\",\"valueRequired\":true,\"valueName\":\"search_term_string\"}}],\"inLanguage\":\"de\"},{\"@type\":\"Person\",\"@id\":\"https:\\\/\\\/fes-heidenheim.de\\\/gymnasium\\\/#\\\/schema\\\/person\\\/e8b717a48deac1a9531664496e910db7\",\"name\":\"fes\",\"image\":{\"@type\":\"ImageObject\",\"inLanguage\":\"de\",\"@id\":\"https:\\\/\\\/secure.gravatar.com\\\/avatar\\\/effdf0474358ff27f1e16eb3157eee659b464c36afe22d3bed195415271415a3?s=96&d=mm&r=g\",\"url\":\"https:\\\/\\\/secure.gravatar.com\\\/avatar\\\/effdf0474358ff27f1e16eb3157eee659b464c36afe22d3bed195415271415a3?s=96&d=mm&r=g\",\"contentUrl\":\"https:\\\/\\\/secure.gravatar.com\\\/avatar\\\/effdf0474358ff27f1e16eb3157eee659b464c36afe22d3bed195415271415a3?s=96&d=mm&r=g\",\"caption\":\"fes\"},\"url\":\"https:\\\/\\\/fes-heidenheim.de\\\/gymnasium\\\/author\\\/fes\\\/\"}]}<\/script>\n<!-- \/ Yoast SEO plugin. -->","yoast_head_json":{"title":"FES-Realschule: Abschlussjahrgang 2020\/21 - Gymnasium | Freie Evangelische Schule und Kindertagesst\u00e4tte Heidenheim e. V.","robots":{"index":"index","follow":"follow","max-snippet":"max-snippet:-1","max-image-preview":"max-image-preview:large","max-video-preview":"max-video-preview:-1"},"canonical":"https:\/\/fes-heidenheim.de\/gymnasium\/2021\/11\/07\/fes-realschule-abschlussjahrgang-2020-21\/","og_locale":"de_DE","og_type":"article","og_title":"FES-Realschule: Abschlussjahrgang 2020\/21 - Gymnasium | Freie Evangelische Schule und Kindertagesst\u00e4tte Heidenheim e. V.","og_description":"Mittlere Reife an der FES: Viele Preise und Auszeichnungen Unter Pr\u00fc\u00adfungsvor\u00adsitz von Schulleit\u00ader Andreas Borkeloh absolvierten 21 Sch\u00fcler unser\u00ader FES-Realschule im Juli 2021 erfol\u00adgre\u00adich ihre Realschulabschlusspr\u00fcfung.&nbsp; Alle Asol\u00adven\u00adten bestanden die [&hellip;]","og_url":"https:\/\/fes-heidenheim.de\/gymnasium\/2021\/11\/07\/fes-realschule-abschlussjahrgang-2020-21\/","og_site_name":"Gymnasium | Freie Evangelische Schule und Kindertagesst\u00e4tte Heidenheim e. V.","article_published_time":"2021-11-07T15:57:35+00:00","article_modified_time":"2021-11-07T15:57:36+00:00","og_image":[{"width":2000,"height":1334,"url":"https:\/\/fes-heidenheim.de\/gymnasium\/wp-content\/uploads\/sites\/8\/2021\/11\/fes-rs-abschluss2021-22.jpg","type":"image\/jpeg"}],"author":"fes","twitter_card":"summary_large_image","twitter_misc":{"Verfasst von":"fes","Gesch\u00e4tzte Lesezeit":"1\u00a0Minute"},"schema":{"@context":"https:\/\/schema.org","@graph":[{"@type":"Article","@id":"https:\/\/fes-heidenheim.de\/gymnasium\/2021\/11\/07\/fes-realschule-abschlussjahrgang-2020-21\/#article","isPartOf":{"@id":"https:\/\/fes-heidenheim.de\/gymnasium\/2021\/11\/07\/fes-realschule-abschlussjahrgang-2020-21\/"},"author":{"name":"fes","@id":"https:\/\/fes-heidenheim.de\/gymnasium\/#\/schema\/person\/e8b717a48deac1a9531664496e910db7"},"headline":"FES-Realschule: Abschlussjahrgang 2020\/21","datePublished":"2021-11-07T15:57:35+00:00","dateModified":"2021-11-07T15:57:36+00:00","mainEntityOfPage":{"@id":"https:\/\/fes-heidenheim.de\/gymnasium\/2021\/11\/07\/fes-realschule-abschlussjahrgang-2020-21\/"},"wordCount":161,"commentCount":0,"image":{"@id":"https:\/\/fes-heidenheim.de\/gymnasium\/2021\/11\/07\/fes-realschule-abschlussjahrgang-2020-21\/#primaryimage"},"thumbnailUrl":"https:\/\/fes-heidenheim.de\/gymnasium\/wp-content\/uploads\/sites\/8\/2021\/11\/fes-rs-abschluss2021-22.jpg","articleSection":["FES Realschule"],"inLanguage":"de"},{"@type":"WebPage","@id":"https:\/\/fes-heidenheim.de\/gymnasium\/2021\/11\/07\/fes-realschule-abschlussjahrgang-2020-21\/","url":"https:\/\/fes-heidenheim.de\/gymnasium\/2021\/11\/07\/fes-realschule-abschlussjahrgang-2020-21\/","name":"FES-Realschule: Abschlussjahrgang 2020\/21 - Gymnasium | Freie Evangelische Schule und Kindertagesst\u00e4tte Heidenheim e. V.","isPartOf":{"@id":"https:\/\/fes-heidenheim.de\/gymnasium\/#website"},"primaryImageOfPage":{"@id":"https:\/\/fes-heidenheim.de\/gymnasium\/2021\/11\/07\/fes-realschule-abschlussjahrgang-2020-21\/#primaryimage"},"image":{"@id":"https:\/\/fes-heidenheim.de\/gymnasium\/2021\/11\/07\/fes-realschule-abschlussjahrgang-2020-21\/#primaryimage"},"thumbnailUrl":"https:\/\/fes-heidenheim.de\/gymnasium\/wp-content\/uploads\/sites\/8\/2021\/11\/fes-rs-abschluss2021-22.jpg","datePublished":"2021-11-07T15:57:35+00:00","dateModified":"2021-11-07T15:57:36+00:00","author":{"@id":"https:\/\/fes-heidenheim.de\/gymnasium\/#\/schema\/person\/e8b717a48deac1a9531664496e910db7"},"breadcrumb":{"@id":"https:\/\/fes-heidenheim.de\/gymnasium\/2021\/11\/07\/fes-realschule-abschlussjahrgang-2020-21\/#breadcrumb"},"inLanguage":"de","potentialAction":[{"@type":"ReadAction","target":["https:\/\/fes-heidenheim.de\/gymnasium\/2021\/11\/07\/fes-realschule-abschlussjahrgang-2020-21\/"]}]},{"@type":"ImageObject","inLanguage":"de","@id":"https:\/\/fes-heidenheim.de\/gymnasium\/2021\/11\/07\/fes-realschule-abschlussjahrgang-2020-21\/#primaryimage","url":"https:\/\/fes-heidenheim.de\/gymnasium\/wp-content\/uploads\/sites\/8\/2021\/11\/fes-rs-abschluss2021-22.jpg","contentUrl":"https:\/\/fes-heidenheim.de\/gymnasium\/wp-content\/uploads\/sites\/8\/2021\/11\/fes-rs-abschluss2021-22.jpg","width":2000,"height":1334,"caption":"FES Heidenheim Realschule"},{"@type":"BreadcrumbList","@id":"https:\/\/fes-heidenheim.de\/gymnasium\/2021\/11\/07\/fes-realschule-abschlussjahrgang-2020-21\/#breadcrumb","itemListElement":[{"@type":"ListItem","position":1,"name":"Startseite","item":"https:\/\/fes-heidenheim.de\/gymnasium\/"},{"@type":"ListItem","position":2,"name":"FES-Realschule: Abschlussjahrgang 2020\/21"}]},{"@type":"WebSite","@id":"https:\/\/fes-heidenheim.de\/gymnasium\/#website","url":"https:\/\/fes-heidenheim.de\/gymnasium\/","name":"Gymnasium | Freie Evangelische Schule und Kindertagesst\u00e4tte Heidenheim e. V.","description":"Eine weitere Freie Evangelische Schule Heidenheim e.V. Websites Website","potentialAction":[{"@type":"SearchAction","target":{"@type":"EntryPoint","urlTemplate":"https:\/\/fes-heidenheim.de\/gymnasium\/?s={search_term_string}"},"query-input":{"@type":"PropertyValueSpecification","valueRequired":true,"valueName":"search_term_string"}}],"inLanguage":"de"},{"@type":"Person","@id":"https:\/\/fes-heidenheim.de\/gymnasium\/#\/schema\/person\/e8b717a48deac1a9531664496e910db7","name":"fes","image":{"@type":"ImageObject","inLanguage":"de","@id":"https:\/\/secure.gravatar.com\/avatar\/effdf0474358ff27f1e16eb3157eee659b464c36afe22d3bed195415271415a3?s=96&d=mm&r=g","url":"https:\/\/secure.gravatar.com\/avatar\/effdf0474358ff27f1e16eb3157eee659b464c36afe22d3bed195415271415a3?s=96&d=mm&r=g","contentUrl":"https:\/\/secure.gravatar.com\/avatar\/effdf0474358ff27f1e16eb3157eee659b464c36afe22d3bed195415271415a3?s=96&d=mm&r=g","caption":"fes"},"url":"https:\/\/fes-heidenheim.de\/gymnasium\/author\/fes\/"}]}},"_links":{"self":[{"href":"https:\/\/fes-heidenheim.de\/gymnasium\/wp-json\/wp\/v2\/posts\/2565","targetHints":{"allow":["GET"]}}],"collection":[{"href":"https:\/\/fes-heidenheim.de\/gymnasium\/wp-json\/wp\/v2\/posts"}],"about":[{"href":"https:\/\/fes-heidenheim.de\/gymnasium\/wp-json\/wp\/v2\/types\/post"}],"author":[{"embeddable":true,"href":"https:\/\/fes-heidenheim.de\/gymnasium\/wp-json\/wp\/v2\/users\/1"}],"replies":[{"embeddable":true,"href":"https:\/\/fes-heidenheim.de\/gymnasium\/wp-json\/wp\/v2\/comments?post=2565"}],"version-history":[{"count":1,"href":"https:\/\/fes-heidenheim.de\/gymnasium\/wp-json\/wp\/v2\/posts\/2565\/revisions"}],"predecessor-version":[{"id":2567,"href":"https:\/\/fes-heidenheim.de\/gymnasium\/wp-json\/wp\/v2\/posts\/2565\/revisions\/2567"}],"wp:featuredmedia":[{"embeddable":true,"href":"https:\/\/fes-heidenheim.de\/gymnasium\/wp-json\/wp\/v2\/media\/2566"}],"wp:attachment":[{"href":"https:\/\/fes-heidenheim.de\/gymnasium\/wp-json\/wp\/v2\/media?parent=2565"}],"wp:term":[{"taxonomy":"category","embeddable":true,"href":"https:\/\/fes-heidenheim.de\/gymnasium\/wp-json\/wp\/v2\/categories?post=2565"},{"taxonomy":"post_tag","embeddable":true,"href":"https:\/\/fes-heidenheim.de\/gymnasium\/wp-json\/wp\/v2\/tags?post=2565"}],"curies":[{"name":"wp","href":"https:\/\/api.w.org\/{rel}","templated":true}]}}