{"id":2646,"date":"2021-12-08T17:21:07","date_gmt":"2021-12-08T16:21:07","guid":{"rendered":"https:\/\/fes-heidenheim.de\/gymnasium\/?p=2646"},"modified":"2022-05-06T14:50:33","modified_gmt":"2022-05-06T12:50:33","slug":"probentage-auf-dem-schloss","status":"publish","type":"post","link":"https:\/\/fes-heidenheim.de\/gymnasium\/2021\/12\/08\/probentage-auf-dem-schloss\/","title":{"rendered":"Probentage auf dem Schloss"},"content":{"rendered":"\n<h2 class=\"wp-block-heading\">Gemeinsam singen und sich kennen lernen: Chorprobentage des FES-Jugendchors an der Musikakademie \u201eSchloss Weikersheim\u201c vom 27.\u201329.10.2021.<\/h2>\n\n\n\n<p><strong>Viel zulange kon\u00adnte der FES-Jugend\u00adchor nicht sin\u00adgen. Selb\u00adst als die Schulen im ver\u00adgan\u00adgenen Schul\u00adjahr 2020\/21 wieder \u00f6ffneten, durfte nicht oder kaum gesun\u00adgen wer\u00adden, nur inner\u00adhalb eines Jahrganges, nur mit zwei Meter Abstand. Choran\u00addacht? Schulkonz\u00adert? Fehlanzeige.<\/strong><\/p>\n\n\n\n<p>Auch dieses Schul\u00adjahr 2021\/22 begann wieder mit Ein\u00adschr\u00e4nkun\u00adgen, und unsere FES-Aula als Chor\u00adproben\u00adraum ist mit ihrer niedri\u00adgen, l\u00e4rm\u00adschluck\u00adenden Decke eine echte Her\u00adaus\u00adforderung. Doch kurz vor den Herb\u00adst\u00adfe\u00adrien durfte der Jugend\u00adchor dann tat\u00ads\u00e4ch\u00adlich wieder zu den tra\u00addi\u00adtionellen Chor\u00adproben\u00adt\u00ada\u00adgen nach Weik\u00ader\u00adsheim auf\u00adbrechen. Dort ste\u00adht die Musikakademie Schloss Weik\u00ader\u00adsheim der Jeuness\u00ades Musi\u00adcales. Nach\u00addem diese Fahrt im let\u00adzten Jahr wie fast alles andere ent\u00adfall\u00aden musste, durften sich die 47 S\u00e4n\u00adgerin\u00adnen und S\u00e4nger in Begleitung von Frau Groth, Her\u00adrn Borkeloh und Her\u00adrn Kamin\u00ads\u00adki am Mittwoch nach der drit\u00adten Stunde auf den Weg machen.<\/p>\n\n\n\n<figure class=\"wp-block-image size-full\"><img decoding=\"async\" src=\"https:\/\/fes-heidenheim.de\/wp-content\/uploads\/2021\/12\/fes-schloss-weikersheim03.jpg\" alt class=\"wp-image-3628\"><figcaption>Schloss Weik\u00ader\u00adsheim<\/figcaption><\/figure>\n\n\n\n<p>Ein Chor ist vor allem eines: eine Gemein\u00adschaft. Der FES-Jugend\u00adchor umfasst inzwis\u00adchen Sch\u00fc\u00adlerin\u00adnen und Sch\u00fcler aus f\u00fcnf Jahrg\u00e4n\u00adgen unser\u00ader FES-Realschule und unseres FES-Gym\u00adna\u00adsi\u00adums. Um sich nicht nur als Chor, son\u00addern auch als Gemein\u00adschaft zu find\u00aden, hat\u00adten wir auf dieser Fahrt zwei Mis\u00adsio\u00adnen: gemein\u00adsam sin\u00adgen und uns ken\u00adnen lernen.<\/p>\n\n\n\n<figure class=\"wp-block-image size-full\"><img loading=\"lazy\" decoding=\"async\" width=\"1024\" height=\"683\" src=\"https:\/\/fes-heidenheim.de\/gymnasium\/wp-content\/uploads\/sites\/8\/2021\/12\/fes-schloss-weikersheim06.jpg\" alt class=\"wp-image-2659\" srcset=\"https:\/\/fes-heidenheim.de\/gymnasium\/wp-content\/uploads\/sites\/8\/2021\/12\/fes-schloss-weikersheim06.jpg 1024w, https:\/\/fes-heidenheim.de\/gymnasium\/wp-content\/uploads\/sites\/8\/2021\/12\/fes-schloss-weikersheim06-980x654.jpg 980w, https:\/\/fes-heidenheim.de\/gymnasium\/wp-content\/uploads\/sites\/8\/2021\/12\/fes-schloss-weikersheim06-480x320.jpg 480w\" sizes=\"(min-width: 0px) and (max-width: 480px) 480px, (min-width: 481px) and (max-width: 980px) 980px, (min-width: 981px) 1024px, 100vw\"><\/figure>\n\n\n\n<p>Auf dem Pro\u00adgramm f\u00fcr die Chor\u00adproben standen vor allem Advents- und Wei\u00adh\u00adnacht\u00adslieder in Vor\u00adbere\u00aditung auf die tra\u00addi\u00adtionelle FES-Choran\u00addacht im Advent. Von Gospels wie \u201ePeo\u00adple Geht Ready\u201c \u00fcber inter\u00adna\u00adtionale wei\u00adh\u00adnachtliche Volk\u00adslieder wie das rus\u00adsis\u00adche \u201eSchlaf, mein Kindlein\u201c bis hin zu Klas\u00adsik\u00adern wie \u201eStille Nacht\u201c und \u201eTochter Zion\u201c durften sich die S\u00e4n\u00adgerin\u00adnen und S\u00e4nger im Alter zwis\u00adchen zw\u00f6lf und sechzehn Jahren an ein\u00ader Vielzahl musikalis\u00adch\u00ader Stile aus\u00adpro\u00adbieren. Vor allem die Siebt- und Achtk\u00adl\u00e4ssler hat\u00adten zum ersten Mal die Gele\u00adgen\u00adheit, in einem gemis\u00adcht\u00aden Chor drei- bis vier\u00adstim\u00admig zu sin\u00adgen. Das war im ver\u00adgan\u00adgenen Schul\u00adjahr auf\u00adgrund der strik\u00adten Grup\u00adpe\u00adnaufteilun\u00adgen nicht m\u00f6glich.<\/p>\n\n\n\n<figure class=\"wp-block-image size-full\"><img decoding=\"async\" src=\"https:\/\/fes-heidenheim.de\/wp-content\/uploads\/2021\/12\/fes-schloss-weikersheim05.jpg\" alt class=\"wp-image-3627\"><figcaption>Toller Proben\u00adraum mit wun\u00adder\u00adbar\u00ader Akustik. So macht Sin\u00adgen&nbsp;Spa\u00df!<\/figcaption><\/figure>\n\n\n\n<p><br>Geprobt wurde in einem sch\u00f6\u00adnen, gro\u00dfen Proben\u00adraum mit toller Akustik, die es dem Chor m\u00f6glich machte, sich trotz Sicher\u00adheitsab\u00adst\u00e4nde gegen\u00adseit\u00adig zu h\u00f6ren und den eige\u00adnen Zusam\u00admen\u00adklang als Gruppe zu erforschen und zu schulen.<br>Die zweiein\u00adhalb Proben\u00adt\u00adage bestanden nicht nur aus Essen, Schlafen und Sin\u00adgen. Neben viel Freizeit f\u00fcr die Sch\u00fc\u00adlerin\u00adnen und Sch\u00fcler, um das kleine St\u00e4dtchen Weik\u00ader\u00adsheim zu erkun\u00adden, Tis\u00adchten\u00adnis und Fu\u00dfball zu spie\u00adlen und den nahen Super\u00admarkt unsich\u00ader zu machen gab es an bei\u00adden Aben\u00adden noch gemein\u00adsames Pro\u00adgramm, Ken\u00adnen\u00adlern\u00adspiele, einen kleinen Impuls und ein Pub-Quiz zum The\u00adma des kurz bevorste\u00adhen\u00adden Refor\u00adma\u00adtion\u00adstages. Es stellte sich her\u00adaus: Unsere FES-Sch\u00fcler\/-innen sind echte Luther-Profis und Bibelkenner!<\/p>\n\n\n\n<p><br>Der Chor, der am Mittwochvor\u00admit\u00adtag mit dem Bus nach Weik\u00ader\u00adsheim fuhr, war ein ander\u00ader als der, der am Fre\u00aditag\u00admit\u00adtag gl\u00fcck\u00adlich und m\u00fcde wieder an der FES in der Kurzen Stra\u00dfe lan\u00addete, um in die wohlver\u00addi\u00aden\u00adten Herb\u00adst\u00adfe\u00adrien zu starten. Wir hat\u00adten eine wertvolle, gemein\u00adsame Zeit, haben uns gegen\u00adseit\u00adig als S\u00e4nger\/-innen und als Men\u00adschen bess\u00ader ken\u00adnen gel\u00adernt, \u00fcber Jahrg\u00e4nge hin\u00adaus neue Fre\u00adund\u00adschaften geschlossen und sind musikalisch extrem gewach\u00adsen. Nach anderthalb Jahren der Ein\u00adschr\u00e4nkun\u00adgen kam endlich wieder ein Gef\u00fchl von Freude am gemein\u00adsamen Sin\u00adgen auf. Die Ein\u00adschr\u00e4nkun\u00adgen gehen nun weit\u00ader, doch die pos\u00adi\u00adtiv\u00aden Effek\u00adte dieser Chor\u00adproben\u00adt\u00adage wer\u00adden noch sehr lange in diesem jun\u00adgen Chor zu sp\u00fcren sein.<\/p>\n\n\n\n<figure class=\"wp-block-image size-full\"><img decoding=\"async\" src=\"https:\/\/fes-heidenheim.de\/wp-content\/uploads\/2021\/12\/fes-schloss-weikersheim.jpg\" alt class=\"wp-image-3629\"><\/figure>\n","protected":false},"excerpt":{"rendered":"<p>Gemein\u00adsam sin\u00adgen und sich ken\u00adnen ler\u00adnen: Chor\u00adproben\u00adt\u00adage des FES-Jugend\u00adchors an der Musikakademie \u201eSchloss Weik\u00ader\u00adsheim\u201c vom 27.\u201329.10.2021. Viel zulange kon\u00adnte der FES-Jugend\u00ad\u00adchor nicht sin\u00adgen. Selb\u00adst als die Schulen im ver\u00adgan\u00adgenen Schuljahr&nbsp;[\u2026]<\/p>\n","protected":false},"author":1,"featured_media":2653,"comment_status":"open","ping_status":"open","sticky":false,"template":"","format":"standard","meta":{"_et_pb_use_builder":"off","_et_pb_old_content":"<!-- wp:heading -->\n<h2>Gemeinsam singen und sich kennen lernen: Chorprobentage des FES-Jugendchors an der Musikakademie \u201eSchloss Weikersheim\u201c vom 27.-29.10.2021<\/h2>\n<!-- \/wp:heading -->\n\n<!-- wp:paragraph -->\n<p><strong>Viel zulange konnte der FES-Jugendchor nicht singen. Selbst als die Schulen im vergangenen Schuljahr 2020\/21 wieder \u00f6ffneten, durfte nicht oder kaum gesungen werden, nur innerhalb eines Jahrganges, nur mit zwei Meter Abstand. Chorandacht? Schulkonzert? Fehlanzeige.<\/strong><\/p>\n<!-- \/wp:paragraph -->\n\n<!-- wp:paragraph -->\n<p>Auch dieses Schuljahr 2021\/22 begann wieder mit Einschr\u00e4nkungen, und unsere FES-Aula als Chorprobenraum ist mit ihrer niedrigen, l\u00e4rmschluckenden Decke eine echte Herausforderung. Doch kurz vor den Herbstferien durfte der Jugendchor dann tats\u00e4chlich wieder zu den traditionellen Chorprobentagen nach Weikersheim aufbrechen. Dort steht die Musikakademie Schloss Weikersheim der Jeunesses Musicales. Nachdem diese Fahrt im letzten Jahr wie fast alles andere entfallen musste, durften sich die 47 S\u00e4ngerinnen und S\u00e4nger in Begleitung von Frau Groth, Herrn Borkeloh und Herrn Kaminski am Mittwoch nach der dritten Stunde auf den Weg machen.<\/p>\n<!-- \/wp:paragraph -->\n\n<!-- wp:image {\"id\":3628,\"sizeSlug\":\"full\",\"linkDestination\":\"none\"} -->\n<figure class=\"wp-block-image size-full\"><img src=\"https:\/\/fes-heidenheim.de\/wp-content\/uploads\/2021\/12\/fes-schloss-weikersheim03.jpg\" alt=\"\" class=\"wp-image-3628\"\/><figcaption>Schloss Weikersheim<\/figcaption><\/figure>\n<!-- \/wp:image -->\n\n<!-- wp:paragraph -->\n<p>Ein Chor ist vor allem eines: eine Gemeinschaft. Der FES-Jugendchor umfasst inzwischen Sch\u00fclerinnen und Sch\u00fcler aus f\u00fcnf Jahrg\u00e4ngen unserer FES-Realschule und unseres FES-Gymnasiums. Um sich nicht nur als Chor, sondern auch als Gemeinschaft zu finden, hatten wir auf dieser Fahrt zwei Missionen: gemeinsam singen und uns kennen lernen.<\/p>\n<!-- \/wp:paragraph -->\n\n<!-- wp:paragraph -->\n<p>Auf dem Programm f\u00fcr die Chorproben standen vor allem Advents- und Weihnachtslieder in Vorbereitung auf die traditionelle FES-Chorandacht im Advent. Von Gospels wie \u201ePeople Geht Ready\u201c \u00fcber internationale weihnachtliche Volkslieder wie das russische \u201eSchlaf, mein Kindlein\u201c bis hin zu Klassikern wie \u201eStille Nacht\u201c und \u201eTochter Zion\u201c durften sich die S\u00e4ngerinnen und S\u00e4nger im Alter zwischen zw\u00f6lf und sechzehn Jahren an einer Vielzahl musikalischer Stile ausprobieren. Vor allem die Siebt- und Achtkl\u00e4ssler hatten zum ersten Mal die Gelegenheit, in einem gemischten Chor drei- bis vierstimmig zu singen. Das war im vergangenen Schuljahr aufgrund der strikten Gruppenaufteilungen nicht m\u00f6glich.<\/p>\n<!-- \/wp:paragraph -->\n\n<!-- wp:image {\"id\":3627,\"sizeSlug\":\"full\",\"linkDestination\":\"none\"} -->\n<figure class=\"wp-block-image size-full\"><img src=\"https:\/\/fes-heidenheim.de\/wp-content\/uploads\/2021\/12\/fes-schloss-weikersheim05.jpg\" alt=\"\" class=\"wp-image-3627\"\/><figcaption>Toller Probenraum mit wunderbarer Akustik. So macht Singen Spa\u00df!<\/figcaption><\/figure>\n<!-- \/wp:image -->\n\n<!-- wp:paragraph -->\n<p><br>Geprobt wurde in einem sch\u00f6nen, gro\u00dfen Probenraum mit toller Akustik, die es dem Chor m\u00f6glich machte, sich trotz Sicherheitsabst\u00e4nde gegenseitig zu h\u00f6ren und den eigenen Zusammenklang als Gruppe zu erforschen und zu schulen.<br>Die zweieinhalb Probentage bestanden nicht nur aus Essen, Schlafen und Singen. Neben viel Freizeit f\u00fcr die Sch\u00fclerinnen und Sch\u00fcler, um das kleine St\u00e4dtchen Weikersheim zu erkunden, Tischtennis und Fu\u00dfball zu spielen und den nahen Supermarkt unsicher zu machen gab es an beiden Abenden noch gemeinsames Programm, Kennenlernspiele, einen kleinen Impuls und ein Pub-Quiz zum Thema des kurz bevorstehenden Reformationstages. Es stellte sich heraus: Unsere FES-Sch\u00fcler\/-innen sind echte Luther-Profis und Bibelkenner!<\/p>\n<!-- \/wp:paragraph -->\n\n<!-- wp:paragraph -->\n<p><br>Der Chor, der am Mittwochvormittag mit dem Bus nach Weikersheim fuhr, war ein anderer als der, der am Freitagmittag gl\u00fccklich und m\u00fcde wieder an der FES in der Kurzen Stra\u00dfe landete, um in die wohlverdienten Herbstferien zu starten. Wir hatten eine wertvolle, gemeinsame Zeit, haben uns gegenseitig als S\u00e4nger\/-innen und als Menschen besser kennen gelernt, \u00fcber Jahrg\u00e4nge hinaus neue Freundschaften geschlossen und sind musikalisch extrem gewachsen. Nach anderthalb Jahren der Einschr\u00e4nkungen kam endlich wieder ein Gef\u00fchl von Freude am gemeinsamen Singen auf. Die Einschr\u00e4nkungen gehen nun weiter, doch die positiven Effekte dieser Chorprobentage werden noch sehr lange in diesem jungen Chor zu sp\u00fcren sein.<\/p>\n<!-- \/wp:paragraph -->\n\n<!-- wp:image {\"id\":3629,\"sizeSlug\":\"full\",\"linkDestination\":\"none\"} -->\n<figure class=\"wp-block-image size-full\"><img src=\"https:\/\/fes-heidenheim.de\/wp-content\/uploads\/2021\/12\/fes-schloss-weikersheim.jpg\" alt=\"\" class=\"wp-image-3629\"\/><\/figure>\n<!-- \/wp:image -->","_et_gb_content_width":"","inline_featured_image":false,"wp_typography_post_enhancements_disabled":false,"footnotes":""},"categories":[30,29,49,44,48,47],"tags":[],"class_list":["post-2646","post","type-post","status-publish","format-standard","has-post-thumbnail","hentry","category-fes-gymnasium","category-fes-realschule","category-fes-unterwegs-gym","category-fes-unterwegs-rs","category-fes-vokal-gym","category-fes-musical-rs"],"yoast_head":"<!-- This site is optimized with the Yoast SEO plugin v27.4 - https:\/\/yoast.com\/product\/yoast-seo-wordpress\/ -->\n<title>Probentage auf dem Schloss - Gymnasium | Freie Evangelische Schule und Kindertagesst\u00e4tte Heidenheim e. V.<\/title>\n<meta name=\"robots\" content=\"index, follow, max-snippet:-1, max-image-preview:large, max-video-preview:-1\" \/>\n<link rel=\"canonical\" href=\"https:\/\/fes-heidenheim.de\/gymnasium\/2021\/12\/08\/probentage-auf-dem-schloss\/\" \/>\n<meta property=\"og:locale\" content=\"de_DE\" \/>\n<meta property=\"og:type\" content=\"article\" \/>\n<meta property=\"og:title\" content=\"Probentage auf dem Schloss - Gymnasium | Freie Evangelische Schule und Kindertagesst\u00e4tte Heidenheim e. V.\" \/>\n<meta property=\"og:description\" content=\"Gemeinsam singen und sich kennen lernen: Chorprobentage des FES-Jugendchors an der Musikakademie \u201eSchloss Weikersheim\u201c vom 27.\u201329.10.2021. Viel zulange kon\u00adnte der FES-Jugend\u00adchor nicht sin\u00adgen. Selb\u00adst als die Schulen im ver\u00adgan\u00adgenen Schul\u00adjahr [&hellip;]\" \/>\n<meta property=\"og:url\" content=\"https:\/\/fes-heidenheim.de\/gymnasium\/2021\/12\/08\/probentage-auf-dem-schloss\/\" \/>\n<meta property=\"og:site_name\" content=\"Gymnasium | Freie Evangelische Schule und Kindertagesst\u00e4tte Heidenheim e. V.\" \/>\n<meta property=\"article:published_time\" content=\"2021-12-08T16:21:07+00:00\" \/>\n<meta property=\"article:modified_time\" content=\"2022-05-06T12:50:33+00:00\" \/>\n<meta property=\"og:image\" content=\"https:\/\/fes-heidenheim.de\/gymnasium\/wp-content\/uploads\/sites\/8\/2021\/12\/fes-schloss-weikersheim04.jpg\" \/>\n\t<meta property=\"og:image:width\" content=\"1024\" \/>\n\t<meta property=\"og:image:height\" content=\"683\" \/>\n\t<meta property=\"og:image:type\" content=\"image\/jpeg\" \/>\n<meta name=\"author\" content=\"fes\" \/>\n<meta name=\"twitter:card\" content=\"summary_large_image\" \/>\n<meta name=\"twitter:label1\" content=\"Verfasst von\" \/>\n\t<meta name=\"twitter:data1\" content=\"fes\" \/>\n\t<meta name=\"twitter:label2\" content=\"Gesch\u00e4tzte Lesezeit\" \/>\n\t<meta name=\"twitter:data2\" content=\"3\u00a0Minuten\" \/>\n<script type=\"application\/ld+json\" class=\"yoast-schema-graph\">{\"@context\":\"https:\\\/\\\/schema.org\",\"@graph\":[{\"@type\":\"Article\",\"@id\":\"https:\\\/\\\/fes-heidenheim.de\\\/gymnasium\\\/2021\\\/12\\\/08\\\/probentage-auf-dem-schloss\\\/#article\",\"isPartOf\":{\"@id\":\"https:\\\/\\\/fes-heidenheim.de\\\/gymnasium\\\/2021\\\/12\\\/08\\\/probentage-auf-dem-schloss\\\/\"},\"author\":{\"name\":\"fes\",\"@id\":\"https:\\\/\\\/fes-heidenheim.de\\\/gymnasium\\\/#\\\/schema\\\/person\\\/e8b717a48deac1a9531664496e910db7\"},\"headline\":\"Probentage auf dem Schloss\",\"datePublished\":\"2021-12-08T16:21:07+00:00\",\"dateModified\":\"2022-05-06T12:50:33+00:00\",\"mainEntityOfPage\":{\"@id\":\"https:\\\/\\\/fes-heidenheim.de\\\/gymnasium\\\/2021\\\/12\\\/08\\\/probentage-auf-dem-schloss\\\/\"},\"wordCount\":540,\"commentCount\":0,\"image\":{\"@id\":\"https:\\\/\\\/fes-heidenheim.de\\\/gymnasium\\\/2021\\\/12\\\/08\\\/probentage-auf-dem-schloss\\\/#primaryimage\"},\"thumbnailUrl\":\"https:\\\/\\\/fes-heidenheim.de\\\/gymnasium\\\/wp-content\\\/uploads\\\/sites\\\/8\\\/2021\\\/12\\\/fes-schloss-weikersheim04.jpg\",\"articleSection\":[\"FES Gymnasium\",\"FES Realschule\",\"FES unterwegs GYM\",\"FES unterwegs RS\",\"FES Vokal GYM\",\"FES Vokal RS\"],\"inLanguage\":\"de\"},{\"@type\":\"WebPage\",\"@id\":\"https:\\\/\\\/fes-heidenheim.de\\\/gymnasium\\\/2021\\\/12\\\/08\\\/probentage-auf-dem-schloss\\\/\",\"url\":\"https:\\\/\\\/fes-heidenheim.de\\\/gymnasium\\\/2021\\\/12\\\/08\\\/probentage-auf-dem-schloss\\\/\",\"name\":\"Probentage auf dem Schloss - Gymnasium | Freie Evangelische Schule und Kindertagesst\u00e4tte Heidenheim e. V.\",\"isPartOf\":{\"@id\":\"https:\\\/\\\/fes-heidenheim.de\\\/gymnasium\\\/#website\"},\"primaryImageOfPage\":{\"@id\":\"https:\\\/\\\/fes-heidenheim.de\\\/gymnasium\\\/2021\\\/12\\\/08\\\/probentage-auf-dem-schloss\\\/#primaryimage\"},\"image\":{\"@id\":\"https:\\\/\\\/fes-heidenheim.de\\\/gymnasium\\\/2021\\\/12\\\/08\\\/probentage-auf-dem-schloss\\\/#primaryimage\"},\"thumbnailUrl\":\"https:\\\/\\\/fes-heidenheim.de\\\/gymnasium\\\/wp-content\\\/uploads\\\/sites\\\/8\\\/2021\\\/12\\\/fes-schloss-weikersheim04.jpg\",\"datePublished\":\"2021-12-08T16:21:07+00:00\",\"dateModified\":\"2022-05-06T12:50:33+00:00\",\"author\":{\"@id\":\"https:\\\/\\\/fes-heidenheim.de\\\/gymnasium\\\/#\\\/schema\\\/person\\\/e8b717a48deac1a9531664496e910db7\"},\"breadcrumb\":{\"@id\":\"https:\\\/\\\/fes-heidenheim.de\\\/gymnasium\\\/2021\\\/12\\\/08\\\/probentage-auf-dem-schloss\\\/#breadcrumb\"},\"inLanguage\":\"de\",\"potentialAction\":[{\"@type\":\"ReadAction\",\"target\":[\"https:\\\/\\\/fes-heidenheim.de\\\/gymnasium\\\/2021\\\/12\\\/08\\\/probentage-auf-dem-schloss\\\/\"]}]},{\"@type\":\"ImageObject\",\"inLanguage\":\"de\",\"@id\":\"https:\\\/\\\/fes-heidenheim.de\\\/gymnasium\\\/2021\\\/12\\\/08\\\/probentage-auf-dem-schloss\\\/#primaryimage\",\"url\":\"https:\\\/\\\/fes-heidenheim.de\\\/gymnasium\\\/wp-content\\\/uploads\\\/sites\\\/8\\\/2021\\\/12\\\/fes-schloss-weikersheim04.jpg\",\"contentUrl\":\"https:\\\/\\\/fes-heidenheim.de\\\/gymnasium\\\/wp-content\\\/uploads\\\/sites\\\/8\\\/2021\\\/12\\\/fes-schloss-weikersheim04.jpg\",\"width\":1024,\"height\":683,\"caption\":\"FES Heidenheim Chor-Probentage\"},{\"@type\":\"BreadcrumbList\",\"@id\":\"https:\\\/\\\/fes-heidenheim.de\\\/gymnasium\\\/2021\\\/12\\\/08\\\/probentage-auf-dem-schloss\\\/#breadcrumb\",\"itemListElement\":[{\"@type\":\"ListItem\",\"position\":1,\"name\":\"Startseite\",\"item\":\"https:\\\/\\\/fes-heidenheim.de\\\/gymnasium\\\/\"},{\"@type\":\"ListItem\",\"position\":2,\"name\":\"Probentage auf dem Schloss\"}]},{\"@type\":\"WebSite\",\"@id\":\"https:\\\/\\\/fes-heidenheim.de\\\/gymnasium\\\/#website\",\"url\":\"https:\\\/\\\/fes-heidenheim.de\\\/gymnasium\\\/\",\"name\":\"Gymnasium | Freie Evangelische Schule und Kindertagesst\u00e4tte Heidenheim e. V.\",\"description\":\"Eine weitere Freie Evangelische Schule Heidenheim e.V. Websites Website\",\"potentialAction\":[{\"@type\":\"SearchAction\",\"target\":{\"@type\":\"EntryPoint\",\"urlTemplate\":\"https:\\\/\\\/fes-heidenheim.de\\\/gymnasium\\\/?s={search_term_string}\"},\"query-input\":{\"@type\":\"PropertyValueSpecification\",\"valueRequired\":true,\"valueName\":\"search_term_string\"}}],\"inLanguage\":\"de\"},{\"@type\":\"Person\",\"@id\":\"https:\\\/\\\/fes-heidenheim.de\\\/gymnasium\\\/#\\\/schema\\\/person\\\/e8b717a48deac1a9531664496e910db7\",\"name\":\"fes\",\"image\":{\"@type\":\"ImageObject\",\"inLanguage\":\"de\",\"@id\":\"https:\\\/\\\/secure.gravatar.com\\\/avatar\\\/effdf0474358ff27f1e16eb3157eee659b464c36afe22d3bed195415271415a3?s=96&d=mm&r=g\",\"url\":\"https:\\\/\\\/secure.gravatar.com\\\/avatar\\\/effdf0474358ff27f1e16eb3157eee659b464c36afe22d3bed195415271415a3?s=96&d=mm&r=g\",\"contentUrl\":\"https:\\\/\\\/secure.gravatar.com\\\/avatar\\\/effdf0474358ff27f1e16eb3157eee659b464c36afe22d3bed195415271415a3?s=96&d=mm&r=g\",\"caption\":\"fes\"},\"url\":\"https:\\\/\\\/fes-heidenheim.de\\\/gymnasium\\\/author\\\/fes\\\/\"}]}<\/script>\n<!-- \/ Yoast SEO plugin. -->","yoast_head_json":{"title":"Probentage auf dem Schloss - Gymnasium | Freie Evangelische Schule und Kindertagesst\u00e4tte Heidenheim e. V.","robots":{"index":"index","follow":"follow","max-snippet":"max-snippet:-1","max-image-preview":"max-image-preview:large","max-video-preview":"max-video-preview:-1"},"canonical":"https:\/\/fes-heidenheim.de\/gymnasium\/2021\/12\/08\/probentage-auf-dem-schloss\/","og_locale":"de_DE","og_type":"article","og_title":"Probentage auf dem Schloss - Gymnasium | Freie Evangelische Schule und Kindertagesst\u00e4tte Heidenheim e. V.","og_description":"Gemeinsam singen und sich kennen lernen: Chorprobentage des FES-Jugendchors an der Musikakademie \u201eSchloss Weikersheim\u201c vom 27.\u201329.10.2021. Viel zulange kon\u00adnte der FES-Jugend\u00adchor nicht sin\u00adgen. Selb\u00adst als die Schulen im ver\u00adgan\u00adgenen Schul\u00adjahr [&hellip;]","og_url":"https:\/\/fes-heidenheim.de\/gymnasium\/2021\/12\/08\/probentage-auf-dem-schloss\/","og_site_name":"Gymnasium | Freie Evangelische Schule und Kindertagesst\u00e4tte Heidenheim e. V.","article_published_time":"2021-12-08T16:21:07+00:00","article_modified_time":"2022-05-06T12:50:33+00:00","og_image":[{"width":1024,"height":683,"url":"https:\/\/fes-heidenheim.de\/gymnasium\/wp-content\/uploads\/sites\/8\/2021\/12\/fes-schloss-weikersheim04.jpg","type":"image\/jpeg"}],"author":"fes","twitter_card":"summary_large_image","twitter_misc":{"Verfasst von":"fes","Gesch\u00e4tzte Lesezeit":"3\u00a0Minuten"},"schema":{"@context":"https:\/\/schema.org","@graph":[{"@type":"Article","@id":"https:\/\/fes-heidenheim.de\/gymnasium\/2021\/12\/08\/probentage-auf-dem-schloss\/#article","isPartOf":{"@id":"https:\/\/fes-heidenheim.de\/gymnasium\/2021\/12\/08\/probentage-auf-dem-schloss\/"},"author":{"name":"fes","@id":"https:\/\/fes-heidenheim.de\/gymnasium\/#\/schema\/person\/e8b717a48deac1a9531664496e910db7"},"headline":"Probentage auf dem Schloss","datePublished":"2021-12-08T16:21:07+00:00","dateModified":"2022-05-06T12:50:33+00:00","mainEntityOfPage":{"@id":"https:\/\/fes-heidenheim.de\/gymnasium\/2021\/12\/08\/probentage-auf-dem-schloss\/"},"wordCount":540,"commentCount":0,"image":{"@id":"https:\/\/fes-heidenheim.de\/gymnasium\/2021\/12\/08\/probentage-auf-dem-schloss\/#primaryimage"},"thumbnailUrl":"https:\/\/fes-heidenheim.de\/gymnasium\/wp-content\/uploads\/sites\/8\/2021\/12\/fes-schloss-weikersheim04.jpg","articleSection":["FES Gymnasium","FES Realschule","FES unterwegs GYM","FES unterwegs RS","FES Vokal GYM","FES Vokal RS"],"inLanguage":"de"},{"@type":"WebPage","@id":"https:\/\/fes-heidenheim.de\/gymnasium\/2021\/12\/08\/probentage-auf-dem-schloss\/","url":"https:\/\/fes-heidenheim.de\/gymnasium\/2021\/12\/08\/probentage-auf-dem-schloss\/","name":"Probentage auf dem Schloss - Gymnasium | Freie Evangelische Schule und Kindertagesst\u00e4tte Heidenheim e. V.","isPartOf":{"@id":"https:\/\/fes-heidenheim.de\/gymnasium\/#website"},"primaryImageOfPage":{"@id":"https:\/\/fes-heidenheim.de\/gymnasium\/2021\/12\/08\/probentage-auf-dem-schloss\/#primaryimage"},"image":{"@id":"https:\/\/fes-heidenheim.de\/gymnasium\/2021\/12\/08\/probentage-auf-dem-schloss\/#primaryimage"},"thumbnailUrl":"https:\/\/fes-heidenheim.de\/gymnasium\/wp-content\/uploads\/sites\/8\/2021\/12\/fes-schloss-weikersheim04.jpg","datePublished":"2021-12-08T16:21:07+00:00","dateModified":"2022-05-06T12:50:33+00:00","author":{"@id":"https:\/\/fes-heidenheim.de\/gymnasium\/#\/schema\/person\/e8b717a48deac1a9531664496e910db7"},"breadcrumb":{"@id":"https:\/\/fes-heidenheim.de\/gymnasium\/2021\/12\/08\/probentage-auf-dem-schloss\/#breadcrumb"},"inLanguage":"de","potentialAction":[{"@type":"ReadAction","target":["https:\/\/fes-heidenheim.de\/gymnasium\/2021\/12\/08\/probentage-auf-dem-schloss\/"]}]},{"@type":"ImageObject","inLanguage":"de","@id":"https:\/\/fes-heidenheim.de\/gymnasium\/2021\/12\/08\/probentage-auf-dem-schloss\/#primaryimage","url":"https:\/\/fes-heidenheim.de\/gymnasium\/wp-content\/uploads\/sites\/8\/2021\/12\/fes-schloss-weikersheim04.jpg","contentUrl":"https:\/\/fes-heidenheim.de\/gymnasium\/wp-content\/uploads\/sites\/8\/2021\/12\/fes-schloss-weikersheim04.jpg","width":1024,"height":683,"caption":"FES Heidenheim Chor-Probentage"},{"@type":"BreadcrumbList","@id":"https:\/\/fes-heidenheim.de\/gymnasium\/2021\/12\/08\/probentage-auf-dem-schloss\/#breadcrumb","itemListElement":[{"@type":"ListItem","position":1,"name":"Startseite","item":"https:\/\/fes-heidenheim.de\/gymnasium\/"},{"@type":"ListItem","position":2,"name":"Probentage auf dem Schloss"}]},{"@type":"WebSite","@id":"https:\/\/fes-heidenheim.de\/gymnasium\/#website","url":"https:\/\/fes-heidenheim.de\/gymnasium\/","name":"Gymnasium | Freie Evangelische Schule und Kindertagesst\u00e4tte Heidenheim e. V.","description":"Eine weitere Freie Evangelische Schule Heidenheim e.V. Websites Website","potentialAction":[{"@type":"SearchAction","target":{"@type":"EntryPoint","urlTemplate":"https:\/\/fes-heidenheim.de\/gymnasium\/?s={search_term_string}"},"query-input":{"@type":"PropertyValueSpecification","valueRequired":true,"valueName":"search_term_string"}}],"inLanguage":"de"},{"@type":"Person","@id":"https:\/\/fes-heidenheim.de\/gymnasium\/#\/schema\/person\/e8b717a48deac1a9531664496e910db7","name":"fes","image":{"@type":"ImageObject","inLanguage":"de","@id":"https:\/\/secure.gravatar.com\/avatar\/effdf0474358ff27f1e16eb3157eee659b464c36afe22d3bed195415271415a3?s=96&d=mm&r=g","url":"https:\/\/secure.gravatar.com\/avatar\/effdf0474358ff27f1e16eb3157eee659b464c36afe22d3bed195415271415a3?s=96&d=mm&r=g","contentUrl":"https:\/\/secure.gravatar.com\/avatar\/effdf0474358ff27f1e16eb3157eee659b464c36afe22d3bed195415271415a3?s=96&d=mm&r=g","caption":"fes"},"url":"https:\/\/fes-heidenheim.de\/gymnasium\/author\/fes\/"}]}},"_links":{"self":[{"href":"https:\/\/fes-heidenheim.de\/gymnasium\/wp-json\/wp\/v2\/posts\/2646","targetHints":{"allow":["GET"]}}],"collection":[{"href":"https:\/\/fes-heidenheim.de\/gymnasium\/wp-json\/wp\/v2\/posts"}],"about":[{"href":"https:\/\/fes-heidenheim.de\/gymnasium\/wp-json\/wp\/v2\/types\/post"}],"author":[{"embeddable":true,"href":"https:\/\/fes-heidenheim.de\/gymnasium\/wp-json\/wp\/v2\/users\/1"}],"replies":[{"embeddable":true,"href":"https:\/\/fes-heidenheim.de\/gymnasium\/wp-json\/wp\/v2\/comments?post=2646"}],"version-history":[{"count":9,"href":"https:\/\/fes-heidenheim.de\/gymnasium\/wp-json\/wp\/v2\/posts\/2646\/revisions"}],"predecessor-version":[{"id":2661,"href":"https:\/\/fes-heidenheim.de\/gymnasium\/wp-json\/wp\/v2\/posts\/2646\/revisions\/2661"}],"wp:featuredmedia":[{"embeddable":true,"href":"https:\/\/fes-heidenheim.de\/gymnasium\/wp-json\/wp\/v2\/media\/2653"}],"wp:attachment":[{"href":"https:\/\/fes-heidenheim.de\/gymnasium\/wp-json\/wp\/v2\/media?parent=2646"}],"wp:term":[{"taxonomy":"category","embeddable":true,"href":"https:\/\/fes-heidenheim.de\/gymnasium\/wp-json\/wp\/v2\/categories?post=2646"},{"taxonomy":"post_tag","embeddable":true,"href":"https:\/\/fes-heidenheim.de\/gymnasium\/wp-json\/wp\/v2\/tags?post=2646"}],"curies":[{"name":"wp","href":"https:\/\/api.w.org\/{rel}","templated":true}]}}