{"id":3926,"date":"2022-07-11T10:06:14","date_gmt":"2022-07-11T08:06:14","guid":{"rendered":"https:\/\/fes-heidenheim.de\/gymnasium\/2022\/07\/11\/london-calling\/"},"modified":"2022-07-11T11:20:09","modified_gmt":"2022-07-11T09:20:09","slug":"london-calling","status":"publish","type":"post","link":"https:\/\/fes-heidenheim.de\/gymnasium\/2022\/07\/11\/london-calling\/","title":{"rendered":"This Is London Calling"},"content":{"rendered":"\n<h2 class=\"wp-block-heading\">Sprachreise nach London, Gro\u00dfbritannien \u2014 Englisch LK Kursstufe 1 \/&nbsp;2022<\/h2>\n\n\n\n<figure class=\"wp-block-image size-large\"><img loading=\"lazy\" decoding=\"async\" width=\"1024\" height=\"628\" src=\"https:\/\/fes-heidenheim.de\/gymnasium\/wp-content\/uploads\/sites\/8\/2022\/07\/Bildschirmfoto-2022-07-09-um-17.02.23-1024x628.png\" alt class=\"wp-image-3892\" srcset=\"https:\/\/fes-heidenheim.de\/gymnasium\/wp-content\/uploads\/sites\/8\/2022\/07\/Bildschirmfoto-2022-07-09-um-17.02.23-1024x628.png 1024w, https:\/\/fes-heidenheim.de\/gymnasium\/wp-content\/uploads\/sites\/8\/2022\/07\/Bildschirmfoto-2022-07-09-um-17.02.23-980x601.png 980w, https:\/\/fes-heidenheim.de\/gymnasium\/wp-content\/uploads\/sites\/8\/2022\/07\/Bildschirmfoto-2022-07-09-um-17.02.23-480x294.png 480w\" sizes=\"(min-width: 0px) and (max-width: 480px) 480px, (min-width: 481px) and (max-width: 980px) 980px, (min-width: 981px) 1024px, 100vw\"><figcaption>Die Fan\u00adtastis\u00adchen 5 (18.06.22 \u2013 Flughafen Mem\u00admin\u00adgen \u2013 09:43)<\/figcaption><\/figure>\n\n\n\n<p><\/p>\n\n\n\n<p>In diesem Jahr haben wir beschlossen, neue Luft- und Seewege zu erkun\u00adden, u.a. auf\u00adgrund des Coro\u00adna-bed\u00adingten Aus\u00adfalls des Aus\u00adtausch\u00adpro\u00adgrams mit Ameri\u00adka. Begleit\u00adet wurde dieses Vorhaben mit pr\u00e4ze\u00adden\u00adzlosem Enthu\u00adsi\u00adas\u00admus unser\u00ader Kursstufen\u00adsch\u00fcler, der \u00fcber die ganze Reise hin\u00adweg anhielt. Dabei sollte diese Unternehmung dem Begriff \u201eSprachreise\u201c gerecht wer\u00adden, weshalb an eini\u00adgen Stellen die Weichen daf\u00fcr gestellt wur\u00adden (i.e. Eng\u00adlish Times, Gottes\u00addi\u00aden\u00adst\u00adbe\u00adsuch, F\u00fchrun\u00adgen&nbsp;etc.).<\/p>\n\n\n\n<figure class=\"wp-block-image size-large\"><img loading=\"lazy\" decoding=\"async\" width=\"1024\" height=\"564\" src=\"https:\/\/fes-heidenheim.de\/gymnasium\/wp-content\/uploads\/sites\/8\/2022\/07\/Bildschirmfoto-2022-07-09-um-17.04.30-1024x564.png\" alt class=\"wp-image-3895\" srcset=\"https:\/\/fes-heidenheim.de\/gymnasium\/wp-content\/uploads\/sites\/8\/2022\/07\/Bildschirmfoto-2022-07-09-um-17.04.30-1024x564.png 1024w, https:\/\/fes-heidenheim.de\/gymnasium\/wp-content\/uploads\/sites\/8\/2022\/07\/Bildschirmfoto-2022-07-09-um-17.04.30-980x540.png 980w, https:\/\/fes-heidenheim.de\/gymnasium\/wp-content\/uploads\/sites\/8\/2022\/07\/Bildschirmfoto-2022-07-09-um-17.04.30-480x264.png 480w\" sizes=\"(min-width: 0px) and (max-width: 480px) 480px, (min-width: 481px) and (max-width: 980px) 980px, (min-width: 981px) 1024px, 100vw\"><figcaption>Die erh\u00f6rten Gebete (19.06.22 \u2013 Hill\u00adsong Church \u2013 11:28)<\/figcaption><\/figure>\n\n\n\n<p>Unser erstes gr\u00f6\u00dferes Event war der Gottes\u00addi\u00aden\u00adst\u00adbe\u00adsuch der Hill\u00adsong Church. Die Botschaft war: What can you see? (#oppor\u00adtu\u00adni\u00adty\u00adis\u00adnowhere), was uns neu ermutigt hat, das Gute im Leben zu sehen und wertzusch\u00e4tzen. Im Anschluss beka\u00admen wir sog\u00adar alle Geschenke zum Father\u2019s Day (3. Son\u00adntag im Juni), obwohl wir nicht alle Kinder haben \u2013 vielle\u00adicht war das prophetisch?<\/p>\n\n\n\n<figure class=\"wp-block-image size-large\"><img loading=\"lazy\" decoding=\"async\" width=\"1024\" height=\"589\" src=\"https:\/\/fes-heidenheim.de\/gymnasium\/wp-content\/uploads\/sites\/8\/2022\/07\/Bildschirmfoto-2022-07-09-um-17.03.14-1024x589.png\" alt class=\"wp-image-3896\" srcset=\"https:\/\/fes-heidenheim.de\/gymnasium\/wp-content\/uploads\/sites\/8\/2022\/07\/Bildschirmfoto-2022-07-09-um-17.03.14-1024x589.png 1024w, https:\/\/fes-heidenheim.de\/gymnasium\/wp-content\/uploads\/sites\/8\/2022\/07\/Bildschirmfoto-2022-07-09-um-17.03.14-980x564.png 980w, https:\/\/fes-heidenheim.de\/gymnasium\/wp-content\/uploads\/sites\/8\/2022\/07\/Bildschirmfoto-2022-07-09-um-17.03.14-480x276.png 480w\" sizes=\"(min-width: 0px) and (max-width: 480px) 480px, (min-width: 481px) and (max-width: 980px) 980px, (min-width: 981px) 1024px, 100vw\"><figcaption>Die Schatz\u00adsuch\u00ader (20.06.22 \u2013 The British Muse\u00adum \u2013 10:43)<\/figcaption><\/figure>\n\n\n\n<p>Eines unser\u00ader High\u00adlights war der Besuch eines der gr\u00f6\u00dften kul\u00adturgeschichtlichen Museen der Welt. Die einzi\u00adgar\u00adti\u00adgen Samm\u00adlun\u00adgen (e.g. Stein von Rosette, \u00e4gyp\u00adtis\u00adche Mumien, Parthenon Skulp\u00adturen) lie\u00dfen sich sehen. Da die Begeis\u00adterung f\u00fcr Arte\u00adfak\u00adte nicht bei allen gle\u00adich gro\u00df war, durften die KS1er f\u00fcr einige Zeit selb\u00adst auf Ent\u00addeck\u00adungs\u00adtour gehen. Nach ein\u00ader Weile ging es dann weit\u00ader mit dem Programm.<br><\/p>\n\n\n\n<p>Ein weit\u00ader\u00ader Meilen\u00adstein im Zuge unseres Lon\u00addon\u00adtrips war die Audienz beim britis\u00adchen Pre\u00admier im welt\u00adber\u00fchmten Wachs\u00adfig\u00adurenk\u00adabi\u00adnett. Es war faszinierend anzuse\u00adhen, wie leben\u00adsnah die einzel\u00adnen Politiker\/innen, Sportler\/innen, Schauspieler\/innen und S\u00e4nger\/innen wirk\u00adten. Schnell wur\u00adden Kam\u00aderas und Handys gez\u00fcckt, um die Gele\u00adgen\u00adheit zu nutzen und mit den Promis ein Foto zu schie\u00dfen.<\/p>\n\n\n\n<figure class=\"wp-block-image size-large\"><img loading=\"lazy\" decoding=\"async\" width=\"1024\" height=\"610\" src=\"https:\/\/fes-heidenheim.de\/gymnasium\/wp-content\/uploads\/sites\/8\/2022\/07\/Bildschirmfoto-2022-07-09-um-17.03.28-1024x610.png\" alt class=\"wp-image-3897\" srcset=\"https:\/\/fes-heidenheim.de\/gymnasium\/wp-content\/uploads\/sites\/8\/2022\/07\/Bildschirmfoto-2022-07-09-um-17.03.28-1024x610.png 1024w, https:\/\/fes-heidenheim.de\/gymnasium\/wp-content\/uploads\/sites\/8\/2022\/07\/Bildschirmfoto-2022-07-09-um-17.03.28-980x584.png 980w, https:\/\/fes-heidenheim.de\/gymnasium\/wp-content\/uploads\/sites\/8\/2022\/07\/Bildschirmfoto-2022-07-09-um-17.03.28-480x286.png 480w\" sizes=\"(min-width: 0px) and (max-width: 480px) 480px, (min-width: 481px) and (max-width: 980px) 980px, (min-width: 981px) 1024px, 100vw\"><figcaption>Die VIPs (21.06.22 \u2013 Madame Tus\u00adsauds \u2013 10:43)<\/figcaption><\/figure>\n\n\n\n<p>Abge\u00adse\u00adhen von der wilden Rad\u00adtour durch Lon\u00addon war der Besuch des Tow\u00ader of Lon\u00addon&nbsp;mein per\u00ads\u00f6n\u00adlich\u00ader Favorit. Wir hat\u00adten eine ph\u00e4nom\u00ade\u00adnale F\u00fchrung bei bestem Wet\u00adter und durften viel \u00fcber die Geschichte der Stadt erfahren. Intri\u00adgen, Auf\u00adst\u00e4nde, M\u00fcnzpr\u00e4\u00adgung, Schauprozesse \u2013 all das wurde plas\u00adtisch vor Augen gef\u00fchrt bzw. ins Leben gerufen. Auch die Kro\u00adn\u00adjuwe\u00adlen im Wert von mehreren Mil\u00adliar\u00adden Euro durften wir im Anschluss bestaunen.<\/p>\n\n\n\n<figure class=\"wp-block-image size-large\"><img loading=\"lazy\" decoding=\"async\" width=\"1024\" height=\"576\" src=\"https:\/\/fes-heidenheim.de\/gymnasium\/wp-content\/uploads\/sites\/8\/2022\/07\/Sprachreise-London-Englisch-LK-Kursstufe-1_2022-1-1024x576.jpg\" alt class=\"wp-image-3899\" srcset=\"https:\/\/fes-heidenheim.de\/gymnasium\/wp-content\/uploads\/sites\/8\/2022\/07\/Sprachreise-London-Englisch-LK-Kursstufe-1_2022-1-980x551.jpg 980w, https:\/\/fes-heidenheim.de\/gymnasium\/wp-content\/uploads\/sites\/8\/2022\/07\/Sprachreise-London-Englisch-LK-Kursstufe-1_2022-1-480x270.jpg 480w\" sizes=\"(min-width: 0px) and (max-width: 480px) 480px, (min-width: 481px) and (max-width: 980px) 980px, (min-width: 981px) 1024px, 100vw\"><figcaption>Die Leib\u00adgardis\u00adten (22.06.22 \u2013 Tow\u00ader of Lon\u00addon \u2013 14:57)<\/figcaption><\/figure>\n\n\n\n<p><br>Viele wun\u00adder\u00adsch\u00f6ne Erin\u00adnerun\u00adgen von der unvergesslichen Zeit in der Metro\u00adpole an der Themse bleiben uns im Ged\u00e4cht\u00adnis. Einiges kann hier aus Platz\u00adgr\u00fcn\u00adden im Einzel\u00adnen nicht aufge\u00adlis\u00adtet wer\u00adden ;-). Eine Erken\u00adnt\u00adnis bleibt \u2013 Lon\u00addon lohnt&nbsp;sich.<\/p>\n\n\n\n<p>Hier noch ein YouTube-Video zu unserem Trip: <a href=\"https:\/\/www.youtube.com\/watch?v=3cbwDQQfaVw\">https:\/\/www.youtube.com\/watch?v=3cbwDQQfaVw<\/a><br><\/p>\n\n\n\n<p>Sergej Kasper<\/p>\n","protected":false},"excerpt":{"rendered":"<p>Viele wun\u00adder\u00adsch\u00f6ne Erin\u00adnerun\u00adgen von der unvergesslichen Zeit in der Metro\u00adpole an der Themse bleiben uns im Ged\u00e4cht\u00adnis. Einiges kann hier aus Platz\u00adgr\u00fcn\u00adden im Einzel\u00adnen nicht aufge\u00adlis\u00adtet wer\u00adden. Eine Erken\u00adnt\u00adnis bleibt \u2013 Lon\u00addon lohnt&nbsp;sich.<\/p>\n","protected":false},"author":1,"featured_media":3927,"comment_status":"closed","ping_status":"open","sticky":false,"template":"","format":"standard","meta":{"_et_pb_use_builder":"off","_et_pb_old_content":"<!-- wp:heading -->\n<h2>Sprachreise nach London, Gro\u00dfbritannien - Englisch LK Kursstufe 1 \/ 2022<\/h2>\n<!-- \/wp:heading -->\n\n<!-- wp:image {\"id\":3892,\"sizeSlug\":\"large\",\"linkDestination\":\"none\"} -->\n<figure class=\"wp-block-image size-large\"><img src=\"https:\/\/fes-heidenheim.de\/gymnasium\/wp-content\/uploads\/sites\/8\/2022\/07\/Bildschirmfoto-2022-07-09-um-17.02.23-1024x628.png\" alt=\"\" class=\"wp-image-3892\"\/><figcaption>Die Fantastischen 5 (18.06.22 \u2013 Flughafen Memmingen \u2013 09:43)<\/figcaption><\/figure>\n<!-- \/wp:image -->\n\n<!-- wp:paragraph -->\n<p><\/p>\n<!-- \/wp:paragraph -->\n\n<!-- wp:paragraph -->\n<p>In diesem Jahr haben wir beschlossen, neue Luft- und Seewege zu erkunden, u.a. aufgrund des Corona-bedingten Ausfalls des Austauschprograms mit Amerika. Begleitet wurde dieses Vorhaben mit pr\u00e4zedenzlosem Enthusiasmus unserer Kursstufensch\u00fcler, der \u00fcber die ganze Reise hinweg anhielt. Dabei sollte diese Unternehmung dem Begriff \u201eSprachreise\u201c gerecht werden, weshalb an einigen Stellen die Weichen daf\u00fcr gestellt wurden (i.e. English Times, Gottesdienstbesuch, F\u00fchrungen etc.).<\/p>\n<!-- \/wp:paragraph -->\n\n<!-- wp:image {\"id\":3895,\"sizeSlug\":\"large\",\"linkDestination\":\"none\"} -->\n<figure class=\"wp-block-image size-large\"><img src=\"https:\/\/fes-heidenheim.de\/gymnasium\/wp-content\/uploads\/sites\/8\/2022\/07\/Bildschirmfoto-2022-07-09-um-17.04.30-1024x564.png\" alt=\"\" class=\"wp-image-3895\"\/><figcaption>Die erh\u00f6rten Gebete (19.06.22 \u2013 Hillsong Church \u2013 11:28)<\/figcaption><\/figure>\n<!-- \/wp:image -->\n\n<!-- wp:paragraph -->\n<p>Unser erstes gr\u00f6\u00dferes Event war der Gottesdienstbesuch der Hillsong Church. Die Botschaft war: What can you see? (#opportunityisnowhere), was uns neu ermutigt hat, das Gute im Leben zu sehen und wertzusch\u00e4tzen. Im Anschluss bekamen wir sogar alle Geschenke zum Father\u2019s Day (3. Sonntag im Juni), obwohl wir nicht alle Kinder haben \u2013 vielleicht war das prophetisch?<\/p>\n<!-- \/wp:paragraph -->\n\n<!-- wp:image {\"id\":3896,\"sizeSlug\":\"large\",\"linkDestination\":\"none\"} -->\n<figure class=\"wp-block-image size-large\"><img src=\"https:\/\/fes-heidenheim.de\/gymnasium\/wp-content\/uploads\/sites\/8\/2022\/07\/Bildschirmfoto-2022-07-09-um-17.03.14-1024x589.png\" alt=\"\" class=\"wp-image-3896\"\/><figcaption>Die Schatzsucher (20.06.22 \u2013 The British Museum \u2013 10:43)<\/figcaption><\/figure>\n<!-- \/wp:image -->\n\n<!-- wp:paragraph -->\n<p>Eines unserer Highlights war der Besuch eines der gr\u00f6\u00dften kulturgeschichtlichen Museen der Welt. Die einzigartigen Sammlungen (e.g. Stein von Rosette, \u00e4gyptische Mumien, Parthenon Skulpturen) lie\u00dfen sich sehen. Da die Begeisterung f\u00fcr Artefakte nicht bei allen gleich gro\u00df war, durften die KS1er f\u00fcr einige Zeit selbst auf Entdeckungstour gehen. Nach einer Weile ging es dann weiter mit dem Programm.<br><\/p>\n<!-- \/wp:paragraph -->\n\n<!-- wp:paragraph -->\n<p>Ein weiterer Meilenstein im Zuge unseres Londontrips war die Audienz beim britischen Premier im weltber\u00fchmten Wachsfigurenkabinett. Es war faszinierend anzusehen, wie lebensnah die einzelnen Politiker\/innen, Sportler\/innen, Schauspieler\/innen und S\u00e4nger\/innen wirkten. Schnell wurden Kameras und Handys gez\u00fcckt, um die Gelegenheit zu nutzen und mit den Promis ein Foto zu schie\u00dfen.<\/p>\n<!-- \/wp:paragraph -->\n\n<!-- wp:image {\"id\":3897,\"sizeSlug\":\"large\",\"linkDestination\":\"none\"} -->\n<figure class=\"wp-block-image size-large\"><img src=\"https:\/\/fes-heidenheim.de\/gymnasium\/wp-content\/uploads\/sites\/8\/2022\/07\/Bildschirmfoto-2022-07-09-um-17.03.28-1024x610.png\" alt=\"\" class=\"wp-image-3897\"\/><figcaption>Die VIPs (21.06.22 \u2013 Madame Tussauds \u2013 10:43)<\/figcaption><\/figure>\n<!-- \/wp:image -->\n\n<!-- wp:paragraph -->\n<p>Abgesehen von der wilden Radtour durch London war der Besuch des Tower of London&nbsp;mein pers\u00f6nlicher Favorit. Wir hatten eine ph\u00e4nomenale F\u00fchrung bei bestem Wetter und durften viel \u00fcber die Geschichte der Stadt erfahren. Intrigen, Aufst\u00e4nde, M\u00fcnzpr\u00e4gung, Schauprozesse \u2013 all das wurde plastisch vor Augen gef\u00fchrt bzw. ins Leben gerufen. Auch die Kronjuwelen im Wert von mehreren Milliarden Euro durften wir im Anschluss bestaunen.<\/p>\n<!-- \/wp:paragraph -->\n\n<!-- wp:image {\"id\":3899,\"sizeSlug\":\"large\",\"linkDestination\":\"none\"} -->\n<figure class=\"wp-block-image size-large\"><img src=\"https:\/\/fes-heidenheim.de\/gymnasium\/wp-content\/uploads\/sites\/8\/2022\/07\/Sprachreise-London-Englisch-LK-Kursstufe-1_2022-1-1024x576.jpg\" alt=\"\" class=\"wp-image-3899\"\/><figcaption>Die Leibgardisten (22.06.22 \u2013 Tower of London \u2013 14:57)<\/figcaption><\/figure>\n<!-- \/wp:image -->\n\n<!-- wp:paragraph -->\n<p><br>Viele wundersch\u00f6ne Erinnerungen von der unvergesslichen Zeit in der Metropole an der Themse bleiben uns im Ged\u00e4chtnis. Einiges kann hier aus Platzgr\u00fcnden im Einzelnen nicht aufgelistet werden ;-). Eine Erkenntnis bleibt \u2013 London lohnt sich.<\/p>\n<!-- \/wp:paragraph -->\n\n<!-- wp:paragraph -->\n<p>Hier noch ein YouTube-Video zu unserem Trip: <a href=\"https:\/\/www.youtube.com\/watch?v=3cbwDQQfaVw\">https:\/\/www.youtube.com\/watch?v=3cbwDQQfaVw<\/a><br><\/p>\n<!-- \/wp:paragraph -->\n\n<!-- wp:paragraph -->\n<p>Sergej Kasper<\/p>\n<!-- \/wp:paragraph -->","_et_gb_content_width":"","inline_featured_image":false,"wp_typography_post_enhancements_disabled":false,"footnotes":""},"categories":[30],"tags":[53],"class_list":["post-3926","post","type-post","status-publish","format-standard","has-post-thumbnail","hentry","category-fes-gymnasium","tag-fes-heidenheim"],"yoast_head":"<!-- This site is optimized with the Yoast SEO plugin v27.4 - https:\/\/yoast.com\/product\/yoast-seo-wordpress\/ -->\n<title>This Is London Calling - Gymnasium | Freie Evangelische Schule und Kindertagesst\u00e4tte Heidenheim e. V.<\/title>\n<meta name=\"robots\" content=\"index, follow, max-snippet:-1, max-image-preview:large, max-video-preview:-1\" \/>\n<link rel=\"canonical\" href=\"https:\/\/fes-heidenheim.de\/gymnasium\/2022\/07\/11\/london-calling\/\" \/>\n<meta property=\"og:locale\" content=\"de_DE\" \/>\n<meta property=\"og:type\" content=\"article\" \/>\n<meta property=\"og:title\" content=\"This Is London Calling - Gymnasium | Freie Evangelische Schule und Kindertagesst\u00e4tte Heidenheim e. V.\" \/>\n<meta property=\"og:description\" content=\"Viele wundersch\u00f6ne Erinnerungen von der unvergesslichen Zeit in der Metropole an der Themse bleiben uns im Ged\u00e4chtnis. Einiges kann hier aus Platzgr\u00fcnden im Einzelnen nicht aufgelistet werden. Eine Erkenntnis bleibt \u2013 London lohnt sich.\" \/>\n<meta property=\"og:url\" content=\"https:\/\/fes-heidenheim.de\/gymnasium\/2022\/07\/11\/london-calling\/\" \/>\n<meta property=\"og:site_name\" content=\"Gymnasium | Freie Evangelische Schule und Kindertagesst\u00e4tte Heidenheim e. V.\" \/>\n<meta property=\"article:published_time\" content=\"2022-07-11T08:06:14+00:00\" \/>\n<meta property=\"article:modified_time\" content=\"2022-07-11T09:20:09+00:00\" \/>\n<meta property=\"og:image\" content=\"https:\/\/fes-heidenheim.de\/gymnasium\/wp-content\/uploads\/sites\/8\/2022\/07\/Sprachreise-London-Englisch-LK-Kursstufe-1_2022-1-scaled.jpg\" \/>\n\t<meta property=\"og:image:width\" content=\"2560\" \/>\n\t<meta property=\"og:image:height\" content=\"1440\" \/>\n\t<meta property=\"og:image:type\" content=\"image\/jpeg\" \/>\n<meta name=\"author\" content=\"fes\" \/>\n<meta name=\"twitter:card\" content=\"summary_large_image\" \/>\n<meta name=\"twitter:label1\" content=\"Verfasst von\" \/>\n\t<meta name=\"twitter:data1\" content=\"fes\" \/>\n\t<meta name=\"twitter:label2\" content=\"Gesch\u00e4tzte Lesezeit\" \/>\n\t<meta name=\"twitter:data2\" content=\"4\u00a0Minuten\" \/>\n<script type=\"application\/ld+json\" class=\"yoast-schema-graph\">{\"@context\":\"https:\\\/\\\/schema.org\",\"@graph\":[{\"@type\":\"Article\",\"@id\":\"https:\\\/\\\/fes-heidenheim.de\\\/gymnasium\\\/2022\\\/07\\\/11\\\/london-calling\\\/#article\",\"isPartOf\":{\"@id\":\"https:\\\/\\\/fes-heidenheim.de\\\/gymnasium\\\/2022\\\/07\\\/11\\\/london-calling\\\/\"},\"author\":{\"name\":\"fes\",\"@id\":\"https:\\\/\\\/fes-heidenheim.de\\\/gymnasium\\\/#\\\/schema\\\/person\\\/e8b717a48deac1a9531664496e910db7\"},\"headline\":\"This Is London Calling\",\"datePublished\":\"2022-07-11T08:06:14+00:00\",\"dateModified\":\"2022-07-11T09:20:09+00:00\",\"mainEntityOfPage\":{\"@id\":\"https:\\\/\\\/fes-heidenheim.de\\\/gymnasium\\\/2022\\\/07\\\/11\\\/london-calling\\\/\"},\"wordCount\":406,\"image\":{\"@id\":\"https:\\\/\\\/fes-heidenheim.de\\\/gymnasium\\\/2022\\\/07\\\/11\\\/london-calling\\\/#primaryimage\"},\"thumbnailUrl\":\"https:\\\/\\\/fes-heidenheim.de\\\/gymnasium\\\/wp-content\\\/uploads\\\/sites\\\/8\\\/2022\\\/07\\\/Sprachreise-London-Englisch-LK-Kursstufe-1_2022-1-scaled.jpg\",\"keywords\":[\"FES Heidenheim\"],\"articleSection\":[\"FES Gymnasium\"],\"inLanguage\":\"de\"},{\"@type\":\"WebPage\",\"@id\":\"https:\\\/\\\/fes-heidenheim.de\\\/gymnasium\\\/2022\\\/07\\\/11\\\/london-calling\\\/\",\"url\":\"https:\\\/\\\/fes-heidenheim.de\\\/gymnasium\\\/2022\\\/07\\\/11\\\/london-calling\\\/\",\"name\":\"This Is London Calling - Gymnasium | Freie Evangelische Schule und Kindertagesst\u00e4tte Heidenheim e. V.\",\"isPartOf\":{\"@id\":\"https:\\\/\\\/fes-heidenheim.de\\\/gymnasium\\\/#website\"},\"primaryImageOfPage\":{\"@id\":\"https:\\\/\\\/fes-heidenheim.de\\\/gymnasium\\\/2022\\\/07\\\/11\\\/london-calling\\\/#primaryimage\"},\"image\":{\"@id\":\"https:\\\/\\\/fes-heidenheim.de\\\/gymnasium\\\/2022\\\/07\\\/11\\\/london-calling\\\/#primaryimage\"},\"thumbnailUrl\":\"https:\\\/\\\/fes-heidenheim.de\\\/gymnasium\\\/wp-content\\\/uploads\\\/sites\\\/8\\\/2022\\\/07\\\/Sprachreise-London-Englisch-LK-Kursstufe-1_2022-1-scaled.jpg\",\"datePublished\":\"2022-07-11T08:06:14+00:00\",\"dateModified\":\"2022-07-11T09:20:09+00:00\",\"author\":{\"@id\":\"https:\\\/\\\/fes-heidenheim.de\\\/gymnasium\\\/#\\\/schema\\\/person\\\/e8b717a48deac1a9531664496e910db7\"},\"breadcrumb\":{\"@id\":\"https:\\\/\\\/fes-heidenheim.de\\\/gymnasium\\\/2022\\\/07\\\/11\\\/london-calling\\\/#breadcrumb\"},\"inLanguage\":\"de\",\"potentialAction\":[{\"@type\":\"ReadAction\",\"target\":[\"https:\\\/\\\/fes-heidenheim.de\\\/gymnasium\\\/2022\\\/07\\\/11\\\/london-calling\\\/\"]}]},{\"@type\":\"ImageObject\",\"inLanguage\":\"de\",\"@id\":\"https:\\\/\\\/fes-heidenheim.de\\\/gymnasium\\\/2022\\\/07\\\/11\\\/london-calling\\\/#primaryimage\",\"url\":\"https:\\\/\\\/fes-heidenheim.de\\\/gymnasium\\\/wp-content\\\/uploads\\\/sites\\\/8\\\/2022\\\/07\\\/Sprachreise-London-Englisch-LK-Kursstufe-1_2022-1-scaled.jpg\",\"contentUrl\":\"https:\\\/\\\/fes-heidenheim.de\\\/gymnasium\\\/wp-content\\\/uploads\\\/sites\\\/8\\\/2022\\\/07\\\/Sprachreise-London-Englisch-LK-Kursstufe-1_2022-1-scaled.jpg\",\"width\":2560,\"height\":1440},{\"@type\":\"BreadcrumbList\",\"@id\":\"https:\\\/\\\/fes-heidenheim.de\\\/gymnasium\\\/2022\\\/07\\\/11\\\/london-calling\\\/#breadcrumb\",\"itemListElement\":[{\"@type\":\"ListItem\",\"position\":1,\"name\":\"Startseite\",\"item\":\"https:\\\/\\\/fes-heidenheim.de\\\/gymnasium\\\/\"},{\"@type\":\"ListItem\",\"position\":2,\"name\":\"This Is London Calling\"}]},{\"@type\":\"WebSite\",\"@id\":\"https:\\\/\\\/fes-heidenheim.de\\\/gymnasium\\\/#website\",\"url\":\"https:\\\/\\\/fes-heidenheim.de\\\/gymnasium\\\/\",\"name\":\"Gymnasium | Freie Evangelische Schule und Kindertagesst\u00e4tte Heidenheim e. V.\",\"description\":\"Eine weitere Freie Evangelische Schule Heidenheim e.V. Websites Website\",\"potentialAction\":[{\"@type\":\"SearchAction\",\"target\":{\"@type\":\"EntryPoint\",\"urlTemplate\":\"https:\\\/\\\/fes-heidenheim.de\\\/gymnasium\\\/?s={search_term_string}\"},\"query-input\":{\"@type\":\"PropertyValueSpecification\",\"valueRequired\":true,\"valueName\":\"search_term_string\"}}],\"inLanguage\":\"de\"},{\"@type\":\"Person\",\"@id\":\"https:\\\/\\\/fes-heidenheim.de\\\/gymnasium\\\/#\\\/schema\\\/person\\\/e8b717a48deac1a9531664496e910db7\",\"name\":\"fes\",\"image\":{\"@type\":\"ImageObject\",\"inLanguage\":\"de\",\"@id\":\"https:\\\/\\\/secure.gravatar.com\\\/avatar\\\/effdf0474358ff27f1e16eb3157eee659b464c36afe22d3bed195415271415a3?s=96&d=mm&r=g\",\"url\":\"https:\\\/\\\/secure.gravatar.com\\\/avatar\\\/effdf0474358ff27f1e16eb3157eee659b464c36afe22d3bed195415271415a3?s=96&d=mm&r=g\",\"contentUrl\":\"https:\\\/\\\/secure.gravatar.com\\\/avatar\\\/effdf0474358ff27f1e16eb3157eee659b464c36afe22d3bed195415271415a3?s=96&d=mm&r=g\",\"caption\":\"fes\"},\"url\":\"https:\\\/\\\/fes-heidenheim.de\\\/gymnasium\\\/author\\\/fes\\\/\"}]}<\/script>\n<!-- \/ Yoast SEO plugin. -->","yoast_head_json":{"title":"This Is London Calling - Gymnasium | Freie Evangelische Schule und Kindertagesst\u00e4tte Heidenheim e. V.","robots":{"index":"index","follow":"follow","max-snippet":"max-snippet:-1","max-image-preview":"max-image-preview:large","max-video-preview":"max-video-preview:-1"},"canonical":"https:\/\/fes-heidenheim.de\/gymnasium\/2022\/07\/11\/london-calling\/","og_locale":"de_DE","og_type":"article","og_title":"This Is London Calling - Gymnasium | Freie Evangelische Schule und Kindertagesst\u00e4tte Heidenheim e. V.","og_description":"Viele wundersch\u00f6ne Erinnerungen von der unvergesslichen Zeit in der Metropole an der Themse bleiben uns im Ged\u00e4chtnis. Einiges kann hier aus Platzgr\u00fcnden im Einzelnen nicht aufgelistet werden. Eine Erkenntnis bleibt \u2013 London lohnt sich.","og_url":"https:\/\/fes-heidenheim.de\/gymnasium\/2022\/07\/11\/london-calling\/","og_site_name":"Gymnasium | Freie Evangelische Schule und Kindertagesst\u00e4tte Heidenheim e. V.","article_published_time":"2022-07-11T08:06:14+00:00","article_modified_time":"2022-07-11T09:20:09+00:00","og_image":[{"width":2560,"height":1440,"url":"https:\/\/fes-heidenheim.de\/gymnasium\/wp-content\/uploads\/sites\/8\/2022\/07\/Sprachreise-London-Englisch-LK-Kursstufe-1_2022-1-scaled.jpg","type":"image\/jpeg"}],"author":"fes","twitter_card":"summary_large_image","twitter_misc":{"Verfasst von":"fes","Gesch\u00e4tzte Lesezeit":"4\u00a0Minuten"},"schema":{"@context":"https:\/\/schema.org","@graph":[{"@type":"Article","@id":"https:\/\/fes-heidenheim.de\/gymnasium\/2022\/07\/11\/london-calling\/#article","isPartOf":{"@id":"https:\/\/fes-heidenheim.de\/gymnasium\/2022\/07\/11\/london-calling\/"},"author":{"name":"fes","@id":"https:\/\/fes-heidenheim.de\/gymnasium\/#\/schema\/person\/e8b717a48deac1a9531664496e910db7"},"headline":"This Is London Calling","datePublished":"2022-07-11T08:06:14+00:00","dateModified":"2022-07-11T09:20:09+00:00","mainEntityOfPage":{"@id":"https:\/\/fes-heidenheim.de\/gymnasium\/2022\/07\/11\/london-calling\/"},"wordCount":406,"image":{"@id":"https:\/\/fes-heidenheim.de\/gymnasium\/2022\/07\/11\/london-calling\/#primaryimage"},"thumbnailUrl":"https:\/\/fes-heidenheim.de\/gymnasium\/wp-content\/uploads\/sites\/8\/2022\/07\/Sprachreise-London-Englisch-LK-Kursstufe-1_2022-1-scaled.jpg","keywords":["FES Heidenheim"],"articleSection":["FES Gymnasium"],"inLanguage":"de"},{"@type":"WebPage","@id":"https:\/\/fes-heidenheim.de\/gymnasium\/2022\/07\/11\/london-calling\/","url":"https:\/\/fes-heidenheim.de\/gymnasium\/2022\/07\/11\/london-calling\/","name":"This Is London Calling - Gymnasium | Freie Evangelische Schule und Kindertagesst\u00e4tte Heidenheim e. V.","isPartOf":{"@id":"https:\/\/fes-heidenheim.de\/gymnasium\/#website"},"primaryImageOfPage":{"@id":"https:\/\/fes-heidenheim.de\/gymnasium\/2022\/07\/11\/london-calling\/#primaryimage"},"image":{"@id":"https:\/\/fes-heidenheim.de\/gymnasium\/2022\/07\/11\/london-calling\/#primaryimage"},"thumbnailUrl":"https:\/\/fes-heidenheim.de\/gymnasium\/wp-content\/uploads\/sites\/8\/2022\/07\/Sprachreise-London-Englisch-LK-Kursstufe-1_2022-1-scaled.jpg","datePublished":"2022-07-11T08:06:14+00:00","dateModified":"2022-07-11T09:20:09+00:00","author":{"@id":"https:\/\/fes-heidenheim.de\/gymnasium\/#\/schema\/person\/e8b717a48deac1a9531664496e910db7"},"breadcrumb":{"@id":"https:\/\/fes-heidenheim.de\/gymnasium\/2022\/07\/11\/london-calling\/#breadcrumb"},"inLanguage":"de","potentialAction":[{"@type":"ReadAction","target":["https:\/\/fes-heidenheim.de\/gymnasium\/2022\/07\/11\/london-calling\/"]}]},{"@type":"ImageObject","inLanguage":"de","@id":"https:\/\/fes-heidenheim.de\/gymnasium\/2022\/07\/11\/london-calling\/#primaryimage","url":"https:\/\/fes-heidenheim.de\/gymnasium\/wp-content\/uploads\/sites\/8\/2022\/07\/Sprachreise-London-Englisch-LK-Kursstufe-1_2022-1-scaled.jpg","contentUrl":"https:\/\/fes-heidenheim.de\/gymnasium\/wp-content\/uploads\/sites\/8\/2022\/07\/Sprachreise-London-Englisch-LK-Kursstufe-1_2022-1-scaled.jpg","width":2560,"height":1440},{"@type":"BreadcrumbList","@id":"https:\/\/fes-heidenheim.de\/gymnasium\/2022\/07\/11\/london-calling\/#breadcrumb","itemListElement":[{"@type":"ListItem","position":1,"name":"Startseite","item":"https:\/\/fes-heidenheim.de\/gymnasium\/"},{"@type":"ListItem","position":2,"name":"This Is London Calling"}]},{"@type":"WebSite","@id":"https:\/\/fes-heidenheim.de\/gymnasium\/#website","url":"https:\/\/fes-heidenheim.de\/gymnasium\/","name":"Gymnasium | Freie Evangelische Schule und Kindertagesst\u00e4tte Heidenheim e. V.","description":"Eine weitere Freie Evangelische Schule Heidenheim e.V. Websites Website","potentialAction":[{"@type":"SearchAction","target":{"@type":"EntryPoint","urlTemplate":"https:\/\/fes-heidenheim.de\/gymnasium\/?s={search_term_string}"},"query-input":{"@type":"PropertyValueSpecification","valueRequired":true,"valueName":"search_term_string"}}],"inLanguage":"de"},{"@type":"Person","@id":"https:\/\/fes-heidenheim.de\/gymnasium\/#\/schema\/person\/e8b717a48deac1a9531664496e910db7","name":"fes","image":{"@type":"ImageObject","inLanguage":"de","@id":"https:\/\/secure.gravatar.com\/avatar\/effdf0474358ff27f1e16eb3157eee659b464c36afe22d3bed195415271415a3?s=96&d=mm&r=g","url":"https:\/\/secure.gravatar.com\/avatar\/effdf0474358ff27f1e16eb3157eee659b464c36afe22d3bed195415271415a3?s=96&d=mm&r=g","contentUrl":"https:\/\/secure.gravatar.com\/avatar\/effdf0474358ff27f1e16eb3157eee659b464c36afe22d3bed195415271415a3?s=96&d=mm&r=g","caption":"fes"},"url":"https:\/\/fes-heidenheim.de\/gymnasium\/author\/fes\/"}]}},"_links":{"self":[{"href":"https:\/\/fes-heidenheim.de\/gymnasium\/wp-json\/wp\/v2\/posts\/3926","targetHints":{"allow":["GET"]}}],"collection":[{"href":"https:\/\/fes-heidenheim.de\/gymnasium\/wp-json\/wp\/v2\/posts"}],"about":[{"href":"https:\/\/fes-heidenheim.de\/gymnasium\/wp-json\/wp\/v2\/types\/post"}],"author":[{"embeddable":true,"href":"https:\/\/fes-heidenheim.de\/gymnasium\/wp-json\/wp\/v2\/users\/1"}],"replies":[{"embeddable":true,"href":"https:\/\/fes-heidenheim.de\/gymnasium\/wp-json\/wp\/v2\/comments?post=3926"}],"version-history":[{"count":2,"href":"https:\/\/fes-heidenheim.de\/gymnasium\/wp-json\/wp\/v2\/posts\/3926\/revisions"}],"predecessor-version":[{"id":3944,"href":"https:\/\/fes-heidenheim.de\/gymnasium\/wp-json\/wp\/v2\/posts\/3926\/revisions\/3944"}],"wp:featuredmedia":[{"embeddable":true,"href":"https:\/\/fes-heidenheim.de\/gymnasium\/wp-json\/wp\/v2\/media\/3927"}],"wp:attachment":[{"href":"https:\/\/fes-heidenheim.de\/gymnasium\/wp-json\/wp\/v2\/media?parent=3926"}],"wp:term":[{"taxonomy":"category","embeddable":true,"href":"https:\/\/fes-heidenheim.de\/gymnasium\/wp-json\/wp\/v2\/categories?post=3926"},{"taxonomy":"post_tag","embeddable":true,"href":"https:\/\/fes-heidenheim.de\/gymnasium\/wp-json\/wp\/v2\/tags?post=3926"}],"curies":[{"name":"wp","href":"https:\/\/api.w.org\/{rel}","templated":true}]}}