{"id":3947,"date":"2022-07-11T12:04:27","date_gmt":"2022-07-11T10:04:27","guid":{"rendered":"https:\/\/fes-heidenheim.de\/gymnasium\/2022\/07\/11\/der-berg-ruft\/"},"modified":"2022-07-11T12:39:45","modified_gmt":"2022-07-11T10:39:45","slug":"der-berg-ruft","status":"publish","type":"post","link":"https:\/\/fes-heidenheim.de\/gymnasium\/2022\/07\/11\/der-berg-ruft\/","title":{"rendered":"Der Berg&nbsp;ruft!"},"content":{"rendered":"\n<h2 class=\"wp-block-heading\">Ganz-sch\u00f6n-mutig-Tage 2022<br>Eine Berg-Aktiv-Woche der Klassenstufe 5 im Allg\u00e4u<\/h2>\n\n\n\n<p><br>Endlich kon\u00adnten unsere 5. Kl\u00e4ssler in diesem Jahr wieder ins All\u00adg\u00e4u fahren. Ganz sch\u00f6n aufgeregt waren wir alle. Dort angekom\u00admen ging es nach Abladen des Gep\u00e4cks erst\u00admal auf eine kurze Wan\u00adderung zu einem kleinen Bergsee. Eine her\u00adrliche Erfrischung, denn das Wet\u00adter war ziem\u00adlich warm.<br>Jeden Abend trafen wir uns zum Bibelvergn\u00fc\u00adgen. Ruth Erich\u00adsen, Reli\u00adgion\u00adsp\u00e4d\u00ada\u00adgogin vom Bibelle\u00adse\u00adbund brachte uns die Geschichte von Nehemia sehr ein\u00adfall\u00adsre\u00adich nahe. Danach durften die Kids in der \u201eHolzbauwelt\u201c die Stadt Jerusalem selb\u00adst erschaf\u00adfen. Richtig kreativ wur\u00adden sie dabei!<br>Am zweit\u00aden Tag ging es auf zum \u201eHin\u00adde\u00adlanger Bergaben\u00adteuer\u201c am Klet\u00adter\u00adsteig (nat\u00fcr\u00adlich gesichert!!) inklu\u00adsive Seil\u00adrutsche. Da war viel Mut gefragt, aber auch Spa\u00df ange\u00adsagt\u2026<br>Ein beson\u00adderes High\u00adlight war die Gipfel\u00adtour auf den Isel\u00ader (1876&nbsp;m) am drit\u00adten Tag, die uns alle kr\u00e4ftem\u00e4\u00dfig sehr forderte, aber mit einem atem\u00adber\u00adauben\u00adden Blick belohnt wurde. Wie her\u00adrlich hat sich der Sch\u00f6pfer diese Welt aus\u00adgedacht!<br>Am let\u00adzten Tag been\u00adde\u00adten wir unsere Berg-Aktiv-Woche mit einem riesi\u00adgen Ein\u00adsturzspek\u00adtakel, in dem die Stadt Jerusalem (nat\u00fcr\u00adlich nach entsprechen\u00adder W\u00fcrdi\u00adgung!) wieder dem Erd\u00adbo\u00adden gle\u00adich- gemacht und alle Bausteine wieder in Kisten ver\u00adpackt wur\u00adden.<br>Alles in allem hat\u00adten wir eine tolle und geseg\u00adnete Zeit, in der wir Gottes Bewahrung erleben durften und die wir auf jeden Fall nicht so schnell vergessen werden&nbsp;\u263a.<\/p>\n\n\n\n<p>Und jet\u00adzt schau dir unser Video an! <a href=\"https:\/\/www.youtube.com\/watch?v=REfB-R8SKNg&amp;t=187s\">https:\/\/www.youtube.com\/watch?v=REfB-R8SKNg&amp;t=187s<\/a><\/p>\n\n\n\n<div class=\"wp-block-columns is-layout-flex wp-container-core-columns-is-layout-9d6595d7 wp-block-columns-is-layout-flex\">\n<div class=\"wp-block-column is-layout-flow wp-block-column-is-layout-flow\" style=\"flex-basis:100%\">\n<figure class=\"wp-block-gallery has-nested-images columns-2 is-cropped wp-block-gallery-1 is-layout-flex wp-block-gallery-is-layout-flex\">\n<figure class=\"wp-block-image size-large\"><img loading=\"lazy\" decoding=\"async\" width=\"2560\" height=\"1919\" data-id=\"4365\" src=\"https:\/\/fes-heidenheim.de\/gymnasium\/wp-content\/uploads\/sites\/8\/2022\/07\/ganzschoenmutigtage-2022-04-scaled.jpg\" alt=\"FES Heidenheim Ganz-sch\u00f6n-mutig-Tage 2022 Allg\u00e4u\" class=\"wp-image-3952\" srcset=\"https:\/\/fes-heidenheim.de\/gymnasium\/wp-content\/uploads\/sites\/8\/2022\/07\/ganzschoenmutigtage-2022-04-scaled.jpg 2560w, https:\/\/fes-heidenheim.de\/gymnasium\/wp-content\/uploads\/sites\/8\/2022\/07\/ganzschoenmutigtage-2022-04-scaled-1280x960.jpg 1280w, https:\/\/fes-heidenheim.de\/gymnasium\/wp-content\/uploads\/sites\/8\/2022\/07\/ganzschoenmutigtage-2022-04-scaled-980x735.jpg 980w, https:\/\/fes-heidenheim.de\/gymnasium\/wp-content\/uploads\/sites\/8\/2022\/07\/ganzschoenmutigtage-2022-04-scaled-480x360.jpg 480w\" sizes=\"(min-width: 0px) and (max-width: 480px) 480px, (min-width: 481px) and (max-width: 980px) 980px, (min-width: 981px) and (max-width: 1280px) 1280px, (min-width: 1281px) 2560px, 100vw\"><\/figure>\n\n\n\n<figure class=\"wp-block-image size-large\"><img loading=\"lazy\" decoding=\"async\" width=\"2160\" height=\"1440\" data-id=\"4369\" src=\"https:\/\/fes-heidenheim.de\/gymnasium\/wp-content\/uploads\/sites\/8\/2022\/07\/ganzschoenmutigtage-2022.jpg\" alt class=\"wp-image-3950\" srcset=\"https:\/\/fes-heidenheim.de\/gymnasium\/wp-content\/uploads\/sites\/8\/2022\/07\/ganzschoenmutigtage-2022.jpg 2160w, https:\/\/fes-heidenheim.de\/gymnasium\/wp-content\/uploads\/sites\/8\/2022\/07\/ganzschoenmutigtage-2022-1280x853.jpg 1280w, https:\/\/fes-heidenheim.de\/gymnasium\/wp-content\/uploads\/sites\/8\/2022\/07\/ganzschoenmutigtage-2022-980x653.jpg 980w, https:\/\/fes-heidenheim.de\/gymnasium\/wp-content\/uploads\/sites\/8\/2022\/07\/ganzschoenmutigtage-2022-480x320.jpg 480w\" sizes=\"(min-width: 0px) and (max-width: 480px) 480px, (min-width: 481px) and (max-width: 980px) 980px, (min-width: 981px) and (max-width: 1280px) 1280px, (min-width: 1281px) 2160px, 100vw\"><\/figure>\n\n\n\n<figure class=\"wp-block-image size-large is-style-default\"><img loading=\"lazy\" decoding=\"async\" width=\"2180\" height=\"1453\" data-id=\"4371\" src=\"https:\/\/fes-heidenheim.de\/gymnasium\/wp-content\/uploads\/sites\/8\/2022\/07\/ganzschoenmutigtage-2022-02-1.jpg\" alt class=\"wp-image-3948\" srcset=\"https:\/\/fes-heidenheim.de\/gymnasium\/wp-content\/uploads\/sites\/8\/2022\/07\/ganzschoenmutigtage-2022-02-1.jpg 2180w, https:\/\/fes-heidenheim.de\/gymnasium\/wp-content\/uploads\/sites\/8\/2022\/07\/ganzschoenmutigtage-2022-02-1-1280x853.jpg 1280w, https:\/\/fes-heidenheim.de\/gymnasium\/wp-content\/uploads\/sites\/8\/2022\/07\/ganzschoenmutigtage-2022-02-1-980x653.jpg 980w, https:\/\/fes-heidenheim.de\/gymnasium\/wp-content\/uploads\/sites\/8\/2022\/07\/ganzschoenmutigtage-2022-02-1-480x320.jpg 480w\" sizes=\"(min-width: 0px) and (max-width: 480px) 480px, (min-width: 481px) and (max-width: 980px) 980px, (min-width: 981px) and (max-width: 1280px) 1280px, (min-width: 1281px) 2180px, 100vw\"><\/figure>\n<\/figure>\n<\/div>\n<\/div>\n","protected":false},"excerpt":{"rendered":"<p>Ein beson\u00adderes High\u00adlight war die Gipfel\u00adtour auf den Isel\u00ader (1876&nbsp;m) am drit\u00adten Tag, die uns alle kr\u00e4ftem\u00e4\u00dfig sehr forderte. Daf\u00fcr wur\u00adden wir mit einem atem\u00adber\u00adauben\u00adden Blick belohnt. Wie her\u00adrlich hat sich der Sch\u00f6pfer diese Welt ausgedacht!<\/p>\n","protected":false},"author":1,"featured_media":3954,"comment_status":"closed","ping_status":"open","sticky":false,"template":"","format":"standard","meta":{"_et_pb_use_builder":"off","_et_pb_old_content":"","_et_gb_content_width":"","inline_featured_image":false,"wp_typography_post_enhancements_disabled":false,"footnotes":""},"categories":[30,29,49,44],"tags":[],"class_list":["post-3947","post","type-post","status-publish","format-standard","has-post-thumbnail","hentry","category-fes-gymnasium","category-fes-realschule","category-fes-unterwegs-gym","category-fes-unterwegs-rs"],"yoast_head":"<!-- This site is optimized with the Yoast SEO plugin v27.4 - https:\/\/yoast.com\/product\/yoast-seo-wordpress\/ -->\n<title>Der Berg ruft! - Gymnasium | Freie Evangelische Schule und Kindertagesst\u00e4tte Heidenheim e. V.<\/title>\n<meta name=\"robots\" content=\"index, follow, max-snippet:-1, max-image-preview:large, max-video-preview:-1\" \/>\n<link rel=\"canonical\" href=\"https:\/\/fes-heidenheim.de\/gymnasium\/2022\/07\/11\/der-berg-ruft\/\" \/>\n<meta property=\"og:locale\" content=\"de_DE\" \/>\n<meta property=\"og:type\" content=\"article\" \/>\n<meta property=\"og:title\" content=\"Der Berg ruft! - Gymnasium | Freie Evangelische Schule und Kindertagesst\u00e4tte Heidenheim e. V.\" \/>\n<meta property=\"og:description\" content=\"Ein besonderes Highlight war die Gipfeltour auf den Iseler (1876\u00a0m) am dritten Tag, die uns alle kr\u00e4ftem\u00e4\u00dfig sehr forderte. Daf\u00fcr wurden wir mit einem atemberaubenden Blick belohnt. Wie herrlich hat sich der Sch\u00f6pfer diese Welt ausgedacht!\" \/>\n<meta property=\"og:url\" content=\"https:\/\/fes-heidenheim.de\/gymnasium\/2022\/07\/11\/der-berg-ruft\/\" \/>\n<meta property=\"og:site_name\" content=\"Gymnasium | Freie Evangelische Schule und Kindertagesst\u00e4tte Heidenheim e. V.\" \/>\n<meta property=\"article:published_time\" content=\"2022-07-11T10:04:27+00:00\" \/>\n<meta property=\"article:modified_time\" content=\"2022-07-11T10:39:45+00:00\" \/>\n<meta property=\"og:image\" content=\"https:\/\/fes-heidenheim.de\/gymnasium\/wp-content\/uploads\/sites\/8\/2022\/07\/ganzschoenmutigtage-2022-03.jpg\" \/>\n\t<meta property=\"og:image:width\" content=\"2180\" \/>\n\t<meta property=\"og:image:height\" content=\"1453\" \/>\n\t<meta property=\"og:image:type\" content=\"image\/jpeg\" \/>\n<meta name=\"author\" content=\"fes\" \/>\n<meta name=\"twitter:card\" content=\"summary_large_image\" \/>\n<meta name=\"twitter:label1\" content=\"Verfasst von\" \/>\n\t<meta name=\"twitter:data1\" content=\"fes\" \/>\n\t<meta name=\"twitter:label2\" content=\"Gesch\u00e4tzte Lesezeit\" \/>\n\t<meta name=\"twitter:data2\" content=\"1\u00a0Minute\" \/>\n<script type=\"application\/ld+json\" class=\"yoast-schema-graph\">{\"@context\":\"https:\\\/\\\/schema.org\",\"@graph\":[{\"@type\":\"Article\",\"@id\":\"https:\\\/\\\/fes-heidenheim.de\\\/gymnasium\\\/2022\\\/07\\\/11\\\/der-berg-ruft\\\/#article\",\"isPartOf\":{\"@id\":\"https:\\\/\\\/fes-heidenheim.de\\\/gymnasium\\\/2022\\\/07\\\/11\\\/der-berg-ruft\\\/\"},\"author\":{\"name\":\"fes\",\"@id\":\"https:\\\/\\\/fes-heidenheim.de\\\/gymnasium\\\/#\\\/schema\\\/person\\\/e8b717a48deac1a9531664496e910db7\"},\"headline\":\"Der Berg&nbsp;ruft!\",\"datePublished\":\"2022-07-11T10:04:27+00:00\",\"dateModified\":\"2022-07-11T10:39:45+00:00\",\"mainEntityOfPage\":{\"@id\":\"https:\\\/\\\/fes-heidenheim.de\\\/gymnasium\\\/2022\\\/07\\\/11\\\/der-berg-ruft\\\/\"},\"wordCount\":243,\"image\":{\"@id\":\"https:\\\/\\\/fes-heidenheim.de\\\/gymnasium\\\/2022\\\/07\\\/11\\\/der-berg-ruft\\\/#primaryimage\"},\"thumbnailUrl\":\"https:\\\/\\\/fes-heidenheim.de\\\/gymnasium\\\/wp-content\\\/uploads\\\/sites\\\/8\\\/2022\\\/07\\\/ganzschoenmutigtage-2022-03.jpg\",\"articleSection\":[\"FES Gymnasium\",\"FES Realschule\",\"FES unterwegs GYM\",\"FES unterwegs RS\"],\"inLanguage\":\"de\"},{\"@type\":\"WebPage\",\"@id\":\"https:\\\/\\\/fes-heidenheim.de\\\/gymnasium\\\/2022\\\/07\\\/11\\\/der-berg-ruft\\\/\",\"url\":\"https:\\\/\\\/fes-heidenheim.de\\\/gymnasium\\\/2022\\\/07\\\/11\\\/der-berg-ruft\\\/\",\"name\":\"Der Berg ruft! - Gymnasium | Freie Evangelische Schule und Kindertagesst\u00e4tte Heidenheim e. V.\",\"isPartOf\":{\"@id\":\"https:\\\/\\\/fes-heidenheim.de\\\/gymnasium\\\/#website\"},\"primaryImageOfPage\":{\"@id\":\"https:\\\/\\\/fes-heidenheim.de\\\/gymnasium\\\/2022\\\/07\\\/11\\\/der-berg-ruft\\\/#primaryimage\"},\"image\":{\"@id\":\"https:\\\/\\\/fes-heidenheim.de\\\/gymnasium\\\/2022\\\/07\\\/11\\\/der-berg-ruft\\\/#primaryimage\"},\"thumbnailUrl\":\"https:\\\/\\\/fes-heidenheim.de\\\/gymnasium\\\/wp-content\\\/uploads\\\/sites\\\/8\\\/2022\\\/07\\\/ganzschoenmutigtage-2022-03.jpg\",\"datePublished\":\"2022-07-11T10:04:27+00:00\",\"dateModified\":\"2022-07-11T10:39:45+00:00\",\"author\":{\"@id\":\"https:\\\/\\\/fes-heidenheim.de\\\/gymnasium\\\/#\\\/schema\\\/person\\\/e8b717a48deac1a9531664496e910db7\"},\"breadcrumb\":{\"@id\":\"https:\\\/\\\/fes-heidenheim.de\\\/gymnasium\\\/2022\\\/07\\\/11\\\/der-berg-ruft\\\/#breadcrumb\"},\"inLanguage\":\"de\",\"potentialAction\":[{\"@type\":\"ReadAction\",\"target\":[\"https:\\\/\\\/fes-heidenheim.de\\\/gymnasium\\\/2022\\\/07\\\/11\\\/der-berg-ruft\\\/\"]}]},{\"@type\":\"ImageObject\",\"inLanguage\":\"de\",\"@id\":\"https:\\\/\\\/fes-heidenheim.de\\\/gymnasium\\\/2022\\\/07\\\/11\\\/der-berg-ruft\\\/#primaryimage\",\"url\":\"https:\\\/\\\/fes-heidenheim.de\\\/gymnasium\\\/wp-content\\\/uploads\\\/sites\\\/8\\\/2022\\\/07\\\/ganzschoenmutigtage-2022-03.jpg\",\"contentUrl\":\"https:\\\/\\\/fes-heidenheim.de\\\/gymnasium\\\/wp-content\\\/uploads\\\/sites\\\/8\\\/2022\\\/07\\\/ganzschoenmutigtage-2022-03.jpg\",\"width\":2180,\"height\":1453,\"caption\":\"FES Heidenheim im Allg\u00e4u\"},{\"@type\":\"BreadcrumbList\",\"@id\":\"https:\\\/\\\/fes-heidenheim.de\\\/gymnasium\\\/2022\\\/07\\\/11\\\/der-berg-ruft\\\/#breadcrumb\",\"itemListElement\":[{\"@type\":\"ListItem\",\"position\":1,\"name\":\"Startseite\",\"item\":\"https:\\\/\\\/fes-heidenheim.de\\\/gymnasium\\\/\"},{\"@type\":\"ListItem\",\"position\":2,\"name\":\"Der Berg&nbsp;ruft!\"}]},{\"@type\":\"WebSite\",\"@id\":\"https:\\\/\\\/fes-heidenheim.de\\\/gymnasium\\\/#website\",\"url\":\"https:\\\/\\\/fes-heidenheim.de\\\/gymnasium\\\/\",\"name\":\"Gymnasium | Freie Evangelische Schule und Kindertagesst\u00e4tte Heidenheim e. V.\",\"description\":\"Eine weitere Freie Evangelische Schule Heidenheim e.V. Websites Website\",\"potentialAction\":[{\"@type\":\"SearchAction\",\"target\":{\"@type\":\"EntryPoint\",\"urlTemplate\":\"https:\\\/\\\/fes-heidenheim.de\\\/gymnasium\\\/?s={search_term_string}\"},\"query-input\":{\"@type\":\"PropertyValueSpecification\",\"valueRequired\":true,\"valueName\":\"search_term_string\"}}],\"inLanguage\":\"de\"},{\"@type\":\"Person\",\"@id\":\"https:\\\/\\\/fes-heidenheim.de\\\/gymnasium\\\/#\\\/schema\\\/person\\\/e8b717a48deac1a9531664496e910db7\",\"name\":\"fes\",\"image\":{\"@type\":\"ImageObject\",\"inLanguage\":\"de\",\"@id\":\"https:\\\/\\\/secure.gravatar.com\\\/avatar\\\/effdf0474358ff27f1e16eb3157eee659b464c36afe22d3bed195415271415a3?s=96&d=mm&r=g\",\"url\":\"https:\\\/\\\/secure.gravatar.com\\\/avatar\\\/effdf0474358ff27f1e16eb3157eee659b464c36afe22d3bed195415271415a3?s=96&d=mm&r=g\",\"contentUrl\":\"https:\\\/\\\/secure.gravatar.com\\\/avatar\\\/effdf0474358ff27f1e16eb3157eee659b464c36afe22d3bed195415271415a3?s=96&d=mm&r=g\",\"caption\":\"fes\"},\"url\":\"https:\\\/\\\/fes-heidenheim.de\\\/gymnasium\\\/author\\\/fes\\\/\"}]}<\/script>\n<!-- \/ Yoast SEO plugin. -->","yoast_head_json":{"title":"Der Berg ruft! - Gymnasium | Freie Evangelische Schule und Kindertagesst\u00e4tte Heidenheim e. V.","robots":{"index":"index","follow":"follow","max-snippet":"max-snippet:-1","max-image-preview":"max-image-preview:large","max-video-preview":"max-video-preview:-1"},"canonical":"https:\/\/fes-heidenheim.de\/gymnasium\/2022\/07\/11\/der-berg-ruft\/","og_locale":"de_DE","og_type":"article","og_title":"Der Berg ruft! - Gymnasium | Freie Evangelische Schule und Kindertagesst\u00e4tte Heidenheim e. V.","og_description":"Ein besonderes Highlight war die Gipfeltour auf den Iseler (1876\u00a0m) am dritten Tag, die uns alle kr\u00e4ftem\u00e4\u00dfig sehr forderte. Daf\u00fcr wurden wir mit einem atemberaubenden Blick belohnt. Wie herrlich hat sich der Sch\u00f6pfer diese Welt ausgedacht!","og_url":"https:\/\/fes-heidenheim.de\/gymnasium\/2022\/07\/11\/der-berg-ruft\/","og_site_name":"Gymnasium | Freie Evangelische Schule und Kindertagesst\u00e4tte Heidenheim e. V.","article_published_time":"2022-07-11T10:04:27+00:00","article_modified_time":"2022-07-11T10:39:45+00:00","og_image":[{"width":2180,"height":1453,"url":"https:\/\/fes-heidenheim.de\/gymnasium\/wp-content\/uploads\/sites\/8\/2022\/07\/ganzschoenmutigtage-2022-03.jpg","type":"image\/jpeg"}],"author":"fes","twitter_card":"summary_large_image","twitter_misc":{"Verfasst von":"fes","Gesch\u00e4tzte Lesezeit":"1\u00a0Minute"},"schema":{"@context":"https:\/\/schema.org","@graph":[{"@type":"Article","@id":"https:\/\/fes-heidenheim.de\/gymnasium\/2022\/07\/11\/der-berg-ruft\/#article","isPartOf":{"@id":"https:\/\/fes-heidenheim.de\/gymnasium\/2022\/07\/11\/der-berg-ruft\/"},"author":{"name":"fes","@id":"https:\/\/fes-heidenheim.de\/gymnasium\/#\/schema\/person\/e8b717a48deac1a9531664496e910db7"},"headline":"Der Berg&nbsp;ruft!","datePublished":"2022-07-11T10:04:27+00:00","dateModified":"2022-07-11T10:39:45+00:00","mainEntityOfPage":{"@id":"https:\/\/fes-heidenheim.de\/gymnasium\/2022\/07\/11\/der-berg-ruft\/"},"wordCount":243,"image":{"@id":"https:\/\/fes-heidenheim.de\/gymnasium\/2022\/07\/11\/der-berg-ruft\/#primaryimage"},"thumbnailUrl":"https:\/\/fes-heidenheim.de\/gymnasium\/wp-content\/uploads\/sites\/8\/2022\/07\/ganzschoenmutigtage-2022-03.jpg","articleSection":["FES Gymnasium","FES Realschule","FES unterwegs GYM","FES unterwegs RS"],"inLanguage":"de"},{"@type":"WebPage","@id":"https:\/\/fes-heidenheim.de\/gymnasium\/2022\/07\/11\/der-berg-ruft\/","url":"https:\/\/fes-heidenheim.de\/gymnasium\/2022\/07\/11\/der-berg-ruft\/","name":"Der Berg ruft! - Gymnasium | Freie Evangelische Schule und Kindertagesst\u00e4tte Heidenheim e. V.","isPartOf":{"@id":"https:\/\/fes-heidenheim.de\/gymnasium\/#website"},"primaryImageOfPage":{"@id":"https:\/\/fes-heidenheim.de\/gymnasium\/2022\/07\/11\/der-berg-ruft\/#primaryimage"},"image":{"@id":"https:\/\/fes-heidenheim.de\/gymnasium\/2022\/07\/11\/der-berg-ruft\/#primaryimage"},"thumbnailUrl":"https:\/\/fes-heidenheim.de\/gymnasium\/wp-content\/uploads\/sites\/8\/2022\/07\/ganzschoenmutigtage-2022-03.jpg","datePublished":"2022-07-11T10:04:27+00:00","dateModified":"2022-07-11T10:39:45+00:00","author":{"@id":"https:\/\/fes-heidenheim.de\/gymnasium\/#\/schema\/person\/e8b717a48deac1a9531664496e910db7"},"breadcrumb":{"@id":"https:\/\/fes-heidenheim.de\/gymnasium\/2022\/07\/11\/der-berg-ruft\/#breadcrumb"},"inLanguage":"de","potentialAction":[{"@type":"ReadAction","target":["https:\/\/fes-heidenheim.de\/gymnasium\/2022\/07\/11\/der-berg-ruft\/"]}]},{"@type":"ImageObject","inLanguage":"de","@id":"https:\/\/fes-heidenheim.de\/gymnasium\/2022\/07\/11\/der-berg-ruft\/#primaryimage","url":"https:\/\/fes-heidenheim.de\/gymnasium\/wp-content\/uploads\/sites\/8\/2022\/07\/ganzschoenmutigtage-2022-03.jpg","contentUrl":"https:\/\/fes-heidenheim.de\/gymnasium\/wp-content\/uploads\/sites\/8\/2022\/07\/ganzschoenmutigtage-2022-03.jpg","width":2180,"height":1453,"caption":"FES Heidenheim im Allg\u00e4u"},{"@type":"BreadcrumbList","@id":"https:\/\/fes-heidenheim.de\/gymnasium\/2022\/07\/11\/der-berg-ruft\/#breadcrumb","itemListElement":[{"@type":"ListItem","position":1,"name":"Startseite","item":"https:\/\/fes-heidenheim.de\/gymnasium\/"},{"@type":"ListItem","position":2,"name":"Der Berg&nbsp;ruft!"}]},{"@type":"WebSite","@id":"https:\/\/fes-heidenheim.de\/gymnasium\/#website","url":"https:\/\/fes-heidenheim.de\/gymnasium\/","name":"Gymnasium | Freie Evangelische Schule und Kindertagesst\u00e4tte Heidenheim e. V.","description":"Eine weitere Freie Evangelische Schule Heidenheim e.V. Websites Website","potentialAction":[{"@type":"SearchAction","target":{"@type":"EntryPoint","urlTemplate":"https:\/\/fes-heidenheim.de\/gymnasium\/?s={search_term_string}"},"query-input":{"@type":"PropertyValueSpecification","valueRequired":true,"valueName":"search_term_string"}}],"inLanguage":"de"},{"@type":"Person","@id":"https:\/\/fes-heidenheim.de\/gymnasium\/#\/schema\/person\/e8b717a48deac1a9531664496e910db7","name":"fes","image":{"@type":"ImageObject","inLanguage":"de","@id":"https:\/\/secure.gravatar.com\/avatar\/effdf0474358ff27f1e16eb3157eee659b464c36afe22d3bed195415271415a3?s=96&d=mm&r=g","url":"https:\/\/secure.gravatar.com\/avatar\/effdf0474358ff27f1e16eb3157eee659b464c36afe22d3bed195415271415a3?s=96&d=mm&r=g","contentUrl":"https:\/\/secure.gravatar.com\/avatar\/effdf0474358ff27f1e16eb3157eee659b464c36afe22d3bed195415271415a3?s=96&d=mm&r=g","caption":"fes"},"url":"https:\/\/fes-heidenheim.de\/gymnasium\/author\/fes\/"}]}},"_links":{"self":[{"href":"https:\/\/fes-heidenheim.de\/gymnasium\/wp-json\/wp\/v2\/posts\/3947","targetHints":{"allow":["GET"]}}],"collection":[{"href":"https:\/\/fes-heidenheim.de\/gymnasium\/wp-json\/wp\/v2\/posts"}],"about":[{"href":"https:\/\/fes-heidenheim.de\/gymnasium\/wp-json\/wp\/v2\/types\/post"}],"author":[{"embeddable":true,"href":"https:\/\/fes-heidenheim.de\/gymnasium\/wp-json\/wp\/v2\/users\/1"}],"replies":[{"embeddable":true,"href":"https:\/\/fes-heidenheim.de\/gymnasium\/wp-json\/wp\/v2\/comments?post=3947"}],"version-history":[{"count":31,"href":"https:\/\/fes-heidenheim.de\/gymnasium\/wp-json\/wp\/v2\/posts\/3947\/revisions"}],"predecessor-version":[{"id":3982,"href":"https:\/\/fes-heidenheim.de\/gymnasium\/wp-json\/wp\/v2\/posts\/3947\/revisions\/3982"}],"wp:featuredmedia":[{"embeddable":true,"href":"https:\/\/fes-heidenheim.de\/gymnasium\/wp-json\/wp\/v2\/media\/3954"}],"wp:attachment":[{"href":"https:\/\/fes-heidenheim.de\/gymnasium\/wp-json\/wp\/v2\/media?parent=3947"}],"wp:term":[{"taxonomy":"category","embeddable":true,"href":"https:\/\/fes-heidenheim.de\/gymnasium\/wp-json\/wp\/v2\/categories?post=3947"},{"taxonomy":"post_tag","embeddable":true,"href":"https:\/\/fes-heidenheim.de\/gymnasium\/wp-json\/wp\/v2\/tags?post=3947"}],"curies":[{"name":"wp","href":"https:\/\/api.w.org\/{rel}","templated":true}]}}