{"id":4024,"date":"2022-07-29T08:07:58","date_gmt":"2022-07-29T06:07:58","guid":{"rendered":"https:\/\/fes-heidenheim.de\/gymnasium\/2022\/07\/29\/einer-fuer-alle-alle-fuer-einen-4\/"},"modified":"2022-08-02T17:06:35","modified_gmt":"2022-08-02T15:06:35","slug":"einer-fuer-alle-alle-fuer-einen-4","status":"publish","type":"post","link":"https:\/\/fes-heidenheim.de\/gymnasium\/2022\/07\/29\/einer-fuer-alle-alle-fuer-einen-4\/","title":{"rendered":"Einer f\u00fcr alle \u2013 alle f\u00fcr&nbsp;einen"},"content":{"rendered":"\n<h2 class=\"wp-block-heading\"><strong>Erlebnisp\u00e4dagogische Woche Klassenstufe 8 in \u00d6sterreich<\/strong><\/h2>\n\n\n\n<p>Eigentlich sollte diese Erleb\u00adnis\u00adwoche bere\u00adits zu Beginn der 7. Klasse stat\u00adtfind\u00aden, musste aber coro\u00adn\u00adabe\u00add\u00adingt aus\u00adfall\u00aden. Mit knapp zwei Jahren Ver\u00adsp\u00e4\u00adtung kon\u00adnten die 8. Klassen unser\u00ader FES Realschule und FES Gym\u00adna\u00adsi\u00adum ihre Klassen\u00adfahrt nach Schloss Klaus in Ober\u00f6ster\u00adre\u00adich nachholen.<br><\/p>\n\n\n\n<p>An den f\u00fcnf Tagen kon\u00adnten unsere Sch\u00fc\u00adlerin\u00adnen und Sch\u00fcler erfahren, dass ihr Han\u00addeln aber auch ihr Nicht-Han\u00addeln Kon\u00adse\u00adquen\u00adzen hat. Das High\u00adlight war eine Wan\u00adderung mit anschlie\u00dfen\u00adder Out\u00addoor-\u00dcber\u00adnach\u00adtung, bei der die Kinder alles selb\u00adst \u00fcbernehmen mussten (Koor\u00addi\u00adna\u00adtion zur \u00dcber\u00adnach\u00adtungsst\u00e4tte, Kochen und Lagerbau).<br><\/p>\n\n\n\n<p>Geistlich ging es in den Tagen um Gottes Sch\u00f6p\u00adfung, die erst durch den Men\u00adschen \u201csehr gut\u201d wurde. Doch der Men\u00adsch entsch\u00adied sich dazu sein eigen\u00ader Herr zu sein und lebte\/ lebt seit\u00addem in Tren\u00adnung zu Gott. Durch Jesus Chris\u00adtus konnte\/ kann diese Tren\u00adnung \u00fcber\u00adwun\u00adden wer\u00adden, was allerd\u00adings eine bewusste Entschei\u00addung von uns selb\u00adst ben\u00f6tigt (auch hier hat unser Han\u00addeln bzw. Nicht-Han\u00addeln Konsequenzen\u2026).<br><\/p>\n\n\n\n<p>Ins\u00adge\u00adsamt l\u00e4sst sich fes\u00adthal\u00adten, dass die Woche sowohl k\u00f6r\u00adper\u00adlich, als auch geistlich sehr inten\u00adsiv, aber auch sehr lohnenswert war.<\/p>\n\n\n\n<figure class=\"wp-block-gallery has-nested-images columns-default is-cropped wp-block-gallery-1 is-layout-flex wp-block-gallery-is-layout-flex\">\n<figure class=\"wp-block-image size-large\"><img loading=\"lazy\" decoding=\"async\" width=\"1080\" height=\"780\" data-id=\"4054\" src=\"https:\/\/fes-heidenheim.de\/gymnasium\/wp-content\/uploads\/sites\/8\/2022\/08\/fes-hdh-auf-schloss-klaus-1.jpg\" alt=\"Erlebnisp\u00e4dagogische Tage der FES Heidenheim auf Schloss Klaus\/\u00d6sterreich\" class=\"wp-image-4054\" srcset=\"https:\/\/fes-heidenheim.de\/gymnasium\/wp-content\/uploads\/sites\/8\/2022\/08\/fes-hdh-auf-schloss-klaus-1.jpg 1080w, https:\/\/fes-heidenheim.de\/gymnasium\/wp-content\/uploads\/sites\/8\/2022\/08\/fes-hdh-auf-schloss-klaus-1-980x708.jpg 980w, https:\/\/fes-heidenheim.de\/gymnasium\/wp-content\/uploads\/sites\/8\/2022\/08\/fes-hdh-auf-schloss-klaus-1-480x347.jpg 480w\" sizes=\"(min-width: 0px) and (max-width: 480px) 480px, (min-width: 481px) and (max-width: 980px) 980px, (min-width: 981px) 1080px, 100vw\"><\/figure>\n\n\n\n<figure class=\"wp-block-image size-large\"><img loading=\"lazy\" decoding=\"async\" width=\"1080\" height=\"608\" data-id=\"4055\" src=\"https:\/\/fes-heidenheim.de\/gymnasium\/wp-content\/uploads\/sites\/8\/2022\/08\/fes-hdh-auf-schloss-klaus02.jpg\" alt class=\"wp-image-4055\" srcset=\"https:\/\/fes-heidenheim.de\/gymnasium\/wp-content\/uploads\/sites\/8\/2022\/08\/fes-hdh-auf-schloss-klaus02.jpg 1080w, https:\/\/fes-heidenheim.de\/gymnasium\/wp-content\/uploads\/sites\/8\/2022\/08\/fes-hdh-auf-schloss-klaus02-980x552.jpg 980w, https:\/\/fes-heidenheim.de\/gymnasium\/wp-content\/uploads\/sites\/8\/2022\/08\/fes-hdh-auf-schloss-klaus02-480x270.jpg 480w\" sizes=\"(min-width: 0px) and (max-width: 480px) 480px, (min-width: 481px) and (max-width: 980px) 980px, (min-width: 981px) 1080px, 100vw\"><\/figure>\n\n\n\n<figure class=\"wp-block-image size-large\"><img loading=\"lazy\" decoding=\"async\" width=\"1080\" height=\"607\" data-id=\"4056\" src=\"https:\/\/fes-heidenheim.de\/gymnasium\/wp-content\/uploads\/sites\/8\/2022\/08\/fes-hdh-auf-schloss-klaus03.jpg\" alt class=\"wp-image-4056\" srcset=\"https:\/\/fes-heidenheim.de\/gymnasium\/wp-content\/uploads\/sites\/8\/2022\/08\/fes-hdh-auf-schloss-klaus03.jpg 1080w, https:\/\/fes-heidenheim.de\/gymnasium\/wp-content\/uploads\/sites\/8\/2022\/08\/fes-hdh-auf-schloss-klaus03-980x551.jpg 980w, https:\/\/fes-heidenheim.de\/gymnasium\/wp-content\/uploads\/sites\/8\/2022\/08\/fes-hdh-auf-schloss-klaus03-480x270.jpg 480w\" sizes=\"(min-width: 0px) and (max-width: 480px) 480px, (min-width: 481px) and (max-width: 980px) 980px, (min-width: 981px) 1080px, 100vw\"><\/figure>\n\n\n\n<figure class=\"wp-block-image size-large\"><img loading=\"lazy\" decoding=\"async\" width=\"1080\" height=\"608\" data-id=\"4057\" src=\"https:\/\/fes-heidenheim.de\/gymnasium\/wp-content\/uploads\/sites\/8\/2022\/08\/fes-hdh-auf-schloss-klaus04.jpg\" alt class=\"wp-image-4057\" srcset=\"https:\/\/fes-heidenheim.de\/gymnasium\/wp-content\/uploads\/sites\/8\/2022\/08\/fes-hdh-auf-schloss-klaus04.jpg 1080w, https:\/\/fes-heidenheim.de\/gymnasium\/wp-content\/uploads\/sites\/8\/2022\/08\/fes-hdh-auf-schloss-klaus04-980x552.jpg 980w, https:\/\/fes-heidenheim.de\/gymnasium\/wp-content\/uploads\/sites\/8\/2022\/08\/fes-hdh-auf-schloss-klaus04-480x270.jpg 480w\" sizes=\"(min-width: 0px) and (max-width: 480px) 480px, (min-width: 481px) and (max-width: 980px) 980px, (min-width: 981px) 1080px, 100vw\"><\/figure>\n\n\n\n<figure class=\"wp-block-image size-large\"><img loading=\"lazy\" decoding=\"async\" width=\"1080\" height=\"608\" data-id=\"4061\" src=\"https:\/\/fes-heidenheim.de\/gymnasium\/wp-content\/uploads\/sites\/8\/2022\/08\/fes-hdh-auf-schloss-klaus08.jpg\" alt class=\"wp-image-4061\" srcset=\"https:\/\/fes-heidenheim.de\/gymnasium\/wp-content\/uploads\/sites\/8\/2022\/08\/fes-hdh-auf-schloss-klaus08.jpg 1080w, https:\/\/fes-heidenheim.de\/gymnasium\/wp-content\/uploads\/sites\/8\/2022\/08\/fes-hdh-auf-schloss-klaus08-980x552.jpg 980w, https:\/\/fes-heidenheim.de\/gymnasium\/wp-content\/uploads\/sites\/8\/2022\/08\/fes-hdh-auf-schloss-klaus08-480x270.jpg 480w\" sizes=\"(min-width: 0px) and (max-width: 480px) 480px, (min-width: 481px) and (max-width: 980px) 980px, (min-width: 981px) 1080px, 100vw\"><\/figure>\n\n\n\n<figure class=\"wp-block-image size-large\"><img loading=\"lazy\" decoding=\"async\" width=\"1080\" height=\"608\" data-id=\"4058\" src=\"https:\/\/fes-heidenheim.de\/gymnasium\/wp-content\/uploads\/sites\/8\/2022\/08\/fes-hdh-auf-schloss-klaus05.jpg\" alt class=\"wp-image-4058\" srcset=\"https:\/\/fes-heidenheim.de\/gymnasium\/wp-content\/uploads\/sites\/8\/2022\/08\/fes-hdh-auf-schloss-klaus05.jpg 1080w, https:\/\/fes-heidenheim.de\/gymnasium\/wp-content\/uploads\/sites\/8\/2022\/08\/fes-hdh-auf-schloss-klaus05-980x552.jpg 980w, https:\/\/fes-heidenheim.de\/gymnasium\/wp-content\/uploads\/sites\/8\/2022\/08\/fes-hdh-auf-schloss-klaus05-480x270.jpg 480w\" sizes=\"(min-width: 0px) and (max-width: 480px) 480px, (min-width: 481px) and (max-width: 980px) 980px, (min-width: 981px) 1080px, 100vw\"><\/figure>\n\n\n\n<figure class=\"wp-block-image size-large\"><img loading=\"lazy\" decoding=\"async\" width=\"1080\" height=\"608\" data-id=\"4059\" src=\"https:\/\/fes-heidenheim.de\/gymnasium\/wp-content\/uploads\/sites\/8\/2022\/08\/fes-hdh-auf-schloss-klaus06.jpg\" alt class=\"wp-image-4059\" srcset=\"https:\/\/fes-heidenheim.de\/gymnasium\/wp-content\/uploads\/sites\/8\/2022\/08\/fes-hdh-auf-schloss-klaus06.jpg 1080w, https:\/\/fes-heidenheim.de\/gymnasium\/wp-content\/uploads\/sites\/8\/2022\/08\/fes-hdh-auf-schloss-klaus06-980x552.jpg 980w, https:\/\/fes-heidenheim.de\/gymnasium\/wp-content\/uploads\/sites\/8\/2022\/08\/fes-hdh-auf-schloss-klaus06-480x270.jpg 480w\" sizes=\"(min-width: 0px) and (max-width: 480px) 480px, (min-width: 481px) and (max-width: 980px) 980px, (min-width: 981px) 1080px, 100vw\"><\/figure>\n\n\n\n<figure class=\"wp-block-image size-large\"><img loading=\"lazy\" decoding=\"async\" width=\"1080\" height=\"608\" data-id=\"4060\" src=\"https:\/\/fes-heidenheim.de\/gymnasium\/wp-content\/uploads\/sites\/8\/2022\/08\/fes-hdh-auf-schloss-klaus07.jpg\" alt class=\"wp-image-4060\" srcset=\"https:\/\/fes-heidenheim.de\/gymnasium\/wp-content\/uploads\/sites\/8\/2022\/08\/fes-hdh-auf-schloss-klaus07.jpg 1080w, https:\/\/fes-heidenheim.de\/gymnasium\/wp-content\/uploads\/sites\/8\/2022\/08\/fes-hdh-auf-schloss-klaus07-980x552.jpg 980w, https:\/\/fes-heidenheim.de\/gymnasium\/wp-content\/uploads\/sites\/8\/2022\/08\/fes-hdh-auf-schloss-klaus07-480x270.jpg 480w\" sizes=\"(min-width: 0px) and (max-width: 480px) 480px, (min-width: 481px) and (max-width: 980px) 980px, (min-width: 981px) 1080px, 100vw\"><\/figure>\n\n\n\n<figure class=\"wp-block-image size-large\"><img loading=\"lazy\" decoding=\"async\" width=\"1080\" height=\"810\" data-id=\"4063\" src=\"https:\/\/fes-heidenheim.de\/gymnasium\/wp-content\/uploads\/sites\/8\/2022\/08\/fes-hdh-auf-schloss-klaus09.jpg\" alt class=\"wp-image-4063\" srcset=\"https:\/\/fes-heidenheim.de\/gymnasium\/wp-content\/uploads\/sites\/8\/2022\/08\/fes-hdh-auf-schloss-klaus09.jpg 1080w, https:\/\/fes-heidenheim.de\/gymnasium\/wp-content\/uploads\/sites\/8\/2022\/08\/fes-hdh-auf-schloss-klaus09-980x735.jpg 980w, https:\/\/fes-heidenheim.de\/gymnasium\/wp-content\/uploads\/sites\/8\/2022\/08\/fes-hdh-auf-schloss-klaus09-480x360.jpg 480w\" sizes=\"(min-width: 0px) and (max-width: 480px) 480px, (min-width: 481px) and (max-width: 980px) 980px, (min-width: 981px) 1080px, 100vw\"><\/figure>\n\n\n\n<figure class=\"wp-block-image size-large\"><img loading=\"lazy\" decoding=\"async\" width=\"1080\" height=\"608\" data-id=\"4064\" src=\"https:\/\/fes-heidenheim.de\/gymnasium\/wp-content\/uploads\/sites\/8\/2022\/08\/fes-hdh-auf-schloss-klaus10.jpg\" alt class=\"wp-image-4064\" srcset=\"https:\/\/fes-heidenheim.de\/gymnasium\/wp-content\/uploads\/sites\/8\/2022\/08\/fes-hdh-auf-schloss-klaus10.jpg 1080w, https:\/\/fes-heidenheim.de\/gymnasium\/wp-content\/uploads\/sites\/8\/2022\/08\/fes-hdh-auf-schloss-klaus10-980x552.jpg 980w, https:\/\/fes-heidenheim.de\/gymnasium\/wp-content\/uploads\/sites\/8\/2022\/08\/fes-hdh-auf-schloss-klaus10-480x270.jpg 480w\" sizes=\"(min-width: 0px) and (max-width: 480px) 480px, (min-width: 481px) and (max-width: 980px) 980px, (min-width: 981px) 1080px, 100vw\"><\/figure>\n<\/figure>\n\n\n\n<figure class=\"wp-block-image size-large\"><img decoding=\"async\" src=\"https:\/\/fes-heidenheim.de\/gymnasium\/wp-content\/uploads\/sites\/8\/2022\/07\/fes-einer-fuer-alle02-1024x576.jpg\" alt class=\"wp-image-4462\"><\/figure>\n","protected":false},"excerpt":{"rendered":"<p>Mit knapp zwei Jahren Ver\u00adsp\u00e4\u00adtung kon\u00adnten die 8. Klassen unser\u00ader FES Realschule und FES Gym\u00adna\u00adsi\u00adum ihre Klassen\u00adfahrt nach Schloss Klaus in Ober\u00f6ster\u00adre\u00adich nachholen.<\/p>\n","protected":false},"author":1,"featured_media":4005,"comment_status":"closed","ping_status":"open","sticky":false,"template":"","format":"standard","meta":{"_et_pb_use_builder":"off","_et_pb_old_content":"","_et_gb_content_width":"","inline_featured_image":false,"wp_typography_post_enhancements_disabled":false,"footnotes":""},"categories":[30,29,49,44],"tags":[54,55],"class_list":["post-4024","post","type-post","status-publish","format-standard","has-post-thumbnail","hentry","category-fes-gymnasium","category-fes-realschule","category-fes-unterwegs-gym","category-fes-unterwegs-rs","tag-erlebnispaedagogische-woche","tag-realschule"],"yoast_head":"<!-- This site is optimized with the Yoast SEO plugin v27.4 - https:\/\/yoast.com\/product\/yoast-seo-wordpress\/ -->\n<title>Einer f\u00fcr alle &#8211; alle f\u00fcr einen - Gymnasium | Freie Evangelische Schule und Kindertagesst\u00e4tte Heidenheim e. V.<\/title>\n<meta name=\"robots\" content=\"index, follow, max-snippet:-1, max-image-preview:large, max-video-preview:-1\" \/>\n<link rel=\"canonical\" href=\"https:\/\/fes-heidenheim.de\/gymnasium\/2022\/07\/29\/einer-fuer-alle-alle-fuer-einen-4\/\" \/>\n<meta property=\"og:locale\" content=\"de_DE\" \/>\n<meta property=\"og:type\" content=\"article\" \/>\n<meta property=\"og:title\" content=\"Einer f\u00fcr alle &#8211; alle f\u00fcr einen - Gymnasium | Freie Evangelische Schule und Kindertagesst\u00e4tte Heidenheim e. V.\" \/>\n<meta property=\"og:description\" content=\"Mit knapp zwei Jahren Versp\u00e4tung konnten die 8. Klassen unserer FES Realschule und FES Gymnasium ihre Klassenfahrt nach Schloss Klaus in Ober\u00f6sterreich nachholen.\" \/>\n<meta property=\"og:url\" content=\"https:\/\/fes-heidenheim.de\/gymnasium\/2022\/07\/29\/einer-fuer-alle-alle-fuer-einen-4\/\" \/>\n<meta property=\"og:site_name\" content=\"Gymnasium | Freie Evangelische Schule und Kindertagesst\u00e4tte Heidenheim e. V.\" \/>\n<meta property=\"article:published_time\" content=\"2022-07-29T06:07:58+00:00\" \/>\n<meta property=\"article:modified_time\" content=\"2022-08-02T15:06:35+00:00\" \/>\n<meta property=\"og:image\" content=\"https:\/\/fes-heidenheim.de\/gymnasium\/wp-content\/uploads\/sites\/8\/2022\/07\/fes-einer-fuer-alle01.jpg\" \/>\n\t<meta property=\"og:image:width\" content=\"1080\" \/>\n\t<meta property=\"og:image:height\" content=\"608\" \/>\n\t<meta property=\"og:image:type\" content=\"image\/jpeg\" \/>\n<meta name=\"author\" content=\"fes\" \/>\n<meta name=\"twitter:card\" content=\"summary_large_image\" \/>\n<meta name=\"twitter:label1\" content=\"Verfasst von\" \/>\n\t<meta name=\"twitter:data1\" content=\"fes\" \/>\n\t<meta name=\"twitter:label2\" content=\"Gesch\u00e4tzte Lesezeit\" \/>\n\t<meta name=\"twitter:data2\" content=\"4\u00a0Minuten\" \/>\n<script type=\"application\/ld+json\" class=\"yoast-schema-graph\">{\"@context\":\"https:\\\/\\\/schema.org\",\"@graph\":[{\"@type\":\"Article\",\"@id\":\"https:\\\/\\\/fes-heidenheim.de\\\/gymnasium\\\/2022\\\/07\\\/29\\\/einer-fuer-alle-alle-fuer-einen-4\\\/#article\",\"isPartOf\":{\"@id\":\"https:\\\/\\\/fes-heidenheim.de\\\/gymnasium\\\/2022\\\/07\\\/29\\\/einer-fuer-alle-alle-fuer-einen-4\\\/\"},\"author\":{\"name\":\"fes\",\"@id\":\"https:\\\/\\\/fes-heidenheim.de\\\/gymnasium\\\/#\\\/schema\\\/person\\\/e8b717a48deac1a9531664496e910db7\"},\"headline\":\"Einer f\u00fcr alle \u2013 alle f\u00fcr&nbsp;einen\",\"datePublished\":\"2022-07-29T06:07:58+00:00\",\"dateModified\":\"2022-08-02T15:06:35+00:00\",\"mainEntityOfPage\":{\"@id\":\"https:\\\/\\\/fes-heidenheim.de\\\/gymnasium\\\/2022\\\/07\\\/29\\\/einer-fuer-alle-alle-fuer-einen-4\\\/\"},\"wordCount\":184,\"image\":{\"@id\":\"https:\\\/\\\/fes-heidenheim.de\\\/gymnasium\\\/2022\\\/07\\\/29\\\/einer-fuer-alle-alle-fuer-einen-4\\\/#primaryimage\"},\"thumbnailUrl\":\"https:\\\/\\\/fes-heidenheim.de\\\/gymnasium\\\/wp-content\\\/uploads\\\/sites\\\/8\\\/2022\\\/07\\\/fes-einer-fuer-alle01.jpg\",\"keywords\":[\"Erlebnisp\u00e4dagogische Woche\",\"REalschule\"],\"articleSection\":[\"FES Gymnasium\",\"FES Realschule\",\"FES unterwegs GYM\",\"FES unterwegs RS\"],\"inLanguage\":\"de\"},{\"@type\":\"WebPage\",\"@id\":\"https:\\\/\\\/fes-heidenheim.de\\\/gymnasium\\\/2022\\\/07\\\/29\\\/einer-fuer-alle-alle-fuer-einen-4\\\/\",\"url\":\"https:\\\/\\\/fes-heidenheim.de\\\/gymnasium\\\/2022\\\/07\\\/29\\\/einer-fuer-alle-alle-fuer-einen-4\\\/\",\"name\":\"Einer f\u00fcr alle &#8211; alle f\u00fcr einen - Gymnasium | Freie Evangelische Schule und Kindertagesst\u00e4tte Heidenheim e. V.\",\"isPartOf\":{\"@id\":\"https:\\\/\\\/fes-heidenheim.de\\\/gymnasium\\\/#website\"},\"primaryImageOfPage\":{\"@id\":\"https:\\\/\\\/fes-heidenheim.de\\\/gymnasium\\\/2022\\\/07\\\/29\\\/einer-fuer-alle-alle-fuer-einen-4\\\/#primaryimage\"},\"image\":{\"@id\":\"https:\\\/\\\/fes-heidenheim.de\\\/gymnasium\\\/2022\\\/07\\\/29\\\/einer-fuer-alle-alle-fuer-einen-4\\\/#primaryimage\"},\"thumbnailUrl\":\"https:\\\/\\\/fes-heidenheim.de\\\/gymnasium\\\/wp-content\\\/uploads\\\/sites\\\/8\\\/2022\\\/07\\\/fes-einer-fuer-alle01.jpg\",\"datePublished\":\"2022-07-29T06:07:58+00:00\",\"dateModified\":\"2022-08-02T15:06:35+00:00\",\"author\":{\"@id\":\"https:\\\/\\\/fes-heidenheim.de\\\/gymnasium\\\/#\\\/schema\\\/person\\\/e8b717a48deac1a9531664496e910db7\"},\"breadcrumb\":{\"@id\":\"https:\\\/\\\/fes-heidenheim.de\\\/gymnasium\\\/2022\\\/07\\\/29\\\/einer-fuer-alle-alle-fuer-einen-4\\\/#breadcrumb\"},\"inLanguage\":\"de\",\"potentialAction\":[{\"@type\":\"ReadAction\",\"target\":[\"https:\\\/\\\/fes-heidenheim.de\\\/gymnasium\\\/2022\\\/07\\\/29\\\/einer-fuer-alle-alle-fuer-einen-4\\\/\"]}]},{\"@type\":\"ImageObject\",\"inLanguage\":\"de\",\"@id\":\"https:\\\/\\\/fes-heidenheim.de\\\/gymnasium\\\/2022\\\/07\\\/29\\\/einer-fuer-alle-alle-fuer-einen-4\\\/#primaryimage\",\"url\":\"https:\\\/\\\/fes-heidenheim.de\\\/gymnasium\\\/wp-content\\\/uploads\\\/sites\\\/8\\\/2022\\\/07\\\/fes-einer-fuer-alle01.jpg\",\"contentUrl\":\"https:\\\/\\\/fes-heidenheim.de\\\/gymnasium\\\/wp-content\\\/uploads\\\/sites\\\/8\\\/2022\\\/07\\\/fes-einer-fuer-alle01.jpg\",\"width\":1080,\"height\":608},{\"@type\":\"BreadcrumbList\",\"@id\":\"https:\\\/\\\/fes-heidenheim.de\\\/gymnasium\\\/2022\\\/07\\\/29\\\/einer-fuer-alle-alle-fuer-einen-4\\\/#breadcrumb\",\"itemListElement\":[{\"@type\":\"ListItem\",\"position\":1,\"name\":\"Startseite\",\"item\":\"https:\\\/\\\/fes-heidenheim.de\\\/gymnasium\\\/\"},{\"@type\":\"ListItem\",\"position\":2,\"name\":\"Einer f\u00fcr alle &#8211; alle f\u00fcr einen\"}]},{\"@type\":\"WebSite\",\"@id\":\"https:\\\/\\\/fes-heidenheim.de\\\/gymnasium\\\/#website\",\"url\":\"https:\\\/\\\/fes-heidenheim.de\\\/gymnasium\\\/\",\"name\":\"Gymnasium | Freie Evangelische Schule und Kindertagesst\u00e4tte Heidenheim e. V.\",\"description\":\"Eine weitere Freie Evangelische Schule Heidenheim e.V. Websites Website\",\"potentialAction\":[{\"@type\":\"SearchAction\",\"target\":{\"@type\":\"EntryPoint\",\"urlTemplate\":\"https:\\\/\\\/fes-heidenheim.de\\\/gymnasium\\\/?s={search_term_string}\"},\"query-input\":{\"@type\":\"PropertyValueSpecification\",\"valueRequired\":true,\"valueName\":\"search_term_string\"}}],\"inLanguage\":\"de\"},{\"@type\":\"Person\",\"@id\":\"https:\\\/\\\/fes-heidenheim.de\\\/gymnasium\\\/#\\\/schema\\\/person\\\/e8b717a48deac1a9531664496e910db7\",\"name\":\"fes\",\"image\":{\"@type\":\"ImageObject\",\"inLanguage\":\"de\",\"@id\":\"https:\\\/\\\/secure.gravatar.com\\\/avatar\\\/effdf0474358ff27f1e16eb3157eee659b464c36afe22d3bed195415271415a3?s=96&d=mm&r=g\",\"url\":\"https:\\\/\\\/secure.gravatar.com\\\/avatar\\\/effdf0474358ff27f1e16eb3157eee659b464c36afe22d3bed195415271415a3?s=96&d=mm&r=g\",\"contentUrl\":\"https:\\\/\\\/secure.gravatar.com\\\/avatar\\\/effdf0474358ff27f1e16eb3157eee659b464c36afe22d3bed195415271415a3?s=96&d=mm&r=g\",\"caption\":\"fes\"},\"url\":\"https:\\\/\\\/fes-heidenheim.de\\\/gymnasium\\\/author\\\/fes\\\/\"}]}<\/script>\n<!-- \/ Yoast SEO plugin. -->","yoast_head_json":{"title":"Einer f\u00fcr alle &#8211; alle f\u00fcr einen - Gymnasium | Freie Evangelische Schule und Kindertagesst\u00e4tte Heidenheim e. V.","robots":{"index":"index","follow":"follow","max-snippet":"max-snippet:-1","max-image-preview":"max-image-preview:large","max-video-preview":"max-video-preview:-1"},"canonical":"https:\/\/fes-heidenheim.de\/gymnasium\/2022\/07\/29\/einer-fuer-alle-alle-fuer-einen-4\/","og_locale":"de_DE","og_type":"article","og_title":"Einer f\u00fcr alle &#8211; alle f\u00fcr einen - Gymnasium | Freie Evangelische Schule und Kindertagesst\u00e4tte Heidenheim e. V.","og_description":"Mit knapp zwei Jahren Versp\u00e4tung konnten die 8. Klassen unserer FES Realschule und FES Gymnasium ihre Klassenfahrt nach Schloss Klaus in Ober\u00f6sterreich nachholen.","og_url":"https:\/\/fes-heidenheim.de\/gymnasium\/2022\/07\/29\/einer-fuer-alle-alle-fuer-einen-4\/","og_site_name":"Gymnasium | Freie Evangelische Schule und Kindertagesst\u00e4tte Heidenheim e. V.","article_published_time":"2022-07-29T06:07:58+00:00","article_modified_time":"2022-08-02T15:06:35+00:00","og_image":[{"width":1080,"height":608,"url":"https:\/\/fes-heidenheim.de\/gymnasium\/wp-content\/uploads\/sites\/8\/2022\/07\/fes-einer-fuer-alle01.jpg","type":"image\/jpeg"}],"author":"fes","twitter_card":"summary_large_image","twitter_misc":{"Verfasst von":"fes","Gesch\u00e4tzte Lesezeit":"4\u00a0Minuten"},"schema":{"@context":"https:\/\/schema.org","@graph":[{"@type":"Article","@id":"https:\/\/fes-heidenheim.de\/gymnasium\/2022\/07\/29\/einer-fuer-alle-alle-fuer-einen-4\/#article","isPartOf":{"@id":"https:\/\/fes-heidenheim.de\/gymnasium\/2022\/07\/29\/einer-fuer-alle-alle-fuer-einen-4\/"},"author":{"name":"fes","@id":"https:\/\/fes-heidenheim.de\/gymnasium\/#\/schema\/person\/e8b717a48deac1a9531664496e910db7"},"headline":"Einer f\u00fcr alle \u2013 alle f\u00fcr&nbsp;einen","datePublished":"2022-07-29T06:07:58+00:00","dateModified":"2022-08-02T15:06:35+00:00","mainEntityOfPage":{"@id":"https:\/\/fes-heidenheim.de\/gymnasium\/2022\/07\/29\/einer-fuer-alle-alle-fuer-einen-4\/"},"wordCount":184,"image":{"@id":"https:\/\/fes-heidenheim.de\/gymnasium\/2022\/07\/29\/einer-fuer-alle-alle-fuer-einen-4\/#primaryimage"},"thumbnailUrl":"https:\/\/fes-heidenheim.de\/gymnasium\/wp-content\/uploads\/sites\/8\/2022\/07\/fes-einer-fuer-alle01.jpg","keywords":["Erlebnisp\u00e4dagogische Woche","REalschule"],"articleSection":["FES Gymnasium","FES Realschule","FES unterwegs GYM","FES unterwegs RS"],"inLanguage":"de"},{"@type":"WebPage","@id":"https:\/\/fes-heidenheim.de\/gymnasium\/2022\/07\/29\/einer-fuer-alle-alle-fuer-einen-4\/","url":"https:\/\/fes-heidenheim.de\/gymnasium\/2022\/07\/29\/einer-fuer-alle-alle-fuer-einen-4\/","name":"Einer f\u00fcr alle &#8211; alle f\u00fcr einen - Gymnasium | Freie Evangelische Schule und Kindertagesst\u00e4tte Heidenheim e. V.","isPartOf":{"@id":"https:\/\/fes-heidenheim.de\/gymnasium\/#website"},"primaryImageOfPage":{"@id":"https:\/\/fes-heidenheim.de\/gymnasium\/2022\/07\/29\/einer-fuer-alle-alle-fuer-einen-4\/#primaryimage"},"image":{"@id":"https:\/\/fes-heidenheim.de\/gymnasium\/2022\/07\/29\/einer-fuer-alle-alle-fuer-einen-4\/#primaryimage"},"thumbnailUrl":"https:\/\/fes-heidenheim.de\/gymnasium\/wp-content\/uploads\/sites\/8\/2022\/07\/fes-einer-fuer-alle01.jpg","datePublished":"2022-07-29T06:07:58+00:00","dateModified":"2022-08-02T15:06:35+00:00","author":{"@id":"https:\/\/fes-heidenheim.de\/gymnasium\/#\/schema\/person\/e8b717a48deac1a9531664496e910db7"},"breadcrumb":{"@id":"https:\/\/fes-heidenheim.de\/gymnasium\/2022\/07\/29\/einer-fuer-alle-alle-fuer-einen-4\/#breadcrumb"},"inLanguage":"de","potentialAction":[{"@type":"ReadAction","target":["https:\/\/fes-heidenheim.de\/gymnasium\/2022\/07\/29\/einer-fuer-alle-alle-fuer-einen-4\/"]}]},{"@type":"ImageObject","inLanguage":"de","@id":"https:\/\/fes-heidenheim.de\/gymnasium\/2022\/07\/29\/einer-fuer-alle-alle-fuer-einen-4\/#primaryimage","url":"https:\/\/fes-heidenheim.de\/gymnasium\/wp-content\/uploads\/sites\/8\/2022\/07\/fes-einer-fuer-alle01.jpg","contentUrl":"https:\/\/fes-heidenheim.de\/gymnasium\/wp-content\/uploads\/sites\/8\/2022\/07\/fes-einer-fuer-alle01.jpg","width":1080,"height":608},{"@type":"BreadcrumbList","@id":"https:\/\/fes-heidenheim.de\/gymnasium\/2022\/07\/29\/einer-fuer-alle-alle-fuer-einen-4\/#breadcrumb","itemListElement":[{"@type":"ListItem","position":1,"name":"Startseite","item":"https:\/\/fes-heidenheim.de\/gymnasium\/"},{"@type":"ListItem","position":2,"name":"Einer f\u00fcr alle &#8211; alle f\u00fcr einen"}]},{"@type":"WebSite","@id":"https:\/\/fes-heidenheim.de\/gymnasium\/#website","url":"https:\/\/fes-heidenheim.de\/gymnasium\/","name":"Gymnasium | Freie Evangelische Schule und Kindertagesst\u00e4tte Heidenheim e. V.","description":"Eine weitere Freie Evangelische Schule Heidenheim e.V. Websites Website","potentialAction":[{"@type":"SearchAction","target":{"@type":"EntryPoint","urlTemplate":"https:\/\/fes-heidenheim.de\/gymnasium\/?s={search_term_string}"},"query-input":{"@type":"PropertyValueSpecification","valueRequired":true,"valueName":"search_term_string"}}],"inLanguage":"de"},{"@type":"Person","@id":"https:\/\/fes-heidenheim.de\/gymnasium\/#\/schema\/person\/e8b717a48deac1a9531664496e910db7","name":"fes","image":{"@type":"ImageObject","inLanguage":"de","@id":"https:\/\/secure.gravatar.com\/avatar\/effdf0474358ff27f1e16eb3157eee659b464c36afe22d3bed195415271415a3?s=96&d=mm&r=g","url":"https:\/\/secure.gravatar.com\/avatar\/effdf0474358ff27f1e16eb3157eee659b464c36afe22d3bed195415271415a3?s=96&d=mm&r=g","contentUrl":"https:\/\/secure.gravatar.com\/avatar\/effdf0474358ff27f1e16eb3157eee659b464c36afe22d3bed195415271415a3?s=96&d=mm&r=g","caption":"fes"},"url":"https:\/\/fes-heidenheim.de\/gymnasium\/author\/fes\/"}]}},"_links":{"self":[{"href":"https:\/\/fes-heidenheim.de\/gymnasium\/wp-json\/wp\/v2\/posts\/4024","targetHints":{"allow":["GET"]}}],"collection":[{"href":"https:\/\/fes-heidenheim.de\/gymnasium\/wp-json\/wp\/v2\/posts"}],"about":[{"href":"https:\/\/fes-heidenheim.de\/gymnasium\/wp-json\/wp\/v2\/types\/post"}],"author":[{"embeddable":true,"href":"https:\/\/fes-heidenheim.de\/gymnasium\/wp-json\/wp\/v2\/users\/1"}],"replies":[{"embeddable":true,"href":"https:\/\/fes-heidenheim.de\/gymnasium\/wp-json\/wp\/v2\/comments?post=4024"}],"version-history":[{"count":4,"href":"https:\/\/fes-heidenheim.de\/gymnasium\/wp-json\/wp\/v2\/posts\/4024\/revisions"}],"predecessor-version":[{"id":4066,"href":"https:\/\/fes-heidenheim.de\/gymnasium\/wp-json\/wp\/v2\/posts\/4024\/revisions\/4066"}],"wp:featuredmedia":[{"embeddable":true,"href":"https:\/\/fes-heidenheim.de\/gymnasium\/wp-json\/wp\/v2\/media\/4005"}],"wp:attachment":[{"href":"https:\/\/fes-heidenheim.de\/gymnasium\/wp-json\/wp\/v2\/media?parent=4024"}],"wp:term":[{"taxonomy":"category","embeddable":true,"href":"https:\/\/fes-heidenheim.de\/gymnasium\/wp-json\/wp\/v2\/categories?post=4024"},{"taxonomy":"post_tag","embeddable":true,"href":"https:\/\/fes-heidenheim.de\/gymnasium\/wp-json\/wp\/v2\/tags?post=4024"}],"curies":[{"name":"wp","href":"https:\/\/api.w.org\/{rel}","templated":true}]}}