{"id":4170,"date":"2022-11-22T10:36:50","date_gmt":"2022-11-22T09:36:50","guid":{"rendered":"https:\/\/fes-heidenheim.de\/gymnasium\/2022\/11\/22\/musiktheaterprojekt-der-jahrgangstufe-6-die-geschichte-vom-blinden-bettler-bartimaeus\/"},"modified":"2022-11-24T15:27:18","modified_gmt":"2022-11-24T14:27:18","slug":"musiktheaterprojekt-der-jahrgangstufe-6-die-geschichte-vom-blinden-bettler-bartimaeus","status":"publish","type":"post","link":"https:\/\/fes-heidenheim.de\/gymnasium\/2022\/11\/22\/musiktheaterprojekt-der-jahrgangstufe-6-die-geschichte-vom-blinden-bettler-bartimaeus\/","title":{"rendered":"Mitrei\u00dfend, humorvoll, topaktuell!"},"content":{"rendered":"\n<h2 class=\"wp-block-heading\"><mark style=\"background-color:#ffffff\" class=\"has-inline-color has-black-color\"><\/mark>Ein Musiktheaterprojekt der Jahrgangstufe 6: Die Geschichte vom blinden Bettler Bartim\u00e4us<\/h2>\n\n\n\n<p>Mitrei\u00dfend, humor\u00advoll, topak\u00adtuell \u2013 das Musik\u00adthe\u00adater\u00adpro\u00adjekt der 6. Klassen des Gym\u00adna\u00adsi\u00adums und der Realschule unser\u00ader Freien Evan\u00adge\u00adlis\u00adchen Schule, das am kom\u00admenden Don\u00adner\u00adstag, 01.12.2022 um 18:30 Uhr sowie am Fre\u00aditag, 02.12.2022 im Gemein\u00addezen\u00adtrum der Ev. Br\u00fcck\u00adenge\u00admeinde HDH, zur Auf\u00adf\u00fchrung kommt, basiert auf dem bib\u00adlis\u00adchen Bericht von der Heilung des blind\u00aden Bartim\u00e4us.<\/p>\n\n\n\n<p>Witzige und tiefge\u00adhende Dialoge wech\u00adseln sich beim diesj\u00e4hri\u00adgen B\u00fch\u00adnen\u00adpro\u00adjekt der Sch\u00fc\u00adlerin\u00adnen und Sch\u00fcler der Klassen 6 unser\u00ader FES-Realschule und unseres FES-Gym\u00adna\u00adsi\u00adums mit aus\u00addrucksstarken Liedern unter\u00adschiedlich\u00adster Stilis\u00adtik ab und ver\u00adschmelzen aktuelle The\u00admen wie Wertsch\u00e4tzung trotz Behin\u00adderung, Fre\u00adund\u00adschaft, Respekt und N\u00e4ch\u00adsten\u00adliebe. Frank Kamp\u00admann, der Kom\u00adpon\u00adist des Musi\u00adcals, entwick\u00adelte nach ein\u00ader Idee von Ralf Rath\u00admann auf der Grund\u00adlage der bib\u00adlis\u00adchen Bar\u00adtim\u00e4us-Geschichte aus dem Marku\u00adse\u00advan\u00adgeli\u00adum des Neuen Tes\u00adta\u00adments einen Hand\u00adlungsstrang, der Ver\u00adgan\u00adgen\u00adheit und Gegen\u00adwart verbindet und Kinder und anregt, \u00fcber N\u00e4ch\u00adsten\u00adliebe und Respekt nachzu\u00addenken: Der fu\u00dfball\u00adbegeis\u00adterte Junge Bar\u00adtim\u00e4us trifft eines Tages den Ball nicht mehr und wird von seinen Fu\u00dfbal\u00adlkol\u00adle\u00adgen geh\u00e4nselt. Nur seine gehbe\u00adhin\u00adderte Fre\u00adundin Ava h\u00e4lt zu ihm. Als Bar\u00adtim\u00e4us ganz erblind\u00adet, muss er zum Bet\u00adteln auf die Stra\u00dfe und ist auf die Almosen der Pas\u00adsan\u00adten in Jeri\u00adcho angewiesen. Doch was w\u00e4re das Musi\u00adcal ohne die pfif\u00adfi\u00adgen Maulw\u00fcrfe, die sich st\u00e4ndig ein\u00admis\u00adchen und Bar\u00adtim\u00e4us Leben kom\u00admen\u00adtieren und ihn ein wenig aufmuntern?<\/p>\n\n\n\n<p>AUFF\u00dcHRUNGSORT: <br>Gemein\u00addezen\u00adtrum Ev. Br\u00fcck\u00adenge\u00admeinde<br>Wilhelmstr.136, 89522 Hei\u00adden\u00adheim<br>Pre\u00admier\u00ade\u00adnauf\u00adf\u00fchrung: <br>Beginn: 18:30 Uhr \u2013 Saal\u00f6ff\u00adnung: 18:15 Uhr \u2013 Ein\u00adtritt frei.<br>Nach\u00admit\u00adtagsauf\u00adf\u00fchrung: <br>Beginn: 15:00 Uhr \u2013 Saal\u00f6ff\u00adnung: 14:45 Uhr \u2013 Ein\u00adtritt&nbsp;frei.<\/p>\n\n\n\n<p>HERZLICHE EINLADUNG!<\/p>\n","protected":false},"excerpt":{"rendered":"<p>Mitrei\u00dfend, humor\u00advoll, topak\u00adtuell \u2013 das Musik\u00adthe\u00adater\u00adpro\u00adjekt der 6. Klassen des Gym\u00adna\u00adsi\u00adums und der Realschule unser\u00ader Freien Evan\u00adge\u00adlis\u00adchen Schule, das am kom\u00admenden Don\u00adner\u00adstag, 01.12.2022 um 18:30 Uhr sowie am Fre\u00aditag, 02.12.2022 im Gemein\u00addezen\u00adtrum der Ev. Br\u00fcck\u00adenge\u00admeinde HDH, zur Auf\u00adf\u00fchrung kommt, basiert auf dem bib\u00adlis\u00adchen Bericht von der Heilung des blind\u00aden Bartim\u00e4us.<\/p>\n","protected":false},"author":11,"featured_media":4196,"comment_status":"closed","ping_status":"open","sticky":false,"template":"","format":"standard","meta":{"_et_pb_use_builder":"off","_et_pb_old_content":"<!-- wp:paragraph -->\n<p><mark style=\"background-color:#ffffff\" class=\"has-inline-color has-black-color\"><\/mark><strong>Mitrei\u00dfend, humorvoll, topaktuell \u2013 das Musiktheaterprojekt<\/strong> <strong>der 6.Klassen des Gymnasiums und der Realschule unserer Freien Evangelischen Schule, das am kommenden Donnerstag, 01.12.2022 um 18:30 Uhr sowie am Freitag, 02.12.2022 im Gemeindezentrum der Ev. Br\u00fcckengemeinde HDH, zur Auff\u00fchrung kommt, basiert auf dem biblischen Bericht von der Heilung des blinden Bartim\u00e4us.<\/strong><\/p>\n<!-- \/wp:paragraph -->\n\n<!-- wp:paragraph -->\n<p>Witzige und tiefgehende Dialoge wechseln sich beim diesj\u00e4hrigen B\u00fchnenprojekt der Sch\u00fclerinnen und Sch\u00fcler der Klassen 6 unserer FES-Realschule und unseres FES-Gymnasiums mit ausdrucksstarken Liedern unterschiedlichster Stilistik ab und verschmelzen aktuelle Themen wie Wertsch\u00e4tzung trotz Behinderung, Freundschaft, Respekt und N\u00e4chstenliebe. Frank Kampmann, der Komponist des Musicals, entwickelte nach einer Idee von Ralf Rathmann auf der Grundlage der biblischen Bartim\u00e4us-Geschichte aus dem Markusevangelium des Neuen Testaments einen Handlungsstrang, der Vergangenheit und Gegenwart verbindet und Kinder und anregt, \u00fcber N\u00e4chstenliebe und Respekt nachzudenken: Der fu\u00dfballbegeisterte Junge Bartim\u00e4us trifft eines Tages den Ball nicht mehr und wird von seinen Fu\u00dfballkollegen geh\u00e4nselt. Nur seine gehbehinderte Freundin Ava h\u00e4lt zu ihm. Als Bartim\u00e4us ganz erblindet, muss er zum Betteln auf die Stra\u00dfe und ist auf die Almosen der Passanten in Jericho angewiesen. Doch was w\u00e4re das Musical ohne die pfiffigen Maulw\u00fcrfe, die sich st\u00e4ndig einmischen und Bartim\u00e4us Leben kommentieren und ihn ein wenig aufmuntern?<\/p>\n<!-- \/wp:paragraph -->\n\n<!-- wp:paragraph -->\n<p>AUFF\u00dcHRUNGSORT: Gemeindezentrum Ev. Br\u00fcckengemeinde<\/p>\n<!-- \/wp:paragraph -->\n\n<!-- wp:paragraph -->\n<p>Wilhelmstr.136, 89522 Heidenheim<\/p>\n<!-- \/wp:paragraph -->\n\n<!-- wp:paragraph -->\n<p>Premierenauff\u00fchrung: Beginn: 18:30 Uhr \u2013 Saal\u00f6ffnung: 18:15 Uhr \u2013 Eintritt frei.<\/p>\n<!-- \/wp:paragraph -->\n\n<!-- wp:paragraph -->\n<p>Nachmittagsauff\u00fchrung: Beginn: 15:00 Uhr \u2013 Saal\u00f6ffnung: 14:45 Uhr \u2013 Eintritt frei.<\/p>\n<!-- \/wp:paragraph -->\n\n<!-- wp:paragraph -->\n<p>HERZLICHE EINLADUNG!<\/p>\n<!-- \/wp:paragraph -->","_et_gb_content_width":"","inline_featured_image":false,"wp_typography_post_enhancements_disabled":false,"footnotes":""},"categories":[30,29,48,47],"tags":[],"class_list":["post-4170","post","type-post","status-publish","format-standard","has-post-thumbnail","hentry","category-fes-gymnasium","category-fes-realschule","category-fes-vokal-gym","category-fes-musical-rs"],"yoast_head":"<!-- This site is optimized with the Yoast SEO plugin v27.4 - https:\/\/yoast.com\/product\/yoast-seo-wordpress\/ -->\n<title>Mitrei\u00dfend, humorvoll, topaktuell! - Gymnasium | Freie Evangelische Schule und Kindertagesst\u00e4tte Heidenheim e. V.<\/title>\n<meta name=\"robots\" content=\"index, follow, max-snippet:-1, max-image-preview:large, max-video-preview:-1\" \/>\n<link rel=\"canonical\" href=\"https:\/\/fes-heidenheim.de\/gymnasium\/2022\/11\/22\/musiktheaterprojekt-der-jahrgangstufe-6-die-geschichte-vom-blinden-bettler-bartimaeus\/\" \/>\n<meta property=\"og:locale\" content=\"de_DE\" \/>\n<meta property=\"og:type\" content=\"article\" \/>\n<meta property=\"og:title\" content=\"Mitrei\u00dfend, humorvoll, topaktuell! - Gymnasium | Freie Evangelische Schule und Kindertagesst\u00e4tte Heidenheim e. V.\" \/>\n<meta property=\"og:description\" content=\"Mitrei\u00dfend, humorvoll, topaktuell \u2013 das Musiktheaterprojekt der 6. Klassen des Gymnasiums und der Realschule unserer Freien Evangelischen Schule, das am kommenden Donnerstag, 01.12.2022 um 18:30 Uhr sowie am Freitag, 02.12.2022 im Gemeindezentrum der Ev. Br\u00fcckengemeinde HDH, zur Auff\u00fchrung kommt, basiert auf dem biblischen Bericht von der Heilung des blinden Bartim\u00e4us.\" \/>\n<meta property=\"og:url\" content=\"https:\/\/fes-heidenheim.de\/gymnasium\/2022\/11\/22\/musiktheaterprojekt-der-jahrgangstufe-6-die-geschichte-vom-blinden-bettler-bartimaeus\/\" \/>\n<meta property=\"og:site_name\" content=\"Gymnasium | Freie Evangelische Schule und Kindertagesst\u00e4tte Heidenheim e. V.\" \/>\n<meta property=\"article:published_time\" content=\"2022-11-22T09:36:50+00:00\" \/>\n<meta property=\"article:modified_time\" content=\"2022-11-24T14:27:18+00:00\" \/>\n<meta property=\"og:image\" content=\"https:\/\/fes-heidenheim.de\/gymnasium\/wp-content\/uploads\/sites\/8\/2022\/11\/VERKLEINERT-Bild-zum-BLOG-Beitrag-Musiktheaterprojekt-Jgst.6-Bartimaeus-scaled-2.jpg\" \/>\n\t<meta property=\"og:image:width\" content=\"2560\" \/>\n\t<meta property=\"og:image:height\" content=\"1707\" \/>\n\t<meta property=\"og:image:type\" content=\"image\/jpeg\" \/>\n<meta name=\"author\" content=\"fesrealschule\" \/>\n<meta name=\"twitter:card\" content=\"summary_large_image\" \/>\n<meta name=\"twitter:label1\" content=\"Verfasst von\" \/>\n\t<meta name=\"twitter:data1\" content=\"fesrealschule\" \/>\n\t<meta name=\"twitter:label2\" content=\"Gesch\u00e4tzte Lesezeit\" \/>\n\t<meta name=\"twitter:data2\" content=\"2\u00a0Minuten\" \/>\n<script type=\"application\/ld+json\" class=\"yoast-schema-graph\">{\"@context\":\"https:\\\/\\\/schema.org\",\"@graph\":[{\"@type\":\"Article\",\"@id\":\"https:\\\/\\\/fes-heidenheim.de\\\/gymnasium\\\/2022\\\/11\\\/22\\\/musiktheaterprojekt-der-jahrgangstufe-6-die-geschichte-vom-blinden-bettler-bartimaeus\\\/#article\",\"isPartOf\":{\"@id\":\"https:\\\/\\\/fes-heidenheim.de\\\/gymnasium\\\/2022\\\/11\\\/22\\\/musiktheaterprojekt-der-jahrgangstufe-6-die-geschichte-vom-blinden-bettler-bartimaeus\\\/\"},\"author\":{\"name\":\"fesrealschule\",\"@id\":\"https:\\\/\\\/fes-heidenheim.de\\\/gymnasium\\\/#\\\/schema\\\/person\\\/0acb50e9deb113fd5472504b647fb72e\"},\"headline\":\"Mitrei\u00dfend, humorvoll, topaktuell!\",\"datePublished\":\"2022-11-22T09:36:50+00:00\",\"dateModified\":\"2022-11-24T14:27:18+00:00\",\"mainEntityOfPage\":{\"@id\":\"https:\\\/\\\/fes-heidenheim.de\\\/gymnasium\\\/2022\\\/11\\\/22\\\/musiktheaterprojekt-der-jahrgangstufe-6-die-geschichte-vom-blinden-bettler-bartimaeus\\\/\"},\"wordCount\":256,\"image\":{\"@id\":\"https:\\\/\\\/fes-heidenheim.de\\\/gymnasium\\\/2022\\\/11\\\/22\\\/musiktheaterprojekt-der-jahrgangstufe-6-die-geschichte-vom-blinden-bettler-bartimaeus\\\/#primaryimage\"},\"thumbnailUrl\":\"https:\\\/\\\/fes-heidenheim.de\\\/gymnasium\\\/wp-content\\\/uploads\\\/sites\\\/8\\\/2022\\\/11\\\/VERKLEINERT-Bild-zum-BLOG-Beitrag-Musiktheaterprojekt-Jgst.6-Bartimaeus-scaled-4.jpg\",\"articleSection\":[\"FES Gymnasium\",\"FES Realschule\",\"FES Vokal GYM\",\"FES Vokal RS\"],\"inLanguage\":\"de\"},{\"@type\":\"WebPage\",\"@id\":\"https:\\\/\\\/fes-heidenheim.de\\\/gymnasium\\\/2022\\\/11\\\/22\\\/musiktheaterprojekt-der-jahrgangstufe-6-die-geschichte-vom-blinden-bettler-bartimaeus\\\/\",\"url\":\"https:\\\/\\\/fes-heidenheim.de\\\/gymnasium\\\/2022\\\/11\\\/22\\\/musiktheaterprojekt-der-jahrgangstufe-6-die-geschichte-vom-blinden-bettler-bartimaeus\\\/\",\"name\":\"Mitrei\u00dfend, humorvoll, topaktuell! - Gymnasium | Freie Evangelische Schule und Kindertagesst\u00e4tte Heidenheim e. V.\",\"isPartOf\":{\"@id\":\"https:\\\/\\\/fes-heidenheim.de\\\/gymnasium\\\/#website\"},\"primaryImageOfPage\":{\"@id\":\"https:\\\/\\\/fes-heidenheim.de\\\/gymnasium\\\/2022\\\/11\\\/22\\\/musiktheaterprojekt-der-jahrgangstufe-6-die-geschichte-vom-blinden-bettler-bartimaeus\\\/#primaryimage\"},\"image\":{\"@id\":\"https:\\\/\\\/fes-heidenheim.de\\\/gymnasium\\\/2022\\\/11\\\/22\\\/musiktheaterprojekt-der-jahrgangstufe-6-die-geschichte-vom-blinden-bettler-bartimaeus\\\/#primaryimage\"},\"thumbnailUrl\":\"https:\\\/\\\/fes-heidenheim.de\\\/gymnasium\\\/wp-content\\\/uploads\\\/sites\\\/8\\\/2022\\\/11\\\/VERKLEINERT-Bild-zum-BLOG-Beitrag-Musiktheaterprojekt-Jgst.6-Bartimaeus-scaled-4.jpg\",\"datePublished\":\"2022-11-22T09:36:50+00:00\",\"dateModified\":\"2022-11-24T14:27:18+00:00\",\"author\":{\"@id\":\"https:\\\/\\\/fes-heidenheim.de\\\/gymnasium\\\/#\\\/schema\\\/person\\\/0acb50e9deb113fd5472504b647fb72e\"},\"breadcrumb\":{\"@id\":\"https:\\\/\\\/fes-heidenheim.de\\\/gymnasium\\\/2022\\\/11\\\/22\\\/musiktheaterprojekt-der-jahrgangstufe-6-die-geschichte-vom-blinden-bettler-bartimaeus\\\/#breadcrumb\"},\"inLanguage\":\"de\",\"potentialAction\":[{\"@type\":\"ReadAction\",\"target\":[\"https:\\\/\\\/fes-heidenheim.de\\\/gymnasium\\\/2022\\\/11\\\/22\\\/musiktheaterprojekt-der-jahrgangstufe-6-die-geschichte-vom-blinden-bettler-bartimaeus\\\/\"]}]},{\"@type\":\"ImageObject\",\"inLanguage\":\"de\",\"@id\":\"https:\\\/\\\/fes-heidenheim.de\\\/gymnasium\\\/2022\\\/11\\\/22\\\/musiktheaterprojekt-der-jahrgangstufe-6-die-geschichte-vom-blinden-bettler-bartimaeus\\\/#primaryimage\",\"url\":\"https:\\\/\\\/fes-heidenheim.de\\\/gymnasium\\\/wp-content\\\/uploads\\\/sites\\\/8\\\/2022\\\/11\\\/VERKLEINERT-Bild-zum-BLOG-Beitrag-Musiktheaterprojekt-Jgst.6-Bartimaeus-scaled-4.jpg\",\"contentUrl\":\"https:\\\/\\\/fes-heidenheim.de\\\/gymnasium\\\/wp-content\\\/uploads\\\/sites\\\/8\\\/2022\\\/11\\\/VERKLEINERT-Bild-zum-BLOG-Beitrag-Musiktheaterprojekt-Jgst.6-Bartimaeus-scaled-4.jpg\",\"width\":2560,\"height\":1707},{\"@type\":\"BreadcrumbList\",\"@id\":\"https:\\\/\\\/fes-heidenheim.de\\\/gymnasium\\\/2022\\\/11\\\/22\\\/musiktheaterprojekt-der-jahrgangstufe-6-die-geschichte-vom-blinden-bettler-bartimaeus\\\/#breadcrumb\",\"itemListElement\":[{\"@type\":\"ListItem\",\"position\":1,\"name\":\"Startseite\",\"item\":\"https:\\\/\\\/fes-heidenheim.de\\\/gymnasium\\\/\"},{\"@type\":\"ListItem\",\"position\":2,\"name\":\"Musiktheaterprojekt der Jahrgangstufe 6: Die Geschichte vom blinden Bettler Bartim\u00e4us\"}]},{\"@type\":\"WebSite\",\"@id\":\"https:\\\/\\\/fes-heidenheim.de\\\/gymnasium\\\/#website\",\"url\":\"https:\\\/\\\/fes-heidenheim.de\\\/gymnasium\\\/\",\"name\":\"Gymnasium | Freie Evangelische Schule und Kindertagesst\u00e4tte Heidenheim e. V.\",\"description\":\"Eine weitere Freie Evangelische Schule Heidenheim e.V. Websites Website\",\"potentialAction\":[{\"@type\":\"SearchAction\",\"target\":{\"@type\":\"EntryPoint\",\"urlTemplate\":\"https:\\\/\\\/fes-heidenheim.de\\\/gymnasium\\\/?s={search_term_string}\"},\"query-input\":{\"@type\":\"PropertyValueSpecification\",\"valueRequired\":true,\"valueName\":\"search_term_string\"}}],\"inLanguage\":\"de\"},{\"@type\":\"Person\",\"@id\":\"https:\\\/\\\/fes-heidenheim.de\\\/gymnasium\\\/#\\\/schema\\\/person\\\/0acb50e9deb113fd5472504b647fb72e\",\"name\":\"fesrealschule\",\"image\":{\"@type\":\"ImageObject\",\"inLanguage\":\"de\",\"@id\":\"https:\\\/\\\/secure.gravatar.com\\\/avatar\\\/dfc00e452d033c7b26ede59860b79558152a66df7a34c0fff25563a8b4ddb756?s=96&d=mm&r=g\",\"url\":\"https:\\\/\\\/secure.gravatar.com\\\/avatar\\\/dfc00e452d033c7b26ede59860b79558152a66df7a34c0fff25563a8b4ddb756?s=96&d=mm&r=g\",\"contentUrl\":\"https:\\\/\\\/secure.gravatar.com\\\/avatar\\\/dfc00e452d033c7b26ede59860b79558152a66df7a34c0fff25563a8b4ddb756?s=96&d=mm&r=g\",\"caption\":\"fesrealschule\"},\"url\":\"https:\\\/\\\/fes-heidenheim.de\\\/gymnasium\\\/author\\\/fesrealschule\\\/\"}]}<\/script>\n<!-- \/ Yoast SEO plugin. -->","yoast_head_json":{"title":"Mitrei\u00dfend, humorvoll, topaktuell! - Gymnasium | Freie Evangelische Schule und Kindertagesst\u00e4tte Heidenheim e. V.","robots":{"index":"index","follow":"follow","max-snippet":"max-snippet:-1","max-image-preview":"max-image-preview:large","max-video-preview":"max-video-preview:-1"},"canonical":"https:\/\/fes-heidenheim.de\/gymnasium\/2022\/11\/22\/musiktheaterprojekt-der-jahrgangstufe-6-die-geschichte-vom-blinden-bettler-bartimaeus\/","og_locale":"de_DE","og_type":"article","og_title":"Mitrei\u00dfend, humorvoll, topaktuell! - Gymnasium | Freie Evangelische Schule und Kindertagesst\u00e4tte Heidenheim e. V.","og_description":"Mitrei\u00dfend, humorvoll, topaktuell \u2013 das Musiktheaterprojekt der 6. Klassen des Gymnasiums und der Realschule unserer Freien Evangelischen Schule, das am kommenden Donnerstag, 01.12.2022 um 18:30 Uhr sowie am Freitag, 02.12.2022 im Gemeindezentrum der Ev. Br\u00fcckengemeinde HDH, zur Auff\u00fchrung kommt, basiert auf dem biblischen Bericht von der Heilung des blinden Bartim\u00e4us.","og_url":"https:\/\/fes-heidenheim.de\/gymnasium\/2022\/11\/22\/musiktheaterprojekt-der-jahrgangstufe-6-die-geschichte-vom-blinden-bettler-bartimaeus\/","og_site_name":"Gymnasium | Freie Evangelische Schule und Kindertagesst\u00e4tte Heidenheim e. V.","article_published_time":"2022-11-22T09:36:50+00:00","article_modified_time":"2022-11-24T14:27:18+00:00","og_image":[{"width":2560,"height":1707,"url":"https:\/\/fes-heidenheim.de\/gymnasium\/wp-content\/uploads\/sites\/8\/2022\/11\/VERKLEINERT-Bild-zum-BLOG-Beitrag-Musiktheaterprojekt-Jgst.6-Bartimaeus-scaled-2.jpg","type":"image\/jpeg"}],"author":"fesrealschule","twitter_card":"summary_large_image","twitter_misc":{"Verfasst von":"fesrealschule","Gesch\u00e4tzte Lesezeit":"2\u00a0Minuten"},"schema":{"@context":"https:\/\/schema.org","@graph":[{"@type":"Article","@id":"https:\/\/fes-heidenheim.de\/gymnasium\/2022\/11\/22\/musiktheaterprojekt-der-jahrgangstufe-6-die-geschichte-vom-blinden-bettler-bartimaeus\/#article","isPartOf":{"@id":"https:\/\/fes-heidenheim.de\/gymnasium\/2022\/11\/22\/musiktheaterprojekt-der-jahrgangstufe-6-die-geschichte-vom-blinden-bettler-bartimaeus\/"},"author":{"name":"fesrealschule","@id":"https:\/\/fes-heidenheim.de\/gymnasium\/#\/schema\/person\/0acb50e9deb113fd5472504b647fb72e"},"headline":"Mitrei\u00dfend, humorvoll, topaktuell!","datePublished":"2022-11-22T09:36:50+00:00","dateModified":"2022-11-24T14:27:18+00:00","mainEntityOfPage":{"@id":"https:\/\/fes-heidenheim.de\/gymnasium\/2022\/11\/22\/musiktheaterprojekt-der-jahrgangstufe-6-die-geschichte-vom-blinden-bettler-bartimaeus\/"},"wordCount":256,"image":{"@id":"https:\/\/fes-heidenheim.de\/gymnasium\/2022\/11\/22\/musiktheaterprojekt-der-jahrgangstufe-6-die-geschichte-vom-blinden-bettler-bartimaeus\/#primaryimage"},"thumbnailUrl":"https:\/\/fes-heidenheim.de\/gymnasium\/wp-content\/uploads\/sites\/8\/2022\/11\/VERKLEINERT-Bild-zum-BLOG-Beitrag-Musiktheaterprojekt-Jgst.6-Bartimaeus-scaled-4.jpg","articleSection":["FES Gymnasium","FES Realschule","FES Vokal GYM","FES Vokal RS"],"inLanguage":"de"},{"@type":"WebPage","@id":"https:\/\/fes-heidenheim.de\/gymnasium\/2022\/11\/22\/musiktheaterprojekt-der-jahrgangstufe-6-die-geschichte-vom-blinden-bettler-bartimaeus\/","url":"https:\/\/fes-heidenheim.de\/gymnasium\/2022\/11\/22\/musiktheaterprojekt-der-jahrgangstufe-6-die-geschichte-vom-blinden-bettler-bartimaeus\/","name":"Mitrei\u00dfend, humorvoll, topaktuell! - Gymnasium | Freie Evangelische Schule und Kindertagesst\u00e4tte Heidenheim e. V.","isPartOf":{"@id":"https:\/\/fes-heidenheim.de\/gymnasium\/#website"},"primaryImageOfPage":{"@id":"https:\/\/fes-heidenheim.de\/gymnasium\/2022\/11\/22\/musiktheaterprojekt-der-jahrgangstufe-6-die-geschichte-vom-blinden-bettler-bartimaeus\/#primaryimage"},"image":{"@id":"https:\/\/fes-heidenheim.de\/gymnasium\/2022\/11\/22\/musiktheaterprojekt-der-jahrgangstufe-6-die-geschichte-vom-blinden-bettler-bartimaeus\/#primaryimage"},"thumbnailUrl":"https:\/\/fes-heidenheim.de\/gymnasium\/wp-content\/uploads\/sites\/8\/2022\/11\/VERKLEINERT-Bild-zum-BLOG-Beitrag-Musiktheaterprojekt-Jgst.6-Bartimaeus-scaled-4.jpg","datePublished":"2022-11-22T09:36:50+00:00","dateModified":"2022-11-24T14:27:18+00:00","author":{"@id":"https:\/\/fes-heidenheim.de\/gymnasium\/#\/schema\/person\/0acb50e9deb113fd5472504b647fb72e"},"breadcrumb":{"@id":"https:\/\/fes-heidenheim.de\/gymnasium\/2022\/11\/22\/musiktheaterprojekt-der-jahrgangstufe-6-die-geschichte-vom-blinden-bettler-bartimaeus\/#breadcrumb"},"inLanguage":"de","potentialAction":[{"@type":"ReadAction","target":["https:\/\/fes-heidenheim.de\/gymnasium\/2022\/11\/22\/musiktheaterprojekt-der-jahrgangstufe-6-die-geschichte-vom-blinden-bettler-bartimaeus\/"]}]},{"@type":"ImageObject","inLanguage":"de","@id":"https:\/\/fes-heidenheim.de\/gymnasium\/2022\/11\/22\/musiktheaterprojekt-der-jahrgangstufe-6-die-geschichte-vom-blinden-bettler-bartimaeus\/#primaryimage","url":"https:\/\/fes-heidenheim.de\/gymnasium\/wp-content\/uploads\/sites\/8\/2022\/11\/VERKLEINERT-Bild-zum-BLOG-Beitrag-Musiktheaterprojekt-Jgst.6-Bartimaeus-scaled-4.jpg","contentUrl":"https:\/\/fes-heidenheim.de\/gymnasium\/wp-content\/uploads\/sites\/8\/2022\/11\/VERKLEINERT-Bild-zum-BLOG-Beitrag-Musiktheaterprojekt-Jgst.6-Bartimaeus-scaled-4.jpg","width":2560,"height":1707},{"@type":"BreadcrumbList","@id":"https:\/\/fes-heidenheim.de\/gymnasium\/2022\/11\/22\/musiktheaterprojekt-der-jahrgangstufe-6-die-geschichte-vom-blinden-bettler-bartimaeus\/#breadcrumb","itemListElement":[{"@type":"ListItem","position":1,"name":"Startseite","item":"https:\/\/fes-heidenheim.de\/gymnasium\/"},{"@type":"ListItem","position":2,"name":"Musiktheaterprojekt der Jahrgangstufe 6: Die Geschichte vom blinden Bettler Bartim\u00e4us"}]},{"@type":"WebSite","@id":"https:\/\/fes-heidenheim.de\/gymnasium\/#website","url":"https:\/\/fes-heidenheim.de\/gymnasium\/","name":"Gymnasium | Freie Evangelische Schule und Kindertagesst\u00e4tte Heidenheim e. V.","description":"Eine weitere Freie Evangelische Schule Heidenheim e.V. Websites Website","potentialAction":[{"@type":"SearchAction","target":{"@type":"EntryPoint","urlTemplate":"https:\/\/fes-heidenheim.de\/gymnasium\/?s={search_term_string}"},"query-input":{"@type":"PropertyValueSpecification","valueRequired":true,"valueName":"search_term_string"}}],"inLanguage":"de"},{"@type":"Person","@id":"https:\/\/fes-heidenheim.de\/gymnasium\/#\/schema\/person\/0acb50e9deb113fd5472504b647fb72e","name":"fesrealschule","image":{"@type":"ImageObject","inLanguage":"de","@id":"https:\/\/secure.gravatar.com\/avatar\/dfc00e452d033c7b26ede59860b79558152a66df7a34c0fff25563a8b4ddb756?s=96&d=mm&r=g","url":"https:\/\/secure.gravatar.com\/avatar\/dfc00e452d033c7b26ede59860b79558152a66df7a34c0fff25563a8b4ddb756?s=96&d=mm&r=g","contentUrl":"https:\/\/secure.gravatar.com\/avatar\/dfc00e452d033c7b26ede59860b79558152a66df7a34c0fff25563a8b4ddb756?s=96&d=mm&r=g","caption":"fesrealschule"},"url":"https:\/\/fes-heidenheim.de\/gymnasium\/author\/fesrealschule\/"}]}},"_links":{"self":[{"href":"https:\/\/fes-heidenheim.de\/gymnasium\/wp-json\/wp\/v2\/posts\/4170","targetHints":{"allow":["GET"]}}],"collection":[{"href":"https:\/\/fes-heidenheim.de\/gymnasium\/wp-json\/wp\/v2\/posts"}],"about":[{"href":"https:\/\/fes-heidenheim.de\/gymnasium\/wp-json\/wp\/v2\/types\/post"}],"author":[{"embeddable":true,"href":"https:\/\/fes-heidenheim.de\/gymnasium\/wp-json\/wp\/v2\/users\/11"}],"replies":[{"embeddable":true,"href":"https:\/\/fes-heidenheim.de\/gymnasium\/wp-json\/wp\/v2\/comments?post=4170"}],"version-history":[{"count":3,"href":"https:\/\/fes-heidenheim.de\/gymnasium\/wp-json\/wp\/v2\/posts\/4170\/revisions"}],"predecessor-version":[{"id":4195,"href":"https:\/\/fes-heidenheim.de\/gymnasium\/wp-json\/wp\/v2\/posts\/4170\/revisions\/4195"}],"wp:featuredmedia":[{"embeddable":true,"href":"https:\/\/fes-heidenheim.de\/gymnasium\/wp-json\/wp\/v2\/media\/4196"}],"wp:attachment":[{"href":"https:\/\/fes-heidenheim.de\/gymnasium\/wp-json\/wp\/v2\/media?parent=4170"}],"wp:term":[{"taxonomy":"category","embeddable":true,"href":"https:\/\/fes-heidenheim.de\/gymnasium\/wp-json\/wp\/v2\/categories?post=4170"},{"taxonomy":"post_tag","embeddable":true,"href":"https:\/\/fes-heidenheim.de\/gymnasium\/wp-json\/wp\/v2\/tags?post=4170"}],"curies":[{"name":"wp","href":"https:\/\/api.w.org\/{rel}","templated":true}]}}