{"id":4214,"date":"2022-12-09T11:39:16","date_gmt":"2022-12-09T10:39:16","guid":{"rendered":"https:\/\/fes-heidenheim.de\/gymnasium\/2022\/12\/09\/seminar-projektwoche-in-klassenstufe-7g\/"},"modified":"2022-12-09T11:44:49","modified_gmt":"2022-12-09T10:44:49","slug":"seminar-projektwoche-in-klassenstufe-7g","status":"publish","type":"post","link":"https:\/\/fes-heidenheim.de\/gymnasium\/2022\/12\/09\/seminar-projektwoche-in-klassenstufe-7g\/","title":{"rendered":"Seminar-Projektwoche in Klassenstufe 7G"},"content":{"rendered":"\n<h2 class=\"wp-block-heading\"><strong>Schule \u2014 Hochschule<\/strong><\/h2>\n\n\n\n<p><strong>\u201eIndus\u00adtrie 4.0: Dig\u00adi\u00adtal\u00adisierung und Ver\u00adnet\u00adzung \u2013 Prak\u00adtis\u00adche Anwen\u00addung mit\u00adtels Rasper\u00adry Pi3-Klein-Computern\u201c<\/strong><\/p>\n\n\n\n<p>Die zunehmende Durch\u00addringung unser\u00ader heuti\u00adgen Pro\u00adduk\u00adte und Gesch\u00e4ft\u00adsprozesse hat in den let\u00adzten Jahren ein\u00adfache Com\u00adput\u00ader\u00adsys\u00adteme her\u00advorge\u00adbracht, die es in den Stan\u00addar\u00add\u00adan\u00adwen\u00addun\u00adgen dur\u00adchaus mit klas\u00adsis\u00adchen PCs aufnehmen k\u00f6n\u00adnen. Der Vorteil daran ist die offene, \u00fcber\u00adall erh\u00e4ltliche Soft\u00adware. Dies gilt f\u00fcr Betrieb\u00adssys\u00adteme und Anwendungsprogramme.<\/p>\n\n\n\n<p>Mit dieser erschwinglichen und offen-doku\u00admen\u00adtierten Tech\u00adnolo\u00adgie lassen sich rel\u00ada\u00adtiv ein\u00adfach, die wichtig\u00adsten Funk\u00adtio\u00adnen und Zusam\u00admen\u00adh\u00e4nge von Klein-Com\u00adput\u00adern, wie sie auch in mod\u00ader\u00adnen Industrie\u20114.0\u2011Systemen Anwen\u00addung find\u00aden k\u00f6n\u00adnten, entwick\u00adeln und erkl\u00e4ren.<\/p>\n\n\n\n<p>Die Pro\u00adjek\u00adt\u00adwoche erl\u00e4utert in prak\u00adtis\u00adchen Lab\u00ado\u00adran\u00adwen\u00addun\u00adgen einige typ\u00adis\u00adche Auf\u00adgaben solch\u00ader Mess- und Steuer\u00adsys\u00adteme. Die Ver\u00adwen\u00addung von Sen\u00adsorele\u00admenten zur Mess\u00adgr\u00f6\u00dfen\u00ader\u00adfas\u00adsung ist dabei eben\u00adfalls enthalten.<\/p>\n\n\n\n<p>Ziel des Sem\u00adi\u00adnars ist dabei ins\u00adbeson\u00addere auch, Freude und Offen\u00adheit den aktuellen The\u00admen&nbsp; \u201eDig\u00adi\u00adtal\u00adisierung und Ver\u00adnet\u00adzung\u201c gegen\u00fcber zu erzeugen.<\/p>\n\n\n\n<p><strong>Ter\u00admin:<\/strong><\/p>\n\n\n\n<p>Mon\u00adtag, 28.11.2022 \u2013 Fre\u00aditag, 02.12.2022<\/p>\n\n\n\n<p>jew\u00adeils 08:30 Uhr \u2013 12:30 Uhr am FES-Gymnasium<\/p>\n\n\n\n<p><strong>Koop\u00ader\u00ada\u00adtion DHBW und FES-Gymnasium<\/strong><\/p>\n\n\n\n<p><\/p>\n\n\n\n<p>Pho\u00adto by <a href=\"https:\/\/unsplash.com\/@ilyapavlov?utm_source=unsplash&amp;utm_medium=referral&amp;utm_content=creditCopyText\">Ilya Pavlov<\/a> on <a href=\"https:\/\/unsplash.com\/s\/photos\/Rasberry-pie3-Computer?utm_source=unsplash&amp;utm_medium=referral&amp;utm_content=creditCopyText\">Unsplash<\/a><\/p>\n","protected":false},"excerpt":{"rendered":"<p>Schule \u2014 Hochschule \u201eIndus\u00adtrie 4.0: Dig\u00adi\u00adtal\u00adisierung und Ver\u00adnet\u00adzung \u2013 Prak\u00adtis\u00adche Anwen\u00addung mit\u00adtels Rasper\u00adry Pi3-Klein-Com\u00adput\u00adern\u201c Die zunehmende Durch\u00addringung unser\u00ader heuti\u00adgen Pro\u00adduk\u00adte und Gesch\u00e4ft\u00adsprozesse hat in den let\u00adzten Jahren ein\u00adfache Com\u00adput\u00ader\u00adsys\u00adteme hervorgebracht,&nbsp;[\u2026]<\/p>\n","protected":false},"author":1,"featured_media":4215,"comment_status":"closed","ping_status":"open","sticky":false,"template":"","format":"standard","meta":{"_et_pb_use_builder":"off","_et_pb_old_content":"<!-- wp:heading -->\n<h2><strong>Schule - Hochschule<\/strong><\/h2>\n<!-- \/wp:heading -->\n\n<!-- wp:paragraph -->\n<p><strong>\u201eIndustrie 4.0: Digitalisierung und Vernetzung \u2013 Praktische Anwendung mittels Rasperry Pi3-Klein-Computern\u201c<\/strong><\/p>\n<!-- \/wp:paragraph -->\n\n<!-- wp:paragraph -->\n<p>Die zunehmende Durchdringung unserer heutigen Produkte und Gesch\u00e4ftsprozesse hat in den letzten Jahren einfache Computersysteme hervorgebracht, die es in den Standardanwendungen durchaus mit klassischen PCs aufnehmen k\u00f6nnen. Der Vorteil daran ist die offene, \u00fcberall erh\u00e4ltliche Software. Dies gilt f\u00fcr Betriebssysteme und Anwendungsprogramme.<\/p>\n<!-- \/wp:paragraph -->\n\n<!-- wp:paragraph -->\n<p>Mit dieser erschwinglichen und offen-dokumentierten Technologie lassen sich relativ einfach, die wichtigsten Funktionen und Zusammenh\u00e4nge von Klein-Computern, wie sie auch in modernen Industrie-4.0-Systemen Anwendung finden k\u00f6nnten, entwickeln und erkl\u00e4ren.<\/p>\n<!-- \/wp:paragraph -->\n\n<!-- wp:paragraph -->\n<p>Die Projektwoche erl\u00e4utert in praktischen Laboranwendungen einige typische Aufgaben solcher Mess- und Steuersysteme. Die Verwendung von Sensorelementen zur Messgr\u00f6\u00dfenerfassung ist dabei ebenfalls enthalten.<\/p>\n<!-- \/wp:paragraph -->\n\n<!-- wp:paragraph -->\n<p>Ziel des Seminars ist dabei insbesondere auch, Freude und Offenheit den aktuellen Themen&nbsp; \u201eDigitalisierung und Vernetzung\u201c gegen\u00fcber zu erzeugen.<\/p>\n<!-- \/wp:paragraph -->\n\n<!-- wp:paragraph -->\n<p>Die Projektwoche wird geleitet von Prof. Prof. Dr.-Ing. Hansgert Hascher, Studiengangsleiter Wirtschaftsingenieurwesen an der DHBW Heidenheim \u2013 und seit 2017 Patenprofessor am FES-Gymnasium Heidenheim.<\/p>\n<!-- \/wp:paragraph -->\n\n<!-- wp:paragraph -->\n<p><strong>Termin:<\/strong><\/p>\n<!-- \/wp:paragraph -->\n\n<!-- wp:paragraph -->\n<p>Montag, 28.11.2022 \u2013 Freitag, 02.12.2022<\/p>\n<!-- \/wp:paragraph -->\n\n<!-- wp:paragraph -->\n<p>jeweils 08:30 Uhr \u2013 12:30 Uhr am FES-Gymnasium<\/p>\n<!-- \/wp:paragraph -->\n\n<!-- wp:paragraph -->\n<p><strong>Kooperation DHBW und FES-Gymnasium<\/strong><\/p>\n<!-- \/wp:paragraph -->\n\n<!-- wp:paragraph -->\n<p>Photo by <a href=\"https:\/\/unsplash.com\/@ilyapavlov?utm_source=unsplash&amp;utm_medium=referral&amp;utm_content=creditCopyText\">Ilya Pavlov<\/a> on <a href=\"https:\/\/unsplash.com\/s\/photos\/Rasberry-pie3-Computer?utm_source=unsplash&amp;utm_medium=referral&amp;utm_content=creditCopyText\">Unsplash<\/a><\/p>\n<!-- \/wp:paragraph -->","_et_gb_content_width":"","inline_featured_image":false,"wp_typography_post_enhancements_disabled":false,"footnotes":""},"categories":[30],"tags":[],"class_list":["post-4214","post","type-post","status-publish","format-standard","has-post-thumbnail","hentry","category-fes-gymnasium"],"yoast_head":"<!-- This site is optimized with the Yoast SEO plugin v27.4 - https:\/\/yoast.com\/product\/yoast-seo-wordpress\/ -->\n<title>Seminar-Projektwoche in Klassenstufe 7G - Gymnasium | Freie Evangelische Schule und Kindertagesst\u00e4tte Heidenheim e. V.<\/title>\n<meta name=\"robots\" content=\"index, follow, max-snippet:-1, max-image-preview:large, max-video-preview:-1\" \/>\n<link rel=\"canonical\" href=\"https:\/\/fes-heidenheim.de\/gymnasium\/2022\/12\/09\/seminar-projektwoche-in-klassenstufe-7g\/\" \/>\n<meta property=\"og:locale\" content=\"de_DE\" \/>\n<meta property=\"og:type\" content=\"article\" \/>\n<meta property=\"og:title\" content=\"Seminar-Projektwoche in Klassenstufe 7G - Gymnasium | Freie Evangelische Schule und Kindertagesst\u00e4tte Heidenheim e. V.\" \/>\n<meta property=\"og:description\" content=\"Schule \u2014 Hochschule \u201eIndus\u00adtrie 4.0: Dig\u00adi\u00adtal\u00adisierung und Ver\u00adnet\u00adzung \u2013 Prak\u00adtis\u00adche Anwen\u00addung mit\u00adtels Rasper\u00adry Pi3-Klein-Computern\u201c Die zunehmende Durch\u00addringung unser\u00ader heuti\u00adgen Pro\u00adduk\u00adte und Gesch\u00e4ft\u00adsprozesse hat in den let\u00adzten Jahren ein\u00adfache Com\u00adput\u00ader\u00adsys\u00adteme her\u00advorge\u00adbracht, [&hellip;]\" \/>\n<meta property=\"og:url\" content=\"https:\/\/fes-heidenheim.de\/gymnasium\/2022\/12\/09\/seminar-projektwoche-in-klassenstufe-7g\/\" \/>\n<meta property=\"og:site_name\" content=\"Gymnasium | Freie Evangelische Schule und Kindertagesst\u00e4tte Heidenheim e. V.\" \/>\n<meta property=\"article:published_time\" content=\"2022-12-09T10:39:16+00:00\" \/>\n<meta property=\"article:modified_time\" content=\"2022-12-09T10:44:49+00:00\" \/>\n<meta property=\"og:image\" content=\"https:\/\/fes-heidenheim.de\/gymnasium\/wp-content\/uploads\/sites\/8\/2022\/12\/fes-heidenheim-eminar.jpg\" \/>\n\t<meta property=\"og:image:width\" content=\"1080\" \/>\n\t<meta property=\"og:image:height\" content=\"721\" \/>\n\t<meta property=\"og:image:type\" content=\"image\/jpeg\" \/>\n<meta name=\"author\" content=\"fes\" \/>\n<meta name=\"twitter:card\" content=\"summary_large_image\" \/>\n<meta name=\"twitter:label1\" content=\"Verfasst von\" \/>\n\t<meta name=\"twitter:data1\" content=\"fes\" \/>\n\t<meta name=\"twitter:label2\" content=\"Gesch\u00e4tzte Lesezeit\" \/>\n\t<meta name=\"twitter:data2\" content=\"1\u00a0Minute\" \/>\n<script type=\"application\/ld+json\" class=\"yoast-schema-graph\">{\"@context\":\"https:\\\/\\\/schema.org\",\"@graph\":[{\"@type\":\"Article\",\"@id\":\"https:\\\/\\\/fes-heidenheim.de\\\/gymnasium\\\/2022\\\/12\\\/09\\\/seminar-projektwoche-in-klassenstufe-7g\\\/#article\",\"isPartOf\":{\"@id\":\"https:\\\/\\\/fes-heidenheim.de\\\/gymnasium\\\/2022\\\/12\\\/09\\\/seminar-projektwoche-in-klassenstufe-7g\\\/\"},\"author\":{\"name\":\"fes\",\"@id\":\"https:\\\/\\\/fes-heidenheim.de\\\/gymnasium\\\/#\\\/schema\\\/person\\\/e8b717a48deac1a9531664496e910db7\"},\"headline\":\"Seminar-Projektwoche in Klassenstufe 7G\",\"datePublished\":\"2022-12-09T10:39:16+00:00\",\"dateModified\":\"2022-12-09T10:44:49+00:00\",\"mainEntityOfPage\":{\"@id\":\"https:\\\/\\\/fes-heidenheim.de\\\/gymnasium\\\/2022\\\/12\\\/09\\\/seminar-projektwoche-in-klassenstufe-7g\\\/\"},\"wordCount\":159,\"image\":{\"@id\":\"https:\\\/\\\/fes-heidenheim.de\\\/gymnasium\\\/2022\\\/12\\\/09\\\/seminar-projektwoche-in-klassenstufe-7g\\\/#primaryimage\"},\"thumbnailUrl\":\"https:\\\/\\\/fes-heidenheim.de\\\/gymnasium\\\/wp-content\\\/uploads\\\/sites\\\/8\\\/2022\\\/12\\\/fes-heidenheim-eminar.jpg\",\"articleSection\":[\"FES Gymnasium\"],\"inLanguage\":\"de\"},{\"@type\":\"WebPage\",\"@id\":\"https:\\\/\\\/fes-heidenheim.de\\\/gymnasium\\\/2022\\\/12\\\/09\\\/seminar-projektwoche-in-klassenstufe-7g\\\/\",\"url\":\"https:\\\/\\\/fes-heidenheim.de\\\/gymnasium\\\/2022\\\/12\\\/09\\\/seminar-projektwoche-in-klassenstufe-7g\\\/\",\"name\":\"Seminar-Projektwoche in Klassenstufe 7G - Gymnasium | Freie Evangelische Schule und Kindertagesst\u00e4tte Heidenheim e. V.\",\"isPartOf\":{\"@id\":\"https:\\\/\\\/fes-heidenheim.de\\\/gymnasium\\\/#website\"},\"primaryImageOfPage\":{\"@id\":\"https:\\\/\\\/fes-heidenheim.de\\\/gymnasium\\\/2022\\\/12\\\/09\\\/seminar-projektwoche-in-klassenstufe-7g\\\/#primaryimage\"},\"image\":{\"@id\":\"https:\\\/\\\/fes-heidenheim.de\\\/gymnasium\\\/2022\\\/12\\\/09\\\/seminar-projektwoche-in-klassenstufe-7g\\\/#primaryimage\"},\"thumbnailUrl\":\"https:\\\/\\\/fes-heidenheim.de\\\/gymnasium\\\/wp-content\\\/uploads\\\/sites\\\/8\\\/2022\\\/12\\\/fes-heidenheim-eminar.jpg\",\"datePublished\":\"2022-12-09T10:39:16+00:00\",\"dateModified\":\"2022-12-09T10:44:49+00:00\",\"author\":{\"@id\":\"https:\\\/\\\/fes-heidenheim.de\\\/gymnasium\\\/#\\\/schema\\\/person\\\/e8b717a48deac1a9531664496e910db7\"},\"breadcrumb\":{\"@id\":\"https:\\\/\\\/fes-heidenheim.de\\\/gymnasium\\\/2022\\\/12\\\/09\\\/seminar-projektwoche-in-klassenstufe-7g\\\/#breadcrumb\"},\"inLanguage\":\"de\",\"potentialAction\":[{\"@type\":\"ReadAction\",\"target\":[\"https:\\\/\\\/fes-heidenheim.de\\\/gymnasium\\\/2022\\\/12\\\/09\\\/seminar-projektwoche-in-klassenstufe-7g\\\/\"]}]},{\"@type\":\"ImageObject\",\"inLanguage\":\"de\",\"@id\":\"https:\\\/\\\/fes-heidenheim.de\\\/gymnasium\\\/2022\\\/12\\\/09\\\/seminar-projektwoche-in-klassenstufe-7g\\\/#primaryimage\",\"url\":\"https:\\\/\\\/fes-heidenheim.de\\\/gymnasium\\\/wp-content\\\/uploads\\\/sites\\\/8\\\/2022\\\/12\\\/fes-heidenheim-eminar.jpg\",\"contentUrl\":\"https:\\\/\\\/fes-heidenheim.de\\\/gymnasium\\\/wp-content\\\/uploads\\\/sites\\\/8\\\/2022\\\/12\\\/fes-heidenheim-eminar.jpg\",\"width\":1080,\"height\":721},{\"@type\":\"BreadcrumbList\",\"@id\":\"https:\\\/\\\/fes-heidenheim.de\\\/gymnasium\\\/2022\\\/12\\\/09\\\/seminar-projektwoche-in-klassenstufe-7g\\\/#breadcrumb\",\"itemListElement\":[{\"@type\":\"ListItem\",\"position\":1,\"name\":\"Startseite\",\"item\":\"https:\\\/\\\/fes-heidenheim.de\\\/gymnasium\\\/\"},{\"@type\":\"ListItem\",\"position\":2,\"name\":\"Seminar-Projektwoche in Klassenstufe 7G\"}]},{\"@type\":\"WebSite\",\"@id\":\"https:\\\/\\\/fes-heidenheim.de\\\/gymnasium\\\/#website\",\"url\":\"https:\\\/\\\/fes-heidenheim.de\\\/gymnasium\\\/\",\"name\":\"Gymnasium | Freie Evangelische Schule und Kindertagesst\u00e4tte Heidenheim e. V.\",\"description\":\"Eine weitere Freie Evangelische Schule Heidenheim e.V. Websites Website\",\"potentialAction\":[{\"@type\":\"SearchAction\",\"target\":{\"@type\":\"EntryPoint\",\"urlTemplate\":\"https:\\\/\\\/fes-heidenheim.de\\\/gymnasium\\\/?s={search_term_string}\"},\"query-input\":{\"@type\":\"PropertyValueSpecification\",\"valueRequired\":true,\"valueName\":\"search_term_string\"}}],\"inLanguage\":\"de\"},{\"@type\":\"Person\",\"@id\":\"https:\\\/\\\/fes-heidenheim.de\\\/gymnasium\\\/#\\\/schema\\\/person\\\/e8b717a48deac1a9531664496e910db7\",\"name\":\"fes\",\"image\":{\"@type\":\"ImageObject\",\"inLanguage\":\"de\",\"@id\":\"https:\\\/\\\/secure.gravatar.com\\\/avatar\\\/effdf0474358ff27f1e16eb3157eee659b464c36afe22d3bed195415271415a3?s=96&d=mm&r=g\",\"url\":\"https:\\\/\\\/secure.gravatar.com\\\/avatar\\\/effdf0474358ff27f1e16eb3157eee659b464c36afe22d3bed195415271415a3?s=96&d=mm&r=g\",\"contentUrl\":\"https:\\\/\\\/secure.gravatar.com\\\/avatar\\\/effdf0474358ff27f1e16eb3157eee659b464c36afe22d3bed195415271415a3?s=96&d=mm&r=g\",\"caption\":\"fes\"},\"url\":\"https:\\\/\\\/fes-heidenheim.de\\\/gymnasium\\\/author\\\/fes\\\/\"}]}<\/script>\n<!-- \/ Yoast SEO plugin. -->","yoast_head_json":{"title":"Seminar-Projektwoche in Klassenstufe 7G - Gymnasium | Freie Evangelische Schule und Kindertagesst\u00e4tte Heidenheim e. V.","robots":{"index":"index","follow":"follow","max-snippet":"max-snippet:-1","max-image-preview":"max-image-preview:large","max-video-preview":"max-video-preview:-1"},"canonical":"https:\/\/fes-heidenheim.de\/gymnasium\/2022\/12\/09\/seminar-projektwoche-in-klassenstufe-7g\/","og_locale":"de_DE","og_type":"article","og_title":"Seminar-Projektwoche in Klassenstufe 7G - Gymnasium | Freie Evangelische Schule und Kindertagesst\u00e4tte Heidenheim e. V.","og_description":"Schule \u2014 Hochschule \u201eIndus\u00adtrie 4.0: Dig\u00adi\u00adtal\u00adisierung und Ver\u00adnet\u00adzung \u2013 Prak\u00adtis\u00adche Anwen\u00addung mit\u00adtels Rasper\u00adry Pi3-Klein-Computern\u201c Die zunehmende Durch\u00addringung unser\u00ader heuti\u00adgen Pro\u00adduk\u00adte und Gesch\u00e4ft\u00adsprozesse hat in den let\u00adzten Jahren ein\u00adfache Com\u00adput\u00ader\u00adsys\u00adteme her\u00advorge\u00adbracht, [&hellip;]","og_url":"https:\/\/fes-heidenheim.de\/gymnasium\/2022\/12\/09\/seminar-projektwoche-in-klassenstufe-7g\/","og_site_name":"Gymnasium | Freie Evangelische Schule und Kindertagesst\u00e4tte Heidenheim e. V.","article_published_time":"2022-12-09T10:39:16+00:00","article_modified_time":"2022-12-09T10:44:49+00:00","og_image":[{"width":1080,"height":721,"url":"https:\/\/fes-heidenheim.de\/gymnasium\/wp-content\/uploads\/sites\/8\/2022\/12\/fes-heidenheim-eminar.jpg","type":"image\/jpeg"}],"author":"fes","twitter_card":"summary_large_image","twitter_misc":{"Verfasst von":"fes","Gesch\u00e4tzte Lesezeit":"1\u00a0Minute"},"schema":{"@context":"https:\/\/schema.org","@graph":[{"@type":"Article","@id":"https:\/\/fes-heidenheim.de\/gymnasium\/2022\/12\/09\/seminar-projektwoche-in-klassenstufe-7g\/#article","isPartOf":{"@id":"https:\/\/fes-heidenheim.de\/gymnasium\/2022\/12\/09\/seminar-projektwoche-in-klassenstufe-7g\/"},"author":{"name":"fes","@id":"https:\/\/fes-heidenheim.de\/gymnasium\/#\/schema\/person\/e8b717a48deac1a9531664496e910db7"},"headline":"Seminar-Projektwoche in Klassenstufe 7G","datePublished":"2022-12-09T10:39:16+00:00","dateModified":"2022-12-09T10:44:49+00:00","mainEntityOfPage":{"@id":"https:\/\/fes-heidenheim.de\/gymnasium\/2022\/12\/09\/seminar-projektwoche-in-klassenstufe-7g\/"},"wordCount":159,"image":{"@id":"https:\/\/fes-heidenheim.de\/gymnasium\/2022\/12\/09\/seminar-projektwoche-in-klassenstufe-7g\/#primaryimage"},"thumbnailUrl":"https:\/\/fes-heidenheim.de\/gymnasium\/wp-content\/uploads\/sites\/8\/2022\/12\/fes-heidenheim-eminar.jpg","articleSection":["FES Gymnasium"],"inLanguage":"de"},{"@type":"WebPage","@id":"https:\/\/fes-heidenheim.de\/gymnasium\/2022\/12\/09\/seminar-projektwoche-in-klassenstufe-7g\/","url":"https:\/\/fes-heidenheim.de\/gymnasium\/2022\/12\/09\/seminar-projektwoche-in-klassenstufe-7g\/","name":"Seminar-Projektwoche in Klassenstufe 7G - Gymnasium | Freie Evangelische Schule und Kindertagesst\u00e4tte Heidenheim e. V.","isPartOf":{"@id":"https:\/\/fes-heidenheim.de\/gymnasium\/#website"},"primaryImageOfPage":{"@id":"https:\/\/fes-heidenheim.de\/gymnasium\/2022\/12\/09\/seminar-projektwoche-in-klassenstufe-7g\/#primaryimage"},"image":{"@id":"https:\/\/fes-heidenheim.de\/gymnasium\/2022\/12\/09\/seminar-projektwoche-in-klassenstufe-7g\/#primaryimage"},"thumbnailUrl":"https:\/\/fes-heidenheim.de\/gymnasium\/wp-content\/uploads\/sites\/8\/2022\/12\/fes-heidenheim-eminar.jpg","datePublished":"2022-12-09T10:39:16+00:00","dateModified":"2022-12-09T10:44:49+00:00","author":{"@id":"https:\/\/fes-heidenheim.de\/gymnasium\/#\/schema\/person\/e8b717a48deac1a9531664496e910db7"},"breadcrumb":{"@id":"https:\/\/fes-heidenheim.de\/gymnasium\/2022\/12\/09\/seminar-projektwoche-in-klassenstufe-7g\/#breadcrumb"},"inLanguage":"de","potentialAction":[{"@type":"ReadAction","target":["https:\/\/fes-heidenheim.de\/gymnasium\/2022\/12\/09\/seminar-projektwoche-in-klassenstufe-7g\/"]}]},{"@type":"ImageObject","inLanguage":"de","@id":"https:\/\/fes-heidenheim.de\/gymnasium\/2022\/12\/09\/seminar-projektwoche-in-klassenstufe-7g\/#primaryimage","url":"https:\/\/fes-heidenheim.de\/gymnasium\/wp-content\/uploads\/sites\/8\/2022\/12\/fes-heidenheim-eminar.jpg","contentUrl":"https:\/\/fes-heidenheim.de\/gymnasium\/wp-content\/uploads\/sites\/8\/2022\/12\/fes-heidenheim-eminar.jpg","width":1080,"height":721},{"@type":"BreadcrumbList","@id":"https:\/\/fes-heidenheim.de\/gymnasium\/2022\/12\/09\/seminar-projektwoche-in-klassenstufe-7g\/#breadcrumb","itemListElement":[{"@type":"ListItem","position":1,"name":"Startseite","item":"https:\/\/fes-heidenheim.de\/gymnasium\/"},{"@type":"ListItem","position":2,"name":"Seminar-Projektwoche in Klassenstufe 7G"}]},{"@type":"WebSite","@id":"https:\/\/fes-heidenheim.de\/gymnasium\/#website","url":"https:\/\/fes-heidenheim.de\/gymnasium\/","name":"Gymnasium | Freie Evangelische Schule und Kindertagesst\u00e4tte Heidenheim e. V.","description":"Eine weitere Freie Evangelische Schule Heidenheim e.V. Websites Website","potentialAction":[{"@type":"SearchAction","target":{"@type":"EntryPoint","urlTemplate":"https:\/\/fes-heidenheim.de\/gymnasium\/?s={search_term_string}"},"query-input":{"@type":"PropertyValueSpecification","valueRequired":true,"valueName":"search_term_string"}}],"inLanguage":"de"},{"@type":"Person","@id":"https:\/\/fes-heidenheim.de\/gymnasium\/#\/schema\/person\/e8b717a48deac1a9531664496e910db7","name":"fes","image":{"@type":"ImageObject","inLanguage":"de","@id":"https:\/\/secure.gravatar.com\/avatar\/effdf0474358ff27f1e16eb3157eee659b464c36afe22d3bed195415271415a3?s=96&d=mm&r=g","url":"https:\/\/secure.gravatar.com\/avatar\/effdf0474358ff27f1e16eb3157eee659b464c36afe22d3bed195415271415a3?s=96&d=mm&r=g","contentUrl":"https:\/\/secure.gravatar.com\/avatar\/effdf0474358ff27f1e16eb3157eee659b464c36afe22d3bed195415271415a3?s=96&d=mm&r=g","caption":"fes"},"url":"https:\/\/fes-heidenheim.de\/gymnasium\/author\/fes\/"}]}},"_links":{"self":[{"href":"https:\/\/fes-heidenheim.de\/gymnasium\/wp-json\/wp\/v2\/posts\/4214","targetHints":{"allow":["GET"]}}],"collection":[{"href":"https:\/\/fes-heidenheim.de\/gymnasium\/wp-json\/wp\/v2\/posts"}],"about":[{"href":"https:\/\/fes-heidenheim.de\/gymnasium\/wp-json\/wp\/v2\/types\/post"}],"author":[{"embeddable":true,"href":"https:\/\/fes-heidenheim.de\/gymnasium\/wp-json\/wp\/v2\/users\/1"}],"replies":[{"embeddable":true,"href":"https:\/\/fes-heidenheim.de\/gymnasium\/wp-json\/wp\/v2\/comments?post=4214"}],"version-history":[{"count":1,"href":"https:\/\/fes-heidenheim.de\/gymnasium\/wp-json\/wp\/v2\/posts\/4214\/revisions"}],"predecessor-version":[{"id":4216,"href":"https:\/\/fes-heidenheim.de\/gymnasium\/wp-json\/wp\/v2\/posts\/4214\/revisions\/4216"}],"wp:featuredmedia":[{"embeddable":true,"href":"https:\/\/fes-heidenheim.de\/gymnasium\/wp-json\/wp\/v2\/media\/4215"}],"wp:attachment":[{"href":"https:\/\/fes-heidenheim.de\/gymnasium\/wp-json\/wp\/v2\/media?parent=4214"}],"wp:term":[{"taxonomy":"category","embeddable":true,"href":"https:\/\/fes-heidenheim.de\/gymnasium\/wp-json\/wp\/v2\/categories?post=4214"},{"taxonomy":"post_tag","embeddable":true,"href":"https:\/\/fes-heidenheim.de\/gymnasium\/wp-json\/wp\/v2\/tags?post=4214"}],"curies":[{"name":"wp","href":"https:\/\/api.w.org\/{rel}","templated":true}]}}