{"id":4369,"date":"2023-03-09T13:32:00","date_gmt":"2023-03-09T12:32:00","guid":{"rendered":"https:\/\/fes-heidenheim.de\/gymnasium\/?p=4369"},"modified":"2023-03-09T09:50:31","modified_gmt":"2023-03-09T08:50:31","slug":"kein-freier-platz-mehr-mehr-als-doppelt-so-viele-anmeldungen-fuer-neue-klasse-5-am-fes-gymnasium-fuer-kommendes-schuljahr-23-24","status":"publish","type":"post","link":"https:\/\/fes-heidenheim.de\/gymnasium\/2023\/03\/09\/kein-freier-platz-mehr-mehr-als-doppelt-so-viele-anmeldungen-fuer-neue-klasse-5-am-fes-gymnasium-fuer-kommendes-schuljahr-23-24\/","title":{"rendered":"Alle Pl\u00e4tze belegt: Mehr als doppelt so viele Anmeldungen f\u00fcr Klasse 5 am FES-Gymnasium f\u00fcr kommendes Schuljahr 23\/24"},"content":{"rendered":"\n<h4 class=\"wp-block-heading\">Der Ansturm auf das FES-Gymnasium ist gro\u00df: Nach der zur\u00fcckliegenden Einschreibe- und Anmeldewoche am Gymnasialzug der Freien Evangelischen Schule sind alle zur Verf\u00fcgung stehenden Schulpl\u00e4tze f\u00fcr die Klassenstufe 5 im kommenden Schuljahr 2023\/24 restlos belegt.<\/h4>\n\n\n\n<p>Wir haben mit ein\u00ader Steigerung der Ein\u00adschreibezahlen gerech\u00adnet, aber dass sie so stark aus\u00adf\u00e4llt und gar nicht alle Inter\u00adessen\u00adten aufgenom\u00admen wer\u00adden k\u00f6n\u00adnen, damit haben wir nicht gerech\u00adnet\u201c, sagt Andreas Borkeloh, Schulleit\u00ader der weit\u00ader\u00adf\u00fchren\u00adden Schulen an der Freien Evan\u00adge\u00adlis\u00adchen Schule Hei\u00adden\u00adheim. \u201eWir freuen uns auf die neuen F\u00fcn\u00adftk\u00adl\u00e4ss\u00adlerin\u00adnen und F\u00fcn\u00adftk\u00adl\u00e4ssler, die wir nach den Som\u00admer\u00adfe\u00adrien mit ein\u00ader gro\u00dfen Wel\u00adcome-Par\u00adty an unserem Gym\u00adna\u00adsi\u00adum aufnehmen.\u201c<\/p>\n\n\n\n<p>F\u00fcr R\u00fcck\u00adfra\u00adgen ste\u00adht das FES-Sekre\u00adtari\u00adat zu den \u00d6ff\u00adnungszeit\u00aden jed\u00aderzeit zur Verf\u00fcgung.<\/p>\n\n\n\n<p>F\u00fcr das kom\u00admende Schul\u00adjahr 2023\/24 k\u00f6n\u00adnen keine weit\u00aderen Sch\u00fc\u00adlerin\u00adnen und Sch\u00fcler am FES-Gym\u00adna\u00adsi\u00adum mehr aufgenom\u00admen wer\u00adden. Inter\u00adessierte Eltern k\u00f6n\u00adnen allerd\u00adings bere\u00adits f\u00fcr das \u00fcbern\u00e4ch\u00adste Schul\u00adjahr 2024\/25 schon Vormerkun\u00adgen f\u00fcr die Auf\u00adnahme in Klassen\u00adstufe 5 am FES-Gym\u00adna\u00adsi\u00adum im Sekre\u00adtari\u00adat der Schule abgeben. Mit der Reg\u00adistrierung \u00fcber das Vormerkungs\u00adfor\u00admu\u00adlar erhal\u00adten die vorge\u00admerk\u00adten Fam\u00adi\u00adlien und Inter\u00adessen\u00adten gle\u00adichzeit\u00adig auch alle wichti\u00adgen Ter\u00admine zu \u00d6ffentlichkeitsver\u00adanstal\u00adtun\u00adgen der Freien Evan\u00adge\u00adlis\u00adchen Schule jew\u00adeils rechtzeit\u00adig \u00fcbermittelt.<\/p>\n\n\n\n<figure class=\"wp-block-gallery has-nested-images columns-default is-cropped wp-block-gallery-1 is-layout-flex wp-block-gallery-is-layout-flex\">\n<figure class=\"wp-block-image size-large\"><img loading=\"lazy\" decoding=\"async\" width=\"1024\" height=\"683\" data-id=\"4379\" src=\"https:\/\/fes-heidenheim.de\/gymnasium\/wp-content\/uploads\/sites\/8\/2023\/03\/weiteres-Bild-Beitrag-Anmeldung-Klassenstufe-5-FES-Gymnasium-SJ-22-23-1024x683.jpg\" alt class=\"wp-image-4379\" srcset=\"https:\/\/fes-heidenheim.de\/gymnasium\/wp-content\/uploads\/sites\/8\/2023\/03\/weiteres-Bild-Beitrag-Anmeldung-Klassenstufe-5-FES-Gymnasium-SJ-22-23-980x653.jpg 980w, https:\/\/fes-heidenheim.de\/gymnasium\/wp-content\/uploads\/sites\/8\/2023\/03\/weiteres-Bild-Beitrag-Anmeldung-Klassenstufe-5-FES-Gymnasium-SJ-22-23-480x320.jpg 480w\" sizes=\"(min-width: 0px) and (max-width: 480px) 480px, (min-width: 481px) and (max-width: 980px) 980px, (min-width: 981px) 1024px, 100vw\"><\/figure>\n<\/figure>\n","protected":false},"excerpt":{"rendered":"<p>Der Ansturm auf das FES-Gym\u00adna\u00adsi\u00adum ist gro\u00df: Nach der zur\u00fcck\u00adliegen\u00adden Ein\u00adschreibe- und Anmelde\u00adwoche am Gym\u00adnasialzug der Freien Evan\u00adge\u00adlis\u00adchen Schule sind alle zur Ver\u00adf\u00fc\u00adgung ste\u00adhen\u00adden Schulpl\u00e4tze f\u00fcr die Klassen\u00adstufe 5&nbsp;im&nbsp;[\u2026]<\/p>\n","protected":false},"author":12,"featured_media":4372,"comment_status":"closed","ping_status":"open","sticky":false,"template":"","format":"standard","meta":{"_et_pb_use_builder":"","_et_pb_old_content":"","_et_gb_content_width":"","inline_featured_image":false,"wp_typography_post_enhancements_disabled":false,"footnotes":""},"categories":[1,30],"tags":[],"class_list":["post-4369","post","type-post","status-publish","format-standard","has-post-thumbnail","hentry","category-allgemein","category-fes-gymnasium"],"yoast_head":"<!-- This site is optimized with the Yoast SEO plugin v27.4 - https:\/\/yoast.com\/product\/yoast-seo-wordpress\/ -->\n<title>Alle Pl\u00e4tze belegt: Mehr als doppelt so viele Anmeldungen f\u00fcr Klasse 5 am FES-Gymnasium f\u00fcr kommendes Schuljahr 23\/24 - Gymnasium | Freie Evangelische Schule und Kindertagesst\u00e4tte Heidenheim e. V.<\/title>\n<meta name=\"robots\" content=\"index, follow, max-snippet:-1, max-image-preview:large, max-video-preview:-1\" \/>\n<link rel=\"canonical\" href=\"https:\/\/fes-heidenheim.de\/gymnasium\/2023\/03\/09\/kein-freier-platz-mehr-mehr-als-doppelt-so-viele-anmeldungen-fuer-neue-klasse-5-am-fes-gymnasium-fuer-kommendes-schuljahr-23-24\/\" \/>\n<meta property=\"og:locale\" content=\"de_DE\" \/>\n<meta property=\"og:type\" content=\"article\" \/>\n<meta property=\"og:title\" content=\"Alle Pl\u00e4tze belegt: Mehr als doppelt so viele Anmeldungen f\u00fcr Klasse 5 am FES-Gymnasium f\u00fcr kommendes Schuljahr 23\/24 - Gymnasium | Freie Evangelische Schule und Kindertagesst\u00e4tte Heidenheim e. V.\" \/>\n<meta property=\"og:description\" content=\"Der Ansturm auf das FES-Gymnasium ist gro\u00df: Nach der zur\u00fcckliegenden Einschreibe- und Anmeldewoche am Gymnasialzug der Freien Evangelischen Schule sind alle zur Verf\u00fcgung stehenden Schulpl\u00e4tze f\u00fcr die Klassenstufe 5 im [&hellip;]\" \/>\n<meta property=\"og:url\" content=\"https:\/\/fes-heidenheim.de\/gymnasium\/2023\/03\/09\/kein-freier-platz-mehr-mehr-als-doppelt-so-viele-anmeldungen-fuer-neue-klasse-5-am-fes-gymnasium-fuer-kommendes-schuljahr-23-24\/\" \/>\n<meta property=\"og:site_name\" content=\"Gymnasium | Freie Evangelische Schule und Kindertagesst\u00e4tte Heidenheim e. V.\" \/>\n<meta property=\"article:published_time\" content=\"2023-03-09T12:32:00+00:00\" \/>\n<meta property=\"og:image\" content=\"https:\/\/fes-heidenheim.de\/gymnasium\/wp-content\/uploads\/sites\/8\/2023\/03\/Beitragsbild-Anmeldung-Klassenstufe-5-Gymnasium-SJ-22-23-KLEIN-scaled.jpg\" \/>\n\t<meta property=\"og:image:width\" content=\"2560\" \/>\n\t<meta property=\"og:image:height\" content=\"1920\" \/>\n\t<meta property=\"og:image:type\" content=\"image\/jpeg\" \/>\n<meta name=\"twitter:card\" content=\"summary_large_image\" \/>\n<meta name=\"twitter:label1\" content=\"Verfasst von\" \/>\n\t<meta name=\"twitter:data1\" content=\"\" \/>\n\t<meta name=\"twitter:label2\" content=\"Gesch\u00e4tzte Lesezeit\" \/>\n\t<meta name=\"twitter:data2\" content=\"2\u00a0Minuten\" \/>\n<script type=\"application\/ld+json\" class=\"yoast-schema-graph\">{\"@context\":\"https:\\\/\\\/schema.org\",\"@graph\":[{\"@type\":\"Article\",\"@id\":\"https:\\\/\\\/fes-heidenheim.de\\\/gymnasium\\\/2023\\\/03\\\/09\\\/kein-freier-platz-mehr-mehr-als-doppelt-so-viele-anmeldungen-fuer-neue-klasse-5-am-fes-gymnasium-fuer-kommendes-schuljahr-23-24\\\/#article\",\"isPartOf\":{\"@id\":\"https:\\\/\\\/fes-heidenheim.de\\\/gymnasium\\\/2023\\\/03\\\/09\\\/kein-freier-platz-mehr-mehr-als-doppelt-so-viele-anmeldungen-fuer-neue-klasse-5-am-fes-gymnasium-fuer-kommendes-schuljahr-23-24\\\/\"},\"author\":{\"name\":\"\",\"@id\":\"\"},\"headline\":\"Alle Pl\u00e4tze belegt: Mehr als doppelt so viele Anmeldungen f\u00fcr Klasse 5 am FES-Gymnasium f\u00fcr kommendes Schuljahr 23\\\/24\",\"datePublished\":\"2023-03-09T12:32:00+00:00\",\"mainEntityOfPage\":{\"@id\":\"https:\\\/\\\/fes-heidenheim.de\\\/gymnasium\\\/2023\\\/03\\\/09\\\/kein-freier-platz-mehr-mehr-als-doppelt-so-viele-anmeldungen-fuer-neue-klasse-5-am-fes-gymnasium-fuer-kommendes-schuljahr-23-24\\\/\"},\"wordCount\":212,\"image\":{\"@id\":\"https:\\\/\\\/fes-heidenheim.de\\\/gymnasium\\\/2023\\\/03\\\/09\\\/kein-freier-platz-mehr-mehr-als-doppelt-so-viele-anmeldungen-fuer-neue-klasse-5-am-fes-gymnasium-fuer-kommendes-schuljahr-23-24\\\/#primaryimage\"},\"thumbnailUrl\":\"https:\\\/\\\/fes-heidenheim.de\\\/gymnasium\\\/wp-content\\\/uploads\\\/sites\\\/8\\\/2023\\\/03\\\/Beitragsbild-Anmeldung-Klassenstufe-5-Gymnasium-SJ-22-23-KLEIN-scaled.jpg\",\"articleSection\":{\"1\":\"FES Gymnasium\"},\"inLanguage\":\"de\"},{\"@type\":\"WebPage\",\"@id\":\"https:\\\/\\\/fes-heidenheim.de\\\/gymnasium\\\/2023\\\/03\\\/09\\\/kein-freier-platz-mehr-mehr-als-doppelt-so-viele-anmeldungen-fuer-neue-klasse-5-am-fes-gymnasium-fuer-kommendes-schuljahr-23-24\\\/\",\"url\":\"https:\\\/\\\/fes-heidenheim.de\\\/gymnasium\\\/2023\\\/03\\\/09\\\/kein-freier-platz-mehr-mehr-als-doppelt-so-viele-anmeldungen-fuer-neue-klasse-5-am-fes-gymnasium-fuer-kommendes-schuljahr-23-24\\\/\",\"name\":\"Alle Pl\u00e4tze belegt: Mehr als doppelt so viele Anmeldungen f\u00fcr Klasse 5 am FES-Gymnasium f\u00fcr kommendes Schuljahr 23\\\/24 - Gymnasium | Freie Evangelische Schule und Kindertagesst\u00e4tte Heidenheim e. V.\",\"isPartOf\":{\"@id\":\"https:\\\/\\\/fes-heidenheim.de\\\/gymnasium\\\/#website\"},\"primaryImageOfPage\":{\"@id\":\"https:\\\/\\\/fes-heidenheim.de\\\/gymnasium\\\/2023\\\/03\\\/09\\\/kein-freier-platz-mehr-mehr-als-doppelt-so-viele-anmeldungen-fuer-neue-klasse-5-am-fes-gymnasium-fuer-kommendes-schuljahr-23-24\\\/#primaryimage\"},\"image\":{\"@id\":\"https:\\\/\\\/fes-heidenheim.de\\\/gymnasium\\\/2023\\\/03\\\/09\\\/kein-freier-platz-mehr-mehr-als-doppelt-so-viele-anmeldungen-fuer-neue-klasse-5-am-fes-gymnasium-fuer-kommendes-schuljahr-23-24\\\/#primaryimage\"},\"thumbnailUrl\":\"https:\\\/\\\/fes-heidenheim.de\\\/gymnasium\\\/wp-content\\\/uploads\\\/sites\\\/8\\\/2023\\\/03\\\/Beitragsbild-Anmeldung-Klassenstufe-5-Gymnasium-SJ-22-23-KLEIN-scaled.jpg\",\"datePublished\":\"2023-03-09T12:32:00+00:00\",\"author\":{\"@id\":\"\"},\"breadcrumb\":{\"@id\":\"https:\\\/\\\/fes-heidenheim.de\\\/gymnasium\\\/2023\\\/03\\\/09\\\/kein-freier-platz-mehr-mehr-als-doppelt-so-viele-anmeldungen-fuer-neue-klasse-5-am-fes-gymnasium-fuer-kommendes-schuljahr-23-24\\\/#breadcrumb\"},\"inLanguage\":\"de\",\"potentialAction\":[{\"@type\":\"ReadAction\",\"target\":[\"https:\\\/\\\/fes-heidenheim.de\\\/gymnasium\\\/2023\\\/03\\\/09\\\/kein-freier-platz-mehr-mehr-als-doppelt-so-viele-anmeldungen-fuer-neue-klasse-5-am-fes-gymnasium-fuer-kommendes-schuljahr-23-24\\\/\"]}]},{\"@type\":\"ImageObject\",\"inLanguage\":\"de\",\"@id\":\"https:\\\/\\\/fes-heidenheim.de\\\/gymnasium\\\/2023\\\/03\\\/09\\\/kein-freier-platz-mehr-mehr-als-doppelt-so-viele-anmeldungen-fuer-neue-klasse-5-am-fes-gymnasium-fuer-kommendes-schuljahr-23-24\\\/#primaryimage\",\"url\":\"https:\\\/\\\/fes-heidenheim.de\\\/gymnasium\\\/wp-content\\\/uploads\\\/sites\\\/8\\\/2023\\\/03\\\/Beitragsbild-Anmeldung-Klassenstufe-5-Gymnasium-SJ-22-23-KLEIN-scaled.jpg\",\"contentUrl\":\"https:\\\/\\\/fes-heidenheim.de\\\/gymnasium\\\/wp-content\\\/uploads\\\/sites\\\/8\\\/2023\\\/03\\\/Beitragsbild-Anmeldung-Klassenstufe-5-Gymnasium-SJ-22-23-KLEIN-scaled.jpg\",\"width\":2560,\"height\":1920,\"caption\":\"default\"},{\"@type\":\"BreadcrumbList\",\"@id\":\"https:\\\/\\\/fes-heidenheim.de\\\/gymnasium\\\/2023\\\/03\\\/09\\\/kein-freier-platz-mehr-mehr-als-doppelt-so-viele-anmeldungen-fuer-neue-klasse-5-am-fes-gymnasium-fuer-kommendes-schuljahr-23-24\\\/#breadcrumb\",\"itemListElement\":[{\"@type\":\"ListItem\",\"position\":1,\"name\":\"Startseite\",\"item\":\"https:\\\/\\\/fes-heidenheim.de\\\/gymnasium\\\/\"},{\"@type\":\"ListItem\",\"position\":2,\"name\":\"Alle Pl\u00e4tze belegt: Mehr als doppelt so viele Anmeldungen f\u00fcr Klasse 5 am FES-Gymnasium f\u00fcr kommendes Schuljahr 23\\\/24\"}]},{\"@type\":\"WebSite\",\"@id\":\"https:\\\/\\\/fes-heidenheim.de\\\/gymnasium\\\/#website\",\"url\":\"https:\\\/\\\/fes-heidenheim.de\\\/gymnasium\\\/\",\"name\":\"Gymnasium | Freie Evangelische Schule und Kindertagesst\u00e4tte Heidenheim e. V.\",\"description\":\"Eine weitere Freie Evangelische Schule Heidenheim e.V. Websites Website\",\"potentialAction\":[{\"@type\":\"SearchAction\",\"target\":{\"@type\":\"EntryPoint\",\"urlTemplate\":\"https:\\\/\\\/fes-heidenheim.de\\\/gymnasium\\\/?s={search_term_string}\"},\"query-input\":{\"@type\":\"PropertyValueSpecification\",\"valueRequired\":true,\"valueName\":\"search_term_string\"}}],\"inLanguage\":\"de\"},{\"@type\":\"Person\",\"@id\":\"\",\"url\":\"https:\\\/\\\/fes-heidenheim.de\\\/gymnasium\\\/author\\\/\"}]}<\/script>\n<!-- \/ Yoast SEO plugin. -->","yoast_head_json":{"title":"Alle Pl\u00e4tze belegt: Mehr als doppelt so viele Anmeldungen f\u00fcr Klasse 5 am FES-Gymnasium f\u00fcr kommendes Schuljahr 23\/24 - Gymnasium | Freie Evangelische Schule und Kindertagesst\u00e4tte Heidenheim e. V.","robots":{"index":"index","follow":"follow","max-snippet":"max-snippet:-1","max-image-preview":"max-image-preview:large","max-video-preview":"max-video-preview:-1"},"canonical":"https:\/\/fes-heidenheim.de\/gymnasium\/2023\/03\/09\/kein-freier-platz-mehr-mehr-als-doppelt-so-viele-anmeldungen-fuer-neue-klasse-5-am-fes-gymnasium-fuer-kommendes-schuljahr-23-24\/","og_locale":"de_DE","og_type":"article","og_title":"Alle Pl\u00e4tze belegt: Mehr als doppelt so viele Anmeldungen f\u00fcr Klasse 5 am FES-Gymnasium f\u00fcr kommendes Schuljahr 23\/24 - Gymnasium | Freie Evangelische Schule und Kindertagesst\u00e4tte Heidenheim e. V.","og_description":"Der Ansturm auf das FES-Gymnasium ist gro\u00df: Nach der zur\u00fcckliegenden Einschreibe- und Anmeldewoche am Gymnasialzug der Freien Evangelischen Schule sind alle zur Verf\u00fcgung stehenden Schulpl\u00e4tze f\u00fcr die Klassenstufe 5 im [&hellip;]","og_url":"https:\/\/fes-heidenheim.de\/gymnasium\/2023\/03\/09\/kein-freier-platz-mehr-mehr-als-doppelt-so-viele-anmeldungen-fuer-neue-klasse-5-am-fes-gymnasium-fuer-kommendes-schuljahr-23-24\/","og_site_name":"Gymnasium | Freie Evangelische Schule und Kindertagesst\u00e4tte Heidenheim e. V.","article_published_time":"2023-03-09T12:32:00+00:00","og_image":[{"width":2560,"height":1920,"url":"https:\/\/fes-heidenheim.de\/gymnasium\/wp-content\/uploads\/sites\/8\/2023\/03\/Beitragsbild-Anmeldung-Klassenstufe-5-Gymnasium-SJ-22-23-KLEIN-scaled.jpg","type":"image\/jpeg"}],"twitter_card":"summary_large_image","twitter_misc":{"Verfasst von":"","Gesch\u00e4tzte Lesezeit":"2\u00a0Minuten"},"schema":{"@context":"https:\/\/schema.org","@graph":[{"@type":"Article","@id":"https:\/\/fes-heidenheim.de\/gymnasium\/2023\/03\/09\/kein-freier-platz-mehr-mehr-als-doppelt-so-viele-anmeldungen-fuer-neue-klasse-5-am-fes-gymnasium-fuer-kommendes-schuljahr-23-24\/#article","isPartOf":{"@id":"https:\/\/fes-heidenheim.de\/gymnasium\/2023\/03\/09\/kein-freier-platz-mehr-mehr-als-doppelt-so-viele-anmeldungen-fuer-neue-klasse-5-am-fes-gymnasium-fuer-kommendes-schuljahr-23-24\/"},"author":{"name":"","@id":""},"headline":"Alle Pl\u00e4tze belegt: Mehr als doppelt so viele Anmeldungen f\u00fcr Klasse 5 am FES-Gymnasium f\u00fcr kommendes Schuljahr 23\/24","datePublished":"2023-03-09T12:32:00+00:00","mainEntityOfPage":{"@id":"https:\/\/fes-heidenheim.de\/gymnasium\/2023\/03\/09\/kein-freier-platz-mehr-mehr-als-doppelt-so-viele-anmeldungen-fuer-neue-klasse-5-am-fes-gymnasium-fuer-kommendes-schuljahr-23-24\/"},"wordCount":212,"image":{"@id":"https:\/\/fes-heidenheim.de\/gymnasium\/2023\/03\/09\/kein-freier-platz-mehr-mehr-als-doppelt-so-viele-anmeldungen-fuer-neue-klasse-5-am-fes-gymnasium-fuer-kommendes-schuljahr-23-24\/#primaryimage"},"thumbnailUrl":"https:\/\/fes-heidenheim.de\/gymnasium\/wp-content\/uploads\/sites\/8\/2023\/03\/Beitragsbild-Anmeldung-Klassenstufe-5-Gymnasium-SJ-22-23-KLEIN-scaled.jpg","articleSection":{"1":"FES Gymnasium"},"inLanguage":"de"},{"@type":"WebPage","@id":"https:\/\/fes-heidenheim.de\/gymnasium\/2023\/03\/09\/kein-freier-platz-mehr-mehr-als-doppelt-so-viele-anmeldungen-fuer-neue-klasse-5-am-fes-gymnasium-fuer-kommendes-schuljahr-23-24\/","url":"https:\/\/fes-heidenheim.de\/gymnasium\/2023\/03\/09\/kein-freier-platz-mehr-mehr-als-doppelt-so-viele-anmeldungen-fuer-neue-klasse-5-am-fes-gymnasium-fuer-kommendes-schuljahr-23-24\/","name":"Alle Pl\u00e4tze belegt: Mehr als doppelt so viele Anmeldungen f\u00fcr Klasse 5 am FES-Gymnasium f\u00fcr kommendes Schuljahr 23\/24 - Gymnasium | Freie Evangelische Schule und Kindertagesst\u00e4tte Heidenheim e. V.","isPartOf":{"@id":"https:\/\/fes-heidenheim.de\/gymnasium\/#website"},"primaryImageOfPage":{"@id":"https:\/\/fes-heidenheim.de\/gymnasium\/2023\/03\/09\/kein-freier-platz-mehr-mehr-als-doppelt-so-viele-anmeldungen-fuer-neue-klasse-5-am-fes-gymnasium-fuer-kommendes-schuljahr-23-24\/#primaryimage"},"image":{"@id":"https:\/\/fes-heidenheim.de\/gymnasium\/2023\/03\/09\/kein-freier-platz-mehr-mehr-als-doppelt-so-viele-anmeldungen-fuer-neue-klasse-5-am-fes-gymnasium-fuer-kommendes-schuljahr-23-24\/#primaryimage"},"thumbnailUrl":"https:\/\/fes-heidenheim.de\/gymnasium\/wp-content\/uploads\/sites\/8\/2023\/03\/Beitragsbild-Anmeldung-Klassenstufe-5-Gymnasium-SJ-22-23-KLEIN-scaled.jpg","datePublished":"2023-03-09T12:32:00+00:00","author":{"@id":""},"breadcrumb":{"@id":"https:\/\/fes-heidenheim.de\/gymnasium\/2023\/03\/09\/kein-freier-platz-mehr-mehr-als-doppelt-so-viele-anmeldungen-fuer-neue-klasse-5-am-fes-gymnasium-fuer-kommendes-schuljahr-23-24\/#breadcrumb"},"inLanguage":"de","potentialAction":[{"@type":"ReadAction","target":["https:\/\/fes-heidenheim.de\/gymnasium\/2023\/03\/09\/kein-freier-platz-mehr-mehr-als-doppelt-so-viele-anmeldungen-fuer-neue-klasse-5-am-fes-gymnasium-fuer-kommendes-schuljahr-23-24\/"]}]},{"@type":"ImageObject","inLanguage":"de","@id":"https:\/\/fes-heidenheim.de\/gymnasium\/2023\/03\/09\/kein-freier-platz-mehr-mehr-als-doppelt-so-viele-anmeldungen-fuer-neue-klasse-5-am-fes-gymnasium-fuer-kommendes-schuljahr-23-24\/#primaryimage","url":"https:\/\/fes-heidenheim.de\/gymnasium\/wp-content\/uploads\/sites\/8\/2023\/03\/Beitragsbild-Anmeldung-Klassenstufe-5-Gymnasium-SJ-22-23-KLEIN-scaled.jpg","contentUrl":"https:\/\/fes-heidenheim.de\/gymnasium\/wp-content\/uploads\/sites\/8\/2023\/03\/Beitragsbild-Anmeldung-Klassenstufe-5-Gymnasium-SJ-22-23-KLEIN-scaled.jpg","width":2560,"height":1920,"caption":"default"},{"@type":"BreadcrumbList","@id":"https:\/\/fes-heidenheim.de\/gymnasium\/2023\/03\/09\/kein-freier-platz-mehr-mehr-als-doppelt-so-viele-anmeldungen-fuer-neue-klasse-5-am-fes-gymnasium-fuer-kommendes-schuljahr-23-24\/#breadcrumb","itemListElement":[{"@type":"ListItem","position":1,"name":"Startseite","item":"https:\/\/fes-heidenheim.de\/gymnasium\/"},{"@type":"ListItem","position":2,"name":"Alle Pl\u00e4tze belegt: Mehr als doppelt so viele Anmeldungen f\u00fcr Klasse 5 am FES-Gymnasium f\u00fcr kommendes Schuljahr 23\/24"}]},{"@type":"WebSite","@id":"https:\/\/fes-heidenheim.de\/gymnasium\/#website","url":"https:\/\/fes-heidenheim.de\/gymnasium\/","name":"Gymnasium | Freie Evangelische Schule und Kindertagesst\u00e4tte Heidenheim e. V.","description":"Eine weitere Freie Evangelische Schule Heidenheim e.V. Websites Website","potentialAction":[{"@type":"SearchAction","target":{"@type":"EntryPoint","urlTemplate":"https:\/\/fes-heidenheim.de\/gymnasium\/?s={search_term_string}"},"query-input":{"@type":"PropertyValueSpecification","valueRequired":true,"valueName":"search_term_string"}}],"inLanguage":"de"},{"@type":"Person","@id":"","url":"https:\/\/fes-heidenheim.de\/gymnasium\/author\/"}]}},"_links":{"self":[{"href":"https:\/\/fes-heidenheim.de\/gymnasium\/wp-json\/wp\/v2\/posts\/4369","targetHints":{"allow":["GET"]}}],"collection":[{"href":"https:\/\/fes-heidenheim.de\/gymnasium\/wp-json\/wp\/v2\/posts"}],"about":[{"href":"https:\/\/fes-heidenheim.de\/gymnasium\/wp-json\/wp\/v2\/types\/post"}],"author":[{"embeddable":true,"href":"https:\/\/fes-heidenheim.de\/gymnasium\/wp-json\/wp\/v2\/users\/12"}],"replies":[{"embeddable":true,"href":"https:\/\/fes-heidenheim.de\/gymnasium\/wp-json\/wp\/v2\/comments?post=4369"}],"version-history":[{"count":5,"href":"https:\/\/fes-heidenheim.de\/gymnasium\/wp-json\/wp\/v2\/posts\/4369\/revisions"}],"predecessor-version":[{"id":4380,"href":"https:\/\/fes-heidenheim.de\/gymnasium\/wp-json\/wp\/v2\/posts\/4369\/revisions\/4380"}],"wp:featuredmedia":[{"embeddable":true,"href":"https:\/\/fes-heidenheim.de\/gymnasium\/wp-json\/wp\/v2\/media\/4372"}],"wp:attachment":[{"href":"https:\/\/fes-heidenheim.de\/gymnasium\/wp-json\/wp\/v2\/media?parent=4369"}],"wp:term":[{"taxonomy":"category","embeddable":true,"href":"https:\/\/fes-heidenheim.de\/gymnasium\/wp-json\/wp\/v2\/categories?post=4369"},{"taxonomy":"post_tag","embeddable":true,"href":"https:\/\/fes-heidenheim.de\/gymnasium\/wp-json\/wp\/v2\/tags?post=4369"}],"curies":[{"name":"wp","href":"https:\/\/api.w.org\/{rel}","templated":true}]}}