{"id":4381,"date":"2023-03-09T08:41:11","date_gmt":"2023-03-09T07:41:11","guid":{"rendered":"https:\/\/fes-heidenheim.de\/gymnasium\/?p=4381"},"modified":"2023-03-09T08:41:35","modified_gmt":"2023-03-09T07:41:35","slug":"ein-denkwuerdiger-tagbesuch-der-kz-gedenkstaette-dachau","status":"publish","type":"post","link":"https:\/\/fes-heidenheim.de\/gymnasium\/2023\/03\/09\/ein-denkwuerdiger-tagbesuch-der-kz-gedenkstaette-dachau\/","title":{"rendered":"<strong>Ein denkw\u00fcrdiger Tag:Besuch der KZ-Gedenkst\u00e4tte Dachau<\/strong>"},"content":{"rendered":"\n<p>Blicke direkt hinein in den Lager\u00adall\u00adt\u00adag: Der Besuch der KZ-Gedenkst\u00e4tte in Dachau hat bei den Sch\u00fc\u00adlerin\u00adnen und Sch\u00fcler der 9.Klassen der FES-Realschule und des FES-Gym\u00adna\u00adsi\u00adums einen tiefen und bleiben\u00adden Ein\u00addruck hinterlassen.<\/p>\n\n\n\n<figure class=\"wp-block-image size-large\"><img loading=\"lazy\" decoding=\"async\" width=\"1024\" height=\"576\" src=\"https:\/\/fes-heidenheim.de\/gymnasium\/wp-content\/uploads\/sites\/8\/2023\/03\/Beitragsbild-1024x576.jpg\" alt class=\"wp-image-4382\" srcset=\"https:\/\/fes-heidenheim.de\/gymnasium\/wp-content\/uploads\/sites\/8\/2023\/03\/Beitragsbild-980x551.jpg 980w, https:\/\/fes-heidenheim.de\/gymnasium\/wp-content\/uploads\/sites\/8\/2023\/03\/Beitragsbild-480x270.jpg 480w\" sizes=\"(min-width: 0px) and (max-width: 480px) 480px, (min-width: 481px) and (max-width: 980px) 980px, (min-width: 981px) 1024px, 100vw\"><\/figure>\n\n\n\n<p>Gemein\u00adsam mit den Geschicht\u00adslehrkr\u00e4ften Herr Kasper und Frau Ochs erlebte die 9. Jahrgangstufe eine bewe\u00adgende F\u00fchrung durch das Konzen\u00adtra\u00adtionslager. Die Stu\u00addi\u00aden\u00adfahrt stand f\u00fcr die Neun\u00adtk\u00adl\u00e4ssler nicht nur im Zeichen der Behand\u00adlung des The\u00admas im Bil\u00addungs\u00adplan im Unter\u00adrichts\u00adfach Geschichte, son\u00addern ste\u00adht an der Freien Evan\u00adge\u00adlis\u00adchen Schule auch im Zeichen der Anti\u00adsemitismus- und Demokratiebil\u00addung und bildet im j\u00e4hrlichen Exkur\u00adsion\u00adspro\u00adgramm einen unverzicht\u00adbaren Bestandteil der Erin\u00adnerungsar\u00adbeit unser\u00ader Schule.<\/p>\n\n\n\n<figure class=\"wp-block-image size-large\"><img loading=\"lazy\" decoding=\"async\" width=\"1024\" height=\"576\" src=\"https:\/\/fes-heidenheim.de\/gymnasium\/wp-content\/uploads\/sites\/8\/2023\/03\/weiteres-Bild-02-1-1024x576.jpg\" alt class=\"wp-image-4385\" srcset=\"https:\/\/fes-heidenheim.de\/gymnasium\/wp-content\/uploads\/sites\/8\/2023\/03\/weiteres-Bild-02-1-980x551.jpg 980w, https:\/\/fes-heidenheim.de\/gymnasium\/wp-content\/uploads\/sites\/8\/2023\/03\/weiteres-Bild-02-1-480x270.jpg 480w\" sizes=\"(min-width: 0px) and (max-width: 480px) 480px, (min-width: 481px) and (max-width: 980px) 980px, (min-width: 981px) 1024px, 100vw\"><\/figure>\n\n\n\n<p><\/p>\n","protected":false},"excerpt":{"rendered":"<p>Blicke direkt hinein in den Lager\u00adall\u00adt\u00adag: Der Besuch der KZ-Gedenkst\u00e4tte in Dachau hat bei den Sch\u00fc\u00adlerin\u00adnen und Sch\u00fcler der 9.Klassen der FES-Realschule und des FES-Gym\u00ad\u00adna\u00adsi\u00adums einen tiefen und bleiben\u00adden Eindruck&nbsp;[\u2026]<\/p>\n","protected":false},"author":12,"featured_media":4383,"comment_status":"closed","ping_status":"open","sticky":false,"template":"","format":"standard","meta":{"_et_pb_use_builder":"off","_et_pb_old_content":"","_et_gb_content_width":"","inline_featured_image":false,"wp_typography_post_enhancements_disabled":false,"footnotes":""},"categories":[1,30,29,49,44],"tags":[],"class_list":["post-4381","post","type-post","status-publish","format-standard","has-post-thumbnail","hentry","category-allgemein","category-fes-gymnasium","category-fes-realschule","category-fes-unterwegs-gym","category-fes-unterwegs-rs"],"yoast_head":"<!-- This site is optimized with the Yoast SEO plugin v27.4 - https:\/\/yoast.com\/product\/yoast-seo-wordpress\/ -->\n<title>Ein denkw\u00fcrdiger Tag:Besuch der KZ-Gedenkst\u00e4tte Dachau - Gymnasium | Freie Evangelische Schule und Kindertagesst\u00e4tte Heidenheim e. V.<\/title>\n<meta name=\"robots\" content=\"index, follow, max-snippet:-1, max-image-preview:large, max-video-preview:-1\" \/>\n<link rel=\"canonical\" href=\"https:\/\/fes-heidenheim.de\/gymnasium\/2023\/03\/09\/ein-denkwuerdiger-tagbesuch-der-kz-gedenkstaette-dachau\/\" \/>\n<meta property=\"og:locale\" content=\"de_DE\" \/>\n<meta property=\"og:type\" content=\"article\" \/>\n<meta property=\"og:title\" content=\"Ein denkw\u00fcrdiger Tag:Besuch der KZ-Gedenkst\u00e4tte Dachau - Gymnasium | Freie Evangelische Schule und Kindertagesst\u00e4tte Heidenheim e. V.\" \/>\n<meta property=\"og:description\" content=\"Blicke direkt hinein in den Lager\u00adall\u00adt\u00adag: Der Besuch der KZ-Gedenkst\u00e4tte in Dachau hat bei den Sch\u00fc\u00adlerin\u00adnen und Sch\u00fcler der 9.Klassen der FES-Realschule und des FES-Gym\u00adna\u00adsi\u00adums einen tiefen und bleiben\u00adden Ein\u00addruck [&hellip;]\" \/>\n<meta property=\"og:url\" content=\"https:\/\/fes-heidenheim.de\/gymnasium\/2023\/03\/09\/ein-denkwuerdiger-tagbesuch-der-kz-gedenkstaette-dachau\/\" \/>\n<meta property=\"og:site_name\" content=\"Gymnasium | Freie Evangelische Schule und Kindertagesst\u00e4tte Heidenheim e. V.\" \/>\n<meta property=\"article:published_time\" content=\"2023-03-09T07:41:11+00:00\" \/>\n<meta property=\"article:modified_time\" content=\"2023-03-09T07:41:35+00:00\" \/>\n<meta property=\"og:image\" content=\"https:\/\/fes-heidenheim.de\/gymnasium\/wp-content\/uploads\/sites\/8\/2023\/03\/weiteres-Bild-01-scaled.jpg\" \/>\n\t<meta property=\"og:image:width\" content=\"2560\" \/>\n\t<meta property=\"og:image:height\" content=\"1440\" \/>\n\t<meta property=\"og:image:type\" content=\"image\/jpeg\" \/>\n<meta name=\"twitter:card\" content=\"summary_large_image\" \/>\n<meta name=\"twitter:label1\" content=\"Verfasst von\" \/>\n\t<meta name=\"twitter:data1\" content=\"\" \/>\n\t<meta name=\"twitter:label2\" content=\"Gesch\u00e4tzte Lesezeit\" \/>\n\t<meta name=\"twitter:data2\" content=\"1\u00a0Minute\" \/>\n<script type=\"application\/ld+json\" class=\"yoast-schema-graph\">{\"@context\":\"https:\\\/\\\/schema.org\",\"@graph\":[{\"@type\":\"Article\",\"@id\":\"https:\\\/\\\/fes-heidenheim.de\\\/gymnasium\\\/2023\\\/03\\\/09\\\/ein-denkwuerdiger-tagbesuch-der-kz-gedenkstaette-dachau\\\/#article\",\"isPartOf\":{\"@id\":\"https:\\\/\\\/fes-heidenheim.de\\\/gymnasium\\\/2023\\\/03\\\/09\\\/ein-denkwuerdiger-tagbesuch-der-kz-gedenkstaette-dachau\\\/\"},\"author\":{\"name\":\"\",\"@id\":\"\"},\"headline\":\"Ein denkw\u00fcrdiger Tag:Besuch der KZ-Gedenkst\u00e4tte Dachau\",\"datePublished\":\"2023-03-09T07:41:11+00:00\",\"dateModified\":\"2023-03-09T07:41:35+00:00\",\"mainEntityOfPage\":{\"@id\":\"https:\\\/\\\/fes-heidenheim.de\\\/gymnasium\\\/2023\\\/03\\\/09\\\/ein-denkwuerdiger-tagbesuch-der-kz-gedenkstaette-dachau\\\/\"},\"wordCount\":111,\"image\":{\"@id\":\"https:\\\/\\\/fes-heidenheim.de\\\/gymnasium\\\/2023\\\/03\\\/09\\\/ein-denkwuerdiger-tagbesuch-der-kz-gedenkstaette-dachau\\\/#primaryimage\"},\"thumbnailUrl\":\"https:\\\/\\\/fes-heidenheim.de\\\/gymnasium\\\/wp-content\\\/uploads\\\/sites\\\/8\\\/2023\\\/03\\\/weiteres-Bild-01-scaled.jpg\",\"articleSection\":{\"1\":\"FES Gymnasium\",\"2\":\"FES Realschule\",\"3\":\"FES unterwegs GYM\",\"4\":\"FES unterwegs RS\"},\"inLanguage\":\"de\"},{\"@type\":\"WebPage\",\"@id\":\"https:\\\/\\\/fes-heidenheim.de\\\/gymnasium\\\/2023\\\/03\\\/09\\\/ein-denkwuerdiger-tagbesuch-der-kz-gedenkstaette-dachau\\\/\",\"url\":\"https:\\\/\\\/fes-heidenheim.de\\\/gymnasium\\\/2023\\\/03\\\/09\\\/ein-denkwuerdiger-tagbesuch-der-kz-gedenkstaette-dachau\\\/\",\"name\":\"Ein denkw\u00fcrdiger Tag:Besuch der KZ-Gedenkst\u00e4tte Dachau - Gymnasium | Freie Evangelische Schule und Kindertagesst\u00e4tte Heidenheim e. V.\",\"isPartOf\":{\"@id\":\"https:\\\/\\\/fes-heidenheim.de\\\/gymnasium\\\/#website\"},\"primaryImageOfPage\":{\"@id\":\"https:\\\/\\\/fes-heidenheim.de\\\/gymnasium\\\/2023\\\/03\\\/09\\\/ein-denkwuerdiger-tagbesuch-der-kz-gedenkstaette-dachau\\\/#primaryimage\"},\"image\":{\"@id\":\"https:\\\/\\\/fes-heidenheim.de\\\/gymnasium\\\/2023\\\/03\\\/09\\\/ein-denkwuerdiger-tagbesuch-der-kz-gedenkstaette-dachau\\\/#primaryimage\"},\"thumbnailUrl\":\"https:\\\/\\\/fes-heidenheim.de\\\/gymnasium\\\/wp-content\\\/uploads\\\/sites\\\/8\\\/2023\\\/03\\\/weiteres-Bild-01-scaled.jpg\",\"datePublished\":\"2023-03-09T07:41:11+00:00\",\"dateModified\":\"2023-03-09T07:41:35+00:00\",\"author\":{\"@id\":\"\"},\"breadcrumb\":{\"@id\":\"https:\\\/\\\/fes-heidenheim.de\\\/gymnasium\\\/2023\\\/03\\\/09\\\/ein-denkwuerdiger-tagbesuch-der-kz-gedenkstaette-dachau\\\/#breadcrumb\"},\"inLanguage\":\"de\",\"potentialAction\":[{\"@type\":\"ReadAction\",\"target\":[\"https:\\\/\\\/fes-heidenheim.de\\\/gymnasium\\\/2023\\\/03\\\/09\\\/ein-denkwuerdiger-tagbesuch-der-kz-gedenkstaette-dachau\\\/\"]}]},{\"@type\":\"ImageObject\",\"inLanguage\":\"de\",\"@id\":\"https:\\\/\\\/fes-heidenheim.de\\\/gymnasium\\\/2023\\\/03\\\/09\\\/ein-denkwuerdiger-tagbesuch-der-kz-gedenkstaette-dachau\\\/#primaryimage\",\"url\":\"https:\\\/\\\/fes-heidenheim.de\\\/gymnasium\\\/wp-content\\\/uploads\\\/sites\\\/8\\\/2023\\\/03\\\/weiteres-Bild-01-scaled.jpg\",\"contentUrl\":\"https:\\\/\\\/fes-heidenheim.de\\\/gymnasium\\\/wp-content\\\/uploads\\\/sites\\\/8\\\/2023\\\/03\\\/weiteres-Bild-01-scaled.jpg\",\"width\":2560,\"height\":1440},{\"@type\":\"BreadcrumbList\",\"@id\":\"https:\\\/\\\/fes-heidenheim.de\\\/gymnasium\\\/2023\\\/03\\\/09\\\/ein-denkwuerdiger-tagbesuch-der-kz-gedenkstaette-dachau\\\/#breadcrumb\",\"itemListElement\":[{\"@type\":\"ListItem\",\"position\":1,\"name\":\"Startseite\",\"item\":\"https:\\\/\\\/fes-heidenheim.de\\\/gymnasium\\\/\"},{\"@type\":\"ListItem\",\"position\":2,\"name\":\"Ein denkw\u00fcrdiger Tag:Besuch der KZ-Gedenkst\u00e4tte Dachau\"}]},{\"@type\":\"WebSite\",\"@id\":\"https:\\\/\\\/fes-heidenheim.de\\\/gymnasium\\\/#website\",\"url\":\"https:\\\/\\\/fes-heidenheim.de\\\/gymnasium\\\/\",\"name\":\"Gymnasium | Freie Evangelische Schule und Kindertagesst\u00e4tte Heidenheim e. V.\",\"description\":\"Eine weitere Freie Evangelische Schule Heidenheim e.V. Websites Website\",\"potentialAction\":[{\"@type\":\"SearchAction\",\"target\":{\"@type\":\"EntryPoint\",\"urlTemplate\":\"https:\\\/\\\/fes-heidenheim.de\\\/gymnasium\\\/?s={search_term_string}\"},\"query-input\":{\"@type\":\"PropertyValueSpecification\",\"valueRequired\":true,\"valueName\":\"search_term_string\"}}],\"inLanguage\":\"de\"},{\"@type\":\"Person\",\"@id\":\"\",\"url\":\"https:\\\/\\\/fes-heidenheim.de\\\/gymnasium\\\/author\\\/\"}]}<\/script>\n<!-- \/ Yoast SEO plugin. -->","yoast_head_json":{"title":"Ein denkw\u00fcrdiger Tag:Besuch der KZ-Gedenkst\u00e4tte Dachau - Gymnasium | Freie Evangelische Schule und Kindertagesst\u00e4tte Heidenheim e. V.","robots":{"index":"index","follow":"follow","max-snippet":"max-snippet:-1","max-image-preview":"max-image-preview:large","max-video-preview":"max-video-preview:-1"},"canonical":"https:\/\/fes-heidenheim.de\/gymnasium\/2023\/03\/09\/ein-denkwuerdiger-tagbesuch-der-kz-gedenkstaette-dachau\/","og_locale":"de_DE","og_type":"article","og_title":"Ein denkw\u00fcrdiger Tag:Besuch der KZ-Gedenkst\u00e4tte Dachau - Gymnasium | Freie Evangelische Schule und Kindertagesst\u00e4tte Heidenheim e. V.","og_description":"Blicke direkt hinein in den Lager\u00adall\u00adt\u00adag: Der Besuch der KZ-Gedenkst\u00e4tte in Dachau hat bei den Sch\u00fc\u00adlerin\u00adnen und Sch\u00fcler der 9.Klassen der FES-Realschule und des FES-Gym\u00adna\u00adsi\u00adums einen tiefen und bleiben\u00adden Ein\u00addruck [&hellip;]","og_url":"https:\/\/fes-heidenheim.de\/gymnasium\/2023\/03\/09\/ein-denkwuerdiger-tagbesuch-der-kz-gedenkstaette-dachau\/","og_site_name":"Gymnasium | Freie Evangelische Schule und Kindertagesst\u00e4tte Heidenheim e. V.","article_published_time":"2023-03-09T07:41:11+00:00","article_modified_time":"2023-03-09T07:41:35+00:00","og_image":[{"width":2560,"height":1440,"url":"https:\/\/fes-heidenheim.de\/gymnasium\/wp-content\/uploads\/sites\/8\/2023\/03\/weiteres-Bild-01-scaled.jpg","type":"image\/jpeg"}],"twitter_card":"summary_large_image","twitter_misc":{"Verfasst von":"","Gesch\u00e4tzte Lesezeit":"1\u00a0Minute"},"schema":{"@context":"https:\/\/schema.org","@graph":[{"@type":"Article","@id":"https:\/\/fes-heidenheim.de\/gymnasium\/2023\/03\/09\/ein-denkwuerdiger-tagbesuch-der-kz-gedenkstaette-dachau\/#article","isPartOf":{"@id":"https:\/\/fes-heidenheim.de\/gymnasium\/2023\/03\/09\/ein-denkwuerdiger-tagbesuch-der-kz-gedenkstaette-dachau\/"},"author":{"name":"","@id":""},"headline":"Ein denkw\u00fcrdiger Tag:Besuch der KZ-Gedenkst\u00e4tte Dachau","datePublished":"2023-03-09T07:41:11+00:00","dateModified":"2023-03-09T07:41:35+00:00","mainEntityOfPage":{"@id":"https:\/\/fes-heidenheim.de\/gymnasium\/2023\/03\/09\/ein-denkwuerdiger-tagbesuch-der-kz-gedenkstaette-dachau\/"},"wordCount":111,"image":{"@id":"https:\/\/fes-heidenheim.de\/gymnasium\/2023\/03\/09\/ein-denkwuerdiger-tagbesuch-der-kz-gedenkstaette-dachau\/#primaryimage"},"thumbnailUrl":"https:\/\/fes-heidenheim.de\/gymnasium\/wp-content\/uploads\/sites\/8\/2023\/03\/weiteres-Bild-01-scaled.jpg","articleSection":{"1":"FES Gymnasium","2":"FES Realschule","3":"FES unterwegs GYM","4":"FES unterwegs RS"},"inLanguage":"de"},{"@type":"WebPage","@id":"https:\/\/fes-heidenheim.de\/gymnasium\/2023\/03\/09\/ein-denkwuerdiger-tagbesuch-der-kz-gedenkstaette-dachau\/","url":"https:\/\/fes-heidenheim.de\/gymnasium\/2023\/03\/09\/ein-denkwuerdiger-tagbesuch-der-kz-gedenkstaette-dachau\/","name":"Ein denkw\u00fcrdiger Tag:Besuch der KZ-Gedenkst\u00e4tte Dachau - Gymnasium | Freie Evangelische Schule und Kindertagesst\u00e4tte Heidenheim e. V.","isPartOf":{"@id":"https:\/\/fes-heidenheim.de\/gymnasium\/#website"},"primaryImageOfPage":{"@id":"https:\/\/fes-heidenheim.de\/gymnasium\/2023\/03\/09\/ein-denkwuerdiger-tagbesuch-der-kz-gedenkstaette-dachau\/#primaryimage"},"image":{"@id":"https:\/\/fes-heidenheim.de\/gymnasium\/2023\/03\/09\/ein-denkwuerdiger-tagbesuch-der-kz-gedenkstaette-dachau\/#primaryimage"},"thumbnailUrl":"https:\/\/fes-heidenheim.de\/gymnasium\/wp-content\/uploads\/sites\/8\/2023\/03\/weiteres-Bild-01-scaled.jpg","datePublished":"2023-03-09T07:41:11+00:00","dateModified":"2023-03-09T07:41:35+00:00","author":{"@id":""},"breadcrumb":{"@id":"https:\/\/fes-heidenheim.de\/gymnasium\/2023\/03\/09\/ein-denkwuerdiger-tagbesuch-der-kz-gedenkstaette-dachau\/#breadcrumb"},"inLanguage":"de","potentialAction":[{"@type":"ReadAction","target":["https:\/\/fes-heidenheim.de\/gymnasium\/2023\/03\/09\/ein-denkwuerdiger-tagbesuch-der-kz-gedenkstaette-dachau\/"]}]},{"@type":"ImageObject","inLanguage":"de","@id":"https:\/\/fes-heidenheim.de\/gymnasium\/2023\/03\/09\/ein-denkwuerdiger-tagbesuch-der-kz-gedenkstaette-dachau\/#primaryimage","url":"https:\/\/fes-heidenheim.de\/gymnasium\/wp-content\/uploads\/sites\/8\/2023\/03\/weiteres-Bild-01-scaled.jpg","contentUrl":"https:\/\/fes-heidenheim.de\/gymnasium\/wp-content\/uploads\/sites\/8\/2023\/03\/weiteres-Bild-01-scaled.jpg","width":2560,"height":1440},{"@type":"BreadcrumbList","@id":"https:\/\/fes-heidenheim.de\/gymnasium\/2023\/03\/09\/ein-denkwuerdiger-tagbesuch-der-kz-gedenkstaette-dachau\/#breadcrumb","itemListElement":[{"@type":"ListItem","position":1,"name":"Startseite","item":"https:\/\/fes-heidenheim.de\/gymnasium\/"},{"@type":"ListItem","position":2,"name":"Ein denkw\u00fcrdiger Tag:Besuch der KZ-Gedenkst\u00e4tte Dachau"}]},{"@type":"WebSite","@id":"https:\/\/fes-heidenheim.de\/gymnasium\/#website","url":"https:\/\/fes-heidenheim.de\/gymnasium\/","name":"Gymnasium | Freie Evangelische Schule und Kindertagesst\u00e4tte Heidenheim e. V.","description":"Eine weitere Freie Evangelische Schule Heidenheim e.V. Websites Website","potentialAction":[{"@type":"SearchAction","target":{"@type":"EntryPoint","urlTemplate":"https:\/\/fes-heidenheim.de\/gymnasium\/?s={search_term_string}"},"query-input":{"@type":"PropertyValueSpecification","valueRequired":true,"valueName":"search_term_string"}}],"inLanguage":"de"},{"@type":"Person","@id":"","url":"https:\/\/fes-heidenheim.de\/gymnasium\/author\/"}]}},"_links":{"self":[{"href":"https:\/\/fes-heidenheim.de\/gymnasium\/wp-json\/wp\/v2\/posts\/4381","targetHints":{"allow":["GET"]}}],"collection":[{"href":"https:\/\/fes-heidenheim.de\/gymnasium\/wp-json\/wp\/v2\/posts"}],"about":[{"href":"https:\/\/fes-heidenheim.de\/gymnasium\/wp-json\/wp\/v2\/types\/post"}],"author":[{"embeddable":true,"href":"https:\/\/fes-heidenheim.de\/gymnasium\/wp-json\/wp\/v2\/users\/12"}],"replies":[{"embeddable":true,"href":"https:\/\/fes-heidenheim.de\/gymnasium\/wp-json\/wp\/v2\/comments?post=4381"}],"version-history":[{"count":1,"href":"https:\/\/fes-heidenheim.de\/gymnasium\/wp-json\/wp\/v2\/posts\/4381\/revisions"}],"predecessor-version":[{"id":4386,"href":"https:\/\/fes-heidenheim.de\/gymnasium\/wp-json\/wp\/v2\/posts\/4381\/revisions\/4386"}],"wp:featuredmedia":[{"embeddable":true,"href":"https:\/\/fes-heidenheim.de\/gymnasium\/wp-json\/wp\/v2\/media\/4383"}],"wp:attachment":[{"href":"https:\/\/fes-heidenheim.de\/gymnasium\/wp-json\/wp\/v2\/media?parent=4381"}],"wp:term":[{"taxonomy":"category","embeddable":true,"href":"https:\/\/fes-heidenheim.de\/gymnasium\/wp-json\/wp\/v2\/categories?post=4381"},{"taxonomy":"post_tag","embeddable":true,"href":"https:\/\/fes-heidenheim.de\/gymnasium\/wp-json\/wp\/v2\/tags?post=4381"}],"curies":[{"name":"wp","href":"https:\/\/api.w.org\/{rel}","templated":true}]}}