{"id":4387,"date":"2023-03-09T08:52:21","date_gmt":"2023-03-09T07:52:21","guid":{"rendered":"https:\/\/fes-heidenheim.de\/gymnasium\/?p=4387"},"modified":"2023-03-09T08:52:24","modified_gmt":"2023-03-09T07:52:24","slug":"latein-ist-lebendig-latein-ag-an-der-freien-evangelischen-schule","status":"publish","type":"post","link":"https:\/\/fes-heidenheim.de\/gymnasium\/2023\/03\/09\/latein-ist-lebendig-latein-ag-an-der-freien-evangelischen-schule\/","title":{"rendered":"Latein ist lebendig! \u2013 Latein-AG an der Freien Evangelischen Schule"},"content":{"rendered":"\n<p>Latein, eines der \u00e4ltesten Schulf\u00e4ch\u00ader in Deutsch\u00adland und in Europa, und wird im laufend\u00aden Schul\u00adjahr 2022\/23 an unser\u00ader Freien Evan\u00adge\u00adlis\u00adchen Schule erst\u00admals in Form ein\u00ader AG f\u00fcr inter\u00adessierte Sch\u00fc\u00adlerin\u00adnen und Sch\u00fcler angeboten.<\/p>\n\n\n\n<figure class=\"wp-block-image size-large is-resized\"><img loading=\"lazy\" decoding=\"async\" src=\"https:\/\/fes-heidenheim.de\/gymnasium\/wp-content\/uploads\/sites\/8\/2023\/03\/Roemische-Kueche-1024x462.jpeg\" alt class=\"wp-image-4388\" width=\"931\" height=\"420\"><figcaption>R\u00f6mis\u00adche&nbsp;K\u00fcche<\/figcaption><\/figure>\n\n\n\n<p>Die teil\u00adnehmenden Sch\u00fc\u00adlerin\u00adnen und Sch\u00fcler ler\u00adnen nat\u00fcr\u00adlich Gram\u00admatik, Vok\u00ada\u00adbeln und erste lateinis\u00adche Texte ken\u00adnen. Dar\u00fcber hin\u00adaus geh\u00f6ren aber auch Spiel und Spa\u00df oder das Ken\u00adnen\u00adler\u00adnen der R\u00f6mis\u00adchen K\u00fcche und des All\u00adt\u00adags im alten Rom zu diesem beson\u00adderen Sprachenange\u00adbot, das von der Latein-Gym\u00adnasiallehrkraft Frau Schacher\u00ader organ\u00adisiert und unter\u00adrichtet wird.<\/p>\n\n\n\n<figure class=\"wp-block-image size-large\"><img loading=\"lazy\" decoding=\"async\" width=\"1024\" height=\"462\" src=\"https:\/\/fes-heidenheim.de\/gymnasium\/wp-content\/uploads\/sites\/8\/2023\/03\/Roemische-Puls-Getreidebrei-1024x462.jpeg\" alt class=\"wp-image-4389\" srcset=\"https:\/\/fes-heidenheim.de\/gymnasium\/wp-content\/uploads\/sites\/8\/2023\/03\/Roemische-Puls-Getreidebrei-980x442.jpeg 980w, https:\/\/fes-heidenheim.de\/gymnasium\/wp-content\/uploads\/sites\/8\/2023\/03\/Roemische-Puls-Getreidebrei-480x216.jpeg 480w\" sizes=\"(min-width: 0px) and (max-width: 480px) 480px, (min-width: 481px) and (max-width: 980px) 980px, (min-width: 981px) 1024px, 100vw\"><figcaption>R\u00f6mis\u00adch\u00ader Getreidebrei<\/figcaption><\/figure>\n\n\n\n<figure class=\"wp-block-image size-large\"><img loading=\"lazy\" decoding=\"async\" width=\"876\" height=\"1024\" src=\"https:\/\/fes-heidenheim.de\/gymnasium\/wp-content\/uploads\/sites\/8\/2023\/03\/Wachstafeln-1-1-876x1024.jpeg\" alt class=\"wp-image-4391\" srcset=\"https:\/\/fes-heidenheim.de\/gymnasium\/wp-content\/uploads\/sites\/8\/2023\/03\/Wachstafeln-1-1-876x1024.jpeg 876w, https:\/\/fes-heidenheim.de\/gymnasium\/wp-content\/uploads\/sites\/8\/2023\/03\/Wachstafeln-1-1-480x561.jpeg 480w\" sizes=\"(min-width: 0px) and (max-width: 480px) 480px, (min-width: 481px) 876px, 100vw\"><figcaption>Wach\u00adstafeln<\/figcaption><\/figure>\n","protected":false},"excerpt":{"rendered":"<p>Latein, eines der \u00e4ltesten Schulf\u00e4ch\u00ader in Deutsch\u00adland und in Europa, und wird im laufend\u00aden Schul\u00adjahr 2022\/23 an unser\u00ader Freien Evan\u00adge\u00adlis\u00adchen Schule erst\u00admals in Form ein\u00ader AG f\u00fcr inter\u00adessierte Sch\u00fc\u00adlerin\u00adnen&nbsp;und&nbsp;[\u2026]<\/p>\n","protected":false},"author":12,"featured_media":4392,"comment_status":"closed","ping_status":"open","sticky":false,"template":"","format":"standard","meta":{"_et_pb_use_builder":"","_et_pb_old_content":"","_et_gb_content_width":"","inline_featured_image":false,"wp_typography_post_enhancements_disabled":false,"footnotes":""},"categories":[1,30],"tags":[],"class_list":["post-4387","post","type-post","status-publish","format-standard","has-post-thumbnail","hentry","category-allgemein","category-fes-gymnasium"],"yoast_head":"<!-- This site is optimized with the Yoast SEO plugin v27.4 - https:\/\/yoast.com\/product\/yoast-seo-wordpress\/ -->\n<title>Latein ist lebendig! \u2013 Latein-AG an der Freien Evangelischen Schule - Gymnasium | Freie Evangelische Schule und Kindertagesst\u00e4tte Heidenheim e. V.<\/title>\n<meta name=\"robots\" content=\"index, follow, max-snippet:-1, max-image-preview:large, max-video-preview:-1\" \/>\n<link rel=\"canonical\" href=\"https:\/\/fes-heidenheim.de\/gymnasium\/2023\/03\/09\/latein-ist-lebendig-latein-ag-an-der-freien-evangelischen-schule\/\" \/>\n<meta property=\"og:locale\" content=\"de_DE\" \/>\n<meta property=\"og:type\" content=\"article\" \/>\n<meta property=\"og:title\" content=\"Latein ist lebendig! \u2013 Latein-AG an der Freien Evangelischen Schule - Gymnasium | Freie Evangelische Schule und Kindertagesst\u00e4tte Heidenheim e. V.\" \/>\n<meta property=\"og:description\" content=\"Latein, eines der \u00e4ltesten Schulf\u00e4ch\u00ader in Deutsch\u00adland und in Europa, und wird im laufend\u00aden Schul\u00adjahr 2022\/23 an unser\u00ader Freien Evan\u00adge\u00adlis\u00adchen Schule erst\u00admals in Form ein\u00ader AG f\u00fcr inter\u00adessierte Sch\u00fc\u00adlerin\u00adnen und [&hellip;]\" \/>\n<meta property=\"og:url\" content=\"https:\/\/fes-heidenheim.de\/gymnasium\/2023\/03\/09\/latein-ist-lebendig-latein-ag-an-der-freien-evangelischen-schule\/\" \/>\n<meta property=\"og:site_name\" content=\"Gymnasium | Freie Evangelische Schule und Kindertagesst\u00e4tte Heidenheim e. V.\" \/>\n<meta property=\"article:published_time\" content=\"2023-03-09T07:52:21+00:00\" \/>\n<meta property=\"article:modified_time\" content=\"2023-03-09T07:52:24+00:00\" \/>\n<meta property=\"og:image\" content=\"https:\/\/fes-heidenheim.de\/gymnasium\/wp-content\/uploads\/sites\/8\/2023\/03\/Beitragsbild-Latein-AG.jpeg\" \/>\n\t<meta property=\"og:image:width\" content=\"1196\" \/>\n\t<meta property=\"og:image:height\" content=\"923\" \/>\n\t<meta property=\"og:image:type\" content=\"image\/jpeg\" \/>\n<meta name=\"twitter:card\" content=\"summary_large_image\" \/>\n<meta name=\"twitter:label1\" content=\"Verfasst von\" \/>\n\t<meta name=\"twitter:data1\" content=\"\" \/>\n\t<meta name=\"twitter:label2\" content=\"Gesch\u00e4tzte Lesezeit\" \/>\n\t<meta name=\"twitter:data2\" content=\"2\u00a0Minuten\" \/>\n<script type=\"application\/ld+json\" class=\"yoast-schema-graph\">{\"@context\":\"https:\\\/\\\/schema.org\",\"@graph\":[{\"@type\":\"Article\",\"@id\":\"https:\\\/\\\/fes-heidenheim.de\\\/gymnasium\\\/2023\\\/03\\\/09\\\/latein-ist-lebendig-latein-ag-an-der-freien-evangelischen-schule\\\/#article\",\"isPartOf\":{\"@id\":\"https:\\\/\\\/fes-heidenheim.de\\\/gymnasium\\\/2023\\\/03\\\/09\\\/latein-ist-lebendig-latein-ag-an-der-freien-evangelischen-schule\\\/\"},\"author\":{\"name\":\"\",\"@id\":\"\"},\"headline\":\"Latein ist lebendig! \u2013 Latein-AG an der Freien Evangelischen Schule\",\"datePublished\":\"2023-03-09T07:52:21+00:00\",\"dateModified\":\"2023-03-09T07:52:24+00:00\",\"mainEntityOfPage\":{\"@id\":\"https:\\\/\\\/fes-heidenheim.de\\\/gymnasium\\\/2023\\\/03\\\/09\\\/latein-ist-lebendig-latein-ag-an-der-freien-evangelischen-schule\\\/\"},\"wordCount\":107,\"image\":{\"@id\":\"https:\\\/\\\/fes-heidenheim.de\\\/gymnasium\\\/2023\\\/03\\\/09\\\/latein-ist-lebendig-latein-ag-an-der-freien-evangelischen-schule\\\/#primaryimage\"},\"thumbnailUrl\":\"https:\\\/\\\/fes-heidenheim.de\\\/gymnasium\\\/wp-content\\\/uploads\\\/sites\\\/8\\\/2023\\\/03\\\/Beitragsbild-Latein-AG.jpeg\",\"articleSection\":{\"1\":\"FES Gymnasium\"},\"inLanguage\":\"de\"},{\"@type\":\"WebPage\",\"@id\":\"https:\\\/\\\/fes-heidenheim.de\\\/gymnasium\\\/2023\\\/03\\\/09\\\/latein-ist-lebendig-latein-ag-an-der-freien-evangelischen-schule\\\/\",\"url\":\"https:\\\/\\\/fes-heidenheim.de\\\/gymnasium\\\/2023\\\/03\\\/09\\\/latein-ist-lebendig-latein-ag-an-der-freien-evangelischen-schule\\\/\",\"name\":\"Latein ist lebendig! \u2013 Latein-AG an der Freien Evangelischen Schule - Gymnasium | Freie Evangelische Schule und Kindertagesst\u00e4tte Heidenheim e. V.\",\"isPartOf\":{\"@id\":\"https:\\\/\\\/fes-heidenheim.de\\\/gymnasium\\\/#website\"},\"primaryImageOfPage\":{\"@id\":\"https:\\\/\\\/fes-heidenheim.de\\\/gymnasium\\\/2023\\\/03\\\/09\\\/latein-ist-lebendig-latein-ag-an-der-freien-evangelischen-schule\\\/#primaryimage\"},\"image\":{\"@id\":\"https:\\\/\\\/fes-heidenheim.de\\\/gymnasium\\\/2023\\\/03\\\/09\\\/latein-ist-lebendig-latein-ag-an-der-freien-evangelischen-schule\\\/#primaryimage\"},\"thumbnailUrl\":\"https:\\\/\\\/fes-heidenheim.de\\\/gymnasium\\\/wp-content\\\/uploads\\\/sites\\\/8\\\/2023\\\/03\\\/Beitragsbild-Latein-AG.jpeg\",\"datePublished\":\"2023-03-09T07:52:21+00:00\",\"dateModified\":\"2023-03-09T07:52:24+00:00\",\"author\":{\"@id\":\"\"},\"breadcrumb\":{\"@id\":\"https:\\\/\\\/fes-heidenheim.de\\\/gymnasium\\\/2023\\\/03\\\/09\\\/latein-ist-lebendig-latein-ag-an-der-freien-evangelischen-schule\\\/#breadcrumb\"},\"inLanguage\":\"de\",\"potentialAction\":[{\"@type\":\"ReadAction\",\"target\":[\"https:\\\/\\\/fes-heidenheim.de\\\/gymnasium\\\/2023\\\/03\\\/09\\\/latein-ist-lebendig-latein-ag-an-der-freien-evangelischen-schule\\\/\"]}]},{\"@type\":\"ImageObject\",\"inLanguage\":\"de\",\"@id\":\"https:\\\/\\\/fes-heidenheim.de\\\/gymnasium\\\/2023\\\/03\\\/09\\\/latein-ist-lebendig-latein-ag-an-der-freien-evangelischen-schule\\\/#primaryimage\",\"url\":\"https:\\\/\\\/fes-heidenheim.de\\\/gymnasium\\\/wp-content\\\/uploads\\\/sites\\\/8\\\/2023\\\/03\\\/Beitragsbild-Latein-AG.jpeg\",\"contentUrl\":\"https:\\\/\\\/fes-heidenheim.de\\\/gymnasium\\\/wp-content\\\/uploads\\\/sites\\\/8\\\/2023\\\/03\\\/Beitragsbild-Latein-AG.jpeg\",\"width\":1196,\"height\":923},{\"@type\":\"BreadcrumbList\",\"@id\":\"https:\\\/\\\/fes-heidenheim.de\\\/gymnasium\\\/2023\\\/03\\\/09\\\/latein-ist-lebendig-latein-ag-an-der-freien-evangelischen-schule\\\/#breadcrumb\",\"itemListElement\":[{\"@type\":\"ListItem\",\"position\":1,\"name\":\"Startseite\",\"item\":\"https:\\\/\\\/fes-heidenheim.de\\\/gymnasium\\\/\"},{\"@type\":\"ListItem\",\"position\":2,\"name\":\"Latein ist lebendig! \u2013 Latein-AG an der Freien Evangelischen Schule\"}]},{\"@type\":\"WebSite\",\"@id\":\"https:\\\/\\\/fes-heidenheim.de\\\/gymnasium\\\/#website\",\"url\":\"https:\\\/\\\/fes-heidenheim.de\\\/gymnasium\\\/\",\"name\":\"Gymnasium | Freie Evangelische Schule und Kindertagesst\u00e4tte Heidenheim e. V.\",\"description\":\"Eine weitere Freie Evangelische Schule Heidenheim e.V. Websites Website\",\"potentialAction\":[{\"@type\":\"SearchAction\",\"target\":{\"@type\":\"EntryPoint\",\"urlTemplate\":\"https:\\\/\\\/fes-heidenheim.de\\\/gymnasium\\\/?s={search_term_string}\"},\"query-input\":{\"@type\":\"PropertyValueSpecification\",\"valueRequired\":true,\"valueName\":\"search_term_string\"}}],\"inLanguage\":\"de\"},{\"@type\":\"Person\",\"@id\":\"\",\"url\":\"https:\\\/\\\/fes-heidenheim.de\\\/gymnasium\\\/author\\\/\"}]}<\/script>\n<!-- \/ Yoast SEO plugin. -->","yoast_head_json":{"title":"Latein ist lebendig! \u2013 Latein-AG an der Freien Evangelischen Schule - Gymnasium | Freie Evangelische Schule und Kindertagesst\u00e4tte Heidenheim e. V.","robots":{"index":"index","follow":"follow","max-snippet":"max-snippet:-1","max-image-preview":"max-image-preview:large","max-video-preview":"max-video-preview:-1"},"canonical":"https:\/\/fes-heidenheim.de\/gymnasium\/2023\/03\/09\/latein-ist-lebendig-latein-ag-an-der-freien-evangelischen-schule\/","og_locale":"de_DE","og_type":"article","og_title":"Latein ist lebendig! \u2013 Latein-AG an der Freien Evangelischen Schule - Gymnasium | Freie Evangelische Schule und Kindertagesst\u00e4tte Heidenheim e. V.","og_description":"Latein, eines der \u00e4ltesten Schulf\u00e4ch\u00ader in Deutsch\u00adland und in Europa, und wird im laufend\u00aden Schul\u00adjahr 2022\/23 an unser\u00ader Freien Evan\u00adge\u00adlis\u00adchen Schule erst\u00admals in Form ein\u00ader AG f\u00fcr inter\u00adessierte Sch\u00fc\u00adlerin\u00adnen und [&hellip;]","og_url":"https:\/\/fes-heidenheim.de\/gymnasium\/2023\/03\/09\/latein-ist-lebendig-latein-ag-an-der-freien-evangelischen-schule\/","og_site_name":"Gymnasium | Freie Evangelische Schule und Kindertagesst\u00e4tte Heidenheim e. V.","article_published_time":"2023-03-09T07:52:21+00:00","article_modified_time":"2023-03-09T07:52:24+00:00","og_image":[{"width":1196,"height":923,"url":"https:\/\/fes-heidenheim.de\/gymnasium\/wp-content\/uploads\/sites\/8\/2023\/03\/Beitragsbild-Latein-AG.jpeg","type":"image\/jpeg"}],"twitter_card":"summary_large_image","twitter_misc":{"Verfasst von":"","Gesch\u00e4tzte Lesezeit":"2\u00a0Minuten"},"schema":{"@context":"https:\/\/schema.org","@graph":[{"@type":"Article","@id":"https:\/\/fes-heidenheim.de\/gymnasium\/2023\/03\/09\/latein-ist-lebendig-latein-ag-an-der-freien-evangelischen-schule\/#article","isPartOf":{"@id":"https:\/\/fes-heidenheim.de\/gymnasium\/2023\/03\/09\/latein-ist-lebendig-latein-ag-an-der-freien-evangelischen-schule\/"},"author":{"name":"","@id":""},"headline":"Latein ist lebendig! \u2013 Latein-AG an der Freien Evangelischen Schule","datePublished":"2023-03-09T07:52:21+00:00","dateModified":"2023-03-09T07:52:24+00:00","mainEntityOfPage":{"@id":"https:\/\/fes-heidenheim.de\/gymnasium\/2023\/03\/09\/latein-ist-lebendig-latein-ag-an-der-freien-evangelischen-schule\/"},"wordCount":107,"image":{"@id":"https:\/\/fes-heidenheim.de\/gymnasium\/2023\/03\/09\/latein-ist-lebendig-latein-ag-an-der-freien-evangelischen-schule\/#primaryimage"},"thumbnailUrl":"https:\/\/fes-heidenheim.de\/gymnasium\/wp-content\/uploads\/sites\/8\/2023\/03\/Beitragsbild-Latein-AG.jpeg","articleSection":{"1":"FES Gymnasium"},"inLanguage":"de"},{"@type":"WebPage","@id":"https:\/\/fes-heidenheim.de\/gymnasium\/2023\/03\/09\/latein-ist-lebendig-latein-ag-an-der-freien-evangelischen-schule\/","url":"https:\/\/fes-heidenheim.de\/gymnasium\/2023\/03\/09\/latein-ist-lebendig-latein-ag-an-der-freien-evangelischen-schule\/","name":"Latein ist lebendig! \u2013 Latein-AG an der Freien Evangelischen Schule - Gymnasium | Freie Evangelische Schule und Kindertagesst\u00e4tte Heidenheim e. V.","isPartOf":{"@id":"https:\/\/fes-heidenheim.de\/gymnasium\/#website"},"primaryImageOfPage":{"@id":"https:\/\/fes-heidenheim.de\/gymnasium\/2023\/03\/09\/latein-ist-lebendig-latein-ag-an-der-freien-evangelischen-schule\/#primaryimage"},"image":{"@id":"https:\/\/fes-heidenheim.de\/gymnasium\/2023\/03\/09\/latein-ist-lebendig-latein-ag-an-der-freien-evangelischen-schule\/#primaryimage"},"thumbnailUrl":"https:\/\/fes-heidenheim.de\/gymnasium\/wp-content\/uploads\/sites\/8\/2023\/03\/Beitragsbild-Latein-AG.jpeg","datePublished":"2023-03-09T07:52:21+00:00","dateModified":"2023-03-09T07:52:24+00:00","author":{"@id":""},"breadcrumb":{"@id":"https:\/\/fes-heidenheim.de\/gymnasium\/2023\/03\/09\/latein-ist-lebendig-latein-ag-an-der-freien-evangelischen-schule\/#breadcrumb"},"inLanguage":"de","potentialAction":[{"@type":"ReadAction","target":["https:\/\/fes-heidenheim.de\/gymnasium\/2023\/03\/09\/latein-ist-lebendig-latein-ag-an-der-freien-evangelischen-schule\/"]}]},{"@type":"ImageObject","inLanguage":"de","@id":"https:\/\/fes-heidenheim.de\/gymnasium\/2023\/03\/09\/latein-ist-lebendig-latein-ag-an-der-freien-evangelischen-schule\/#primaryimage","url":"https:\/\/fes-heidenheim.de\/gymnasium\/wp-content\/uploads\/sites\/8\/2023\/03\/Beitragsbild-Latein-AG.jpeg","contentUrl":"https:\/\/fes-heidenheim.de\/gymnasium\/wp-content\/uploads\/sites\/8\/2023\/03\/Beitragsbild-Latein-AG.jpeg","width":1196,"height":923},{"@type":"BreadcrumbList","@id":"https:\/\/fes-heidenheim.de\/gymnasium\/2023\/03\/09\/latein-ist-lebendig-latein-ag-an-der-freien-evangelischen-schule\/#breadcrumb","itemListElement":[{"@type":"ListItem","position":1,"name":"Startseite","item":"https:\/\/fes-heidenheim.de\/gymnasium\/"},{"@type":"ListItem","position":2,"name":"Latein ist lebendig! \u2013 Latein-AG an der Freien Evangelischen Schule"}]},{"@type":"WebSite","@id":"https:\/\/fes-heidenheim.de\/gymnasium\/#website","url":"https:\/\/fes-heidenheim.de\/gymnasium\/","name":"Gymnasium | Freie Evangelische Schule und Kindertagesst\u00e4tte Heidenheim e. V.","description":"Eine weitere Freie Evangelische Schule Heidenheim e.V. Websites Website","potentialAction":[{"@type":"SearchAction","target":{"@type":"EntryPoint","urlTemplate":"https:\/\/fes-heidenheim.de\/gymnasium\/?s={search_term_string}"},"query-input":{"@type":"PropertyValueSpecification","valueRequired":true,"valueName":"search_term_string"}}],"inLanguage":"de"},{"@type":"Person","@id":"","url":"https:\/\/fes-heidenheim.de\/gymnasium\/author\/"}]}},"_links":{"self":[{"href":"https:\/\/fes-heidenheim.de\/gymnasium\/wp-json\/wp\/v2\/posts\/4387","targetHints":{"allow":["GET"]}}],"collection":[{"href":"https:\/\/fes-heidenheim.de\/gymnasium\/wp-json\/wp\/v2\/posts"}],"about":[{"href":"https:\/\/fes-heidenheim.de\/gymnasium\/wp-json\/wp\/v2\/types\/post"}],"author":[{"embeddable":true,"href":"https:\/\/fes-heidenheim.de\/gymnasium\/wp-json\/wp\/v2\/users\/12"}],"replies":[{"embeddable":true,"href":"https:\/\/fes-heidenheim.de\/gymnasium\/wp-json\/wp\/v2\/comments?post=4387"}],"version-history":[{"count":2,"href":"https:\/\/fes-heidenheim.de\/gymnasium\/wp-json\/wp\/v2\/posts\/4387\/revisions"}],"predecessor-version":[{"id":4394,"href":"https:\/\/fes-heidenheim.de\/gymnasium\/wp-json\/wp\/v2\/posts\/4387\/revisions\/4394"}],"wp:featuredmedia":[{"embeddable":true,"href":"https:\/\/fes-heidenheim.de\/gymnasium\/wp-json\/wp\/v2\/media\/4392"}],"wp:attachment":[{"href":"https:\/\/fes-heidenheim.de\/gymnasium\/wp-json\/wp\/v2\/media?parent=4387"}],"wp:term":[{"taxonomy":"category","embeddable":true,"href":"https:\/\/fes-heidenheim.de\/gymnasium\/wp-json\/wp\/v2\/categories?post=4387"},{"taxonomy":"post_tag","embeddable":true,"href":"https:\/\/fes-heidenheim.de\/gymnasium\/wp-json\/wp\/v2\/tags?post=4387"}],"curies":[{"name":"wp","href":"https:\/\/api.w.org\/{rel}","templated":true}]}}