{"id":4507,"date":"2023-04-25T11:42:15","date_gmt":"2023-04-25T09:42:15","guid":{"rendered":"https:\/\/fes-heidenheim.de\/gymnasium\/?p=4507"},"modified":"2023-04-25T11:42:19","modified_gmt":"2023-04-25T09:42:19","slug":"abiturpruefungen-gestartet","status":"publish","type":"post","link":"https:\/\/fes-heidenheim.de\/gymnasium\/2023\/04\/25\/abiturpruefungen-gestartet\/","title":{"rendered":"Abiturpr\u00fcfungen gestartet"},"content":{"rendered":"\n<h3 class=\"wp-block-heading\">Am FES-Gymnasium schwitzten Sch\u00fcler zum Auftakt der schriftlichen Pr\u00fcfungen \u00fcber den Aufgaben im Leistungsfach Geographie<\/h3>\n\n\n\n<p>Nach Jahren der inten\u00adsiv\u00aden Vor\u00adbere\u00aditung ist es so weit: Das Abitur 2023, das erste am FES-Gym\u00adna\u00adsi\u00adum Hei\u00adden\u00adheim, ist ges\u00adtartet. Die Geo\u00adgra\u00adphie-Pr\u00fc\u00adfung ist die erste der schriftlichen Pr\u00fc\u00adfun\u00adgen am Gym\u00adna\u00adsi\u00adum der Freien Evan\u00adge\u00adlis\u00adchen Schule Hei\u00adden\u00adheim. Bere\u00adits am Fre\u00aditag ste\u00adht das zweite Abitur\u00adfach Englisch an und in der kom\u00admenden Woche am 03.05.2023 m\u00fcssen die Abi\u00adturi\u00aden\u00adten ihr Wis\u00adsen in Math\u00ade\u00admatik unter Beweis stellen.<\/p>\n\n\n\n<p><strong>Die gesamte Schul\u00adfam\u00adi\u00adlie der Freien Evan\u00adge\u00adlis\u00adchen Schule w\u00fcn\u00adscht viel Erfolg &amp; Gottes Segen f\u00fcr die Pr\u00fcfungszeit!<\/strong><\/p>\n","protected":false},"excerpt":{"rendered":"<p>Am FES-Gym\u00adna\u00adsi\u00adum schwitzten Sch\u00fcler zum Auf\u00adtakt der schriftlichen Pr\u00fc\u00adfun\u00adgen \u00fcber den Auf\u00adgaben im Leis\u00adtungs\u00adfach Geo\u00adgra\u00adphie Nach Jahren der inten\u00adsiv\u00aden Vor\u00adbere\u00aditung ist es so weit: Das Abitur 2023, das erste&nbsp;am&nbsp;[\u2026]<\/p>\n","protected":false},"author":12,"featured_media":4508,"comment_status":"closed","ping_status":"open","sticky":false,"template":"","format":"standard","meta":{"_et_pb_use_builder":"","_et_pb_old_content":"","_et_gb_content_width":"","inline_featured_image":false,"wp_typography_post_enhancements_disabled":false,"footnotes":""},"categories":[1,30],"tags":[],"class_list":["post-4507","post","type-post","status-publish","format-standard","has-post-thumbnail","hentry","category-allgemein","category-fes-gymnasium"],"yoast_head":"<!-- This site is optimized with the Yoast SEO plugin v27.4 - https:\/\/yoast.com\/product\/yoast-seo-wordpress\/ -->\n<title>Abiturpr\u00fcfungen gestartet - Gymnasium | Freie Evangelische Schule und Kindertagesst\u00e4tte Heidenheim e. V.<\/title>\n<meta name=\"robots\" content=\"index, follow, max-snippet:-1, max-image-preview:large, max-video-preview:-1\" \/>\n<link rel=\"canonical\" href=\"https:\/\/fes-heidenheim.de\/gymnasium\/2023\/04\/25\/abiturpruefungen-gestartet\/\" \/>\n<meta property=\"og:locale\" content=\"de_DE\" \/>\n<meta property=\"og:type\" content=\"article\" \/>\n<meta property=\"og:title\" content=\"Abiturpr\u00fcfungen gestartet - Gymnasium | Freie Evangelische Schule und Kindertagesst\u00e4tte Heidenheim e. V.\" \/>\n<meta property=\"og:description\" content=\"Am FES-Gymnasium schwitzten Sch\u00fcler zum Auftakt der schriftlichen Pr\u00fcfungen \u00fcber den Aufgaben im Leistungsfach Geographie Nach Jahren der inten\u00adsiv\u00aden Vor\u00adbere\u00aditung ist es so weit: Das Abitur 2023, das erste am [&hellip;]\" \/>\n<meta property=\"og:url\" content=\"https:\/\/fes-heidenheim.de\/gymnasium\/2023\/04\/25\/abiturpruefungen-gestartet\/\" \/>\n<meta property=\"og:site_name\" content=\"Gymnasium | Freie Evangelische Schule und Kindertagesst\u00e4tte Heidenheim e. V.\" \/>\n<meta property=\"article:published_time\" content=\"2023-04-25T09:42:15+00:00\" \/>\n<meta property=\"article:modified_time\" content=\"2023-04-25T09:42:19+00:00\" \/>\n<meta property=\"og:image\" content=\"https:\/\/fes-heidenheim.de\/gymnasium\/wp-content\/uploads\/sites\/8\/2023\/04\/Beitragsbild-zum-BLOG-Beitrag-Abiturpruefungen-2023-gestartet-scaled.jpg\" \/>\n\t<meta property=\"og:image:width\" content=\"1707\" \/>\n\t<meta property=\"og:image:height\" content=\"2560\" \/>\n\t<meta property=\"og:image:type\" content=\"image\/jpeg\" \/>\n<meta name=\"twitter:card\" content=\"summary_large_image\" \/>\n<meta name=\"twitter:label1\" content=\"Verfasst von\" \/>\n\t<meta name=\"twitter:data1\" content=\"\" \/>\n\t<meta name=\"twitter:label2\" content=\"Gesch\u00e4tzte Lesezeit\" \/>\n\t<meta name=\"twitter:data2\" content=\"1\u00a0Minute\" \/>\n<script type=\"application\/ld+json\" class=\"yoast-schema-graph\">{\"@context\":\"https:\\\/\\\/schema.org\",\"@graph\":[{\"@type\":\"Article\",\"@id\":\"https:\\\/\\\/fes-heidenheim.de\\\/gymnasium\\\/2023\\\/04\\\/25\\\/abiturpruefungen-gestartet\\\/#article\",\"isPartOf\":{\"@id\":\"https:\\\/\\\/fes-heidenheim.de\\\/gymnasium\\\/2023\\\/04\\\/25\\\/abiturpruefungen-gestartet\\\/\"},\"author\":{\"name\":\"\",\"@id\":\"\"},\"headline\":\"Abiturpr\u00fcfungen gestartet\",\"datePublished\":\"2023-04-25T09:42:15+00:00\",\"dateModified\":\"2023-04-25T09:42:19+00:00\",\"mainEntityOfPage\":{\"@id\":\"https:\\\/\\\/fes-heidenheim.de\\\/gymnasium\\\/2023\\\/04\\\/25\\\/abiturpruefungen-gestartet\\\/\"},\"wordCount\":100,\"image\":{\"@id\":\"https:\\\/\\\/fes-heidenheim.de\\\/gymnasium\\\/2023\\\/04\\\/25\\\/abiturpruefungen-gestartet\\\/#primaryimage\"},\"thumbnailUrl\":\"https:\\\/\\\/fes-heidenheim.de\\\/gymnasium\\\/wp-content\\\/uploads\\\/sites\\\/8\\\/2023\\\/04\\\/Beitragsbild-zum-BLOG-Beitrag-Abiturpruefungen-2023-gestartet-scaled.jpg\",\"articleSection\":{\"1\":\"FES Gymnasium\"},\"inLanguage\":\"de\"},{\"@type\":\"WebPage\",\"@id\":\"https:\\\/\\\/fes-heidenheim.de\\\/gymnasium\\\/2023\\\/04\\\/25\\\/abiturpruefungen-gestartet\\\/\",\"url\":\"https:\\\/\\\/fes-heidenheim.de\\\/gymnasium\\\/2023\\\/04\\\/25\\\/abiturpruefungen-gestartet\\\/\",\"name\":\"Abiturpr\u00fcfungen gestartet - Gymnasium | Freie Evangelische Schule und Kindertagesst\u00e4tte Heidenheim e. V.\",\"isPartOf\":{\"@id\":\"https:\\\/\\\/fes-heidenheim.de\\\/gymnasium\\\/#website\"},\"primaryImageOfPage\":{\"@id\":\"https:\\\/\\\/fes-heidenheim.de\\\/gymnasium\\\/2023\\\/04\\\/25\\\/abiturpruefungen-gestartet\\\/#primaryimage\"},\"image\":{\"@id\":\"https:\\\/\\\/fes-heidenheim.de\\\/gymnasium\\\/2023\\\/04\\\/25\\\/abiturpruefungen-gestartet\\\/#primaryimage\"},\"thumbnailUrl\":\"https:\\\/\\\/fes-heidenheim.de\\\/gymnasium\\\/wp-content\\\/uploads\\\/sites\\\/8\\\/2023\\\/04\\\/Beitragsbild-zum-BLOG-Beitrag-Abiturpruefungen-2023-gestartet-scaled.jpg\",\"datePublished\":\"2023-04-25T09:42:15+00:00\",\"dateModified\":\"2023-04-25T09:42:19+00:00\",\"author\":{\"@id\":\"\"},\"breadcrumb\":{\"@id\":\"https:\\\/\\\/fes-heidenheim.de\\\/gymnasium\\\/2023\\\/04\\\/25\\\/abiturpruefungen-gestartet\\\/#breadcrumb\"},\"inLanguage\":\"de\",\"potentialAction\":[{\"@type\":\"ReadAction\",\"target\":[\"https:\\\/\\\/fes-heidenheim.de\\\/gymnasium\\\/2023\\\/04\\\/25\\\/abiturpruefungen-gestartet\\\/\"]}]},{\"@type\":\"ImageObject\",\"inLanguage\":\"de\",\"@id\":\"https:\\\/\\\/fes-heidenheim.de\\\/gymnasium\\\/2023\\\/04\\\/25\\\/abiturpruefungen-gestartet\\\/#primaryimage\",\"url\":\"https:\\\/\\\/fes-heidenheim.de\\\/gymnasium\\\/wp-content\\\/uploads\\\/sites\\\/8\\\/2023\\\/04\\\/Beitragsbild-zum-BLOG-Beitrag-Abiturpruefungen-2023-gestartet-scaled.jpg\",\"contentUrl\":\"https:\\\/\\\/fes-heidenheim.de\\\/gymnasium\\\/wp-content\\\/uploads\\\/sites\\\/8\\\/2023\\\/04\\\/Beitragsbild-zum-BLOG-Beitrag-Abiturpruefungen-2023-gestartet-scaled.jpg\",\"width\":1707,\"height\":2560},{\"@type\":\"BreadcrumbList\",\"@id\":\"https:\\\/\\\/fes-heidenheim.de\\\/gymnasium\\\/2023\\\/04\\\/25\\\/abiturpruefungen-gestartet\\\/#breadcrumb\",\"itemListElement\":[{\"@type\":\"ListItem\",\"position\":1,\"name\":\"Startseite\",\"item\":\"https:\\\/\\\/fes-heidenheim.de\\\/gymnasium\\\/\"},{\"@type\":\"ListItem\",\"position\":2,\"name\":\"Abiturpr\u00fcfungen gestartet\"}]},{\"@type\":\"WebSite\",\"@id\":\"https:\\\/\\\/fes-heidenheim.de\\\/gymnasium\\\/#website\",\"url\":\"https:\\\/\\\/fes-heidenheim.de\\\/gymnasium\\\/\",\"name\":\"Gymnasium | Freie Evangelische Schule und Kindertagesst\u00e4tte Heidenheim e. V.\",\"description\":\"Eine weitere Freie Evangelische Schule Heidenheim e.V. Websites Website\",\"potentialAction\":[{\"@type\":\"SearchAction\",\"target\":{\"@type\":\"EntryPoint\",\"urlTemplate\":\"https:\\\/\\\/fes-heidenheim.de\\\/gymnasium\\\/?s={search_term_string}\"},\"query-input\":{\"@type\":\"PropertyValueSpecification\",\"valueRequired\":true,\"valueName\":\"search_term_string\"}}],\"inLanguage\":\"de\"},{\"@type\":\"Person\",\"@id\":\"\",\"url\":\"https:\\\/\\\/fes-heidenheim.de\\\/gymnasium\\\/author\\\/\"}]}<\/script>\n<!-- \/ Yoast SEO plugin. -->","yoast_head_json":{"title":"Abiturpr\u00fcfungen gestartet - Gymnasium | Freie Evangelische Schule und Kindertagesst\u00e4tte Heidenheim e. V.","robots":{"index":"index","follow":"follow","max-snippet":"max-snippet:-1","max-image-preview":"max-image-preview:large","max-video-preview":"max-video-preview:-1"},"canonical":"https:\/\/fes-heidenheim.de\/gymnasium\/2023\/04\/25\/abiturpruefungen-gestartet\/","og_locale":"de_DE","og_type":"article","og_title":"Abiturpr\u00fcfungen gestartet - Gymnasium | Freie Evangelische Schule und Kindertagesst\u00e4tte Heidenheim e. V.","og_description":"Am FES-Gymnasium schwitzten Sch\u00fcler zum Auftakt der schriftlichen Pr\u00fcfungen \u00fcber den Aufgaben im Leistungsfach Geographie Nach Jahren der inten\u00adsiv\u00aden Vor\u00adbere\u00aditung ist es so weit: Das Abitur 2023, das erste am [&hellip;]","og_url":"https:\/\/fes-heidenheim.de\/gymnasium\/2023\/04\/25\/abiturpruefungen-gestartet\/","og_site_name":"Gymnasium | Freie Evangelische Schule und Kindertagesst\u00e4tte Heidenheim e. V.","article_published_time":"2023-04-25T09:42:15+00:00","article_modified_time":"2023-04-25T09:42:19+00:00","og_image":[{"width":1707,"height":2560,"url":"https:\/\/fes-heidenheim.de\/gymnasium\/wp-content\/uploads\/sites\/8\/2023\/04\/Beitragsbild-zum-BLOG-Beitrag-Abiturpruefungen-2023-gestartet-scaled.jpg","type":"image\/jpeg"}],"twitter_card":"summary_large_image","twitter_misc":{"Verfasst von":"","Gesch\u00e4tzte Lesezeit":"1\u00a0Minute"},"schema":{"@context":"https:\/\/schema.org","@graph":[{"@type":"Article","@id":"https:\/\/fes-heidenheim.de\/gymnasium\/2023\/04\/25\/abiturpruefungen-gestartet\/#article","isPartOf":{"@id":"https:\/\/fes-heidenheim.de\/gymnasium\/2023\/04\/25\/abiturpruefungen-gestartet\/"},"author":{"name":"","@id":""},"headline":"Abiturpr\u00fcfungen gestartet","datePublished":"2023-04-25T09:42:15+00:00","dateModified":"2023-04-25T09:42:19+00:00","mainEntityOfPage":{"@id":"https:\/\/fes-heidenheim.de\/gymnasium\/2023\/04\/25\/abiturpruefungen-gestartet\/"},"wordCount":100,"image":{"@id":"https:\/\/fes-heidenheim.de\/gymnasium\/2023\/04\/25\/abiturpruefungen-gestartet\/#primaryimage"},"thumbnailUrl":"https:\/\/fes-heidenheim.de\/gymnasium\/wp-content\/uploads\/sites\/8\/2023\/04\/Beitragsbild-zum-BLOG-Beitrag-Abiturpruefungen-2023-gestartet-scaled.jpg","articleSection":{"1":"FES Gymnasium"},"inLanguage":"de"},{"@type":"WebPage","@id":"https:\/\/fes-heidenheim.de\/gymnasium\/2023\/04\/25\/abiturpruefungen-gestartet\/","url":"https:\/\/fes-heidenheim.de\/gymnasium\/2023\/04\/25\/abiturpruefungen-gestartet\/","name":"Abiturpr\u00fcfungen gestartet - Gymnasium | Freie Evangelische Schule und Kindertagesst\u00e4tte Heidenheim e. V.","isPartOf":{"@id":"https:\/\/fes-heidenheim.de\/gymnasium\/#website"},"primaryImageOfPage":{"@id":"https:\/\/fes-heidenheim.de\/gymnasium\/2023\/04\/25\/abiturpruefungen-gestartet\/#primaryimage"},"image":{"@id":"https:\/\/fes-heidenheim.de\/gymnasium\/2023\/04\/25\/abiturpruefungen-gestartet\/#primaryimage"},"thumbnailUrl":"https:\/\/fes-heidenheim.de\/gymnasium\/wp-content\/uploads\/sites\/8\/2023\/04\/Beitragsbild-zum-BLOG-Beitrag-Abiturpruefungen-2023-gestartet-scaled.jpg","datePublished":"2023-04-25T09:42:15+00:00","dateModified":"2023-04-25T09:42:19+00:00","author":{"@id":""},"breadcrumb":{"@id":"https:\/\/fes-heidenheim.de\/gymnasium\/2023\/04\/25\/abiturpruefungen-gestartet\/#breadcrumb"},"inLanguage":"de","potentialAction":[{"@type":"ReadAction","target":["https:\/\/fes-heidenheim.de\/gymnasium\/2023\/04\/25\/abiturpruefungen-gestartet\/"]}]},{"@type":"ImageObject","inLanguage":"de","@id":"https:\/\/fes-heidenheim.de\/gymnasium\/2023\/04\/25\/abiturpruefungen-gestartet\/#primaryimage","url":"https:\/\/fes-heidenheim.de\/gymnasium\/wp-content\/uploads\/sites\/8\/2023\/04\/Beitragsbild-zum-BLOG-Beitrag-Abiturpruefungen-2023-gestartet-scaled.jpg","contentUrl":"https:\/\/fes-heidenheim.de\/gymnasium\/wp-content\/uploads\/sites\/8\/2023\/04\/Beitragsbild-zum-BLOG-Beitrag-Abiturpruefungen-2023-gestartet-scaled.jpg","width":1707,"height":2560},{"@type":"BreadcrumbList","@id":"https:\/\/fes-heidenheim.de\/gymnasium\/2023\/04\/25\/abiturpruefungen-gestartet\/#breadcrumb","itemListElement":[{"@type":"ListItem","position":1,"name":"Startseite","item":"https:\/\/fes-heidenheim.de\/gymnasium\/"},{"@type":"ListItem","position":2,"name":"Abiturpr\u00fcfungen gestartet"}]},{"@type":"WebSite","@id":"https:\/\/fes-heidenheim.de\/gymnasium\/#website","url":"https:\/\/fes-heidenheim.de\/gymnasium\/","name":"Gymnasium | Freie Evangelische Schule und Kindertagesst\u00e4tte Heidenheim e. V.","description":"Eine weitere Freie Evangelische Schule Heidenheim e.V. Websites Website","potentialAction":[{"@type":"SearchAction","target":{"@type":"EntryPoint","urlTemplate":"https:\/\/fes-heidenheim.de\/gymnasium\/?s={search_term_string}"},"query-input":{"@type":"PropertyValueSpecification","valueRequired":true,"valueName":"search_term_string"}}],"inLanguage":"de"},{"@type":"Person","@id":"","url":"https:\/\/fes-heidenheim.de\/gymnasium\/author\/"}]}},"_links":{"self":[{"href":"https:\/\/fes-heidenheim.de\/gymnasium\/wp-json\/wp\/v2\/posts\/4507","targetHints":{"allow":["GET"]}}],"collection":[{"href":"https:\/\/fes-heidenheim.de\/gymnasium\/wp-json\/wp\/v2\/posts"}],"about":[{"href":"https:\/\/fes-heidenheim.de\/gymnasium\/wp-json\/wp\/v2\/types\/post"}],"author":[{"embeddable":true,"href":"https:\/\/fes-heidenheim.de\/gymnasium\/wp-json\/wp\/v2\/users\/12"}],"replies":[{"embeddable":true,"href":"https:\/\/fes-heidenheim.de\/gymnasium\/wp-json\/wp\/v2\/comments?post=4507"}],"version-history":[{"count":1,"href":"https:\/\/fes-heidenheim.de\/gymnasium\/wp-json\/wp\/v2\/posts\/4507\/revisions"}],"predecessor-version":[{"id":4509,"href":"https:\/\/fes-heidenheim.de\/gymnasium\/wp-json\/wp\/v2\/posts\/4507\/revisions\/4509"}],"wp:featuredmedia":[{"embeddable":true,"href":"https:\/\/fes-heidenheim.de\/gymnasium\/wp-json\/wp\/v2\/media\/4508"}],"wp:attachment":[{"href":"https:\/\/fes-heidenheim.de\/gymnasium\/wp-json\/wp\/v2\/media?parent=4507"}],"wp:term":[{"taxonomy":"category","embeddable":true,"href":"https:\/\/fes-heidenheim.de\/gymnasium\/wp-json\/wp\/v2\/categories?post=4507"},{"taxonomy":"post_tag","embeddable":true,"href":"https:\/\/fes-heidenheim.de\/gymnasium\/wp-json\/wp\/v2\/tags?post=4507"}],"curies":[{"name":"wp","href":"https:\/\/api.w.org\/{rel}","templated":true}]}}