{"id":4674,"date":"2023-09-21T12:18:58","date_gmt":"2023-09-21T10:18:58","guid":{"rendered":"https:\/\/fes-heidenheim.de\/gymnasium\/?p=4674"},"modified":"2023-09-21T12:20:28","modified_gmt":"2023-09-21T10:20:28","slug":"welcome-party","status":"publish","type":"post","link":"https:\/\/fes-heidenheim.de\/gymnasium\/2023\/09\/21\/welcome-party\/","title":{"rendered":"WELCOME-PARTY"},"content":{"rendered":"\n<h2 class=\"wp-block-heading\"><br>Einschulungsfeier F\u00fcnftkl\u00e4sser an Gymnasium &amp; Realschule<\/h2>\n\n\n\n<h4 class=\"wp-block-heading\">42 neue Sch\u00fclerinnen und Sch\u00fcler starten zum Schuljahresbeginn 23\/24 in den Klassen 5 an der FES Heidenheim<\/h4>\n\n\n\n<p><\/p>\n\n\n\n<p>Nach\u00addem der Schu\u00adlan\u00adfang f\u00fcr die Klassen 6\u201310 an FES-Gym\u00adna\u00adsi\u00adum und FES-Realschule schon am Vor\u00admit\u00adtag des ersten Schul\u00adt\u00adags mit einem musikalis\u00adchen Schul\u00adgottes\u00addi\u00adenst startete, durften auch die neuen F\u00fcn\u00adftk\u00adl\u00e4ssler am Mon\u00adta\u00adgnach\u00admit\u00adtag, 11.09.2023, mit ein\u00ader Open-Air-Wel\u00adcome-Par\u00adty gemein\u00adsam auf dem Au\u00dfen\u00adgel\u00e4nde der Freien Evan\u00adge\u00adlis\u00adchen Schule (FES) den Start an ihrer neuen Schule feiern.<\/p>\n\n\n\n<p>Mit musikalis\u00adchen Vor\u00adtragsst\u00fcck\u00aden von Musik\u00adlehrkraft Daniel Kinds\u00advater, einem gemein\u00adsamen Mit\u00admach-Lied als Vorgeschmack auf die Chorar\u00adbeit an der FES und einem geistlichen Impuls von Manuel Hintzen, Pas\u00adtor des Gospel\u00adhouse Hei\u00adden\u00adheim, wur\u00adden die neuen Sch\u00fc\u00adlerin\u00adnen und Sch\u00fcler am FES-Gym\u00adna\u00adsi\u00adum und FES-Realschule von Schulleit\u00ader Andreas Borkeloh sowie Ulrike Kr\u00fcger als Vertreterin des Schul\u00adtr\u00e4gers geb\u00fchrend willkom\u00admen gehei\u00dfen.<\/p>\n\n\n\n<p>Im Anschluss an die offizielle Schu\u00adlauf\u00adnahme ging es f\u00fcr die neuen F\u00fcn\u00adftk\u00adl\u00e4ssler dann das erste Mal mit den jew\u00adeili\u00adgen Klassen\u00adlehrern in die eige\u00adnen Klassen\u00adz\u00adim\u00admer: Klasse 5G \u2013 Klassen\u00adlehrerin Frau Schacher\u00ader, Klasse 5R \u2013 Klassen\u00adleitung\u00adsteam Frau Holtz und Herr&nbsp;Alfes.<\/p>\n\n\n\n<p>Ein gro\u00dfes kosten\u00adlos\u00ades Fin\u00adger\u00adfood-Buf\u00adfet \u2014 tra\u00addi\u00adtionell von den Eltern der sech\u00adsten Klassen der FES vor\u00adbere\u00adit\u00adet \u2013 sorgte f\u00fcr die kuli\u00adnar\u00adische Verk\u00f6s\u00adti\u00adgung und ein fr\u00f6h\u00adlich\u00ades Zusammensein.<\/p>\n\n\n\n<p>Und zum Abschluss der Willkom\u00admensfeier der neuen f\u00fcn\u00adften Klassen gab es einen gro\u00dfen Luft\u00adbal\u00adlon\u00adstart auf dem Sport\u00adplatz, bei dem die j\u00fcng\u00adsten FES-Eleven ihre guten W\u00fcn\u00adsche an die Schulzeit an ihrer \u201eneuen\u201c Schule in den Abend\u00adhim\u00admel \u00fcber Hei\u00adden\u00adheim stiegen lie\u00dfen.<\/p>\n\n\n\n<div class=\"wp-block-group alignfull is-layout-flow wp-block-group-is-layout-flow\">\n<figure class=\"wp-block-image alignfull size-large\"><img loading=\"lazy\" decoding=\"async\" width=\"1024\" height=\"338\" src=\"https:\/\/fes-heidenheim.de\/gymnasium\/wp-content\/uploads\/sites\/8\/2023\/09\/Weiteres-Bild-05-1024x338.jpeg\" alt class=\"wp-image-4680\" srcset=\"https:\/\/fes-heidenheim.de\/gymnasium\/wp-content\/uploads\/sites\/8\/2023\/09\/Weiteres-Bild-05-980x323.jpeg 980w, https:\/\/fes-heidenheim.de\/gymnasium\/wp-content\/uploads\/sites\/8\/2023\/09\/Weiteres-Bild-05-480x158.jpeg 480w\" sizes=\"(min-width: 0px) and (max-width: 480px) 480px, (min-width: 481px) and (max-width: 980px) 980px, (min-width: 981px) 1024px, 100vw\"><\/figure>\n\n\n\n<figure class=\"wp-block-image alignfull size-large\"><img loading=\"lazy\" decoding=\"async\" width=\"1024\" height=\"669\" src=\"https:\/\/fes-heidenheim.de\/gymnasium\/wp-content\/uploads\/sites\/8\/2023\/09\/Weiteres-Bild-04-1024x669.jpeg\" alt class=\"wp-image-4683\" srcset=\"https:\/\/fes-heidenheim.de\/gymnasium\/wp-content\/uploads\/sites\/8\/2023\/09\/Weiteres-Bild-04-980x640.jpeg 980w, https:\/\/fes-heidenheim.de\/gymnasium\/wp-content\/uploads\/sites\/8\/2023\/09\/Weiteres-Bild-04-480x314.jpeg 480w\" sizes=\"(min-width: 0px) and (max-width: 480px) 480px, (min-width: 481px) and (max-width: 980px) 980px, (min-width: 981px) 1024px, 100vw\"><\/figure>\n\n\n\n<figure class=\"wp-block-image alignfull size-large\"><img loading=\"lazy\" decoding=\"async\" width=\"1024\" height=\"589\" src=\"https:\/\/fes-heidenheim.de\/gymnasium\/wp-content\/uploads\/sites\/8\/2023\/09\/Weiteres-Bild-06-1024x589.jpeg\" alt class=\"wp-image-4682\" srcset=\"https:\/\/fes-heidenheim.de\/gymnasium\/wp-content\/uploads\/sites\/8\/2023\/09\/Weiteres-Bild-06-980x564.jpeg 980w, https:\/\/fes-heidenheim.de\/gymnasium\/wp-content\/uploads\/sites\/8\/2023\/09\/Weiteres-Bild-06-480x276.jpeg 480w\" sizes=\"(min-width: 0px) and (max-width: 480px) 480px, (min-width: 481px) and (max-width: 980px) 980px, (min-width: 981px) 1024px, 100vw\"><\/figure>\n\n\n\n<figure class=\"wp-block-image alignfull size-large\"><img loading=\"lazy\" decoding=\"async\" width=\"1024\" height=\"381\" src=\"https:\/\/fes-heidenheim.de\/gymnasium\/wp-content\/uploads\/sites\/8\/2023\/09\/Weiteres-Bild-01-1024x381.jpeg\" alt class=\"wp-image-4679\" srcset=\"https:\/\/fes-heidenheim.de\/gymnasium\/wp-content\/uploads\/sites\/8\/2023\/09\/Weiteres-Bild-01-980x365.jpeg 980w, https:\/\/fes-heidenheim.de\/gymnasium\/wp-content\/uploads\/sites\/8\/2023\/09\/Weiteres-Bild-01-480x179.jpeg 480w\" sizes=\"(min-width: 0px) and (max-width: 480px) 480px, (min-width: 481px) and (max-width: 980px) 980px, (min-width: 981px) 1024px, 100vw\"><\/figure>\n<\/div>\n\n\n\n<figure class=\"wp-block-image size-large\"><img loading=\"lazy\" decoding=\"async\" width=\"1024\" height=\"296\" src=\"https:\/\/fes-heidenheim.de\/gymnasium\/wp-content\/uploads\/sites\/8\/2023\/09\/Weiteres-Bild-02-1-1024x296.jpeg\" alt class=\"wp-image-4685\" srcset=\"https:\/\/fes-heidenheim.de\/gymnasium\/wp-content\/uploads\/sites\/8\/2023\/09\/Weiteres-Bild-02-1-980x283.jpeg 980w, https:\/\/fes-heidenheim.de\/gymnasium\/wp-content\/uploads\/sites\/8\/2023\/09\/Weiteres-Bild-02-1-480x139.jpeg 480w\" sizes=\"(min-width: 0px) and (max-width: 480px) 480px, (min-width: 481px) and (max-width: 980px) 980px, (min-width: 981px) 1024px, 100vw\"><\/figure>\n","protected":false},"excerpt":{"rendered":"<p>Ein\u00adschu\u00adlungs\u00adfeier F\u00fcn\u00adftk\u00adl\u00e4ss\u00ader an Gym\u00adna\u00adsi\u00adum &amp; Realschule 42 neue Sch\u00fc\u00adlerin\u00adnen und Sch\u00fcler starten zum Schul\u00adjahres\u00adbe\u00adginn 23\/24 in den Klassen 5 an der FES Hei\u00adden\u00adheim Nach\u00addem der Schu\u00adlan\u00adfang f\u00fcr die Klassen 6\u201310 [\u2026]<\/p>\n","protected":false},"author":12,"featured_media":4677,"comment_status":"closed","ping_status":"open","sticky":false,"template":"","format":"standard","meta":{"_et_pb_use_builder":"off","_et_pb_old_content":"","_et_gb_content_width":"","inline_featured_image":false,"wp_typography_post_enhancements_disabled":false,"footnotes":""},"categories":[1,30,29],"tags":[],"class_list":["post-4674","post","type-post","status-publish","format-standard","has-post-thumbnail","hentry","category-allgemein","category-fes-gymnasium","category-fes-realschule"],"yoast_head":"<!-- This site is optimized with the Yoast SEO plugin v27.4 - https:\/\/yoast.com\/product\/yoast-seo-wordpress\/ -->\n<title>WELCOME-PARTY - Gymnasium | Freie Evangelische Schule und Kindertagesst\u00e4tte Heidenheim e. V.<\/title>\n<meta name=\"robots\" content=\"index, follow, max-snippet:-1, max-image-preview:large, max-video-preview:-1\" \/>\n<link rel=\"canonical\" href=\"https:\/\/fes-heidenheim.de\/gymnasium\/2023\/09\/21\/welcome-party\/\" \/>\n<meta property=\"og:locale\" content=\"de_DE\" \/>\n<meta property=\"og:type\" content=\"article\" \/>\n<meta property=\"og:title\" content=\"WELCOME-PARTY - Gymnasium | Freie Evangelische Schule und Kindertagesst\u00e4tte Heidenheim e. V.\" \/>\n<meta property=\"og:description\" content=\"Einschulungsfeier F\u00fcnftkl\u00e4sser an Gymnasium &amp; Realschule 42 neue Sch\u00fclerinnen und Sch\u00fcler starten zum Schuljahresbeginn 23\/24 in den Klassen 5 an der FES Heidenheim Nach\u00addem der Schu\u00adlan\u00adfang f\u00fcr die Klassen 6\u201310 [&hellip;]\" \/>\n<meta property=\"og:url\" content=\"https:\/\/fes-heidenheim.de\/gymnasium\/2023\/09\/21\/welcome-party\/\" \/>\n<meta property=\"og:site_name\" content=\"Gymnasium | Freie Evangelische Schule und Kindertagesst\u00e4tte Heidenheim e. V.\" \/>\n<meta property=\"article:published_time\" content=\"2023-09-21T10:18:58+00:00\" \/>\n<meta property=\"article:modified_time\" content=\"2023-09-21T10:20:28+00:00\" \/>\n<meta property=\"og:image\" content=\"https:\/\/fes-heidenheim.de\/gymnasium\/wp-content\/uploads\/sites\/8\/2023\/09\/Beitragsbild-1.jpeg\" \/>\n\t<meta property=\"og:image:width\" content=\"2042\" \/>\n\t<meta property=\"og:image:height\" content=\"645\" \/>\n\t<meta property=\"og:image:type\" content=\"image\/jpeg\" \/>\n<meta name=\"twitter:card\" content=\"summary_large_image\" \/>\n<meta name=\"twitter:label1\" content=\"Verfasst von\" \/>\n\t<meta name=\"twitter:data1\" content=\"\" \/>\n\t<meta name=\"twitter:label2\" content=\"Gesch\u00e4tzte Lesezeit\" \/>\n\t<meta name=\"twitter:data2\" content=\"3\u00a0Minuten\" \/>\n<script type=\"application\/ld+json\" class=\"yoast-schema-graph\">{\"@context\":\"https:\\\/\\\/schema.org\",\"@graph\":[{\"@type\":\"Article\",\"@id\":\"https:\\\/\\\/fes-heidenheim.de\\\/gymnasium\\\/2023\\\/09\\\/21\\\/welcome-party\\\/#article\",\"isPartOf\":{\"@id\":\"https:\\\/\\\/fes-heidenheim.de\\\/gymnasium\\\/2023\\\/09\\\/21\\\/welcome-party\\\/\"},\"author\":{\"name\":\"\",\"@id\":\"\"},\"headline\":\"WELCOME-PARTY\",\"datePublished\":\"2023-09-21T10:18:58+00:00\",\"dateModified\":\"2023-09-21T10:20:28+00:00\",\"mainEntityOfPage\":{\"@id\":\"https:\\\/\\\/fes-heidenheim.de\\\/gymnasium\\\/2023\\\/09\\\/21\\\/welcome-party\\\/\"},\"wordCount\":250,\"image\":{\"@id\":\"https:\\\/\\\/fes-heidenheim.de\\\/gymnasium\\\/2023\\\/09\\\/21\\\/welcome-party\\\/#primaryimage\"},\"thumbnailUrl\":\"https:\\\/\\\/fes-heidenheim.de\\\/gymnasium\\\/wp-content\\\/uploads\\\/sites\\\/8\\\/2023\\\/09\\\/Beitragsbild-1.jpeg\",\"articleSection\":{\"1\":\"FES Gymnasium\",\"2\":\"FES Realschule\"},\"inLanguage\":\"de\"},{\"@type\":\"WebPage\",\"@id\":\"https:\\\/\\\/fes-heidenheim.de\\\/gymnasium\\\/2023\\\/09\\\/21\\\/welcome-party\\\/\",\"url\":\"https:\\\/\\\/fes-heidenheim.de\\\/gymnasium\\\/2023\\\/09\\\/21\\\/welcome-party\\\/\",\"name\":\"WELCOME-PARTY - Gymnasium | Freie Evangelische Schule und Kindertagesst\u00e4tte Heidenheim e. V.\",\"isPartOf\":{\"@id\":\"https:\\\/\\\/fes-heidenheim.de\\\/gymnasium\\\/#website\"},\"primaryImageOfPage\":{\"@id\":\"https:\\\/\\\/fes-heidenheim.de\\\/gymnasium\\\/2023\\\/09\\\/21\\\/welcome-party\\\/#primaryimage\"},\"image\":{\"@id\":\"https:\\\/\\\/fes-heidenheim.de\\\/gymnasium\\\/2023\\\/09\\\/21\\\/welcome-party\\\/#primaryimage\"},\"thumbnailUrl\":\"https:\\\/\\\/fes-heidenheim.de\\\/gymnasium\\\/wp-content\\\/uploads\\\/sites\\\/8\\\/2023\\\/09\\\/Beitragsbild-1.jpeg\",\"datePublished\":\"2023-09-21T10:18:58+00:00\",\"dateModified\":\"2023-09-21T10:20:28+00:00\",\"author\":{\"@id\":\"\"},\"breadcrumb\":{\"@id\":\"https:\\\/\\\/fes-heidenheim.de\\\/gymnasium\\\/2023\\\/09\\\/21\\\/welcome-party\\\/#breadcrumb\"},\"inLanguage\":\"de\",\"potentialAction\":[{\"@type\":\"ReadAction\",\"target\":[\"https:\\\/\\\/fes-heidenheim.de\\\/gymnasium\\\/2023\\\/09\\\/21\\\/welcome-party\\\/\"]}]},{\"@type\":\"ImageObject\",\"inLanguage\":\"de\",\"@id\":\"https:\\\/\\\/fes-heidenheim.de\\\/gymnasium\\\/2023\\\/09\\\/21\\\/welcome-party\\\/#primaryimage\",\"url\":\"https:\\\/\\\/fes-heidenheim.de\\\/gymnasium\\\/wp-content\\\/uploads\\\/sites\\\/8\\\/2023\\\/09\\\/Beitragsbild-1.jpeg\",\"contentUrl\":\"https:\\\/\\\/fes-heidenheim.de\\\/gymnasium\\\/wp-content\\\/uploads\\\/sites\\\/8\\\/2023\\\/09\\\/Beitragsbild-1.jpeg\",\"width\":2042,\"height\":645},{\"@type\":\"BreadcrumbList\",\"@id\":\"https:\\\/\\\/fes-heidenheim.de\\\/gymnasium\\\/2023\\\/09\\\/21\\\/welcome-party\\\/#breadcrumb\",\"itemListElement\":[{\"@type\":\"ListItem\",\"position\":1,\"name\":\"Startseite\",\"item\":\"https:\\\/\\\/fes-heidenheim.de\\\/gymnasium\\\/\"},{\"@type\":\"ListItem\",\"position\":2,\"name\":\"WELCOME-PARTY\"}]},{\"@type\":\"WebSite\",\"@id\":\"https:\\\/\\\/fes-heidenheim.de\\\/gymnasium\\\/#website\",\"url\":\"https:\\\/\\\/fes-heidenheim.de\\\/gymnasium\\\/\",\"name\":\"Gymnasium | Freie Evangelische Schule und Kindertagesst\u00e4tte Heidenheim e. V.\",\"description\":\"Eine weitere Freie Evangelische Schule Heidenheim e.V. Websites Website\",\"potentialAction\":[{\"@type\":\"SearchAction\",\"target\":{\"@type\":\"EntryPoint\",\"urlTemplate\":\"https:\\\/\\\/fes-heidenheim.de\\\/gymnasium\\\/?s={search_term_string}\"},\"query-input\":{\"@type\":\"PropertyValueSpecification\",\"valueRequired\":true,\"valueName\":\"search_term_string\"}}],\"inLanguage\":\"de\"},{\"@type\":\"Person\",\"@id\":\"\",\"url\":\"https:\\\/\\\/fes-heidenheim.de\\\/gymnasium\\\/author\\\/\"}]}<\/script>\n<!-- \/ Yoast SEO plugin. -->","yoast_head_json":{"title":"WELCOME-PARTY - Gymnasium | Freie Evangelische Schule und Kindertagesst\u00e4tte Heidenheim e. V.","robots":{"index":"index","follow":"follow","max-snippet":"max-snippet:-1","max-image-preview":"max-image-preview:large","max-video-preview":"max-video-preview:-1"},"canonical":"https:\/\/fes-heidenheim.de\/gymnasium\/2023\/09\/21\/welcome-party\/","og_locale":"de_DE","og_type":"article","og_title":"WELCOME-PARTY - Gymnasium | Freie Evangelische Schule und Kindertagesst\u00e4tte Heidenheim e. V.","og_description":"Einschulungsfeier F\u00fcnftkl\u00e4sser an Gymnasium &amp; Realschule 42 neue Sch\u00fclerinnen und Sch\u00fcler starten zum Schuljahresbeginn 23\/24 in den Klassen 5 an der FES Heidenheim Nach\u00addem der Schu\u00adlan\u00adfang f\u00fcr die Klassen 6\u201310 [&hellip;]","og_url":"https:\/\/fes-heidenheim.de\/gymnasium\/2023\/09\/21\/welcome-party\/","og_site_name":"Gymnasium | Freie Evangelische Schule und Kindertagesst\u00e4tte Heidenheim e. V.","article_published_time":"2023-09-21T10:18:58+00:00","article_modified_time":"2023-09-21T10:20:28+00:00","og_image":[{"width":2042,"height":645,"url":"https:\/\/fes-heidenheim.de\/gymnasium\/wp-content\/uploads\/sites\/8\/2023\/09\/Beitragsbild-1.jpeg","type":"image\/jpeg"}],"twitter_card":"summary_large_image","twitter_misc":{"Verfasst von":"","Gesch\u00e4tzte Lesezeit":"3\u00a0Minuten"},"schema":{"@context":"https:\/\/schema.org","@graph":[{"@type":"Article","@id":"https:\/\/fes-heidenheim.de\/gymnasium\/2023\/09\/21\/welcome-party\/#article","isPartOf":{"@id":"https:\/\/fes-heidenheim.de\/gymnasium\/2023\/09\/21\/welcome-party\/"},"author":{"name":"","@id":""},"headline":"WELCOME-PARTY","datePublished":"2023-09-21T10:18:58+00:00","dateModified":"2023-09-21T10:20:28+00:00","mainEntityOfPage":{"@id":"https:\/\/fes-heidenheim.de\/gymnasium\/2023\/09\/21\/welcome-party\/"},"wordCount":250,"image":{"@id":"https:\/\/fes-heidenheim.de\/gymnasium\/2023\/09\/21\/welcome-party\/#primaryimage"},"thumbnailUrl":"https:\/\/fes-heidenheim.de\/gymnasium\/wp-content\/uploads\/sites\/8\/2023\/09\/Beitragsbild-1.jpeg","articleSection":{"1":"FES Gymnasium","2":"FES Realschule"},"inLanguage":"de"},{"@type":"WebPage","@id":"https:\/\/fes-heidenheim.de\/gymnasium\/2023\/09\/21\/welcome-party\/","url":"https:\/\/fes-heidenheim.de\/gymnasium\/2023\/09\/21\/welcome-party\/","name":"WELCOME-PARTY - Gymnasium | Freie Evangelische Schule und Kindertagesst\u00e4tte Heidenheim e. V.","isPartOf":{"@id":"https:\/\/fes-heidenheim.de\/gymnasium\/#website"},"primaryImageOfPage":{"@id":"https:\/\/fes-heidenheim.de\/gymnasium\/2023\/09\/21\/welcome-party\/#primaryimage"},"image":{"@id":"https:\/\/fes-heidenheim.de\/gymnasium\/2023\/09\/21\/welcome-party\/#primaryimage"},"thumbnailUrl":"https:\/\/fes-heidenheim.de\/gymnasium\/wp-content\/uploads\/sites\/8\/2023\/09\/Beitragsbild-1.jpeg","datePublished":"2023-09-21T10:18:58+00:00","dateModified":"2023-09-21T10:20:28+00:00","author":{"@id":""},"breadcrumb":{"@id":"https:\/\/fes-heidenheim.de\/gymnasium\/2023\/09\/21\/welcome-party\/#breadcrumb"},"inLanguage":"de","potentialAction":[{"@type":"ReadAction","target":["https:\/\/fes-heidenheim.de\/gymnasium\/2023\/09\/21\/welcome-party\/"]}]},{"@type":"ImageObject","inLanguage":"de","@id":"https:\/\/fes-heidenheim.de\/gymnasium\/2023\/09\/21\/welcome-party\/#primaryimage","url":"https:\/\/fes-heidenheim.de\/gymnasium\/wp-content\/uploads\/sites\/8\/2023\/09\/Beitragsbild-1.jpeg","contentUrl":"https:\/\/fes-heidenheim.de\/gymnasium\/wp-content\/uploads\/sites\/8\/2023\/09\/Beitragsbild-1.jpeg","width":2042,"height":645},{"@type":"BreadcrumbList","@id":"https:\/\/fes-heidenheim.de\/gymnasium\/2023\/09\/21\/welcome-party\/#breadcrumb","itemListElement":[{"@type":"ListItem","position":1,"name":"Startseite","item":"https:\/\/fes-heidenheim.de\/gymnasium\/"},{"@type":"ListItem","position":2,"name":"WELCOME-PARTY"}]},{"@type":"WebSite","@id":"https:\/\/fes-heidenheim.de\/gymnasium\/#website","url":"https:\/\/fes-heidenheim.de\/gymnasium\/","name":"Gymnasium | Freie Evangelische Schule und Kindertagesst\u00e4tte Heidenheim e. V.","description":"Eine weitere Freie Evangelische Schule Heidenheim e.V. Websites Website","potentialAction":[{"@type":"SearchAction","target":{"@type":"EntryPoint","urlTemplate":"https:\/\/fes-heidenheim.de\/gymnasium\/?s={search_term_string}"},"query-input":{"@type":"PropertyValueSpecification","valueRequired":true,"valueName":"search_term_string"}}],"inLanguage":"de"},{"@type":"Person","@id":"","url":"https:\/\/fes-heidenheim.de\/gymnasium\/author\/"}]}},"_links":{"self":[{"href":"https:\/\/fes-heidenheim.de\/gymnasium\/wp-json\/wp\/v2\/posts\/4674","targetHints":{"allow":["GET"]}}],"collection":[{"href":"https:\/\/fes-heidenheim.de\/gymnasium\/wp-json\/wp\/v2\/posts"}],"about":[{"href":"https:\/\/fes-heidenheim.de\/gymnasium\/wp-json\/wp\/v2\/types\/post"}],"author":[{"embeddable":true,"href":"https:\/\/fes-heidenheim.de\/gymnasium\/wp-json\/wp\/v2\/users\/12"}],"replies":[{"embeddable":true,"href":"https:\/\/fes-heidenheim.de\/gymnasium\/wp-json\/wp\/v2\/comments?post=4674"}],"version-history":[{"count":4,"href":"https:\/\/fes-heidenheim.de\/gymnasium\/wp-json\/wp\/v2\/posts\/4674\/revisions"}],"predecessor-version":[{"id":4689,"href":"https:\/\/fes-heidenheim.de\/gymnasium\/wp-json\/wp\/v2\/posts\/4674\/revisions\/4689"}],"wp:featuredmedia":[{"embeddable":true,"href":"https:\/\/fes-heidenheim.de\/gymnasium\/wp-json\/wp\/v2\/media\/4677"}],"wp:attachment":[{"href":"https:\/\/fes-heidenheim.de\/gymnasium\/wp-json\/wp\/v2\/media?parent=4674"}],"wp:term":[{"taxonomy":"category","embeddable":true,"href":"https:\/\/fes-heidenheim.de\/gymnasium\/wp-json\/wp\/v2\/categories?post=4674"},{"taxonomy":"post_tag","embeddable":true,"href":"https:\/\/fes-heidenheim.de\/gymnasium\/wp-json\/wp\/v2\/tags?post=4674"}],"curies":[{"name":"wp","href":"https:\/\/api.w.org\/{rel}","templated":true}]}}