{"id":4822,"date":"2023-11-09T10:28:13","date_gmt":"2023-11-09T09:28:13","guid":{"rendered":"https:\/\/fes-heidenheim.de\/gymnasium\/?p=4822"},"modified":"2023-11-09T10:43:38","modified_gmt":"2023-11-09T09:43:38","slug":"einer-fuer-alle-alle-fuer-einen-erlebnispaedagogische-woche-klassenstufe-8-in-oesterreich","status":"publish","type":"post","link":"https:\/\/fes-heidenheim.de\/gymnasium\/2023\/11\/09\/einer-fuer-alle-alle-fuer-einen-erlebnispaedagogische-woche-klassenstufe-8-in-oesterreich\/","title":{"rendered":"Einer f\u00fcr alle \u2013 alle f\u00fcr einen: Erlebnisp\u00e4dagogische Woche Klassenstufe 8 in \u00d6sterreich"},"content":{"rendered":"\n<p>Auch in diesem Schul\u00adjahr 2023\/24 waren die siebten Klassen aus FES-Realschule und FES-Gym\u00adna\u00adsi\u00adum auf Klassen\u00adfahrt in Ober\u00f6ster\u00adre\u00adich. High\u00adlight der Erleb\u00adnis\u00adp\u00e4d\u00ada\u00adgogis\u00adchen Woche in Koop\u00ader\u00ada\u00adtion mit dem Fack\u00adel\u00adtr\u00e4gerzen\u00adtrum \u201eSchloss Klaus\u201c war eine Sur\u00advival-Wan\u00adderung mit anschlie\u00dfen\u00adder Out\u00addoor-\u00dcber\u00adnach\u00adtung, bei der junge Realsch\u00fcler und Gym\u00adnasi\u00adas\u00adten alles selb\u00adst \u00fcbernehmen mussten \u2013 ange\u00adfan\u00adgen von der Koor\u00addi\u00adna\u00adtion, Routen\u00adpla\u00adnung, Nav\u00adi\u00adga\u00adtion bis hin zum Kochen und Lagerbau.<\/p>\n\n\n\n<p>An den f\u00fcnf Tagen durften die Sch\u00fc\u00adlerin\u00adnen und Sch\u00fcler ler\u00adnen, dass ihr Han\u00addeln und Nicht-Han\u00addeln Kon\u00adse\u00adquen\u00adzen hat \u2013 und so getreu dem Mot\u00adto \u201eEin\u00ader f\u00fcr alle \u2013 alle f\u00fcr einen\u201c als Klas\u00adsen\u00adge\u00admein\u00adschaften neu zusam\u00admenwach\u00adsen. Ins\u00adge\u00adsamt l\u00e4sst sich fes\u00adthal\u00adten, dass die Woche sowohl k\u00f6r\u00adper\u00adlich als auch geistlich sehr inten\u00adsiv, aber auch sehr lohnenswert war.<\/p>\n\n\n\n<p>Maja Alea, Sch\u00fc\u00adlerin der Kl.7G, berichtet von den Erleb\u00adnis\u00adsen und Aktio\u00adnen vor Ort im Folgenden:<br><\/p>\n\n\n\n<p class=\"has-vivid-green-cyan-color has-text-color\">Ankun\u00adft, 18.09.2023:<\/p>\n\n\n\n<p><em>Nach dem lan\u00adgen Sitzen im Reise\u00adbus ging es erst ein\u00admal den steilen Schloss\u00adberg hin\u00adauf. Da das f\u00fcr manche ein Grund zur Ersch\u00f6p\u00adfung war, wurde oben angekom\u00admen vor dem Schloss eine kurze Ver\u00adschnauf\u00adpause gehal\u00adten. Au\u00dfer uns 26 Sch\u00fclern der siebten Klassen waren auf dieser Klassen\u00adfahrt noch Herr Wend\u00adland, Herr Wal\u00adter und Frau Vach-Borkeloh als Klassen\u00adleitun\u00adgen und Begleitlehrkr\u00e4fte dabei.<\/em><\/p>\n\n\n\n<p><em>Nach gef\u00fchlt 100. 000 Trep\u00adpen\u00adstufen kamen wir zu unseren Zim\u00admern. Wir richteten uns kurz ein und trafen uns dann drau\u00dfen, um in einen Seil\u00adgar\u00adten zu gehen. Dort fol\u00adgten wir blind einem Seil, wobei es manche Ver\u00adwirrun\u00adgen gab und einige Sch\u00fcler, die das Seil loslie\u00dfen, den H\u00fcgel runter roll\u00adten. Sp\u00e4ter sprachen wir \u00fcber diese Aktion. Es gab auch noch andere Sta\u00adtio\u00adnen, bei denen man, zwar gesichert, schon ganz sch\u00f6n Mut auf\u00adbrin\u00adgen und H\u00f6henangst \u00fcber\u00adwinden musste. Am Ende dieses Tages fie\u00adlen alle m\u00fcde in die Betten.<\/em><\/p>\n\n\n\n<p class=\"has-vivid-green-cyan-color has-text-color\">N\u00e4ch\u00adster Tag, 19.09.2023:<\/p>\n\n\n\n<p><em><u>A<\/u>n diesem Tag macht\u00aden wir, in Grup\u00adpen eingeteilt, einige Spiele und \u00dcbun\u00adgen. Dabei kam es viel auf Absprache und Team\u00adwork an. Nach einem leck\u00aderen Mit\u00adtagessen trafen wir uns wieder in densel\u00adben Grup\u00adpen. Immer ein oder zwei aus ein\u00ader Gruppe \u00fcbten kochen, aus Pla\u00adnen ein Lager zu bauen oder mit Kom\u00adpass und Karte umzuge\u00adhen \u2013 die Vor\u00adbere\u00aditung auf unseren \u201cOri\u00aden\u00adtierungslauf\u201c mit Outdoor-\u00dcbernachtung.<\/em><\/p>\n\n\n\n<p class=\"has-vivid-green-cyan-color has-text-color\">Ori\u00aden\u00adtierungslauf, 20.09.2023:<\/p>\n\n\n\n<p><em>Heute wan\u00adderten wir in unseren Grup\u00adpen. Am Zielort woll\u00adten wir kochen und unter Pla\u00adnen \u00fcber\u00adnacht\u00aden. Damit wir das \u00fcber\u00adhaupt kon\u00adnten, mussten wir unter\u00adwegs noch Gas\u00adflasche und Gaskocher find\u00aden. Das war f\u00fcr viele Grup\u00adpen eine Her\u00adaus\u00adforderung. Unter\u00adwegs waren vor allem die Leute gefragt, die gel\u00adernt hat\u00adten mit Kom\u00adpass und Karte umzuge\u00adhen, aber auch das Team. F\u00fcr manche Grup\u00adpen war es sehr schwierig, sich zu eini\u00adgen, f\u00fcr andere weniger. Das schnell\u00adste Team war nach zweiein\u00adhalb Stun\u00adden am Zielort, ein\u00ader Insel. Dort wur\u00adden aus den mit\u00adge\u00adbracht\u00aden Pla\u00adnen erst ein\u00admal Unter\u00adst\u00e4nde gebaut, in denen sp\u00e4ter geschlafen wer\u00adden sollte. Dann wurde gekocht \u2014 mit Wass\u00ader aus dem Fluss. Zwei Grup\u00adpen kamen erst nach Mit\u00adter\u00adnacht, als die anderen schon schliefen. Manche standen aber noch ein\u00admal auf, um den anderen beim \u201eZelte\u201c bauen zu helfen.<\/em><\/p>\n\n\n\n<p class=\"has-vivid-green-cyan-color has-text-color\">Viert\u00ader Tag, 21.09.2023 und Abreise\u00adtag, 22.09.2023:<\/p>\n\n\n\n<p><em>Am Mor\u00adgen des vierten Tages baut\u00aden wir nach dem Fr\u00fch\u00adst\u00fcck unsere Unter\u00adst\u00e4nde ab, pack\u00adten zusam\u00admen und ver\u00adgruben unsere Essen\u00adsreste. Dann wan\u00adderten wir zur\u00fcck. Das ging nat\u00fcr\u00adlich schneller, da wir nun den Weg kan\u00adnten. Nach Ankun\u00adft und Mit\u00adtagessen hat\u00adten wir noch Freizeit und pack\u00adten dann am n\u00e4ch\u00adsten Tag unsere Sachen und zogen die Bet\u00adten ab. Bald darauf sa\u00dfen wir im Reisebus.<\/em><\/p>\n\n\n\n<p><em>Nach dieser aufre\u00adgen\u00adden und anstren\u00adgen\u00adden Woche freuten sich alle auf ihr Zuhause.<\/em><\/p>\n\n\n\n<p>  <\/p>\n\n\n\n\n\n<figure class=\"wp-block-gallery has-nested-images columns-default is-cropped wp-block-gallery-1 is-layout-flex wp-block-gallery-is-layout-flex\">\n<figure class=\"wp-block-image size-large\"><img loading=\"lazy\" decoding=\"async\" width=\"2560\" height=\"1653\" data-id=\"4831\" src=\"https:\/\/fes-heidenheim.de\/gymnasium\/wp-content\/uploads\/sites\/8\/2023\/11\/01-Dienstag-51A-2-scaled.jpg\" alt class=\"wp-image-4831\" srcset=\"https:\/\/fes-heidenheim.de\/gymnasium\/wp-content\/uploads\/sites\/8\/2023\/11\/01-Dienstag-51A-2-scaled.jpg 2560w, https:\/\/fes-heidenheim.de\/gymnasium\/wp-content\/uploads\/sites\/8\/2023\/11\/01-Dienstag-51A-2-1280x827.jpg 1280w, https:\/\/fes-heidenheim.de\/gymnasium\/wp-content\/uploads\/sites\/8\/2023\/11\/01-Dienstag-51A-2-980x633.jpg 980w, https:\/\/fes-heidenheim.de\/gymnasium\/wp-content\/uploads\/sites\/8\/2023\/11\/01-Dienstag-51A-2-480x310.jpg 480w\" sizes=\"(min-width: 0px) and (max-width: 480px) 480px, (min-width: 481px) and (max-width: 980px) 980px, (min-width: 981px) and (max-width: 1280px) 1280px, (min-width: 1281px) 2560px, 100vw\"><\/figure>\n\n\n\n<figure class=\"wp-block-image size-large\"><img loading=\"lazy\" decoding=\"async\" width=\"2560\" height=\"2136\" data-id=\"4830\" src=\"https:\/\/fes-heidenheim.de\/gymnasium\/wp-content\/uploads\/sites\/8\/2023\/11\/00-Montag-79-scaled.jpg\" alt class=\"wp-image-4830\" srcset=\"https:\/\/fes-heidenheim.de\/gymnasium\/wp-content\/uploads\/sites\/8\/2023\/11\/00-Montag-79-scaled.jpg 2560w, https:\/\/fes-heidenheim.de\/gymnasium\/wp-content\/uploads\/sites\/8\/2023\/11\/00-Montag-79-1280x1068.jpg 1280w, https:\/\/fes-heidenheim.de\/gymnasium\/wp-content\/uploads\/sites\/8\/2023\/11\/00-Montag-79-980x818.jpg 980w, https:\/\/fes-heidenheim.de\/gymnasium\/wp-content\/uploads\/sites\/8\/2023\/11\/00-Montag-79-480x401.jpg 480w\" sizes=\"(min-width: 0px) and (max-width: 480px) 480px, (min-width: 481px) and (max-width: 980px) 980px, (min-width: 981px) and (max-width: 1280px) 1280px, (min-width: 1281px) 2560px, 100vw\"><\/figure>\n\n\n\n<figure class=\"wp-block-image size-large\"><img loading=\"lazy\" decoding=\"async\" width=\"2560\" height=\"1707\" data-id=\"4828\" src=\"https:\/\/fes-heidenheim.de\/gymnasium\/wp-content\/uploads\/sites\/8\/2023\/11\/03-Donnerstag-5-scaled.jpg\" alt class=\"wp-image-4828\" srcset=\"https:\/\/fes-heidenheim.de\/gymnasium\/wp-content\/uploads\/sites\/8\/2023\/11\/03-Donnerstag-5-scaled.jpg 2560w, https:\/\/fes-heidenheim.de\/gymnasium\/wp-content\/uploads\/sites\/8\/2023\/11\/03-Donnerstag-5-1280x854.jpg 1280w, https:\/\/fes-heidenheim.de\/gymnasium\/wp-content\/uploads\/sites\/8\/2023\/11\/03-Donnerstag-5-980x653.jpg 980w, https:\/\/fes-heidenheim.de\/gymnasium\/wp-content\/uploads\/sites\/8\/2023\/11\/03-Donnerstag-5-480x320.jpg 480w\" sizes=\"(min-width: 0px) and (max-width: 480px) 480px, (min-width: 481px) and (max-width: 980px) 980px, (min-width: 981px) and (max-width: 1280px) 1280px, (min-width: 1281px) 2560px, 100vw\"><\/figure>\n\n\n\n<figure class=\"wp-block-image size-large\"><img loading=\"lazy\" decoding=\"async\" width=\"2477\" height=\"2560\" data-id=\"4829\" src=\"https:\/\/fes-heidenheim.de\/gymnasium\/wp-content\/uploads\/sites\/8\/2023\/11\/00-Montag-54-scaled.jpg\" alt class=\"wp-image-4829\" srcset=\"https:\/\/fes-heidenheim.de\/gymnasium\/wp-content\/uploads\/sites\/8\/2023\/11\/00-Montag-54-scaled.jpg 2477w, https:\/\/fes-heidenheim.de\/gymnasium\/wp-content\/uploads\/sites\/8\/2023\/11\/00-Montag-54-1280x1323.jpg 1280w, https:\/\/fes-heidenheim.de\/gymnasium\/wp-content\/uploads\/sites\/8\/2023\/11\/00-Montag-54-980x1013.jpg 980w, https:\/\/fes-heidenheim.de\/gymnasium\/wp-content\/uploads\/sites\/8\/2023\/11\/00-Montag-54-480x496.jpg 480w\" sizes=\"(min-width: 0px) and (max-width: 480px) 480px, (min-width: 481px) and (max-width: 980px) 980px, (min-width: 981px) and (max-width: 1280px) 1280px, (min-width: 1281px) 2477px, 100vw\"><\/figure>\n<\/figure>\n","protected":false},"excerpt":{"rendered":"<p>Auch in diesem Schul\u00adjahr 2023\/24 waren die siebten Klassen aus FES-Realschule und FES-Gym\u00ad\u00adna\u00adsi\u00adum auf Klassen\u00adfahrt in Ober\u00f6ster\u00adre\u00adich. High\u00adlight der Erleb\u00adnis\u00adp\u00e4d\u00ada\u00adgogis\u00adchen Woche in Koop\u00ader\u00ada\u00adtion mit dem Fack\u00adel\u00adtr\u00e4gerzen\u00adtrum \u201eSchloss Klaus\u201c war&nbsp;eine&nbsp;[\u2026]<\/p>\n","protected":false},"author":12,"featured_media":4824,"comment_status":"closed","ping_status":"open","sticky":false,"template":"","format":"standard","meta":{"_et_pb_use_builder":"","_et_pb_old_content":"","_et_gb_content_width":"","inline_featured_image":false,"wp_typography_post_enhancements_disabled":false,"footnotes":""},"categories":[1,30,29],"tags":[],"class_list":["post-4822","post","type-post","status-publish","format-standard","has-post-thumbnail","hentry","category-allgemein","category-fes-gymnasium","category-fes-realschule"],"yoast_head":"<!-- This site is optimized with the Yoast SEO plugin v27.4 - https:\/\/yoast.com\/product\/yoast-seo-wordpress\/ -->\n<title>Einer f\u00fcr alle \u2013 alle f\u00fcr einen: Erlebnisp\u00e4dagogische Woche Klassenstufe 8 in \u00d6sterreich - Gymnasium | Freie Evangelische Schule und Kindertagesst\u00e4tte Heidenheim e. V.<\/title>\n<meta name=\"robots\" content=\"index, follow, max-snippet:-1, max-image-preview:large, max-video-preview:-1\" \/>\n<link rel=\"canonical\" href=\"https:\/\/fes-heidenheim.de\/gymnasium\/2023\/11\/09\/einer-fuer-alle-alle-fuer-einen-erlebnispaedagogische-woche-klassenstufe-8-in-oesterreich\/\" \/>\n<meta property=\"og:locale\" content=\"de_DE\" \/>\n<meta property=\"og:type\" content=\"article\" \/>\n<meta property=\"og:title\" content=\"Einer f\u00fcr alle \u2013 alle f\u00fcr einen: Erlebnisp\u00e4dagogische Woche Klassenstufe 8 in \u00d6sterreich - Gymnasium | Freie Evangelische Schule und Kindertagesst\u00e4tte Heidenheim e. V.\" \/>\n<meta property=\"og:description\" content=\"Auch in diesem Schul\u00adjahr 2023\/24 waren die siebten Klassen aus FES-Realschule und FES-Gym\u00adna\u00adsi\u00adum auf Klassen\u00adfahrt in Ober\u00f6ster\u00adre\u00adich. High\u00adlight der Erleb\u00adnis\u00adp\u00e4d\u00ada\u00adgogis\u00adchen Woche in Koop\u00ader\u00ada\u00adtion mit dem Fack\u00adel\u00adtr\u00e4gerzen\u00adtrum \u201eSchloss Klaus\u201c war eine [&hellip;]\" \/>\n<meta property=\"og:url\" content=\"https:\/\/fes-heidenheim.de\/gymnasium\/2023\/11\/09\/einer-fuer-alle-alle-fuer-einen-erlebnispaedagogische-woche-klassenstufe-8-in-oesterreich\/\" \/>\n<meta property=\"og:site_name\" content=\"Gymnasium | Freie Evangelische Schule und Kindertagesst\u00e4tte Heidenheim e. V.\" \/>\n<meta property=\"article:published_time\" content=\"2023-11-09T09:28:13+00:00\" \/>\n<meta property=\"article:modified_time\" content=\"2023-11-09T09:43:38+00:00\" \/>\n<meta property=\"og:image\" content=\"https:\/\/fes-heidenheim.de\/gymnasium\/wp-content\/uploads\/sites\/8\/2023\/11\/Beitragsbild-zum-BLOG-Beitrag-Erlebnispaedagogische-Woche-Schloss-Klaus-scaled.jpg\" \/>\n\t<meta property=\"og:image:width\" content=\"2560\" \/>\n\t<meta property=\"og:image:height\" content=\"2476\" \/>\n\t<meta property=\"og:image:type\" content=\"image\/jpeg\" \/>\n<meta name=\"twitter:card\" content=\"summary_large_image\" \/>\n<meta name=\"twitter:label1\" content=\"Verfasst von\" \/>\n\t<meta name=\"twitter:data1\" content=\"\" \/>\n\t<meta name=\"twitter:label2\" content=\"Gesch\u00e4tzte Lesezeit\" \/>\n\t<meta name=\"twitter:data2\" content=\"4\u00a0Minuten\" \/>\n<script type=\"application\/ld+json\" class=\"yoast-schema-graph\">{\"@context\":\"https:\\\/\\\/schema.org\",\"@graph\":[{\"@type\":\"Article\",\"@id\":\"https:\\\/\\\/fes-heidenheim.de\\\/gymnasium\\\/2023\\\/11\\\/09\\\/einer-fuer-alle-alle-fuer-einen-erlebnispaedagogische-woche-klassenstufe-8-in-oesterreich\\\/#article\",\"isPartOf\":{\"@id\":\"https:\\\/\\\/fes-heidenheim.de\\\/gymnasium\\\/2023\\\/11\\\/09\\\/einer-fuer-alle-alle-fuer-einen-erlebnispaedagogische-woche-klassenstufe-8-in-oesterreich\\\/\"},\"author\":{\"name\":\"\",\"@id\":\"\"},\"headline\":\"Einer f\u00fcr alle \u2013 alle f\u00fcr einen: Erlebnisp\u00e4dagogische Woche Klassenstufe 8 in \u00d6sterreich\",\"datePublished\":\"2023-11-09T09:28:13+00:00\",\"dateModified\":\"2023-11-09T09:43:38+00:00\",\"mainEntityOfPage\":{\"@id\":\"https:\\\/\\\/fes-heidenheim.de\\\/gymnasium\\\/2023\\\/11\\\/09\\\/einer-fuer-alle-alle-fuer-einen-erlebnispaedagogische-woche-klassenstufe-8-in-oesterreich\\\/\"},\"wordCount\":584,\"image\":{\"@id\":\"https:\\\/\\\/fes-heidenheim.de\\\/gymnasium\\\/2023\\\/11\\\/09\\\/einer-fuer-alle-alle-fuer-einen-erlebnispaedagogische-woche-klassenstufe-8-in-oesterreich\\\/#primaryimage\"},\"thumbnailUrl\":\"https:\\\/\\\/fes-heidenheim.de\\\/gymnasium\\\/wp-content\\\/uploads\\\/sites\\\/8\\\/2023\\\/11\\\/Beitragsbild-zum-BLOG-Beitrag-Erlebnispaedagogische-Woche-Schloss-Klaus-scaled.jpg\",\"articleSection\":{\"1\":\"FES Gymnasium\",\"2\":\"FES Realschule\"},\"inLanguage\":\"de\"},{\"@type\":\"WebPage\",\"@id\":\"https:\\\/\\\/fes-heidenheim.de\\\/gymnasium\\\/2023\\\/11\\\/09\\\/einer-fuer-alle-alle-fuer-einen-erlebnispaedagogische-woche-klassenstufe-8-in-oesterreich\\\/\",\"url\":\"https:\\\/\\\/fes-heidenheim.de\\\/gymnasium\\\/2023\\\/11\\\/09\\\/einer-fuer-alle-alle-fuer-einen-erlebnispaedagogische-woche-klassenstufe-8-in-oesterreich\\\/\",\"name\":\"Einer f\u00fcr alle \u2013 alle f\u00fcr einen: Erlebnisp\u00e4dagogische Woche Klassenstufe 8 in \u00d6sterreich - Gymnasium | Freie Evangelische Schule und Kindertagesst\u00e4tte Heidenheim e. V.\",\"isPartOf\":{\"@id\":\"https:\\\/\\\/fes-heidenheim.de\\\/gymnasium\\\/#website\"},\"primaryImageOfPage\":{\"@id\":\"https:\\\/\\\/fes-heidenheim.de\\\/gymnasium\\\/2023\\\/11\\\/09\\\/einer-fuer-alle-alle-fuer-einen-erlebnispaedagogische-woche-klassenstufe-8-in-oesterreich\\\/#primaryimage\"},\"image\":{\"@id\":\"https:\\\/\\\/fes-heidenheim.de\\\/gymnasium\\\/2023\\\/11\\\/09\\\/einer-fuer-alle-alle-fuer-einen-erlebnispaedagogische-woche-klassenstufe-8-in-oesterreich\\\/#primaryimage\"},\"thumbnailUrl\":\"https:\\\/\\\/fes-heidenheim.de\\\/gymnasium\\\/wp-content\\\/uploads\\\/sites\\\/8\\\/2023\\\/11\\\/Beitragsbild-zum-BLOG-Beitrag-Erlebnispaedagogische-Woche-Schloss-Klaus-scaled.jpg\",\"datePublished\":\"2023-11-09T09:28:13+00:00\",\"dateModified\":\"2023-11-09T09:43:38+00:00\",\"author\":{\"@id\":\"\"},\"breadcrumb\":{\"@id\":\"https:\\\/\\\/fes-heidenheim.de\\\/gymnasium\\\/2023\\\/11\\\/09\\\/einer-fuer-alle-alle-fuer-einen-erlebnispaedagogische-woche-klassenstufe-8-in-oesterreich\\\/#breadcrumb\"},\"inLanguage\":\"de\",\"potentialAction\":[{\"@type\":\"ReadAction\",\"target\":[\"https:\\\/\\\/fes-heidenheim.de\\\/gymnasium\\\/2023\\\/11\\\/09\\\/einer-fuer-alle-alle-fuer-einen-erlebnispaedagogische-woche-klassenstufe-8-in-oesterreich\\\/\"]}]},{\"@type\":\"ImageObject\",\"inLanguage\":\"de\",\"@id\":\"https:\\\/\\\/fes-heidenheim.de\\\/gymnasium\\\/2023\\\/11\\\/09\\\/einer-fuer-alle-alle-fuer-einen-erlebnispaedagogische-woche-klassenstufe-8-in-oesterreich\\\/#primaryimage\",\"url\":\"https:\\\/\\\/fes-heidenheim.de\\\/gymnasium\\\/wp-content\\\/uploads\\\/sites\\\/8\\\/2023\\\/11\\\/Beitragsbild-zum-BLOG-Beitrag-Erlebnispaedagogische-Woche-Schloss-Klaus-scaled.jpg\",\"contentUrl\":\"https:\\\/\\\/fes-heidenheim.de\\\/gymnasium\\\/wp-content\\\/uploads\\\/sites\\\/8\\\/2023\\\/11\\\/Beitragsbild-zum-BLOG-Beitrag-Erlebnispaedagogische-Woche-Schloss-Klaus-scaled.jpg\",\"width\":2560,\"height\":2476},{\"@type\":\"BreadcrumbList\",\"@id\":\"https:\\\/\\\/fes-heidenheim.de\\\/gymnasium\\\/2023\\\/11\\\/09\\\/einer-fuer-alle-alle-fuer-einen-erlebnispaedagogische-woche-klassenstufe-8-in-oesterreich\\\/#breadcrumb\",\"itemListElement\":[{\"@type\":\"ListItem\",\"position\":1,\"name\":\"Startseite\",\"item\":\"https:\\\/\\\/fes-heidenheim.de\\\/gymnasium\\\/\"},{\"@type\":\"ListItem\",\"position\":2,\"name\":\"Einer f\u00fcr alle \u2013 alle f\u00fcr einen: Erlebnisp\u00e4dagogische Woche Klassenstufe 8 in \u00d6sterreich\"}]},{\"@type\":\"WebSite\",\"@id\":\"https:\\\/\\\/fes-heidenheim.de\\\/gymnasium\\\/#website\",\"url\":\"https:\\\/\\\/fes-heidenheim.de\\\/gymnasium\\\/\",\"name\":\"Gymnasium | Freie Evangelische Schule und Kindertagesst\u00e4tte Heidenheim e. V.\",\"description\":\"Eine weitere Freie Evangelische Schule Heidenheim e.V. Websites Website\",\"potentialAction\":[{\"@type\":\"SearchAction\",\"target\":{\"@type\":\"EntryPoint\",\"urlTemplate\":\"https:\\\/\\\/fes-heidenheim.de\\\/gymnasium\\\/?s={search_term_string}\"},\"query-input\":{\"@type\":\"PropertyValueSpecification\",\"valueRequired\":true,\"valueName\":\"search_term_string\"}}],\"inLanguage\":\"de\"},{\"@type\":\"Person\",\"@id\":\"\",\"url\":\"https:\\\/\\\/fes-heidenheim.de\\\/gymnasium\\\/author\\\/\"}]}<\/script>\n<!-- \/ Yoast SEO plugin. -->","yoast_head_json":{"title":"Einer f\u00fcr alle \u2013 alle f\u00fcr einen: Erlebnisp\u00e4dagogische Woche Klassenstufe 8 in \u00d6sterreich - Gymnasium | Freie Evangelische Schule und Kindertagesst\u00e4tte Heidenheim e. V.","robots":{"index":"index","follow":"follow","max-snippet":"max-snippet:-1","max-image-preview":"max-image-preview:large","max-video-preview":"max-video-preview:-1"},"canonical":"https:\/\/fes-heidenheim.de\/gymnasium\/2023\/11\/09\/einer-fuer-alle-alle-fuer-einen-erlebnispaedagogische-woche-klassenstufe-8-in-oesterreich\/","og_locale":"de_DE","og_type":"article","og_title":"Einer f\u00fcr alle \u2013 alle f\u00fcr einen: Erlebnisp\u00e4dagogische Woche Klassenstufe 8 in \u00d6sterreich - Gymnasium | Freie Evangelische Schule und Kindertagesst\u00e4tte Heidenheim e. V.","og_description":"Auch in diesem Schul\u00adjahr 2023\/24 waren die siebten Klassen aus FES-Realschule und FES-Gym\u00adna\u00adsi\u00adum auf Klassen\u00adfahrt in Ober\u00f6ster\u00adre\u00adich. High\u00adlight der Erleb\u00adnis\u00adp\u00e4d\u00ada\u00adgogis\u00adchen Woche in Koop\u00ader\u00ada\u00adtion mit dem Fack\u00adel\u00adtr\u00e4gerzen\u00adtrum \u201eSchloss Klaus\u201c war eine [&hellip;]","og_url":"https:\/\/fes-heidenheim.de\/gymnasium\/2023\/11\/09\/einer-fuer-alle-alle-fuer-einen-erlebnispaedagogische-woche-klassenstufe-8-in-oesterreich\/","og_site_name":"Gymnasium | Freie Evangelische Schule und Kindertagesst\u00e4tte Heidenheim e. V.","article_published_time":"2023-11-09T09:28:13+00:00","article_modified_time":"2023-11-09T09:43:38+00:00","og_image":[{"width":2560,"height":2476,"url":"https:\/\/fes-heidenheim.de\/gymnasium\/wp-content\/uploads\/sites\/8\/2023\/11\/Beitragsbild-zum-BLOG-Beitrag-Erlebnispaedagogische-Woche-Schloss-Klaus-scaled.jpg","type":"image\/jpeg"}],"twitter_card":"summary_large_image","twitter_misc":{"Verfasst von":"","Gesch\u00e4tzte Lesezeit":"4\u00a0Minuten"},"schema":{"@context":"https:\/\/schema.org","@graph":[{"@type":"Article","@id":"https:\/\/fes-heidenheim.de\/gymnasium\/2023\/11\/09\/einer-fuer-alle-alle-fuer-einen-erlebnispaedagogische-woche-klassenstufe-8-in-oesterreich\/#article","isPartOf":{"@id":"https:\/\/fes-heidenheim.de\/gymnasium\/2023\/11\/09\/einer-fuer-alle-alle-fuer-einen-erlebnispaedagogische-woche-klassenstufe-8-in-oesterreich\/"},"author":{"name":"","@id":""},"headline":"Einer f\u00fcr alle \u2013 alle f\u00fcr einen: Erlebnisp\u00e4dagogische Woche Klassenstufe 8 in \u00d6sterreich","datePublished":"2023-11-09T09:28:13+00:00","dateModified":"2023-11-09T09:43:38+00:00","mainEntityOfPage":{"@id":"https:\/\/fes-heidenheim.de\/gymnasium\/2023\/11\/09\/einer-fuer-alle-alle-fuer-einen-erlebnispaedagogische-woche-klassenstufe-8-in-oesterreich\/"},"wordCount":584,"image":{"@id":"https:\/\/fes-heidenheim.de\/gymnasium\/2023\/11\/09\/einer-fuer-alle-alle-fuer-einen-erlebnispaedagogische-woche-klassenstufe-8-in-oesterreich\/#primaryimage"},"thumbnailUrl":"https:\/\/fes-heidenheim.de\/gymnasium\/wp-content\/uploads\/sites\/8\/2023\/11\/Beitragsbild-zum-BLOG-Beitrag-Erlebnispaedagogische-Woche-Schloss-Klaus-scaled.jpg","articleSection":{"1":"FES Gymnasium","2":"FES Realschule"},"inLanguage":"de"},{"@type":"WebPage","@id":"https:\/\/fes-heidenheim.de\/gymnasium\/2023\/11\/09\/einer-fuer-alle-alle-fuer-einen-erlebnispaedagogische-woche-klassenstufe-8-in-oesterreich\/","url":"https:\/\/fes-heidenheim.de\/gymnasium\/2023\/11\/09\/einer-fuer-alle-alle-fuer-einen-erlebnispaedagogische-woche-klassenstufe-8-in-oesterreich\/","name":"Einer f\u00fcr alle \u2013 alle f\u00fcr einen: Erlebnisp\u00e4dagogische Woche Klassenstufe 8 in \u00d6sterreich - Gymnasium | Freie Evangelische Schule und Kindertagesst\u00e4tte Heidenheim e. V.","isPartOf":{"@id":"https:\/\/fes-heidenheim.de\/gymnasium\/#website"},"primaryImageOfPage":{"@id":"https:\/\/fes-heidenheim.de\/gymnasium\/2023\/11\/09\/einer-fuer-alle-alle-fuer-einen-erlebnispaedagogische-woche-klassenstufe-8-in-oesterreich\/#primaryimage"},"image":{"@id":"https:\/\/fes-heidenheim.de\/gymnasium\/2023\/11\/09\/einer-fuer-alle-alle-fuer-einen-erlebnispaedagogische-woche-klassenstufe-8-in-oesterreich\/#primaryimage"},"thumbnailUrl":"https:\/\/fes-heidenheim.de\/gymnasium\/wp-content\/uploads\/sites\/8\/2023\/11\/Beitragsbild-zum-BLOG-Beitrag-Erlebnispaedagogische-Woche-Schloss-Klaus-scaled.jpg","datePublished":"2023-11-09T09:28:13+00:00","dateModified":"2023-11-09T09:43:38+00:00","author":{"@id":""},"breadcrumb":{"@id":"https:\/\/fes-heidenheim.de\/gymnasium\/2023\/11\/09\/einer-fuer-alle-alle-fuer-einen-erlebnispaedagogische-woche-klassenstufe-8-in-oesterreich\/#breadcrumb"},"inLanguage":"de","potentialAction":[{"@type":"ReadAction","target":["https:\/\/fes-heidenheim.de\/gymnasium\/2023\/11\/09\/einer-fuer-alle-alle-fuer-einen-erlebnispaedagogische-woche-klassenstufe-8-in-oesterreich\/"]}]},{"@type":"ImageObject","inLanguage":"de","@id":"https:\/\/fes-heidenheim.de\/gymnasium\/2023\/11\/09\/einer-fuer-alle-alle-fuer-einen-erlebnispaedagogische-woche-klassenstufe-8-in-oesterreich\/#primaryimage","url":"https:\/\/fes-heidenheim.de\/gymnasium\/wp-content\/uploads\/sites\/8\/2023\/11\/Beitragsbild-zum-BLOG-Beitrag-Erlebnispaedagogische-Woche-Schloss-Klaus-scaled.jpg","contentUrl":"https:\/\/fes-heidenheim.de\/gymnasium\/wp-content\/uploads\/sites\/8\/2023\/11\/Beitragsbild-zum-BLOG-Beitrag-Erlebnispaedagogische-Woche-Schloss-Klaus-scaled.jpg","width":2560,"height":2476},{"@type":"BreadcrumbList","@id":"https:\/\/fes-heidenheim.de\/gymnasium\/2023\/11\/09\/einer-fuer-alle-alle-fuer-einen-erlebnispaedagogische-woche-klassenstufe-8-in-oesterreich\/#breadcrumb","itemListElement":[{"@type":"ListItem","position":1,"name":"Startseite","item":"https:\/\/fes-heidenheim.de\/gymnasium\/"},{"@type":"ListItem","position":2,"name":"Einer f\u00fcr alle \u2013 alle f\u00fcr einen: Erlebnisp\u00e4dagogische Woche Klassenstufe 8 in \u00d6sterreich"}]},{"@type":"WebSite","@id":"https:\/\/fes-heidenheim.de\/gymnasium\/#website","url":"https:\/\/fes-heidenheim.de\/gymnasium\/","name":"Gymnasium | Freie Evangelische Schule und Kindertagesst\u00e4tte Heidenheim e. V.","description":"Eine weitere Freie Evangelische Schule Heidenheim e.V. Websites Website","potentialAction":[{"@type":"SearchAction","target":{"@type":"EntryPoint","urlTemplate":"https:\/\/fes-heidenheim.de\/gymnasium\/?s={search_term_string}"},"query-input":{"@type":"PropertyValueSpecification","valueRequired":true,"valueName":"search_term_string"}}],"inLanguage":"de"},{"@type":"Person","@id":"","url":"https:\/\/fes-heidenheim.de\/gymnasium\/author\/"}]}},"_links":{"self":[{"href":"https:\/\/fes-heidenheim.de\/gymnasium\/wp-json\/wp\/v2\/posts\/4822","targetHints":{"allow":["GET"]}}],"collection":[{"href":"https:\/\/fes-heidenheim.de\/gymnasium\/wp-json\/wp\/v2\/posts"}],"about":[{"href":"https:\/\/fes-heidenheim.de\/gymnasium\/wp-json\/wp\/v2\/types\/post"}],"author":[{"embeddable":true,"href":"https:\/\/fes-heidenheim.de\/gymnasium\/wp-json\/wp\/v2\/users\/12"}],"replies":[{"embeddable":true,"href":"https:\/\/fes-heidenheim.de\/gymnasium\/wp-json\/wp\/v2\/comments?post=4822"}],"version-history":[{"count":3,"href":"https:\/\/fes-heidenheim.de\/gymnasium\/wp-json\/wp\/v2\/posts\/4822\/revisions"}],"predecessor-version":[{"id":4833,"href":"https:\/\/fes-heidenheim.de\/gymnasium\/wp-json\/wp\/v2\/posts\/4822\/revisions\/4833"}],"wp:featuredmedia":[{"embeddable":true,"href":"https:\/\/fes-heidenheim.de\/gymnasium\/wp-json\/wp\/v2\/media\/4824"}],"wp:attachment":[{"href":"https:\/\/fes-heidenheim.de\/gymnasium\/wp-json\/wp\/v2\/media?parent=4822"}],"wp:term":[{"taxonomy":"category","embeddable":true,"href":"https:\/\/fes-heidenheim.de\/gymnasium\/wp-json\/wp\/v2\/categories?post=4822"},{"taxonomy":"post_tag","embeddable":true,"href":"https:\/\/fes-heidenheim.de\/gymnasium\/wp-json\/wp\/v2\/tags?post=4822"}],"curies":[{"name":"wp","href":"https:\/\/api.w.org\/{rel}","templated":true}]}}