{"id":4867,"date":"2023-11-16T12:31:53","date_gmt":"2023-11-16T11:31:53","guid":{"rendered":"https:\/\/fes-heidenheim.de\/gymnasium\/?p=4867"},"modified":"2023-11-16T12:32:29","modified_gmt":"2023-11-16T11:32:29","slug":"eroeffnung-fes-schuelerbuecherei","status":"publish","type":"post","link":"https:\/\/fes-heidenheim.de\/gymnasium\/2023\/11\/16\/eroeffnung-fes-schuelerbuecherei\/","title":{"rendered":"Er\u00f6ffnung FES-Sch\u00fclerb\u00fccherei"},"content":{"rendered":"\n<h4 class=\"wp-block-heading\">Bunte Luftballons schm\u00fccken den Raum, die B\u00fccher stehen ordentlich in den Regalen, zwei gem\u00fctliche Relaxsessel laden zum Lesen ein \u2013 und dazu gibt es leckere Muffins f\u00fcr alle Erstbesucherinnen und \u2013 besucher:<\/h4>\n\n\n\n<h4 class=\"wp-block-heading\"><strong>UNSERE FES-SCH\u00dcLERB\u00dcCHEREI IST ER\u00d6FFNET!<\/strong><\/h4>\n\n\n\n<p>In den zur\u00fcck\u00adliegen\u00adden Wochen und Monat\u00aden wur\u00adden viele Buch\u00adspenden, ins\u00adbeson\u00addere auch von Eltern unser\u00ader FES-Realschule und unseres FES-Gym\u00adna\u00adsi\u00adums, aber auch von F\u00f6rder\u00adern und Ver\u00adla\u00adgen gesam\u00admelt. Alle B\u00fcch\u00ader wur\u00adden gesichtet, sortiert und nach Genre geord\u00adnet, Regale aufge\u00adbaut \u2013 und nach und nach wur\u00adden <strong>mehrere hun\u00addert B\u00fcch\u00ader <\/strong>mit Sig\u00adna\u00adturen verse\u00adhen, in unser\u00ader B\u00fccherei-Soft\u00adware erfasst und schlie\u00dflich in die Regale einsortiert.<\/p>\n\n\n\n<p>Den Sch\u00fc\u00adlerin\u00adnen und Sch\u00fclern unser\u00ader Schule unkom\u00adpliziert und nieder\u00adschwellig ein span\u00adnen\u00addes und vielf\u00e4ltiges Ange\u00adbot an guter Kinder- und Jugendlit\u00ader\u00adatur bere\u00aditzustellen, Nach\u00adschlagew\u00aderke und Fach\u00adlit\u00ader\u00adatur f\u00fcr die Vor\u00adbere\u00aditung von Refer\u00adat\u00aden, Vortr\u00e4\u00adgen und GFS-Ausar\u00adbeitun\u00adgen vor Ort an der Schule anzu\u00adbi\u00adeten und dar\u00fcber hin\u00adaus auch inter\u00ades\u00adsante Brett- und Karten\u00adspiele vorzuhal\u00adten, die von den Kindern und Jugendlichen auch vor Ort gespielt wer\u00adden k\u00f6n\u00adnen, das war und ist die Inten\u00adtion, der die FES-Schul\u00adge\u00admein\u00adschaft von der Pro\u00adjek\u00adtidee bis zur nun erfol\u00adgten feier\u00adlichen Er\u00f6ff\u00adnung der FES-Sch\u00fcler\u00adb\u00fccherei begleit\u00adet hat. Ganz nach dem Mot\u00adto: \u201eDer Appetit kommt beim Essen\u201c sind Schulleit\u00ader Andreas Borkeloh und die betreuen\u00adden Schul\u00adb\u00fccherei-Lehrkr\u00e4fte, Frau Agnes Kolb und Frau Helene Holtz, \u00fcberzeugt davon, mit diesem neuen Ange\u00adbot einen nicht zu unter\u00adsch\u00e4tzen\u00adden weit\u00aderen Beitrag zur F\u00f6rderung von Leselust und Lese\u00admo\u00adti\u00adva\u00adtion bei ihren Gym\u00adnasi\u00adas\u00adten und Realsch\u00fclern zu leisten.<\/p>\n\n\n\n<p><strong>\u00d6ff\u00adnungszeit\u00aden unser\u00ader FES-Sch\u00fcler\u00adb\u00fccherei sind:<\/strong><\/p>\n\n\n\n<ul class=\"wp-block-list\"><li>Dien\u00adstag, Mittwoch und Fre\u00aditag: w\u00e4hrend der gro\u00dfen Pause<\/li><li>Don\u00adner\u00adstag: w\u00e4hrend der Mittagspause<\/li><li>Fre\u00aditag: vor der 1. Unter\u00adrichtsstunde morgens<\/li><\/ul>\n\n\n\n<p>An dieser Stelle ein ganz gro\u00dfes DANKESCH\u00d6N an unsere FES-Lehrkr\u00e4fte Frau Kolb und Frau Holtz f\u00fcr alles Engage\u00adment und allen Ide\u00adal\u00adis\u00admus, die sie mit in den Auf\u00adbau unser\u00ader FES-Schul\u00adb\u00fccherei in den zur\u00fcck\u00adliegen\u00adden Wochen und Monat\u00aden gesteckt haben.<\/p>\n\n\n\n<figure class=\"wp-block-gallery has-nested-images columns-default is-cropped wp-block-gallery-1 is-layout-flex wp-block-gallery-is-layout-flex\">\n<figure class=\"wp-block-image size-large\"><img loading=\"lazy\" decoding=\"async\" width=\"1024\" height=\"1024\" data-id=\"4880\" src=\"https:\/\/fes-heidenheim.de\/gymnasium\/wp-content\/uploads\/sites\/8\/2023\/11\/weiteres-Bild-0-zum-BLOG-Beitrag-Schuelerbuecherei-1-1024x1024.jpg\" alt class=\"wp-image-4880\" srcset=\"https:\/\/fes-heidenheim.de\/gymnasium\/wp-content\/uploads\/sites\/8\/2023\/11\/weiteres-Bild-0-zum-BLOG-Beitrag-Schuelerbuecherei-1-980x980.jpg 980w, https:\/\/fes-heidenheim.de\/gymnasium\/wp-content\/uploads\/sites\/8\/2023\/11\/weiteres-Bild-0-zum-BLOG-Beitrag-Schuelerbuecherei-1-480x480.jpg 480w\" sizes=\"(min-width: 0px) and (max-width: 480px) 480px, (min-width: 481px) and (max-width: 980px) 980px, (min-width: 981px) 1024px, 100vw\"><\/figure>\n\n\n\n<figure class=\"wp-block-image size-large\"><img loading=\"lazy\" decoding=\"async\" width=\"1024\" height=\"1024\" data-id=\"4883\" src=\"https:\/\/fes-heidenheim.de\/gymnasium\/wp-content\/uploads\/sites\/8\/2023\/11\/weiteres-Bild-1-zum-BLOG-Beitrag-Schuelerbuecherei-1-1024x1024.jpg\" alt class=\"wp-image-4883\" srcset=\"https:\/\/fes-heidenheim.de\/gymnasium\/wp-content\/uploads\/sites\/8\/2023\/11\/weiteres-Bild-1-zum-BLOG-Beitrag-Schuelerbuecherei-1-980x980.jpg 980w, https:\/\/fes-heidenheim.de\/gymnasium\/wp-content\/uploads\/sites\/8\/2023\/11\/weiteres-Bild-1-zum-BLOG-Beitrag-Schuelerbuecherei-1-480x480.jpg 480w\" sizes=\"(min-width: 0px) and (max-width: 480px) 480px, (min-width: 481px) and (max-width: 980px) 980px, (min-width: 981px) 1024px, 100vw\"><\/figure>\n\n\n\n<figure class=\"wp-block-image size-large\"><img loading=\"lazy\" decoding=\"async\" width=\"1024\" height=\"1024\" data-id=\"4884\" src=\"https:\/\/fes-heidenheim.de\/gymnasium\/wp-content\/uploads\/sites\/8\/2023\/11\/weiteres-Bild-2-zum-BLOG-Beitrag-Schuelerbuecherei-1-1024x1024.jpg\" alt class=\"wp-image-4884\" srcset=\"https:\/\/fes-heidenheim.de\/gymnasium\/wp-content\/uploads\/sites\/8\/2023\/11\/weiteres-Bild-2-zum-BLOG-Beitrag-Schuelerbuecherei-1-980x980.jpg 980w, https:\/\/fes-heidenheim.de\/gymnasium\/wp-content\/uploads\/sites\/8\/2023\/11\/weiteres-Bild-2-zum-BLOG-Beitrag-Schuelerbuecherei-1-480x480.jpg 480w\" sizes=\"(min-width: 0px) and (max-width: 480px) 480px, (min-width: 481px) and (max-width: 980px) 980px, (min-width: 981px) 1024px, 100vw\"><\/figure>\n\n\n\n<figure class=\"wp-block-image size-large\"><img loading=\"lazy\" decoding=\"async\" width=\"1024\" height=\"919\" data-id=\"4878\" src=\"https:\/\/fes-heidenheim.de\/gymnasium\/wp-content\/uploads\/sites\/8\/2023\/11\/weiteres-Bild-3-zum-BLOG-Beitrag-Schuelerbuecherei-1-1024x919.jpg\" alt class=\"wp-image-4878\" srcset=\"https:\/\/fes-heidenheim.de\/gymnasium\/wp-content\/uploads\/sites\/8\/2023\/11\/weiteres-Bild-3-zum-BLOG-Beitrag-Schuelerbuecherei-1-980x879.jpg 980w, https:\/\/fes-heidenheim.de\/gymnasium\/wp-content\/uploads\/sites\/8\/2023\/11\/weiteres-Bild-3-zum-BLOG-Beitrag-Schuelerbuecherei-1-480x431.jpg 480w\" sizes=\"(min-width: 0px) and (max-width: 480px) 480px, (min-width: 481px) and (max-width: 980px) 980px, (min-width: 981px) 1024px, 100vw\"><\/figure>\n\n\n\n<figure class=\"wp-block-image size-large\"><img loading=\"lazy\" decoding=\"async\" width=\"1024\" height=\"683\" data-id=\"4877\" src=\"https:\/\/fes-heidenheim.de\/gymnasium\/wp-content\/uploads\/sites\/8\/2023\/11\/weiteres-Bild-5-zum-BLOG-Beitrag-Schuelerbuecherei-1-1024x683.jpg\" alt class=\"wp-image-4877\" srcset=\"https:\/\/fes-heidenheim.de\/gymnasium\/wp-content\/uploads\/sites\/8\/2023\/11\/weiteres-Bild-5-zum-BLOG-Beitrag-Schuelerbuecherei-1-980x654.jpg 980w, https:\/\/fes-heidenheim.de\/gymnasium\/wp-content\/uploads\/sites\/8\/2023\/11\/weiteres-Bild-5-zum-BLOG-Beitrag-Schuelerbuecherei-1-480x320.jpg 480w\" sizes=\"(min-width: 0px) and (max-width: 480px) 480px, (min-width: 481px) and (max-width: 980px) 980px, (min-width: 981px) 1024px, 100vw\"><\/figure>\n\n\n\n<figure class=\"wp-block-image size-large\"><img loading=\"lazy\" decoding=\"async\" width=\"1024\" height=\"683\" data-id=\"4879\" src=\"https:\/\/fes-heidenheim.de\/gymnasium\/wp-content\/uploads\/sites\/8\/2023\/11\/weiteres-Bild-6-zum-BLOG-Beitrag-Schuelerbuecherei-1-1024x683.jpg\" alt class=\"wp-image-4879\" srcset=\"https:\/\/fes-heidenheim.de\/gymnasium\/wp-content\/uploads\/sites\/8\/2023\/11\/weiteres-Bild-6-zum-BLOG-Beitrag-Schuelerbuecherei-1-980x653.jpg 980w, https:\/\/fes-heidenheim.de\/gymnasium\/wp-content\/uploads\/sites\/8\/2023\/11\/weiteres-Bild-6-zum-BLOG-Beitrag-Schuelerbuecherei-1-480x320.jpg 480w\" sizes=\"(min-width: 0px) and (max-width: 480px) 480px, (min-width: 481px) and (max-width: 980px) 980px, (min-width: 981px) 1024px, 100vw\"><\/figure>\n\n\n\n<figure class=\"wp-block-image size-large\"><img loading=\"lazy\" decoding=\"async\" width=\"1024\" height=\"440\" data-id=\"4881\" src=\"https:\/\/fes-heidenheim.de\/gymnasium\/wp-content\/uploads\/sites\/8\/2023\/11\/weiteres-Bild-7-zum-BLOG-Beitrag-Schuelerbuecherei-1-1024x440.jpg\" alt class=\"wp-image-4881\" srcset=\"https:\/\/fes-heidenheim.de\/gymnasium\/wp-content\/uploads\/sites\/8\/2023\/11\/weiteres-Bild-7-zum-BLOG-Beitrag-Schuelerbuecherei-1-980x421.jpg 980w, https:\/\/fes-heidenheim.de\/gymnasium\/wp-content\/uploads\/sites\/8\/2023\/11\/weiteres-Bild-7-zum-BLOG-Beitrag-Schuelerbuecherei-1-480x206.jpg 480w\" sizes=\"(min-width: 0px) and (max-width: 480px) 480px, (min-width: 481px) and (max-width: 980px) 980px, (min-width: 981px) 1024px, 100vw\"><\/figure>\n<\/figure>\n\n\n\n<div data-wp-interactive=\"core\/file\" class=\"wp-block-file\"><object data-wp-bind--hidden=\"!state.hasPdfPreview\" hidden class=\"wp-block-file__embed\" data=\"https:\/\/fes-heidenheim.de\/gymnasium\/wp-content\/uploads\/sites\/8\/2023\/11\/FES-Schulbuecherei_Nutzungsordnung.pdf\" type=\"application\/pdf\" style=\"width:100%;height:600px\" aria-label=\"Einbettung von Einbettung von FES-Schulbuecherei_Nutzungsordnung..\"><\/object><a id=\"wp-block-file--media-b9637f08-f652-4dac-a424-a6f903edf0c3\" href=\"https:\/\/fes-heidenheim.de\/gymnasium\/wp-content\/uploads\/sites\/8\/2023\/11\/FES-Schulbuecherei_Nutzungsordnung.pdf\">FES-Schul\u00adbuecherei_Nutzung\u00adsor\u00add\u00adnung<\/a><a href=\"https:\/\/fes-heidenheim.de\/gymnasium\/wp-content\/uploads\/sites\/8\/2023\/11\/FES-Schulbuecherei_Nutzungsordnung.pdf\" class=\"wp-block-file__button\" download aria-describedby=\"wp-block-file--media-b9637f08-f652-4dac-a424-a6f903edf0c3\">Herun\u00adter\u00adladen<\/a><\/div>\n","protected":false},"excerpt":{"rendered":"<p>Bunte Luft\u00adbal\u00adlons schm\u00fcck\u00aden den Raum, die B\u00fcch\u00ader ste\u00adhen ordentlich in den Regalen, zwei gem\u00fctliche Relaxses\u00adsel laden zum Lesen ein \u2013 und dazu gibt es leckere Muffins f\u00fcr alle Erst\u00adbe\u00adsucherin\u00adnen&nbsp;und&nbsp;[\u2026]<\/p>\n","protected":false},"author":12,"featured_media":4869,"comment_status":"closed","ping_status":"open","sticky":false,"template":"","format":"standard","meta":{"_et_pb_use_builder":"","_et_pb_old_content":"","_et_gb_content_width":"","inline_featured_image":false,"wp_typography_post_enhancements_disabled":false,"footnotes":""},"categories":[1,30,29],"tags":[],"class_list":["post-4867","post","type-post","status-publish","format-standard","has-post-thumbnail","hentry","category-allgemein","category-fes-gymnasium","category-fes-realschule"],"yoast_head":"<!-- This site is optimized with the Yoast SEO plugin v27.4 - https:\/\/yoast.com\/product\/yoast-seo-wordpress\/ -->\n<title>Er\u00f6ffnung FES-Sch\u00fclerb\u00fccherei - Gymnasium | Freie Evangelische Schule und Kindertagesst\u00e4tte Heidenheim e. V.<\/title>\n<meta name=\"robots\" content=\"index, follow, max-snippet:-1, max-image-preview:large, max-video-preview:-1\" \/>\n<link rel=\"canonical\" href=\"https:\/\/fes-heidenheim.de\/gymnasium\/2023\/11\/16\/eroeffnung-fes-schuelerbuecherei\/\" \/>\n<meta property=\"og:locale\" content=\"de_DE\" \/>\n<meta property=\"og:type\" content=\"article\" \/>\n<meta property=\"og:title\" content=\"Er\u00f6ffnung FES-Sch\u00fclerb\u00fccherei - Gymnasium | Freie Evangelische Schule und Kindertagesst\u00e4tte Heidenheim e. V.\" \/>\n<meta property=\"og:description\" content=\"Bunte Luftballons schm\u00fccken den Raum, die B\u00fccher stehen ordentlich in den Regalen, zwei gem\u00fctliche Relaxsessel laden zum Lesen ein \u2013 und dazu gibt es leckere Muffins f\u00fcr alle Erstbesucherinnen und [&hellip;]\" \/>\n<meta property=\"og:url\" content=\"https:\/\/fes-heidenheim.de\/gymnasium\/2023\/11\/16\/eroeffnung-fes-schuelerbuecherei\/\" \/>\n<meta property=\"og:site_name\" content=\"Gymnasium | Freie Evangelische Schule und Kindertagesst\u00e4tte Heidenheim e. V.\" \/>\n<meta property=\"article:published_time\" content=\"2023-11-16T11:31:53+00:00\" \/>\n<meta property=\"article:modified_time\" content=\"2023-11-16T11:32:29+00:00\" \/>\n<meta property=\"og:image\" content=\"https:\/\/fes-heidenheim.de\/gymnasium\/wp-content\/uploads\/sites\/8\/2023\/11\/Beitragsbild-zum-BLOG-Beitrag-FES-Schuelerbuecherei-scaled.jpg\" \/>\n\t<meta property=\"og:image:width\" content=\"2560\" \/>\n\t<meta property=\"og:image:height\" content=\"1707\" \/>\n\t<meta property=\"og:image:type\" content=\"image\/jpeg\" \/>\n<meta name=\"twitter:card\" content=\"summary_large_image\" \/>\n<meta name=\"twitter:label1\" content=\"Verfasst von\" \/>\n\t<meta name=\"twitter:data1\" content=\"\" \/>\n\t<meta name=\"twitter:label2\" content=\"Gesch\u00e4tzte Lesezeit\" \/>\n\t<meta name=\"twitter:data2\" content=\"3\u00a0Minuten\" \/>\n<script type=\"application\/ld+json\" class=\"yoast-schema-graph\">{\"@context\":\"https:\\\/\\\/schema.org\",\"@graph\":[{\"@type\":\"Article\",\"@id\":\"https:\\\/\\\/fes-heidenheim.de\\\/gymnasium\\\/2023\\\/11\\\/16\\\/eroeffnung-fes-schuelerbuecherei\\\/#article\",\"isPartOf\":{\"@id\":\"https:\\\/\\\/fes-heidenheim.de\\\/gymnasium\\\/2023\\\/11\\\/16\\\/eroeffnung-fes-schuelerbuecherei\\\/\"},\"author\":{\"name\":\"\",\"@id\":\"\"},\"headline\":\"Er\u00f6ffnung FES-Sch\u00fclerb\u00fccherei\",\"datePublished\":\"2023-11-16T11:31:53+00:00\",\"dateModified\":\"2023-11-16T11:32:29+00:00\",\"mainEntityOfPage\":{\"@id\":\"https:\\\/\\\/fes-heidenheim.de\\\/gymnasium\\\/2023\\\/11\\\/16\\\/eroeffnung-fes-schuelerbuecherei\\\/\"},\"wordCount\":325,\"image\":{\"@id\":\"https:\\\/\\\/fes-heidenheim.de\\\/gymnasium\\\/2023\\\/11\\\/16\\\/eroeffnung-fes-schuelerbuecherei\\\/#primaryimage\"},\"thumbnailUrl\":\"https:\\\/\\\/fes-heidenheim.de\\\/gymnasium\\\/wp-content\\\/uploads\\\/sites\\\/8\\\/2023\\\/11\\\/Beitragsbild-zum-BLOG-Beitrag-FES-Schuelerbuecherei-scaled.jpg\",\"articleSection\":{\"1\":\"FES Gymnasium\",\"2\":\"FES Realschule\"},\"inLanguage\":\"de\"},{\"@type\":\"WebPage\",\"@id\":\"https:\\\/\\\/fes-heidenheim.de\\\/gymnasium\\\/2023\\\/11\\\/16\\\/eroeffnung-fes-schuelerbuecherei\\\/\",\"url\":\"https:\\\/\\\/fes-heidenheim.de\\\/gymnasium\\\/2023\\\/11\\\/16\\\/eroeffnung-fes-schuelerbuecherei\\\/\",\"name\":\"Er\u00f6ffnung FES-Sch\u00fclerb\u00fccherei - Gymnasium | Freie Evangelische Schule und Kindertagesst\u00e4tte Heidenheim e. V.\",\"isPartOf\":{\"@id\":\"https:\\\/\\\/fes-heidenheim.de\\\/gymnasium\\\/#website\"},\"primaryImageOfPage\":{\"@id\":\"https:\\\/\\\/fes-heidenheim.de\\\/gymnasium\\\/2023\\\/11\\\/16\\\/eroeffnung-fes-schuelerbuecherei\\\/#primaryimage\"},\"image\":{\"@id\":\"https:\\\/\\\/fes-heidenheim.de\\\/gymnasium\\\/2023\\\/11\\\/16\\\/eroeffnung-fes-schuelerbuecherei\\\/#primaryimage\"},\"thumbnailUrl\":\"https:\\\/\\\/fes-heidenheim.de\\\/gymnasium\\\/wp-content\\\/uploads\\\/sites\\\/8\\\/2023\\\/11\\\/Beitragsbild-zum-BLOG-Beitrag-FES-Schuelerbuecherei-scaled.jpg\",\"datePublished\":\"2023-11-16T11:31:53+00:00\",\"dateModified\":\"2023-11-16T11:32:29+00:00\",\"author\":{\"@id\":\"\"},\"breadcrumb\":{\"@id\":\"https:\\\/\\\/fes-heidenheim.de\\\/gymnasium\\\/2023\\\/11\\\/16\\\/eroeffnung-fes-schuelerbuecherei\\\/#breadcrumb\"},\"inLanguage\":\"de\",\"potentialAction\":[{\"@type\":\"ReadAction\",\"target\":[\"https:\\\/\\\/fes-heidenheim.de\\\/gymnasium\\\/2023\\\/11\\\/16\\\/eroeffnung-fes-schuelerbuecherei\\\/\"]}]},{\"@type\":\"ImageObject\",\"inLanguage\":\"de\",\"@id\":\"https:\\\/\\\/fes-heidenheim.de\\\/gymnasium\\\/2023\\\/11\\\/16\\\/eroeffnung-fes-schuelerbuecherei\\\/#primaryimage\",\"url\":\"https:\\\/\\\/fes-heidenheim.de\\\/gymnasium\\\/wp-content\\\/uploads\\\/sites\\\/8\\\/2023\\\/11\\\/Beitragsbild-zum-BLOG-Beitrag-FES-Schuelerbuecherei-scaled.jpg\",\"contentUrl\":\"https:\\\/\\\/fes-heidenheim.de\\\/gymnasium\\\/wp-content\\\/uploads\\\/sites\\\/8\\\/2023\\\/11\\\/Beitragsbild-zum-BLOG-Beitrag-FES-Schuelerbuecherei-scaled.jpg\",\"width\":2560,\"height\":1707},{\"@type\":\"BreadcrumbList\",\"@id\":\"https:\\\/\\\/fes-heidenheim.de\\\/gymnasium\\\/2023\\\/11\\\/16\\\/eroeffnung-fes-schuelerbuecherei\\\/#breadcrumb\",\"itemListElement\":[{\"@type\":\"ListItem\",\"position\":1,\"name\":\"Startseite\",\"item\":\"https:\\\/\\\/fes-heidenheim.de\\\/gymnasium\\\/\"},{\"@type\":\"ListItem\",\"position\":2,\"name\":\"Er\u00f6ffnung FES-Sch\u00fclerb\u00fccherei\"}]},{\"@type\":\"WebSite\",\"@id\":\"https:\\\/\\\/fes-heidenheim.de\\\/gymnasium\\\/#website\",\"url\":\"https:\\\/\\\/fes-heidenheim.de\\\/gymnasium\\\/\",\"name\":\"Gymnasium | Freie Evangelische Schule und Kindertagesst\u00e4tte Heidenheim e. V.\",\"description\":\"Eine weitere Freie Evangelische Schule Heidenheim e.V. Websites Website\",\"potentialAction\":[{\"@type\":\"SearchAction\",\"target\":{\"@type\":\"EntryPoint\",\"urlTemplate\":\"https:\\\/\\\/fes-heidenheim.de\\\/gymnasium\\\/?s={search_term_string}\"},\"query-input\":{\"@type\":\"PropertyValueSpecification\",\"valueRequired\":true,\"valueName\":\"search_term_string\"}}],\"inLanguage\":\"de\"},{\"@type\":\"Person\",\"@id\":\"\",\"url\":\"https:\\\/\\\/fes-heidenheim.de\\\/gymnasium\\\/author\\\/\"}]}<\/script>\n<!-- \/ Yoast SEO plugin. -->","yoast_head_json":{"title":"Er\u00f6ffnung FES-Sch\u00fclerb\u00fccherei - Gymnasium | Freie Evangelische Schule und Kindertagesst\u00e4tte Heidenheim e. V.","robots":{"index":"index","follow":"follow","max-snippet":"max-snippet:-1","max-image-preview":"max-image-preview:large","max-video-preview":"max-video-preview:-1"},"canonical":"https:\/\/fes-heidenheim.de\/gymnasium\/2023\/11\/16\/eroeffnung-fes-schuelerbuecherei\/","og_locale":"de_DE","og_type":"article","og_title":"Er\u00f6ffnung FES-Sch\u00fclerb\u00fccherei - Gymnasium | Freie Evangelische Schule und Kindertagesst\u00e4tte Heidenheim e. V.","og_description":"Bunte Luftballons schm\u00fccken den Raum, die B\u00fccher stehen ordentlich in den Regalen, zwei gem\u00fctliche Relaxsessel laden zum Lesen ein \u2013 und dazu gibt es leckere Muffins f\u00fcr alle Erstbesucherinnen und [&hellip;]","og_url":"https:\/\/fes-heidenheim.de\/gymnasium\/2023\/11\/16\/eroeffnung-fes-schuelerbuecherei\/","og_site_name":"Gymnasium | Freie Evangelische Schule und Kindertagesst\u00e4tte Heidenheim e. V.","article_published_time":"2023-11-16T11:31:53+00:00","article_modified_time":"2023-11-16T11:32:29+00:00","og_image":[{"width":2560,"height":1707,"url":"https:\/\/fes-heidenheim.de\/gymnasium\/wp-content\/uploads\/sites\/8\/2023\/11\/Beitragsbild-zum-BLOG-Beitrag-FES-Schuelerbuecherei-scaled.jpg","type":"image\/jpeg"}],"twitter_card":"summary_large_image","twitter_misc":{"Verfasst von":"","Gesch\u00e4tzte Lesezeit":"3\u00a0Minuten"},"schema":{"@context":"https:\/\/schema.org","@graph":[{"@type":"Article","@id":"https:\/\/fes-heidenheim.de\/gymnasium\/2023\/11\/16\/eroeffnung-fes-schuelerbuecherei\/#article","isPartOf":{"@id":"https:\/\/fes-heidenheim.de\/gymnasium\/2023\/11\/16\/eroeffnung-fes-schuelerbuecherei\/"},"author":{"name":"","@id":""},"headline":"Er\u00f6ffnung FES-Sch\u00fclerb\u00fccherei","datePublished":"2023-11-16T11:31:53+00:00","dateModified":"2023-11-16T11:32:29+00:00","mainEntityOfPage":{"@id":"https:\/\/fes-heidenheim.de\/gymnasium\/2023\/11\/16\/eroeffnung-fes-schuelerbuecherei\/"},"wordCount":325,"image":{"@id":"https:\/\/fes-heidenheim.de\/gymnasium\/2023\/11\/16\/eroeffnung-fes-schuelerbuecherei\/#primaryimage"},"thumbnailUrl":"https:\/\/fes-heidenheim.de\/gymnasium\/wp-content\/uploads\/sites\/8\/2023\/11\/Beitragsbild-zum-BLOG-Beitrag-FES-Schuelerbuecherei-scaled.jpg","articleSection":{"1":"FES Gymnasium","2":"FES Realschule"},"inLanguage":"de"},{"@type":"WebPage","@id":"https:\/\/fes-heidenheim.de\/gymnasium\/2023\/11\/16\/eroeffnung-fes-schuelerbuecherei\/","url":"https:\/\/fes-heidenheim.de\/gymnasium\/2023\/11\/16\/eroeffnung-fes-schuelerbuecherei\/","name":"Er\u00f6ffnung FES-Sch\u00fclerb\u00fccherei - Gymnasium | Freie Evangelische Schule und Kindertagesst\u00e4tte Heidenheim e. V.","isPartOf":{"@id":"https:\/\/fes-heidenheim.de\/gymnasium\/#website"},"primaryImageOfPage":{"@id":"https:\/\/fes-heidenheim.de\/gymnasium\/2023\/11\/16\/eroeffnung-fes-schuelerbuecherei\/#primaryimage"},"image":{"@id":"https:\/\/fes-heidenheim.de\/gymnasium\/2023\/11\/16\/eroeffnung-fes-schuelerbuecherei\/#primaryimage"},"thumbnailUrl":"https:\/\/fes-heidenheim.de\/gymnasium\/wp-content\/uploads\/sites\/8\/2023\/11\/Beitragsbild-zum-BLOG-Beitrag-FES-Schuelerbuecherei-scaled.jpg","datePublished":"2023-11-16T11:31:53+00:00","dateModified":"2023-11-16T11:32:29+00:00","author":{"@id":""},"breadcrumb":{"@id":"https:\/\/fes-heidenheim.de\/gymnasium\/2023\/11\/16\/eroeffnung-fes-schuelerbuecherei\/#breadcrumb"},"inLanguage":"de","potentialAction":[{"@type":"ReadAction","target":["https:\/\/fes-heidenheim.de\/gymnasium\/2023\/11\/16\/eroeffnung-fes-schuelerbuecherei\/"]}]},{"@type":"ImageObject","inLanguage":"de","@id":"https:\/\/fes-heidenheim.de\/gymnasium\/2023\/11\/16\/eroeffnung-fes-schuelerbuecherei\/#primaryimage","url":"https:\/\/fes-heidenheim.de\/gymnasium\/wp-content\/uploads\/sites\/8\/2023\/11\/Beitragsbild-zum-BLOG-Beitrag-FES-Schuelerbuecherei-scaled.jpg","contentUrl":"https:\/\/fes-heidenheim.de\/gymnasium\/wp-content\/uploads\/sites\/8\/2023\/11\/Beitragsbild-zum-BLOG-Beitrag-FES-Schuelerbuecherei-scaled.jpg","width":2560,"height":1707},{"@type":"BreadcrumbList","@id":"https:\/\/fes-heidenheim.de\/gymnasium\/2023\/11\/16\/eroeffnung-fes-schuelerbuecherei\/#breadcrumb","itemListElement":[{"@type":"ListItem","position":1,"name":"Startseite","item":"https:\/\/fes-heidenheim.de\/gymnasium\/"},{"@type":"ListItem","position":2,"name":"Er\u00f6ffnung FES-Sch\u00fclerb\u00fccherei"}]},{"@type":"WebSite","@id":"https:\/\/fes-heidenheim.de\/gymnasium\/#website","url":"https:\/\/fes-heidenheim.de\/gymnasium\/","name":"Gymnasium | Freie Evangelische Schule und Kindertagesst\u00e4tte Heidenheim e. V.","description":"Eine weitere Freie Evangelische Schule Heidenheim e.V. Websites Website","potentialAction":[{"@type":"SearchAction","target":{"@type":"EntryPoint","urlTemplate":"https:\/\/fes-heidenheim.de\/gymnasium\/?s={search_term_string}"},"query-input":{"@type":"PropertyValueSpecification","valueRequired":true,"valueName":"search_term_string"}}],"inLanguage":"de"},{"@type":"Person","@id":"","url":"https:\/\/fes-heidenheim.de\/gymnasium\/author\/"}]}},"_links":{"self":[{"href":"https:\/\/fes-heidenheim.de\/gymnasium\/wp-json\/wp\/v2\/posts\/4867","targetHints":{"allow":["GET"]}}],"collection":[{"href":"https:\/\/fes-heidenheim.de\/gymnasium\/wp-json\/wp\/v2\/posts"}],"about":[{"href":"https:\/\/fes-heidenheim.de\/gymnasium\/wp-json\/wp\/v2\/types\/post"}],"author":[{"embeddable":true,"href":"https:\/\/fes-heidenheim.de\/gymnasium\/wp-json\/wp\/v2\/users\/12"}],"replies":[{"embeddable":true,"href":"https:\/\/fes-heidenheim.de\/gymnasium\/wp-json\/wp\/v2\/comments?post=4867"}],"version-history":[{"count":1,"href":"https:\/\/fes-heidenheim.de\/gymnasium\/wp-json\/wp\/v2\/posts\/4867\/revisions"}],"predecessor-version":[{"id":4885,"href":"https:\/\/fes-heidenheim.de\/gymnasium\/wp-json\/wp\/v2\/posts\/4867\/revisions\/4885"}],"wp:featuredmedia":[{"embeddable":true,"href":"https:\/\/fes-heidenheim.de\/gymnasium\/wp-json\/wp\/v2\/media\/4869"}],"wp:attachment":[{"href":"https:\/\/fes-heidenheim.de\/gymnasium\/wp-json\/wp\/v2\/media?parent=4867"}],"wp:term":[{"taxonomy":"category","embeddable":true,"href":"https:\/\/fes-heidenheim.de\/gymnasium\/wp-json\/wp\/v2\/categories?post=4867"},{"taxonomy":"post_tag","embeddable":true,"href":"https:\/\/fes-heidenheim.de\/gymnasium\/wp-json\/wp\/v2\/tags?post=4867"}],"curies":[{"name":"wp","href":"https:\/\/api.w.org\/{rel}","templated":true}]}}