{"id":5168,"date":"2024-02-08T13:42:52","date_gmt":"2024-02-08T12:42:52","guid":{"rendered":"https:\/\/fes-heidenheim.de\/gymnasium\/2024\/02\/08\/kreativitaet-duftseife-sport-und-fremdsprachen\/"},"modified":"2024-02-08T13:42:52","modified_gmt":"2024-02-08T12:42:52","slug":"kreativitaet-duftseife-sport-und-fremdsprachen","status":"publish","type":"post","link":"https:\/\/fes-heidenheim.de\/gymnasium\/2024\/02\/08\/kreativitaet-duftseife-sport-und-fremdsprachen\/","title":{"rendered":"Kreativit\u00e4t, Duftseife, Sport und Fremdsprachen\u2026"},"content":{"rendered":"\n<h3 class=\"wp-block-heading\"><strong>Ein vielf\u00e4ltiges Workshop-Angebot erwartet die Sch\u00fcler jeden Dienstag an FES-Realschule und FES-Gymnasium im Workshop-Angebot<\/strong><\/h3>\n\n\n\n<p>Auch im 2.Schulhalbjahr bietet die FES Hei\u00adden\u00adheim wieder ein bre\u00adites Ange\u00adbot an <strong>A<\/strong>rbeits<strong>G<\/strong>emein\u00adschaften an.<\/p>\n\n\n\n<p>\u00a1Hola! \u00bfQu\u00e9 tal? Hinein\u00adschnup\u00adpern in eine mod\u00aderne Fremd\u00adsprache und dabei spielerisch die ersten Schritte im Spanis\u00adchen gehen: Das k\u00f6n\u00adnen inter\u00adessierte Sch\u00fc\u00adlerin\u00adnen und Sch\u00fcler in der <strong>Spanisch-AG<\/strong>.<\/p>\n\n\n\n<p>K\u00fcchenkr\u00e4uter, Obst, Gem\u00fcse \u2014 und auch bl\u00fchende Blu\u00admen oder Pflanzen, die man im Wald oder bei uns auf der Hei\u00adde find\u00aden kann: Wozu sind sie gut, welche sind genie\u00dfbar? Woraus kann ich sel\u00adber einen Tee her\u00adstellen, wie kann ich den Duft von Rosen\u00adbl\u00e4t\u00adtern oder Laven\u00addel\u00adbl\u00fcten halt\u00adbar machen, aus welchen Pflanzen kann man \u00d6l, aro\u00adma\u00adtisierten Essig oder eine Duft\u00adseife her\u00adstellen? Aus\u00adpro\u00adbieren streng\u00adstens erlaubt \u2013 in der Sch\u00fcler-<strong>Garten-AG<\/strong> im 2.Schulhalbjahr.<\/p>\n\n\n\n<p>Wer sich lieber sportlich bet\u00e4tigt und in der Schulzeit schon genug gel\u00adernt hat, der kann in der beliebten <strong>Tanz-AG<\/strong> das Tanzbein schwin\u00adgen und ordentlich Rhyth\u00admus aufs Par\u00adkett leg\u00aden. All der Schul\u00adstress wird mith\u00adil\u00adfe cool\u00ader Beats abgesch\u00fct\u00adtelt. Und f\u00fcr das neue Musik\u00adthe\u00adater\u00adpro\u00adjekt der 5.Klassen wird ein neuer Tanz einge\u00fcbt.<\/p>\n\n\n\n<p>In der <strong>Pock\u00adet\u00adbike-AG<\/strong> wer\u00adden wir uns in The\u00ado\u00adrie und Prax\u00adis mit der Funk\u00adtion\u00adsweise von Zweitak\u00adt\u00admo\u00adtoren auseinan\u00adder\u00adset\u00adzen. Wir wer\u00adden Motoren auseinan\u00addernehmen, mit den FES-Pock\u00adet\u00adbikes auf dem Schul\u00adhof fahren, kleinere Repara\u00adturen durch\u00adf\u00fchren, Slalom\u00adpar\u00adcours bew\u00e4lti\u00adgen und vieles mehr! Mit anderen Worten: Der Geruch von Ben\u00adzin, \u00f6lige H\u00e4nde, Tech\u00adnik und Action begleit\u00aden uns in der&nbsp;AG!<\/p>\n\n\n\n<p>Apro\u00adpos Sport und Musik, die darf nat\u00fcr\u00adlich auch nicht zu kurz kom\u00admen: An der FES k\u00f6n\u00adnen die Sch\u00fc\u00adlerin\u00adnen und Sch\u00fcler sich kreativ ent\u00adfal\u00adten in der <strong>Schul\u00adband<\/strong><strong>-AG<\/strong> oder zu sportlichen H\u00f6ch\u00adstleis\u00adtun\u00adgen auflaufen, z.B. in der <strong>Street\u00adball-AG<\/strong> oder der <strong>Fu\u00dfball-AG<\/strong> \u2013 in Koop\u00ader\u00ada\u00adtion mit dem 1.FCH.<\/p>\n\n\n\n<p>Diese und noch weit\u00adere span\u00adnende AGs erwarten die Sch\u00fc\u00adlerIn\u00adnen auch zum 2.Schulhalbjahr an der FES. Es ist also f\u00fcr jeden Geschmack etwas dabei und bietet einen gelun\u00adgenen Abschluss eines stres\u00adsi\u00adgen Schulalltags.<\/p>\n","protected":false},"excerpt":{"rendered":"<p>Ein vielf\u00e4ltiges Work\u00adshop-Ange\u00adbot erwartet die Sch\u00fcler jeden Dien\u00adstag an FES-Realschule und FES-Gym\u00adna\u00adsi\u00adum im Work\u00adshop-Ange\u00adbot Auch im 2.Schulhalbjahr bietet die FES Hei\u00adden\u00adheim wieder ein bre\u00adites Ange\u00adbot an ArbeitsGemein\u00adschaften an. \u00a1Hola! \u00bfQu\u00e9 [\u2026]<\/p>\n","protected":false},"author":1,"featured_media":5169,"comment_status":"closed","ping_status":"open","sticky":false,"template":"","format":"standard","meta":{"_et_pb_use_builder":"off","_et_pb_old_content":"","_et_gb_content_width":"","inline_featured_image":false,"wp_typography_post_enhancements_disabled":false,"footnotes":""},"categories":[30,29],"tags":[],"class_list":["post-5168","post","type-post","status-publish","format-standard","has-post-thumbnail","hentry","category-fes-gymnasium","category-fes-realschule"],"yoast_head":"<!-- This site is optimized with the Yoast SEO plugin v27.4 - https:\/\/yoast.com\/product\/yoast-seo-wordpress\/ -->\n<title>Kreativit\u00e4t, Duftseife, Sport und Fremdsprachen... - Gymnasium | Freie Evangelische Schule und Kindertagesst\u00e4tte Heidenheim e. V.<\/title>\n<meta name=\"robots\" content=\"index, follow, max-snippet:-1, max-image-preview:large, max-video-preview:-1\" \/>\n<link rel=\"canonical\" href=\"https:\/\/fes-heidenheim.de\/gymnasium\/2024\/02\/08\/kreativitaet-duftseife-sport-und-fremdsprachen\/\" \/>\n<meta property=\"og:locale\" content=\"de_DE\" \/>\n<meta property=\"og:type\" content=\"article\" \/>\n<meta property=\"og:title\" content=\"Kreativit\u00e4t, Duftseife, Sport und Fremdsprachen... - Gymnasium | Freie Evangelische Schule und Kindertagesst\u00e4tte Heidenheim e. V.\" \/>\n<meta property=\"og:description\" content=\"Ein vielf\u00e4ltiges Workshop-Angebot erwartet die Sch\u00fcler jeden Dienstag an FES-Realschule und FES-Gymnasium im Workshop-Angebot Auch im 2.Schulhalbjahr bietet die FES Hei\u00adden\u00adheim wieder ein bre\u00adites Ange\u00adbot an ArbeitsGemein\u00adschaften an. \u00a1Hola! \u00bfQu\u00e9 [&hellip;]\" \/>\n<meta property=\"og:url\" content=\"https:\/\/fes-heidenheim.de\/gymnasium\/2024\/02\/08\/kreativitaet-duftseife-sport-und-fremdsprachen\/\" \/>\n<meta property=\"og:site_name\" content=\"Gymnasium | Freie Evangelische Schule und Kindertagesst\u00e4tte Heidenheim e. V.\" \/>\n<meta property=\"article:published_time\" content=\"2024-02-08T12:42:52+00:00\" \/>\n<meta property=\"og:image\" content=\"https:\/\/fes-heidenheim.de\/gymnasium\/wp-content\/uploads\/sites\/8\/2024\/02\/Beitragsbild-zum-BLOG-Beitrag-AG-Angebote-1.Schulhalbjahr-2023-24-scaled-2.jpg\" \/>\n\t<meta property=\"og:image:width\" content=\"2560\" \/>\n\t<meta property=\"og:image:height\" content=\"1707\" \/>\n\t<meta property=\"og:image:type\" content=\"image\/jpeg\" \/>\n<meta name=\"author\" content=\"fes\" \/>\n<meta name=\"twitter:card\" content=\"summary_large_image\" \/>\n<meta name=\"twitter:label1\" content=\"Verfasst von\" \/>\n\t<meta name=\"twitter:data1\" content=\"fes\" \/>\n\t<meta name=\"twitter:label2\" content=\"Gesch\u00e4tzte Lesezeit\" \/>\n\t<meta name=\"twitter:data2\" content=\"2\u00a0Minuten\" \/>\n<script type=\"application\/ld+json\" class=\"yoast-schema-graph\">{\"@context\":\"https:\\\/\\\/schema.org\",\"@graph\":[{\"@type\":\"Article\",\"@id\":\"https:\\\/\\\/fes-heidenheim.de\\\/gymnasium\\\/2024\\\/02\\\/08\\\/kreativitaet-duftseife-sport-und-fremdsprachen\\\/#article\",\"isPartOf\":{\"@id\":\"https:\\\/\\\/fes-heidenheim.de\\\/gymnasium\\\/2024\\\/02\\\/08\\\/kreativitaet-duftseife-sport-und-fremdsprachen\\\/\"},\"author\":{\"name\":\"fes\",\"@id\":\"https:\\\/\\\/fes-heidenheim.de\\\/gymnasium\\\/#\\\/schema\\\/person\\\/e8b717a48deac1a9531664496e910db7\"},\"headline\":\"Kreativit\u00e4t, Duftseife, Sport und Fremdsprachen\u2026\",\"datePublished\":\"2024-02-08T12:42:52+00:00\",\"mainEntityOfPage\":{\"@id\":\"https:\\\/\\\/fes-heidenheim.de\\\/gymnasium\\\/2024\\\/02\\\/08\\\/kreativitaet-duftseife-sport-und-fremdsprachen\\\/\"},\"wordCount\":331,\"image\":{\"@id\":\"https:\\\/\\\/fes-heidenheim.de\\\/gymnasium\\\/2024\\\/02\\\/08\\\/kreativitaet-duftseife-sport-und-fremdsprachen\\\/#primaryimage\"},\"thumbnailUrl\":\"https:\\\/\\\/fes-heidenheim.de\\\/gymnasium\\\/wp-content\\\/uploads\\\/sites\\\/8\\\/2024\\\/02\\\/Beitragsbild-zum-BLOG-Beitrag-AG-Angebote-1.Schulhalbjahr-2023-24-scaled-2.jpg\",\"articleSection\":[\"FES Gymnasium\",\"FES Realschule\"],\"inLanguage\":\"de\"},{\"@type\":\"WebPage\",\"@id\":\"https:\\\/\\\/fes-heidenheim.de\\\/gymnasium\\\/2024\\\/02\\\/08\\\/kreativitaet-duftseife-sport-und-fremdsprachen\\\/\",\"url\":\"https:\\\/\\\/fes-heidenheim.de\\\/gymnasium\\\/2024\\\/02\\\/08\\\/kreativitaet-duftseife-sport-und-fremdsprachen\\\/\",\"name\":\"Kreativit\u00e4t, Duftseife, Sport und Fremdsprachen... - Gymnasium | Freie Evangelische Schule und Kindertagesst\u00e4tte Heidenheim e. V.\",\"isPartOf\":{\"@id\":\"https:\\\/\\\/fes-heidenheim.de\\\/gymnasium\\\/#website\"},\"primaryImageOfPage\":{\"@id\":\"https:\\\/\\\/fes-heidenheim.de\\\/gymnasium\\\/2024\\\/02\\\/08\\\/kreativitaet-duftseife-sport-und-fremdsprachen\\\/#primaryimage\"},\"image\":{\"@id\":\"https:\\\/\\\/fes-heidenheim.de\\\/gymnasium\\\/2024\\\/02\\\/08\\\/kreativitaet-duftseife-sport-und-fremdsprachen\\\/#primaryimage\"},\"thumbnailUrl\":\"https:\\\/\\\/fes-heidenheim.de\\\/gymnasium\\\/wp-content\\\/uploads\\\/sites\\\/8\\\/2024\\\/02\\\/Beitragsbild-zum-BLOG-Beitrag-AG-Angebote-1.Schulhalbjahr-2023-24-scaled-2.jpg\",\"datePublished\":\"2024-02-08T12:42:52+00:00\",\"author\":{\"@id\":\"https:\\\/\\\/fes-heidenheim.de\\\/gymnasium\\\/#\\\/schema\\\/person\\\/e8b717a48deac1a9531664496e910db7\"},\"breadcrumb\":{\"@id\":\"https:\\\/\\\/fes-heidenheim.de\\\/gymnasium\\\/2024\\\/02\\\/08\\\/kreativitaet-duftseife-sport-und-fremdsprachen\\\/#breadcrumb\"},\"inLanguage\":\"de\",\"potentialAction\":[{\"@type\":\"ReadAction\",\"target\":[\"https:\\\/\\\/fes-heidenheim.de\\\/gymnasium\\\/2024\\\/02\\\/08\\\/kreativitaet-duftseife-sport-und-fremdsprachen\\\/\"]}]},{\"@type\":\"ImageObject\",\"inLanguage\":\"de\",\"@id\":\"https:\\\/\\\/fes-heidenheim.de\\\/gymnasium\\\/2024\\\/02\\\/08\\\/kreativitaet-duftseife-sport-und-fremdsprachen\\\/#primaryimage\",\"url\":\"https:\\\/\\\/fes-heidenheim.de\\\/gymnasium\\\/wp-content\\\/uploads\\\/sites\\\/8\\\/2024\\\/02\\\/Beitragsbild-zum-BLOG-Beitrag-AG-Angebote-1.Schulhalbjahr-2023-24-scaled-2.jpg\",\"contentUrl\":\"https:\\\/\\\/fes-heidenheim.de\\\/gymnasium\\\/wp-content\\\/uploads\\\/sites\\\/8\\\/2024\\\/02\\\/Beitragsbild-zum-BLOG-Beitrag-AG-Angebote-1.Schulhalbjahr-2023-24-scaled-2.jpg\",\"width\":2560,\"height\":1707},{\"@type\":\"BreadcrumbList\",\"@id\":\"https:\\\/\\\/fes-heidenheim.de\\\/gymnasium\\\/2024\\\/02\\\/08\\\/kreativitaet-duftseife-sport-und-fremdsprachen\\\/#breadcrumb\",\"itemListElement\":[{\"@type\":\"ListItem\",\"position\":1,\"name\":\"Startseite\",\"item\":\"https:\\\/\\\/fes-heidenheim.de\\\/gymnasium\\\/\"},{\"@type\":\"ListItem\",\"position\":2,\"name\":\"Kreativit\u00e4t, Duftseife, Sport und Fremdsprachen\u2026\"}]},{\"@type\":\"WebSite\",\"@id\":\"https:\\\/\\\/fes-heidenheim.de\\\/gymnasium\\\/#website\",\"url\":\"https:\\\/\\\/fes-heidenheim.de\\\/gymnasium\\\/\",\"name\":\"Gymnasium | Freie Evangelische Schule und Kindertagesst\u00e4tte Heidenheim e. V.\",\"description\":\"Eine weitere Freie Evangelische Schule Heidenheim e.V. Websites Website\",\"potentialAction\":[{\"@type\":\"SearchAction\",\"target\":{\"@type\":\"EntryPoint\",\"urlTemplate\":\"https:\\\/\\\/fes-heidenheim.de\\\/gymnasium\\\/?s={search_term_string}\"},\"query-input\":{\"@type\":\"PropertyValueSpecification\",\"valueRequired\":true,\"valueName\":\"search_term_string\"}}],\"inLanguage\":\"de\"},{\"@type\":\"Person\",\"@id\":\"https:\\\/\\\/fes-heidenheim.de\\\/gymnasium\\\/#\\\/schema\\\/person\\\/e8b717a48deac1a9531664496e910db7\",\"name\":\"fes\",\"image\":{\"@type\":\"ImageObject\",\"inLanguage\":\"de\",\"@id\":\"https:\\\/\\\/secure.gravatar.com\\\/avatar\\\/effdf0474358ff27f1e16eb3157eee659b464c36afe22d3bed195415271415a3?s=96&d=mm&r=g\",\"url\":\"https:\\\/\\\/secure.gravatar.com\\\/avatar\\\/effdf0474358ff27f1e16eb3157eee659b464c36afe22d3bed195415271415a3?s=96&d=mm&r=g\",\"contentUrl\":\"https:\\\/\\\/secure.gravatar.com\\\/avatar\\\/effdf0474358ff27f1e16eb3157eee659b464c36afe22d3bed195415271415a3?s=96&d=mm&r=g\",\"caption\":\"fes\"},\"url\":\"https:\\\/\\\/fes-heidenheim.de\\\/gymnasium\\\/author\\\/fes\\\/\"}]}<\/script>\n<!-- \/ Yoast SEO plugin. -->","yoast_head_json":{"title":"Kreativit\u00e4t, Duftseife, Sport und Fremdsprachen... - Gymnasium | Freie Evangelische Schule und Kindertagesst\u00e4tte Heidenheim e. V.","robots":{"index":"index","follow":"follow","max-snippet":"max-snippet:-1","max-image-preview":"max-image-preview:large","max-video-preview":"max-video-preview:-1"},"canonical":"https:\/\/fes-heidenheim.de\/gymnasium\/2024\/02\/08\/kreativitaet-duftseife-sport-und-fremdsprachen\/","og_locale":"de_DE","og_type":"article","og_title":"Kreativit\u00e4t, Duftseife, Sport und Fremdsprachen... - Gymnasium | Freie Evangelische Schule und Kindertagesst\u00e4tte Heidenheim e. V.","og_description":"Ein vielf\u00e4ltiges Workshop-Angebot erwartet die Sch\u00fcler jeden Dienstag an FES-Realschule und FES-Gymnasium im Workshop-Angebot Auch im 2.Schulhalbjahr bietet die FES Hei\u00adden\u00adheim wieder ein bre\u00adites Ange\u00adbot an ArbeitsGemein\u00adschaften an. \u00a1Hola! \u00bfQu\u00e9 [&hellip;]","og_url":"https:\/\/fes-heidenheim.de\/gymnasium\/2024\/02\/08\/kreativitaet-duftseife-sport-und-fremdsprachen\/","og_site_name":"Gymnasium | Freie Evangelische Schule und Kindertagesst\u00e4tte Heidenheim e. V.","article_published_time":"2024-02-08T12:42:52+00:00","og_image":[{"width":2560,"height":1707,"url":"https:\/\/fes-heidenheim.de\/gymnasium\/wp-content\/uploads\/sites\/8\/2024\/02\/Beitragsbild-zum-BLOG-Beitrag-AG-Angebote-1.Schulhalbjahr-2023-24-scaled-2.jpg","type":"image\/jpeg"}],"author":"fes","twitter_card":"summary_large_image","twitter_misc":{"Verfasst von":"fes","Gesch\u00e4tzte Lesezeit":"2\u00a0Minuten"},"schema":{"@context":"https:\/\/schema.org","@graph":[{"@type":"Article","@id":"https:\/\/fes-heidenheim.de\/gymnasium\/2024\/02\/08\/kreativitaet-duftseife-sport-und-fremdsprachen\/#article","isPartOf":{"@id":"https:\/\/fes-heidenheim.de\/gymnasium\/2024\/02\/08\/kreativitaet-duftseife-sport-und-fremdsprachen\/"},"author":{"name":"fes","@id":"https:\/\/fes-heidenheim.de\/gymnasium\/#\/schema\/person\/e8b717a48deac1a9531664496e910db7"},"headline":"Kreativit\u00e4t, Duftseife, Sport und Fremdsprachen\u2026","datePublished":"2024-02-08T12:42:52+00:00","mainEntityOfPage":{"@id":"https:\/\/fes-heidenheim.de\/gymnasium\/2024\/02\/08\/kreativitaet-duftseife-sport-und-fremdsprachen\/"},"wordCount":331,"image":{"@id":"https:\/\/fes-heidenheim.de\/gymnasium\/2024\/02\/08\/kreativitaet-duftseife-sport-und-fremdsprachen\/#primaryimage"},"thumbnailUrl":"https:\/\/fes-heidenheim.de\/gymnasium\/wp-content\/uploads\/sites\/8\/2024\/02\/Beitragsbild-zum-BLOG-Beitrag-AG-Angebote-1.Schulhalbjahr-2023-24-scaled-2.jpg","articleSection":["FES Gymnasium","FES Realschule"],"inLanguage":"de"},{"@type":"WebPage","@id":"https:\/\/fes-heidenheim.de\/gymnasium\/2024\/02\/08\/kreativitaet-duftseife-sport-und-fremdsprachen\/","url":"https:\/\/fes-heidenheim.de\/gymnasium\/2024\/02\/08\/kreativitaet-duftseife-sport-und-fremdsprachen\/","name":"Kreativit\u00e4t, Duftseife, Sport und Fremdsprachen... - Gymnasium | Freie Evangelische Schule und Kindertagesst\u00e4tte Heidenheim e. V.","isPartOf":{"@id":"https:\/\/fes-heidenheim.de\/gymnasium\/#website"},"primaryImageOfPage":{"@id":"https:\/\/fes-heidenheim.de\/gymnasium\/2024\/02\/08\/kreativitaet-duftseife-sport-und-fremdsprachen\/#primaryimage"},"image":{"@id":"https:\/\/fes-heidenheim.de\/gymnasium\/2024\/02\/08\/kreativitaet-duftseife-sport-und-fremdsprachen\/#primaryimage"},"thumbnailUrl":"https:\/\/fes-heidenheim.de\/gymnasium\/wp-content\/uploads\/sites\/8\/2024\/02\/Beitragsbild-zum-BLOG-Beitrag-AG-Angebote-1.Schulhalbjahr-2023-24-scaled-2.jpg","datePublished":"2024-02-08T12:42:52+00:00","author":{"@id":"https:\/\/fes-heidenheim.de\/gymnasium\/#\/schema\/person\/e8b717a48deac1a9531664496e910db7"},"breadcrumb":{"@id":"https:\/\/fes-heidenheim.de\/gymnasium\/2024\/02\/08\/kreativitaet-duftseife-sport-und-fremdsprachen\/#breadcrumb"},"inLanguage":"de","potentialAction":[{"@type":"ReadAction","target":["https:\/\/fes-heidenheim.de\/gymnasium\/2024\/02\/08\/kreativitaet-duftseife-sport-und-fremdsprachen\/"]}]},{"@type":"ImageObject","inLanguage":"de","@id":"https:\/\/fes-heidenheim.de\/gymnasium\/2024\/02\/08\/kreativitaet-duftseife-sport-und-fremdsprachen\/#primaryimage","url":"https:\/\/fes-heidenheim.de\/gymnasium\/wp-content\/uploads\/sites\/8\/2024\/02\/Beitragsbild-zum-BLOG-Beitrag-AG-Angebote-1.Schulhalbjahr-2023-24-scaled-2.jpg","contentUrl":"https:\/\/fes-heidenheim.de\/gymnasium\/wp-content\/uploads\/sites\/8\/2024\/02\/Beitragsbild-zum-BLOG-Beitrag-AG-Angebote-1.Schulhalbjahr-2023-24-scaled-2.jpg","width":2560,"height":1707},{"@type":"BreadcrumbList","@id":"https:\/\/fes-heidenheim.de\/gymnasium\/2024\/02\/08\/kreativitaet-duftseife-sport-und-fremdsprachen\/#breadcrumb","itemListElement":[{"@type":"ListItem","position":1,"name":"Startseite","item":"https:\/\/fes-heidenheim.de\/gymnasium\/"},{"@type":"ListItem","position":2,"name":"Kreativit\u00e4t, Duftseife, Sport und Fremdsprachen\u2026"}]},{"@type":"WebSite","@id":"https:\/\/fes-heidenheim.de\/gymnasium\/#website","url":"https:\/\/fes-heidenheim.de\/gymnasium\/","name":"Gymnasium | Freie Evangelische Schule und Kindertagesst\u00e4tte Heidenheim e. V.","description":"Eine weitere Freie Evangelische Schule Heidenheim e.V. Websites Website","potentialAction":[{"@type":"SearchAction","target":{"@type":"EntryPoint","urlTemplate":"https:\/\/fes-heidenheim.de\/gymnasium\/?s={search_term_string}"},"query-input":{"@type":"PropertyValueSpecification","valueRequired":true,"valueName":"search_term_string"}}],"inLanguage":"de"},{"@type":"Person","@id":"https:\/\/fes-heidenheim.de\/gymnasium\/#\/schema\/person\/e8b717a48deac1a9531664496e910db7","name":"fes","image":{"@type":"ImageObject","inLanguage":"de","@id":"https:\/\/secure.gravatar.com\/avatar\/effdf0474358ff27f1e16eb3157eee659b464c36afe22d3bed195415271415a3?s=96&d=mm&r=g","url":"https:\/\/secure.gravatar.com\/avatar\/effdf0474358ff27f1e16eb3157eee659b464c36afe22d3bed195415271415a3?s=96&d=mm&r=g","contentUrl":"https:\/\/secure.gravatar.com\/avatar\/effdf0474358ff27f1e16eb3157eee659b464c36afe22d3bed195415271415a3?s=96&d=mm&r=g","caption":"fes"},"url":"https:\/\/fes-heidenheim.de\/gymnasium\/author\/fes\/"}]}},"_links":{"self":[{"href":"https:\/\/fes-heidenheim.de\/gymnasium\/wp-json\/wp\/v2\/posts\/5168","targetHints":{"allow":["GET"]}}],"collection":[{"href":"https:\/\/fes-heidenheim.de\/gymnasium\/wp-json\/wp\/v2\/posts"}],"about":[{"href":"https:\/\/fes-heidenheim.de\/gymnasium\/wp-json\/wp\/v2\/types\/post"}],"author":[{"embeddable":true,"href":"https:\/\/fes-heidenheim.de\/gymnasium\/wp-json\/wp\/v2\/users\/1"}],"replies":[{"embeddable":true,"href":"https:\/\/fes-heidenheim.de\/gymnasium\/wp-json\/wp\/v2\/comments?post=5168"}],"version-history":[{"count":0,"href":"https:\/\/fes-heidenheim.de\/gymnasium\/wp-json\/wp\/v2\/posts\/5168\/revisions"}],"wp:featuredmedia":[{"embeddable":true,"href":"https:\/\/fes-heidenheim.de\/gymnasium\/wp-json\/wp\/v2\/media\/5169"}],"wp:attachment":[{"href":"https:\/\/fes-heidenheim.de\/gymnasium\/wp-json\/wp\/v2\/media?parent=5168"}],"wp:term":[{"taxonomy":"category","embeddable":true,"href":"https:\/\/fes-heidenheim.de\/gymnasium\/wp-json\/wp\/v2\/categories?post=5168"},{"taxonomy":"post_tag","embeddable":true,"href":"https:\/\/fes-heidenheim.de\/gymnasium\/wp-json\/wp\/v2\/tags?post=5168"}],"curies":[{"name":"wp","href":"https:\/\/api.w.org\/{rel}","templated":true}]}}