{"id":5290,"date":"2024-06-11T11:17:11","date_gmt":"2024-06-11T09:17:11","guid":{"rendered":"https:\/\/fes-heidenheim.de\/gymnasium\/?p=5290"},"modified":"2024-06-11T11:21:38","modified_gmt":"2024-06-11T09:21:38","slug":"ganz-schoen-mutig-tage-2024","status":"publish","type":"post","link":"https:\/\/fes-heidenheim.de\/gymnasium\/2024\/06\/11\/ganz-schoen-mutig-tage-2024\/","title":{"rendered":"Ganz-Sch\u00f6n-Mutig-Tage 2024"},"content":{"rendered":"\n<h2 class=\"wp-block-heading\">Berg-Aktiv-Woche der Klassenstufe 5 im Allg\u00e4u<\/h2>\n\n\n\n<p>Auch dieses Jahr kon\u00adnten unsere F\u00fcn\u00adftk\u00adl\u00e4ssler wieder eine Klassen\u00adfahrt ins All\u00adg\u00e4u unternehmen, um gemein\u00adsam die Berg\u00adwelt rund um Unter- und Ober\u00adjoch zu erkunden.<\/p>\n\n\n\n<p>Direkt am ersten Tag ging es f\u00fcr die 40 jun\u00adgen Gym\u00adnasi\u00adas\u00adten und Realsch\u00fcler der Klassen\u00adstufe 5 auf eine erste Wan\u00adderung zu einem kleinen Bergsee. Eine her\u00adrliche Erfrischung, denn das Wet\u00adter war ziem\u00adlich&nbsp;warm!<\/p>\n\n\n\n<p>Jeden Abend trafen sich die Sch\u00fcler zum Bibelvergn\u00fc\u00adgen. Ruth Her\u00admann, Reli\u00adgion\u00adsp\u00e4d\u00ada\u00adgogin von KidZ, nahm die bei\u00adden Klassen sehr ein\u00adfall\u00adsre\u00adich mit in das Lukas-Evan\u00adgeli\u00adum. Danach durften die Kids in der \u201eHolzbauwelt\u201c Bauw\u00aderke selb\u00adst erschaf\u00adfen. Richtig kreativ wur\u00adden sie&nbsp;dabei!<\/p>\n\n\n\n<p>Am zweit\u00aden Tag ging es auf zum \u201eHin\u00adde\u00adlanger Bergaben\u00adteuer\u201c am Klet\u00adter\u00adsteig (nat\u00fcr\u00adlich gesichert!) inklu\u00adsive Seil\u00adrutsche. Da war viel Mut gefragt, aber auch Spa\u00df ange\u00adsagt\u2026 Ein erfrischen\u00addes Bad im Hochmoor\u00adbad in Ober\u00adjoch durfte nat\u00fcr\u00adlich im Anschluss nicht fehlen.<\/p>\n\n\n\n<p>Ein beson\u00adderes High\u00adlight war die Gipfel\u00adtour auf den Isel\u00ader (1876&nbsp;m) am drit\u00adten Tag, die viele F\u00fcn\u00adftek\u00adl\u00e4ssler kr\u00e4ftem\u00e4\u00dfig sehr forderte, aber mit einem atem\u00adber\u00adauben\u00adden Blick belohnt wurde. Wie her\u00adrlich hat sich der Sch\u00f6pfer diese Welt aus\u00adgedacht! \u00dcber die Zipfel\u00adsalpe und vor\u00adbei an den Zipfel\u00adswasser\u00adf\u00e4llen ging es vom Isel\u00ader-Gipfel ins Hin\u00adter\u00adstein\u00ader Tal, um von dort mit dem \u00f6ffentlichen Bus wieder am Abend ins Bergheim zur\u00fcck\u00adz\u00adu\u00adfahren \u2013 eine gro\u00dfe Berg\u00adtour mit \u00fcber 950 zu bew\u00e4lti\u00adgen\u00adden H\u00f6hen\u00admetern auf jed\u00ader Gipfelseite!<\/p>\n\n\n\n<p>Am let\u00adzten Tag wurde die Berg-Aktiv-Woche mit einem Ein\u00adsturzspek\u00adtakel, in dem die gebaut\u00aden Holzkunst\u00adwerke (nat\u00fcr\u00adlich nach entsprechen\u00adder W\u00fcrdi\u00adgung!) wieder dem Erd\u00adbo\u00adden gle\u00adichgemacht und alle Bausteine wieder in Kisten ver\u00adpackt wurden.<\/p>\n\n\n\n<p>Alles in allem durften die bei\u00adden f\u00fcn\u00adften Klassen eine tolle und geseg\u00adnete Zeit bei den diesj\u00e4hri\u00adgen Ganz-Sch\u00f6n-Mutig-Tagen ver\u00adbrin\u00adgen, in welch\u00ader sie Gottes Bewahrung erleben durften, und die sie auf jeden Fall nicht so schnell vergessen werden.<\/p>\n\n\n\n<figure class=\"wp-block-gallery has-nested-images columns-default is-cropped wp-block-gallery-1 is-layout-flex wp-block-gallery-is-layout-flex\">\n<figure class=\"wp-block-image size-large\"><img loading=\"lazy\" decoding=\"async\" width=\"1024\" height=\"683\" data-id=\"5299\" src=\"https:\/\/fes-heidenheim.de\/gymnasium\/wp-content\/uploads\/sites\/8\/2024\/06\/weiteres-Bild-01-1024x683.jpg\" alt class=\"wp-image-5299\" srcset=\"https:\/\/fes-heidenheim.de\/gymnasium\/wp-content\/uploads\/sites\/8\/2024\/06\/weiteres-Bild-01-980x653.jpg 980w, https:\/\/fes-heidenheim.de\/gymnasium\/wp-content\/uploads\/sites\/8\/2024\/06\/weiteres-Bild-01-480x320.jpg 480w\" sizes=\"(min-width: 0px) and (max-width: 480px) 480px, (min-width: 481px) and (max-width: 980px) 980px, (min-width: 981px) 1024px, 100vw\"><\/figure>\n\n\n\n<figure class=\"wp-block-image size-large\"><img loading=\"lazy\" decoding=\"async\" width=\"1024\" height=\"599\" data-id=\"5294\" src=\"https:\/\/fes-heidenheim.de\/gymnasium\/wp-content\/uploads\/sites\/8\/2024\/06\/weiteres-Bild-02-1024x599.jpg\" alt class=\"wp-image-5294\" srcset=\"https:\/\/fes-heidenheim.de\/gymnasium\/wp-content\/uploads\/sites\/8\/2024\/06\/weiteres-Bild-02-980x573.jpg 980w, https:\/\/fes-heidenheim.de\/gymnasium\/wp-content\/uploads\/sites\/8\/2024\/06\/weiteres-Bild-02-480x281.jpg 480w\" sizes=\"(min-width: 0px) and (max-width: 480px) 480px, (min-width: 481px) and (max-width: 980px) 980px, (min-width: 981px) 1024px, 100vw\"><\/figure>\n\n\n\n<figure class=\"wp-block-image size-large\"><img loading=\"lazy\" decoding=\"async\" width=\"1024\" height=\"683\" data-id=\"5297\" src=\"https:\/\/fes-heidenheim.de\/gymnasium\/wp-content\/uploads\/sites\/8\/2024\/06\/weiteres-Bild-03-1024x683.jpg\" alt class=\"wp-image-5297\" srcset=\"https:\/\/fes-heidenheim.de\/gymnasium\/wp-content\/uploads\/sites\/8\/2024\/06\/weiteres-Bild-03-980x653.jpg 980w, https:\/\/fes-heidenheim.de\/gymnasium\/wp-content\/uploads\/sites\/8\/2024\/06\/weiteres-Bild-03-480x320.jpg 480w\" sizes=\"(min-width: 0px) and (max-width: 480px) 480px, (min-width: 481px) and (max-width: 980px) 980px, (min-width: 981px) 1024px, 100vw\"><\/figure>\n\n\n\n<figure class=\"wp-block-image size-large\"><img loading=\"lazy\" decoding=\"async\" width=\"1024\" height=\"683\" data-id=\"5296\" src=\"https:\/\/fes-heidenheim.de\/gymnasium\/wp-content\/uploads\/sites\/8\/2024\/06\/weiteres-Bild-04-1024x683.jpg\" alt class=\"wp-image-5296\" srcset=\"https:\/\/fes-heidenheim.de\/gymnasium\/wp-content\/uploads\/sites\/8\/2024\/06\/weiteres-Bild-04-980x653.jpg 980w, https:\/\/fes-heidenheim.de\/gymnasium\/wp-content\/uploads\/sites\/8\/2024\/06\/weiteres-Bild-04-480x320.jpg 480w\" sizes=\"(min-width: 0px) and (max-width: 480px) 480px, (min-width: 481px) and (max-width: 980px) 980px, (min-width: 981px) 1024px, 100vw\"><\/figure>\n\n\n\n<figure class=\"wp-block-image size-large\"><img loading=\"lazy\" decoding=\"async\" width=\"1024\" height=\"683\" data-id=\"5300\" src=\"https:\/\/fes-heidenheim.de\/gymnasium\/wp-content\/uploads\/sites\/8\/2024\/06\/weiteres-Bild-05-1024x683.jpg\" alt class=\"wp-image-5300\" srcset=\"https:\/\/fes-heidenheim.de\/gymnasium\/wp-content\/uploads\/sites\/8\/2024\/06\/weiteres-Bild-05-980x653.jpg 980w, https:\/\/fes-heidenheim.de\/gymnasium\/wp-content\/uploads\/sites\/8\/2024\/06\/weiteres-Bild-05-480x320.jpg 480w\" sizes=\"(min-width: 0px) and (max-width: 480px) 480px, (min-width: 481px) and (max-width: 980px) 980px, (min-width: 981px) 1024px, 100vw\"><\/figure>\n\n\n\n<figure class=\"wp-block-image size-large\"><img loading=\"lazy\" decoding=\"async\" width=\"1024\" height=\"683\" data-id=\"5295\" src=\"https:\/\/fes-heidenheim.de\/gymnasium\/wp-content\/uploads\/sites\/8\/2024\/06\/weiteres-Bild-06-1024x683.jpg\" alt class=\"wp-image-5295\" srcset=\"https:\/\/fes-heidenheim.de\/gymnasium\/wp-content\/uploads\/sites\/8\/2024\/06\/weiteres-Bild-06-980x653.jpg 980w, https:\/\/fes-heidenheim.de\/gymnasium\/wp-content\/uploads\/sites\/8\/2024\/06\/weiteres-Bild-06-480x320.jpg 480w\" sizes=\"(min-width: 0px) and (max-width: 480px) 480px, (min-width: 481px) and (max-width: 980px) 980px, (min-width: 981px) 1024px, 100vw\"><\/figure>\n\n\n\n<figure class=\"wp-block-image size-large\"><img loading=\"lazy\" decoding=\"async\" width=\"1024\" height=\"683\" data-id=\"5298\" src=\"https:\/\/fes-heidenheim.de\/gymnasium\/wp-content\/uploads\/sites\/8\/2024\/06\/weiteres-Bild-07-1024x683.jpg\" alt class=\"wp-image-5298\" srcset=\"https:\/\/fes-heidenheim.de\/gymnasium\/wp-content\/uploads\/sites\/8\/2024\/06\/weiteres-Bild-07-980x653.jpg 980w, https:\/\/fes-heidenheim.de\/gymnasium\/wp-content\/uploads\/sites\/8\/2024\/06\/weiteres-Bild-07-480x320.jpg 480w\" sizes=\"(min-width: 0px) and (max-width: 480px) 480px, (min-width: 481px) and (max-width: 980px) 980px, (min-width: 981px) 1024px, 100vw\"><\/figure>\n\n\n\n<figure class=\"wp-block-image size-large\"><img loading=\"lazy\" decoding=\"async\" width=\"811\" height=\"1024\" data-id=\"5301\" src=\"https:\/\/fes-heidenheim.de\/gymnasium\/wp-content\/uploads\/sites\/8\/2024\/06\/weiteres-Bild-08-811x1024.jpg\" alt class=\"wp-image-5301\"><\/figure>\n\n\n\n<figure class=\"wp-block-image size-large\"><img loading=\"lazy\" decoding=\"async\" width=\"981\" height=\"1024\" data-id=\"5302\" src=\"https:\/\/fes-heidenheim.de\/gymnasium\/wp-content\/uploads\/sites\/8\/2024\/06\/weiteres-Bild-09-981x1024.jpg\" alt class=\"wp-image-5302\" srcset=\"https:\/\/fes-heidenheim.de\/gymnasium\/wp-content\/uploads\/sites\/8\/2024\/06\/weiteres-Bild-09-980x1023.jpg 980w, https:\/\/fes-heidenheim.de\/gymnasium\/wp-content\/uploads\/sites\/8\/2024\/06\/weiteres-Bild-09-480x501.jpg 480w\" sizes=\"(min-width: 0px) and (max-width: 480px) 480px, (min-width: 481px) and (max-width: 980px) 980px, (min-width: 981px) 981px, 100vw\"><\/figure>\n\n\n\n<figure class=\"wp-block-image size-large\"><img loading=\"lazy\" decoding=\"async\" width=\"768\" height=\"1024\" data-id=\"5303\" src=\"https:\/\/fes-heidenheim.de\/gymnasium\/wp-content\/uploads\/sites\/8\/2024\/06\/weiteres-Bild-10-768x1024.jpg\" alt class=\"wp-image-5303\"><\/figure>\n\n\n\n<figure class=\"wp-block-image size-large\"><img loading=\"lazy\" decoding=\"async\" width=\"1024\" height=\"768\" data-id=\"5304\" src=\"https:\/\/fes-heidenheim.de\/gymnasium\/wp-content\/uploads\/sites\/8\/2024\/06\/weiteres-Bild-11-1024x768.jpg\" alt class=\"wp-image-5304\" srcset=\"https:\/\/fes-heidenheim.de\/gymnasium\/wp-content\/uploads\/sites\/8\/2024\/06\/weiteres-Bild-11-980x735.jpg 980w, https:\/\/fes-heidenheim.de\/gymnasium\/wp-content\/uploads\/sites\/8\/2024\/06\/weiteres-Bild-11-480x360.jpg 480w\" sizes=\"(min-width: 0px) and (max-width: 480px) 480px, (min-width: 481px) and (max-width: 980px) 980px, (min-width: 981px) 1024px, 100vw\"><\/figure>\n\n\n\n<figure class=\"wp-block-image size-large\"><img loading=\"lazy\" decoding=\"async\" width=\"768\" height=\"1024\" data-id=\"5305\" src=\"https:\/\/fes-heidenheim.de\/gymnasium\/wp-content\/uploads\/sites\/8\/2024\/06\/weiteres-Bild10-768x1024.jpg\" alt class=\"wp-image-5305\"><\/figure>\n<\/figure>\n","protected":false},"excerpt":{"rendered":"<p>Berg-Aktiv-Woche der Klassen\u00adstufe 5 im All\u00adg\u00e4u Auch dieses Jahr kon\u00adnten unsere F\u00fcn\u00adftk\u00adl\u00e4ssler wieder eine Klassen\u00adfahrt ins All\u00adg\u00e4u unternehmen, um gemein\u00adsam die Berg\u00adwelt rund um Unter- und Ober\u00adjoch zu erkun\u00adden. Direkt&nbsp;[\u2026]<\/p>\n","protected":false},"author":15,"featured_media":5293,"comment_status":"closed","ping_status":"closed","sticky":false,"template":"","format":"standard","meta":{"_et_pb_use_builder":"off","_et_pb_old_content":"","_et_gb_content_width":"","inline_featured_image":false,"wp_typography_post_enhancements_disabled":false,"footnotes":""},"categories":[1,29,49,44],"tags":[],"class_list":["post-5290","post","type-post","status-publish","format-standard","has-post-thumbnail","hentry","category-allgemein","category-fes-realschule","category-fes-unterwegs-gym","category-fes-unterwegs-rs"],"yoast_head":"<!-- This site is optimized with the Yoast SEO plugin v27.4 - https:\/\/yoast.com\/product\/yoast-seo-wordpress\/ -->\n<title>Ganz-Sch\u00f6n-Mutig-Tage 2024 - Gymnasium | Freie Evangelische Schule und Kindertagesst\u00e4tte Heidenheim e. V.<\/title>\n<meta name=\"robots\" content=\"index, follow, max-snippet:-1, max-image-preview:large, max-video-preview:-1\" \/>\n<link rel=\"canonical\" href=\"https:\/\/fes-heidenheim.de\/gymnasium\/2024\/06\/11\/ganz-schoen-mutig-tage-2024\/\" \/>\n<meta property=\"og:locale\" content=\"de_DE\" \/>\n<meta property=\"og:type\" content=\"article\" \/>\n<meta property=\"og:title\" content=\"Ganz-Sch\u00f6n-Mutig-Tage 2024 - Gymnasium | Freie Evangelische Schule und Kindertagesst\u00e4tte Heidenheim e. V.\" \/>\n<meta property=\"og:description\" content=\"Berg-Aktiv-Woche der Klassenstufe 5 im Allg\u00e4u Auch dieses Jahr kon\u00adnten unsere F\u00fcn\u00adftk\u00adl\u00e4ssler wieder eine Klassen\u00adfahrt ins All\u00adg\u00e4u unternehmen, um gemein\u00adsam die Berg\u00adwelt rund um Unter- und Ober\u00adjoch zu erkunden. Direkt [&hellip;]\" \/>\n<meta property=\"og:url\" content=\"https:\/\/fes-heidenheim.de\/gymnasium\/2024\/06\/11\/ganz-schoen-mutig-tage-2024\/\" \/>\n<meta property=\"og:site_name\" content=\"Gymnasium | Freie Evangelische Schule und Kindertagesst\u00e4tte Heidenheim e. V.\" \/>\n<meta property=\"article:published_time\" content=\"2024-06-11T09:17:11+00:00\" \/>\n<meta property=\"article:modified_time\" content=\"2024-06-11T09:21:38+00:00\" \/>\n<meta property=\"og:image\" content=\"https:\/\/fes-heidenheim.de\/gymnasium\/wp-content\/uploads\/sites\/8\/2024\/06\/Beitragsbild.jpg\" \/>\n\t<meta property=\"og:image:width\" content=\"1999\" \/>\n\t<meta property=\"og:image:height\" content=\"2041\" \/>\n\t<meta property=\"og:image:type\" content=\"image\/jpeg\" \/>\n<meta name=\"author\" content=\"sekretariatgym\" \/>\n<meta name=\"twitter:card\" content=\"summary_large_image\" \/>\n<meta name=\"twitter:label1\" content=\"Verfasst von\" \/>\n\t<meta name=\"twitter:data1\" content=\"sekretariatgym\" \/>\n\t<meta name=\"twitter:label2\" content=\"Gesch\u00e4tzte Lesezeit\" \/>\n\t<meta name=\"twitter:data2\" content=\"5\u00a0Minuten\" \/>\n<script type=\"application\/ld+json\" class=\"yoast-schema-graph\">{\"@context\":\"https:\\\/\\\/schema.org\",\"@graph\":[{\"@type\":\"Article\",\"@id\":\"https:\\\/\\\/fes-heidenheim.de\\\/gymnasium\\\/2024\\\/06\\\/11\\\/ganz-schoen-mutig-tage-2024\\\/#article\",\"isPartOf\":{\"@id\":\"https:\\\/\\\/fes-heidenheim.de\\\/gymnasium\\\/2024\\\/06\\\/11\\\/ganz-schoen-mutig-tage-2024\\\/\"},\"author\":{\"name\":\"sekretariatgym\",\"@id\":\"https:\\\/\\\/fes-heidenheim.de\\\/gymnasium\\\/#\\\/schema\\\/person\\\/e614df80cf0124a0861921322ba81ee9\"},\"headline\":\"Ganz-Sch\u00f6n-Mutig-Tage 2024\",\"datePublished\":\"2024-06-11T09:17:11+00:00\",\"dateModified\":\"2024-06-11T09:21:38+00:00\",\"mainEntityOfPage\":{\"@id\":\"https:\\\/\\\/fes-heidenheim.de\\\/gymnasium\\\/2024\\\/06\\\/11\\\/ganz-schoen-mutig-tage-2024\\\/\"},\"wordCount\":303,\"image\":{\"@id\":\"https:\\\/\\\/fes-heidenheim.de\\\/gymnasium\\\/2024\\\/06\\\/11\\\/ganz-schoen-mutig-tage-2024\\\/#primaryimage\"},\"thumbnailUrl\":\"https:\\\/\\\/fes-heidenheim.de\\\/gymnasium\\\/wp-content\\\/uploads\\\/sites\\\/8\\\/2024\\\/06\\\/Beitragsbild.jpg\",\"articleSection\":{\"1\":\"FES Realschule\",\"2\":\"FES unterwegs GYM\",\"3\":\"FES unterwegs RS\"},\"inLanguage\":\"de\"},{\"@type\":\"WebPage\",\"@id\":\"https:\\\/\\\/fes-heidenheim.de\\\/gymnasium\\\/2024\\\/06\\\/11\\\/ganz-schoen-mutig-tage-2024\\\/\",\"url\":\"https:\\\/\\\/fes-heidenheim.de\\\/gymnasium\\\/2024\\\/06\\\/11\\\/ganz-schoen-mutig-tage-2024\\\/\",\"name\":\"Ganz-Sch\u00f6n-Mutig-Tage 2024 - Gymnasium | Freie Evangelische Schule und Kindertagesst\u00e4tte Heidenheim e. V.\",\"isPartOf\":{\"@id\":\"https:\\\/\\\/fes-heidenheim.de\\\/gymnasium\\\/#website\"},\"primaryImageOfPage\":{\"@id\":\"https:\\\/\\\/fes-heidenheim.de\\\/gymnasium\\\/2024\\\/06\\\/11\\\/ganz-schoen-mutig-tage-2024\\\/#primaryimage\"},\"image\":{\"@id\":\"https:\\\/\\\/fes-heidenheim.de\\\/gymnasium\\\/2024\\\/06\\\/11\\\/ganz-schoen-mutig-tage-2024\\\/#primaryimage\"},\"thumbnailUrl\":\"https:\\\/\\\/fes-heidenheim.de\\\/gymnasium\\\/wp-content\\\/uploads\\\/sites\\\/8\\\/2024\\\/06\\\/Beitragsbild.jpg\",\"datePublished\":\"2024-06-11T09:17:11+00:00\",\"dateModified\":\"2024-06-11T09:21:38+00:00\",\"author\":{\"@id\":\"https:\\\/\\\/fes-heidenheim.de\\\/gymnasium\\\/#\\\/schema\\\/person\\\/e614df80cf0124a0861921322ba81ee9\"},\"breadcrumb\":{\"@id\":\"https:\\\/\\\/fes-heidenheim.de\\\/gymnasium\\\/2024\\\/06\\\/11\\\/ganz-schoen-mutig-tage-2024\\\/#breadcrumb\"},\"inLanguage\":\"de\",\"potentialAction\":[{\"@type\":\"ReadAction\",\"target\":[\"https:\\\/\\\/fes-heidenheim.de\\\/gymnasium\\\/2024\\\/06\\\/11\\\/ganz-schoen-mutig-tage-2024\\\/\"]}]},{\"@type\":\"ImageObject\",\"inLanguage\":\"de\",\"@id\":\"https:\\\/\\\/fes-heidenheim.de\\\/gymnasium\\\/2024\\\/06\\\/11\\\/ganz-schoen-mutig-tage-2024\\\/#primaryimage\",\"url\":\"https:\\\/\\\/fes-heidenheim.de\\\/gymnasium\\\/wp-content\\\/uploads\\\/sites\\\/8\\\/2024\\\/06\\\/Beitragsbild.jpg\",\"contentUrl\":\"https:\\\/\\\/fes-heidenheim.de\\\/gymnasium\\\/wp-content\\\/uploads\\\/sites\\\/8\\\/2024\\\/06\\\/Beitragsbild.jpg\",\"width\":1999,\"height\":2041},{\"@type\":\"BreadcrumbList\",\"@id\":\"https:\\\/\\\/fes-heidenheim.de\\\/gymnasium\\\/2024\\\/06\\\/11\\\/ganz-schoen-mutig-tage-2024\\\/#breadcrumb\",\"itemListElement\":[{\"@type\":\"ListItem\",\"position\":1,\"name\":\"Startseite\",\"item\":\"https:\\\/\\\/fes-heidenheim.de\\\/gymnasium\\\/\"},{\"@type\":\"ListItem\",\"position\":2,\"name\":\"Ganz-Sch\u00f6n-Mutig-Tage 2024\"}]},{\"@type\":\"WebSite\",\"@id\":\"https:\\\/\\\/fes-heidenheim.de\\\/gymnasium\\\/#website\",\"url\":\"https:\\\/\\\/fes-heidenheim.de\\\/gymnasium\\\/\",\"name\":\"Gymnasium | Freie Evangelische Schule und Kindertagesst\u00e4tte Heidenheim e. V.\",\"description\":\"Eine weitere Freie Evangelische Schule Heidenheim e.V. Websites Website\",\"potentialAction\":[{\"@type\":\"SearchAction\",\"target\":{\"@type\":\"EntryPoint\",\"urlTemplate\":\"https:\\\/\\\/fes-heidenheim.de\\\/gymnasium\\\/?s={search_term_string}\"},\"query-input\":{\"@type\":\"PropertyValueSpecification\",\"valueRequired\":true,\"valueName\":\"search_term_string\"}}],\"inLanguage\":\"de\"},{\"@type\":\"Person\",\"@id\":\"https:\\\/\\\/fes-heidenheim.de\\\/gymnasium\\\/#\\\/schema\\\/person\\\/e614df80cf0124a0861921322ba81ee9\",\"name\":\"sekretariatgym\",\"image\":{\"@type\":\"ImageObject\",\"inLanguage\":\"de\",\"@id\":\"https:\\\/\\\/secure.gravatar.com\\\/avatar\\\/8196f14ce1450e8b1558ed9138138a8a40a91d9ddc1e02556e5dd141376b7e3a?s=96&d=mm&r=g\",\"url\":\"https:\\\/\\\/secure.gravatar.com\\\/avatar\\\/8196f14ce1450e8b1558ed9138138a8a40a91d9ddc1e02556e5dd141376b7e3a?s=96&d=mm&r=g\",\"contentUrl\":\"https:\\\/\\\/secure.gravatar.com\\\/avatar\\\/8196f14ce1450e8b1558ed9138138a8a40a91d9ddc1e02556e5dd141376b7e3a?s=96&d=mm&r=g\",\"caption\":\"sekretariatgym\"},\"url\":\"https:\\\/\\\/fes-heidenheim.de\\\/gymnasium\\\/author\\\/sekretariatgym\\\/\"}]}<\/script>\n<!-- \/ Yoast SEO plugin. -->","yoast_head_json":{"title":"Ganz-Sch\u00f6n-Mutig-Tage 2024 - Gymnasium | Freie Evangelische Schule und Kindertagesst\u00e4tte Heidenheim e. V.","robots":{"index":"index","follow":"follow","max-snippet":"max-snippet:-1","max-image-preview":"max-image-preview:large","max-video-preview":"max-video-preview:-1"},"canonical":"https:\/\/fes-heidenheim.de\/gymnasium\/2024\/06\/11\/ganz-schoen-mutig-tage-2024\/","og_locale":"de_DE","og_type":"article","og_title":"Ganz-Sch\u00f6n-Mutig-Tage 2024 - Gymnasium | Freie Evangelische Schule und Kindertagesst\u00e4tte Heidenheim e. V.","og_description":"Berg-Aktiv-Woche der Klassenstufe 5 im Allg\u00e4u Auch dieses Jahr kon\u00adnten unsere F\u00fcn\u00adftk\u00adl\u00e4ssler wieder eine Klassen\u00adfahrt ins All\u00adg\u00e4u unternehmen, um gemein\u00adsam die Berg\u00adwelt rund um Unter- und Ober\u00adjoch zu erkunden. Direkt [&hellip;]","og_url":"https:\/\/fes-heidenheim.de\/gymnasium\/2024\/06\/11\/ganz-schoen-mutig-tage-2024\/","og_site_name":"Gymnasium | Freie Evangelische Schule und Kindertagesst\u00e4tte Heidenheim e. V.","article_published_time":"2024-06-11T09:17:11+00:00","article_modified_time":"2024-06-11T09:21:38+00:00","og_image":[{"width":1999,"height":2041,"url":"https:\/\/fes-heidenheim.de\/gymnasium\/wp-content\/uploads\/sites\/8\/2024\/06\/Beitragsbild.jpg","type":"image\/jpeg"}],"author":"sekretariatgym","twitter_card":"summary_large_image","twitter_misc":{"Verfasst von":"sekretariatgym","Gesch\u00e4tzte Lesezeit":"5\u00a0Minuten"},"schema":{"@context":"https:\/\/schema.org","@graph":[{"@type":"Article","@id":"https:\/\/fes-heidenheim.de\/gymnasium\/2024\/06\/11\/ganz-schoen-mutig-tage-2024\/#article","isPartOf":{"@id":"https:\/\/fes-heidenheim.de\/gymnasium\/2024\/06\/11\/ganz-schoen-mutig-tage-2024\/"},"author":{"name":"sekretariatgym","@id":"https:\/\/fes-heidenheim.de\/gymnasium\/#\/schema\/person\/e614df80cf0124a0861921322ba81ee9"},"headline":"Ganz-Sch\u00f6n-Mutig-Tage 2024","datePublished":"2024-06-11T09:17:11+00:00","dateModified":"2024-06-11T09:21:38+00:00","mainEntityOfPage":{"@id":"https:\/\/fes-heidenheim.de\/gymnasium\/2024\/06\/11\/ganz-schoen-mutig-tage-2024\/"},"wordCount":303,"image":{"@id":"https:\/\/fes-heidenheim.de\/gymnasium\/2024\/06\/11\/ganz-schoen-mutig-tage-2024\/#primaryimage"},"thumbnailUrl":"https:\/\/fes-heidenheim.de\/gymnasium\/wp-content\/uploads\/sites\/8\/2024\/06\/Beitragsbild.jpg","articleSection":{"1":"FES Realschule","2":"FES unterwegs GYM","3":"FES unterwegs RS"},"inLanguage":"de"},{"@type":"WebPage","@id":"https:\/\/fes-heidenheim.de\/gymnasium\/2024\/06\/11\/ganz-schoen-mutig-tage-2024\/","url":"https:\/\/fes-heidenheim.de\/gymnasium\/2024\/06\/11\/ganz-schoen-mutig-tage-2024\/","name":"Ganz-Sch\u00f6n-Mutig-Tage 2024 - Gymnasium | Freie Evangelische Schule und Kindertagesst\u00e4tte Heidenheim e. V.","isPartOf":{"@id":"https:\/\/fes-heidenheim.de\/gymnasium\/#website"},"primaryImageOfPage":{"@id":"https:\/\/fes-heidenheim.de\/gymnasium\/2024\/06\/11\/ganz-schoen-mutig-tage-2024\/#primaryimage"},"image":{"@id":"https:\/\/fes-heidenheim.de\/gymnasium\/2024\/06\/11\/ganz-schoen-mutig-tage-2024\/#primaryimage"},"thumbnailUrl":"https:\/\/fes-heidenheim.de\/gymnasium\/wp-content\/uploads\/sites\/8\/2024\/06\/Beitragsbild.jpg","datePublished":"2024-06-11T09:17:11+00:00","dateModified":"2024-06-11T09:21:38+00:00","author":{"@id":"https:\/\/fes-heidenheim.de\/gymnasium\/#\/schema\/person\/e614df80cf0124a0861921322ba81ee9"},"breadcrumb":{"@id":"https:\/\/fes-heidenheim.de\/gymnasium\/2024\/06\/11\/ganz-schoen-mutig-tage-2024\/#breadcrumb"},"inLanguage":"de","potentialAction":[{"@type":"ReadAction","target":["https:\/\/fes-heidenheim.de\/gymnasium\/2024\/06\/11\/ganz-schoen-mutig-tage-2024\/"]}]},{"@type":"ImageObject","inLanguage":"de","@id":"https:\/\/fes-heidenheim.de\/gymnasium\/2024\/06\/11\/ganz-schoen-mutig-tage-2024\/#primaryimage","url":"https:\/\/fes-heidenheim.de\/gymnasium\/wp-content\/uploads\/sites\/8\/2024\/06\/Beitragsbild.jpg","contentUrl":"https:\/\/fes-heidenheim.de\/gymnasium\/wp-content\/uploads\/sites\/8\/2024\/06\/Beitragsbild.jpg","width":1999,"height":2041},{"@type":"BreadcrumbList","@id":"https:\/\/fes-heidenheim.de\/gymnasium\/2024\/06\/11\/ganz-schoen-mutig-tage-2024\/#breadcrumb","itemListElement":[{"@type":"ListItem","position":1,"name":"Startseite","item":"https:\/\/fes-heidenheim.de\/gymnasium\/"},{"@type":"ListItem","position":2,"name":"Ganz-Sch\u00f6n-Mutig-Tage 2024"}]},{"@type":"WebSite","@id":"https:\/\/fes-heidenheim.de\/gymnasium\/#website","url":"https:\/\/fes-heidenheim.de\/gymnasium\/","name":"Gymnasium | Freie Evangelische Schule und Kindertagesst\u00e4tte Heidenheim e. V.","description":"Eine weitere Freie Evangelische Schule Heidenheim e.V. Websites Website","potentialAction":[{"@type":"SearchAction","target":{"@type":"EntryPoint","urlTemplate":"https:\/\/fes-heidenheim.de\/gymnasium\/?s={search_term_string}"},"query-input":{"@type":"PropertyValueSpecification","valueRequired":true,"valueName":"search_term_string"}}],"inLanguage":"de"},{"@type":"Person","@id":"https:\/\/fes-heidenheim.de\/gymnasium\/#\/schema\/person\/e614df80cf0124a0861921322ba81ee9","name":"sekretariatgym","image":{"@type":"ImageObject","inLanguage":"de","@id":"https:\/\/secure.gravatar.com\/avatar\/8196f14ce1450e8b1558ed9138138a8a40a91d9ddc1e02556e5dd141376b7e3a?s=96&d=mm&r=g","url":"https:\/\/secure.gravatar.com\/avatar\/8196f14ce1450e8b1558ed9138138a8a40a91d9ddc1e02556e5dd141376b7e3a?s=96&d=mm&r=g","contentUrl":"https:\/\/secure.gravatar.com\/avatar\/8196f14ce1450e8b1558ed9138138a8a40a91d9ddc1e02556e5dd141376b7e3a?s=96&d=mm&r=g","caption":"sekretariatgym"},"url":"https:\/\/fes-heidenheim.de\/gymnasium\/author\/sekretariatgym\/"}]}},"_links":{"self":[{"href":"https:\/\/fes-heidenheim.de\/gymnasium\/wp-json\/wp\/v2\/posts\/5290","targetHints":{"allow":["GET"]}}],"collection":[{"href":"https:\/\/fes-heidenheim.de\/gymnasium\/wp-json\/wp\/v2\/posts"}],"about":[{"href":"https:\/\/fes-heidenheim.de\/gymnasium\/wp-json\/wp\/v2\/types\/post"}],"author":[{"embeddable":true,"href":"https:\/\/fes-heidenheim.de\/gymnasium\/wp-json\/wp\/v2\/users\/15"}],"replies":[{"embeddable":true,"href":"https:\/\/fes-heidenheim.de\/gymnasium\/wp-json\/wp\/v2\/comments?post=5290"}],"version-history":[{"count":2,"href":"https:\/\/fes-heidenheim.de\/gymnasium\/wp-json\/wp\/v2\/posts\/5290\/revisions"}],"predecessor-version":[{"id":5306,"href":"https:\/\/fes-heidenheim.de\/gymnasium\/wp-json\/wp\/v2\/posts\/5290\/revisions\/5306"}],"wp:featuredmedia":[{"embeddable":true,"href":"https:\/\/fes-heidenheim.de\/gymnasium\/wp-json\/wp\/v2\/media\/5293"}],"wp:attachment":[{"href":"https:\/\/fes-heidenheim.de\/gymnasium\/wp-json\/wp\/v2\/media?parent=5290"}],"wp:term":[{"taxonomy":"category","embeddable":true,"href":"https:\/\/fes-heidenheim.de\/gymnasium\/wp-json\/wp\/v2\/categories?post=5290"},{"taxonomy":"post_tag","embeddable":true,"href":"https:\/\/fes-heidenheim.de\/gymnasium\/wp-json\/wp\/v2\/tags?post=5290"}],"curies":[{"name":"wp","href":"https:\/\/api.w.org\/{rel}","templated":true}]}}