{"id":5369,"date":"2024-07-18T10:10:52","date_gmt":"2024-07-18T08:10:52","guid":{"rendered":"https:\/\/fes-heidenheim.de\/gymnasium\/?p=5369"},"modified":"2024-07-22T10:31:52","modified_gmt":"2024-07-22T08:31:52","slug":"abitur-in-der-tasche-unsere-diesjaehrigen-abiturienten-haben-die-pruefungen-erfolgreich-abgelegt","status":"publish","type":"post","link":"https:\/\/fes-heidenheim.de\/gymnasium\/2024\/07\/18\/abitur-in-der-tasche-unsere-diesjaehrigen-abiturienten-haben-die-pruefungen-erfolgreich-abgelegt\/","title":{"rendered":"Abitur in der Tasche: Unsere diesj\u00e4hrigen Abiturienten haben die Pr\u00fcfungen erfolgreich abgelegt."},"content":{"rendered":"\n<h2 class=\"wp-block-heading\"><strong>Talea Jahnke erhielt die Traumnote 1,1.<\/strong><\/h2>\n\n\n\n<p>Es ist geschafft! Viele Jahre lang haben die Sch\u00fc\u00adlerin\u00adnen und Sch\u00fcler des Gym\u00adna\u00adsi\u00adums unser\u00ader Freien Evan\u00adge\u00adlis\u00adchen Schule darauf hingear\u00adbeit\u00adet. Jet\u00adzt haben sie die Reifepr\u00fc\u00adfung in der Tasche.<\/p>\n\n\n\n<p>Gl\u00fcck\u00adw\u00fcn\u00adsche zum bestande\u00adnen Abitur nach zulet\u00adzt erfol\u00adgre\u00adichen m\u00fcndlichen Abitur\u00adpr\u00fc\u00adfun\u00adgen unter dem Gesamt\u00adpr\u00fc\u00adfungsvor\u00adsitz von Dr. Christoph Hatsch\u00ader vom THG Aalen gehen an 7 erfol\u00adgre\u00adiche FES-Abi\u00adturi\u00aden\u00adten: Johannes B\u00fcr\u00adle (Belo\u00adbi\u00adgung), Lea Czum\u00adbel (Belo\u00adbi\u00adgung, Fach\u00adpreis Englisch), Mer\u00adle Deisen\u00adrieder, &nbsp;Talea Jahnke (Preis, Fach\u00adpreise Wirtschaft, Math\u00ade\u00admatik, Ev. Reli\u00adgion, Bildende Kun\u00adst, Geschichte, Geo\u00adgra\u00adphie und Physik, FES-Sozial\u00adpreis), Mar\u00adgarete K\u00f6pf, Sophie Seelinger, Manuela Wern\u00ader (Preis, Fach\u00adpreise Chemie, Ev. Reli\u00adgion\u00adslehre). Zwei weit\u00adere Sch\u00fc\u00adlerin\u00adnen haben den schulis\u00adchen Teil der Fach\u00adhochschul\u00adreife erworben.<\/p>\n\n\n\n<p>Die erfol\u00adgre\u00adich erwor\u00adbene all\u00adge\u00admeine Hochschul\u00adreife wurde mit einem fes\u00adtlichen Abiball im Busi\u00adness-Club in der Voith-Are\u00adna gefeiert.<\/p>\n","protected":false},"excerpt":{"rendered":"<p>Talea Jahnke erhielt die Traum\u00adnote 1,1. Es ist geschafft! Viele Jahre lang haben die Sch\u00fc\u00adlerin\u00adnen und Sch\u00fcler des Gym\u00adna\u00adsi\u00adums unser\u00ader Freien Evan\u00adge\u00adlis\u00adchen Schule darauf hingear\u00adbeit\u00adet. Jet\u00adzt haben sie die Reifepr\u00fcfung&nbsp;[\u2026]<\/p>\n","protected":false},"author":15,"featured_media":5370,"comment_status":"closed","ping_status":"closed","sticky":false,"template":"","format":"standard","meta":{"_et_pb_use_builder":"off","_et_pb_old_content":"","_et_gb_content_width":"","inline_featured_image":false,"wp_typography_post_enhancements_disabled":false,"footnotes":""},"categories":[30],"tags":[],"class_list":["post-5369","post","type-post","status-publish","format-standard","has-post-thumbnail","hentry","category-fes-gymnasium"],"yoast_head":"<!-- This site is optimized with the Yoast SEO plugin v27.4 - https:\/\/yoast.com\/product\/yoast-seo-wordpress\/ -->\n<title>Abitur in der Tasche: Unsere diesj\u00e4hrigen Abiturienten haben die Pr\u00fcfungen erfolgreich abgelegt. - Gymnasium | Freie Evangelische Schule und Kindertagesst\u00e4tte Heidenheim e. V.<\/title>\n<meta name=\"robots\" content=\"index, follow, max-snippet:-1, max-image-preview:large, max-video-preview:-1\" \/>\n<link rel=\"canonical\" href=\"https:\/\/fes-heidenheim.de\/gymnasium\/2024\/07\/18\/abitur-in-der-tasche-unsere-diesjaehrigen-abiturienten-haben-die-pruefungen-erfolgreich-abgelegt\/\" \/>\n<meta property=\"og:locale\" content=\"de_DE\" \/>\n<meta property=\"og:type\" content=\"article\" \/>\n<meta property=\"og:title\" content=\"Abitur in der Tasche: Unsere diesj\u00e4hrigen Abiturienten haben die Pr\u00fcfungen erfolgreich abgelegt. - Gymnasium | Freie Evangelische Schule und Kindertagesst\u00e4tte Heidenheim e. V.\" \/>\n<meta property=\"og:description\" content=\"Talea Jahnke erhielt die Traumnote 1,1. Es ist geschafft! Viele Jahre lang haben die Sch\u00fc\u00adlerin\u00adnen und Sch\u00fcler des Gym\u00adna\u00adsi\u00adums unser\u00ader Freien Evan\u00adge\u00adlis\u00adchen Schule darauf hingear\u00adbeit\u00adet. Jet\u00adzt haben sie die Reifepr\u00fc\u00adfung [&hellip;]\" \/>\n<meta property=\"og:url\" content=\"https:\/\/fes-heidenheim.de\/gymnasium\/2024\/07\/18\/abitur-in-der-tasche-unsere-diesjaehrigen-abiturienten-haben-die-pruefungen-erfolgreich-abgelegt\/\" \/>\n<meta property=\"og:site_name\" content=\"Gymnasium | Freie Evangelische Schule und Kindertagesst\u00e4tte Heidenheim e. V.\" \/>\n<meta property=\"article:published_time\" content=\"2024-07-18T08:10:52+00:00\" \/>\n<meta property=\"article:modified_time\" content=\"2024-07-22T08:31:52+00:00\" \/>\n<meta property=\"og:image\" content=\"https:\/\/fes-heidenheim.de\/gymnasium\/wp-content\/uploads\/sites\/8\/2024\/07\/Beitragsbild-zum-BLOG-Beitrag-Abiturfeier-2024-scaled.jpg\" \/>\n\t<meta property=\"og:image:width\" content=\"2560\" \/>\n\t<meta property=\"og:image:height\" content=\"1814\" \/>\n\t<meta property=\"og:image:type\" content=\"image\/jpeg\" \/>\n<meta name=\"author\" content=\"sekretariatgym\" \/>\n<meta name=\"twitter:card\" content=\"summary_large_image\" \/>\n<meta name=\"twitter:label1\" content=\"Verfasst von\" \/>\n\t<meta name=\"twitter:data1\" content=\"sekretariatgym\" \/>\n\t<meta name=\"twitter:label2\" content=\"Gesch\u00e4tzte Lesezeit\" \/>\n\t<meta name=\"twitter:data2\" content=\"1\u00a0Minute\" \/>\n<script type=\"application\/ld+json\" class=\"yoast-schema-graph\">{\"@context\":\"https:\\\/\\\/schema.org\",\"@graph\":[{\"@type\":\"Article\",\"@id\":\"https:\\\/\\\/fes-heidenheim.de\\\/gymnasium\\\/2024\\\/07\\\/18\\\/abitur-in-der-tasche-unsere-diesjaehrigen-abiturienten-haben-die-pruefungen-erfolgreich-abgelegt\\\/#article\",\"isPartOf\":{\"@id\":\"https:\\\/\\\/fes-heidenheim.de\\\/gymnasium\\\/2024\\\/07\\\/18\\\/abitur-in-der-tasche-unsere-diesjaehrigen-abiturienten-haben-die-pruefungen-erfolgreich-abgelegt\\\/\"},\"author\":{\"name\":\"sekretariatgym\",\"@id\":\"https:\\\/\\\/fes-heidenheim.de\\\/gymnasium\\\/#\\\/schema\\\/person\\\/e614df80cf0124a0861921322ba81ee9\"},\"headline\":\"Abitur in der Tasche: Unsere diesj\u00e4hrigen Abiturienten haben die Pr\u00fcfungen erfolgreich abgelegt.\",\"datePublished\":\"2024-07-18T08:10:52+00:00\",\"dateModified\":\"2024-07-22T08:31:52+00:00\",\"mainEntityOfPage\":{\"@id\":\"https:\\\/\\\/fes-heidenheim.de\\\/gymnasium\\\/2024\\\/07\\\/18\\\/abitur-in-der-tasche-unsere-diesjaehrigen-abiturienten-haben-die-pruefungen-erfolgreich-abgelegt\\\/\"},\"wordCount\":143,\"image\":{\"@id\":\"https:\\\/\\\/fes-heidenheim.de\\\/gymnasium\\\/2024\\\/07\\\/18\\\/abitur-in-der-tasche-unsere-diesjaehrigen-abiturienten-haben-die-pruefungen-erfolgreich-abgelegt\\\/#primaryimage\"},\"thumbnailUrl\":\"https:\\\/\\\/fes-heidenheim.de\\\/gymnasium\\\/wp-content\\\/uploads\\\/sites\\\/8\\\/2024\\\/07\\\/Beitragsbild-zum-BLOG-Beitrag-Abiturfeier-2024-scaled.jpg\",\"articleSection\":[\"FES Gymnasium\"],\"inLanguage\":\"de\"},{\"@type\":\"WebPage\",\"@id\":\"https:\\\/\\\/fes-heidenheim.de\\\/gymnasium\\\/2024\\\/07\\\/18\\\/abitur-in-der-tasche-unsere-diesjaehrigen-abiturienten-haben-die-pruefungen-erfolgreich-abgelegt\\\/\",\"url\":\"https:\\\/\\\/fes-heidenheim.de\\\/gymnasium\\\/2024\\\/07\\\/18\\\/abitur-in-der-tasche-unsere-diesjaehrigen-abiturienten-haben-die-pruefungen-erfolgreich-abgelegt\\\/\",\"name\":\"Abitur in der Tasche: Unsere diesj\u00e4hrigen Abiturienten haben die Pr\u00fcfungen erfolgreich abgelegt. - Gymnasium | Freie Evangelische Schule und Kindertagesst\u00e4tte Heidenheim e. V.\",\"isPartOf\":{\"@id\":\"https:\\\/\\\/fes-heidenheim.de\\\/gymnasium\\\/#website\"},\"primaryImageOfPage\":{\"@id\":\"https:\\\/\\\/fes-heidenheim.de\\\/gymnasium\\\/2024\\\/07\\\/18\\\/abitur-in-der-tasche-unsere-diesjaehrigen-abiturienten-haben-die-pruefungen-erfolgreich-abgelegt\\\/#primaryimage\"},\"image\":{\"@id\":\"https:\\\/\\\/fes-heidenheim.de\\\/gymnasium\\\/2024\\\/07\\\/18\\\/abitur-in-der-tasche-unsere-diesjaehrigen-abiturienten-haben-die-pruefungen-erfolgreich-abgelegt\\\/#primaryimage\"},\"thumbnailUrl\":\"https:\\\/\\\/fes-heidenheim.de\\\/gymnasium\\\/wp-content\\\/uploads\\\/sites\\\/8\\\/2024\\\/07\\\/Beitragsbild-zum-BLOG-Beitrag-Abiturfeier-2024-scaled.jpg\",\"datePublished\":\"2024-07-18T08:10:52+00:00\",\"dateModified\":\"2024-07-22T08:31:52+00:00\",\"author\":{\"@id\":\"https:\\\/\\\/fes-heidenheim.de\\\/gymnasium\\\/#\\\/schema\\\/person\\\/e614df80cf0124a0861921322ba81ee9\"},\"breadcrumb\":{\"@id\":\"https:\\\/\\\/fes-heidenheim.de\\\/gymnasium\\\/2024\\\/07\\\/18\\\/abitur-in-der-tasche-unsere-diesjaehrigen-abiturienten-haben-die-pruefungen-erfolgreich-abgelegt\\\/#breadcrumb\"},\"inLanguage\":\"de\",\"potentialAction\":[{\"@type\":\"ReadAction\",\"target\":[\"https:\\\/\\\/fes-heidenheim.de\\\/gymnasium\\\/2024\\\/07\\\/18\\\/abitur-in-der-tasche-unsere-diesjaehrigen-abiturienten-haben-die-pruefungen-erfolgreich-abgelegt\\\/\"]}]},{\"@type\":\"ImageObject\",\"inLanguage\":\"de\",\"@id\":\"https:\\\/\\\/fes-heidenheim.de\\\/gymnasium\\\/2024\\\/07\\\/18\\\/abitur-in-der-tasche-unsere-diesjaehrigen-abiturienten-haben-die-pruefungen-erfolgreich-abgelegt\\\/#primaryimage\",\"url\":\"https:\\\/\\\/fes-heidenheim.de\\\/gymnasium\\\/wp-content\\\/uploads\\\/sites\\\/8\\\/2024\\\/07\\\/Beitragsbild-zum-BLOG-Beitrag-Abiturfeier-2024-scaled.jpg\",\"contentUrl\":\"https:\\\/\\\/fes-heidenheim.de\\\/gymnasium\\\/wp-content\\\/uploads\\\/sites\\\/8\\\/2024\\\/07\\\/Beitragsbild-zum-BLOG-Beitrag-Abiturfeier-2024-scaled.jpg\",\"width\":2560,\"height\":1814,\"caption\":\"Abitur. Abschluss. Sch\u00fcler und Sch\u00fclerinnen. Abiturienntinen\"},{\"@type\":\"BreadcrumbList\",\"@id\":\"https:\\\/\\\/fes-heidenheim.de\\\/gymnasium\\\/2024\\\/07\\\/18\\\/abitur-in-der-tasche-unsere-diesjaehrigen-abiturienten-haben-die-pruefungen-erfolgreich-abgelegt\\\/#breadcrumb\",\"itemListElement\":[{\"@type\":\"ListItem\",\"position\":1,\"name\":\"Startseite\",\"item\":\"https:\\\/\\\/fes-heidenheim.de\\\/gymnasium\\\/\"},{\"@type\":\"ListItem\",\"position\":2,\"name\":\"Abitur in der Tasche: Unsere diesj\u00e4hrigen Abiturienten haben die Pr\u00fcfungen erfolgreich abgelegt.\"}]},{\"@type\":\"WebSite\",\"@id\":\"https:\\\/\\\/fes-heidenheim.de\\\/gymnasium\\\/#website\",\"url\":\"https:\\\/\\\/fes-heidenheim.de\\\/gymnasium\\\/\",\"name\":\"Gymnasium | Freie Evangelische Schule und Kindertagesst\u00e4tte Heidenheim e. V.\",\"description\":\"Eine weitere Freie Evangelische Schule Heidenheim e.V. Websites Website\",\"potentialAction\":[{\"@type\":\"SearchAction\",\"target\":{\"@type\":\"EntryPoint\",\"urlTemplate\":\"https:\\\/\\\/fes-heidenheim.de\\\/gymnasium\\\/?s={search_term_string}\"},\"query-input\":{\"@type\":\"PropertyValueSpecification\",\"valueRequired\":true,\"valueName\":\"search_term_string\"}}],\"inLanguage\":\"de\"},{\"@type\":\"Person\",\"@id\":\"https:\\\/\\\/fes-heidenheim.de\\\/gymnasium\\\/#\\\/schema\\\/person\\\/e614df80cf0124a0861921322ba81ee9\",\"name\":\"sekretariatgym\",\"image\":{\"@type\":\"ImageObject\",\"inLanguage\":\"de\",\"@id\":\"https:\\\/\\\/secure.gravatar.com\\\/avatar\\\/8196f14ce1450e8b1558ed9138138a8a40a91d9ddc1e02556e5dd141376b7e3a?s=96&d=mm&r=g\",\"url\":\"https:\\\/\\\/secure.gravatar.com\\\/avatar\\\/8196f14ce1450e8b1558ed9138138a8a40a91d9ddc1e02556e5dd141376b7e3a?s=96&d=mm&r=g\",\"contentUrl\":\"https:\\\/\\\/secure.gravatar.com\\\/avatar\\\/8196f14ce1450e8b1558ed9138138a8a40a91d9ddc1e02556e5dd141376b7e3a?s=96&d=mm&r=g\",\"caption\":\"sekretariatgym\"},\"url\":\"https:\\\/\\\/fes-heidenheim.de\\\/gymnasium\\\/author\\\/sekretariatgym\\\/\"}]}<\/script>\n<!-- \/ Yoast SEO plugin. -->","yoast_head_json":{"title":"Abitur in der Tasche: Unsere diesj\u00e4hrigen Abiturienten haben die Pr\u00fcfungen erfolgreich abgelegt. - Gymnasium | Freie Evangelische Schule und Kindertagesst\u00e4tte Heidenheim e. V.","robots":{"index":"index","follow":"follow","max-snippet":"max-snippet:-1","max-image-preview":"max-image-preview:large","max-video-preview":"max-video-preview:-1"},"canonical":"https:\/\/fes-heidenheim.de\/gymnasium\/2024\/07\/18\/abitur-in-der-tasche-unsere-diesjaehrigen-abiturienten-haben-die-pruefungen-erfolgreich-abgelegt\/","og_locale":"de_DE","og_type":"article","og_title":"Abitur in der Tasche: Unsere diesj\u00e4hrigen Abiturienten haben die Pr\u00fcfungen erfolgreich abgelegt. - Gymnasium | Freie Evangelische Schule und Kindertagesst\u00e4tte Heidenheim e. V.","og_description":"Talea Jahnke erhielt die Traumnote 1,1. Es ist geschafft! Viele Jahre lang haben die Sch\u00fc\u00adlerin\u00adnen und Sch\u00fcler des Gym\u00adna\u00adsi\u00adums unser\u00ader Freien Evan\u00adge\u00adlis\u00adchen Schule darauf hingear\u00adbeit\u00adet. Jet\u00adzt haben sie die Reifepr\u00fc\u00adfung [&hellip;]","og_url":"https:\/\/fes-heidenheim.de\/gymnasium\/2024\/07\/18\/abitur-in-der-tasche-unsere-diesjaehrigen-abiturienten-haben-die-pruefungen-erfolgreich-abgelegt\/","og_site_name":"Gymnasium | Freie Evangelische Schule und Kindertagesst\u00e4tte Heidenheim e. V.","article_published_time":"2024-07-18T08:10:52+00:00","article_modified_time":"2024-07-22T08:31:52+00:00","og_image":[{"width":2560,"height":1814,"url":"https:\/\/fes-heidenheim.de\/gymnasium\/wp-content\/uploads\/sites\/8\/2024\/07\/Beitragsbild-zum-BLOG-Beitrag-Abiturfeier-2024-scaled.jpg","type":"image\/jpeg"}],"author":"sekretariatgym","twitter_card":"summary_large_image","twitter_misc":{"Verfasst von":"sekretariatgym","Gesch\u00e4tzte Lesezeit":"1\u00a0Minute"},"schema":{"@context":"https:\/\/schema.org","@graph":[{"@type":"Article","@id":"https:\/\/fes-heidenheim.de\/gymnasium\/2024\/07\/18\/abitur-in-der-tasche-unsere-diesjaehrigen-abiturienten-haben-die-pruefungen-erfolgreich-abgelegt\/#article","isPartOf":{"@id":"https:\/\/fes-heidenheim.de\/gymnasium\/2024\/07\/18\/abitur-in-der-tasche-unsere-diesjaehrigen-abiturienten-haben-die-pruefungen-erfolgreich-abgelegt\/"},"author":{"name":"sekretariatgym","@id":"https:\/\/fes-heidenheim.de\/gymnasium\/#\/schema\/person\/e614df80cf0124a0861921322ba81ee9"},"headline":"Abitur in der Tasche: Unsere diesj\u00e4hrigen Abiturienten haben die Pr\u00fcfungen erfolgreich abgelegt.","datePublished":"2024-07-18T08:10:52+00:00","dateModified":"2024-07-22T08:31:52+00:00","mainEntityOfPage":{"@id":"https:\/\/fes-heidenheim.de\/gymnasium\/2024\/07\/18\/abitur-in-der-tasche-unsere-diesjaehrigen-abiturienten-haben-die-pruefungen-erfolgreich-abgelegt\/"},"wordCount":143,"image":{"@id":"https:\/\/fes-heidenheim.de\/gymnasium\/2024\/07\/18\/abitur-in-der-tasche-unsere-diesjaehrigen-abiturienten-haben-die-pruefungen-erfolgreich-abgelegt\/#primaryimage"},"thumbnailUrl":"https:\/\/fes-heidenheim.de\/gymnasium\/wp-content\/uploads\/sites\/8\/2024\/07\/Beitragsbild-zum-BLOG-Beitrag-Abiturfeier-2024-scaled.jpg","articleSection":["FES Gymnasium"],"inLanguage":"de"},{"@type":"WebPage","@id":"https:\/\/fes-heidenheim.de\/gymnasium\/2024\/07\/18\/abitur-in-der-tasche-unsere-diesjaehrigen-abiturienten-haben-die-pruefungen-erfolgreich-abgelegt\/","url":"https:\/\/fes-heidenheim.de\/gymnasium\/2024\/07\/18\/abitur-in-der-tasche-unsere-diesjaehrigen-abiturienten-haben-die-pruefungen-erfolgreich-abgelegt\/","name":"Abitur in der Tasche: Unsere diesj\u00e4hrigen Abiturienten haben die Pr\u00fcfungen erfolgreich abgelegt. - Gymnasium | Freie Evangelische Schule und Kindertagesst\u00e4tte Heidenheim e. V.","isPartOf":{"@id":"https:\/\/fes-heidenheim.de\/gymnasium\/#website"},"primaryImageOfPage":{"@id":"https:\/\/fes-heidenheim.de\/gymnasium\/2024\/07\/18\/abitur-in-der-tasche-unsere-diesjaehrigen-abiturienten-haben-die-pruefungen-erfolgreich-abgelegt\/#primaryimage"},"image":{"@id":"https:\/\/fes-heidenheim.de\/gymnasium\/2024\/07\/18\/abitur-in-der-tasche-unsere-diesjaehrigen-abiturienten-haben-die-pruefungen-erfolgreich-abgelegt\/#primaryimage"},"thumbnailUrl":"https:\/\/fes-heidenheim.de\/gymnasium\/wp-content\/uploads\/sites\/8\/2024\/07\/Beitragsbild-zum-BLOG-Beitrag-Abiturfeier-2024-scaled.jpg","datePublished":"2024-07-18T08:10:52+00:00","dateModified":"2024-07-22T08:31:52+00:00","author":{"@id":"https:\/\/fes-heidenheim.de\/gymnasium\/#\/schema\/person\/e614df80cf0124a0861921322ba81ee9"},"breadcrumb":{"@id":"https:\/\/fes-heidenheim.de\/gymnasium\/2024\/07\/18\/abitur-in-der-tasche-unsere-diesjaehrigen-abiturienten-haben-die-pruefungen-erfolgreich-abgelegt\/#breadcrumb"},"inLanguage":"de","potentialAction":[{"@type":"ReadAction","target":["https:\/\/fes-heidenheim.de\/gymnasium\/2024\/07\/18\/abitur-in-der-tasche-unsere-diesjaehrigen-abiturienten-haben-die-pruefungen-erfolgreich-abgelegt\/"]}]},{"@type":"ImageObject","inLanguage":"de","@id":"https:\/\/fes-heidenheim.de\/gymnasium\/2024\/07\/18\/abitur-in-der-tasche-unsere-diesjaehrigen-abiturienten-haben-die-pruefungen-erfolgreich-abgelegt\/#primaryimage","url":"https:\/\/fes-heidenheim.de\/gymnasium\/wp-content\/uploads\/sites\/8\/2024\/07\/Beitragsbild-zum-BLOG-Beitrag-Abiturfeier-2024-scaled.jpg","contentUrl":"https:\/\/fes-heidenheim.de\/gymnasium\/wp-content\/uploads\/sites\/8\/2024\/07\/Beitragsbild-zum-BLOG-Beitrag-Abiturfeier-2024-scaled.jpg","width":2560,"height":1814,"caption":"Abitur. Abschluss. Sch\u00fcler und Sch\u00fclerinnen. Abiturienntinen"},{"@type":"BreadcrumbList","@id":"https:\/\/fes-heidenheim.de\/gymnasium\/2024\/07\/18\/abitur-in-der-tasche-unsere-diesjaehrigen-abiturienten-haben-die-pruefungen-erfolgreich-abgelegt\/#breadcrumb","itemListElement":[{"@type":"ListItem","position":1,"name":"Startseite","item":"https:\/\/fes-heidenheim.de\/gymnasium\/"},{"@type":"ListItem","position":2,"name":"Abitur in der Tasche: Unsere diesj\u00e4hrigen Abiturienten haben die Pr\u00fcfungen erfolgreich abgelegt."}]},{"@type":"WebSite","@id":"https:\/\/fes-heidenheim.de\/gymnasium\/#website","url":"https:\/\/fes-heidenheim.de\/gymnasium\/","name":"Gymnasium | Freie Evangelische Schule und Kindertagesst\u00e4tte Heidenheim e. V.","description":"Eine weitere Freie Evangelische Schule Heidenheim e.V. Websites Website","potentialAction":[{"@type":"SearchAction","target":{"@type":"EntryPoint","urlTemplate":"https:\/\/fes-heidenheim.de\/gymnasium\/?s={search_term_string}"},"query-input":{"@type":"PropertyValueSpecification","valueRequired":true,"valueName":"search_term_string"}}],"inLanguage":"de"},{"@type":"Person","@id":"https:\/\/fes-heidenheim.de\/gymnasium\/#\/schema\/person\/e614df80cf0124a0861921322ba81ee9","name":"sekretariatgym","image":{"@type":"ImageObject","inLanguage":"de","@id":"https:\/\/secure.gravatar.com\/avatar\/8196f14ce1450e8b1558ed9138138a8a40a91d9ddc1e02556e5dd141376b7e3a?s=96&d=mm&r=g","url":"https:\/\/secure.gravatar.com\/avatar\/8196f14ce1450e8b1558ed9138138a8a40a91d9ddc1e02556e5dd141376b7e3a?s=96&d=mm&r=g","contentUrl":"https:\/\/secure.gravatar.com\/avatar\/8196f14ce1450e8b1558ed9138138a8a40a91d9ddc1e02556e5dd141376b7e3a?s=96&d=mm&r=g","caption":"sekretariatgym"},"url":"https:\/\/fes-heidenheim.de\/gymnasium\/author\/sekretariatgym\/"}]}},"_links":{"self":[{"href":"https:\/\/fes-heidenheim.de\/gymnasium\/wp-json\/wp\/v2\/posts\/5369","targetHints":{"allow":["GET"]}}],"collection":[{"href":"https:\/\/fes-heidenheim.de\/gymnasium\/wp-json\/wp\/v2\/posts"}],"about":[{"href":"https:\/\/fes-heidenheim.de\/gymnasium\/wp-json\/wp\/v2\/types\/post"}],"author":[{"embeddable":true,"href":"https:\/\/fes-heidenheim.de\/gymnasium\/wp-json\/wp\/v2\/users\/15"}],"replies":[{"embeddable":true,"href":"https:\/\/fes-heidenheim.de\/gymnasium\/wp-json\/wp\/v2\/comments?post=5369"}],"version-history":[{"count":2,"href":"https:\/\/fes-heidenheim.de\/gymnasium\/wp-json\/wp\/v2\/posts\/5369\/revisions"}],"predecessor-version":[{"id":5373,"href":"https:\/\/fes-heidenheim.de\/gymnasium\/wp-json\/wp\/v2\/posts\/5369\/revisions\/5373"}],"wp:featuredmedia":[{"embeddable":true,"href":"https:\/\/fes-heidenheim.de\/gymnasium\/wp-json\/wp\/v2\/media\/5370"}],"wp:attachment":[{"href":"https:\/\/fes-heidenheim.de\/gymnasium\/wp-json\/wp\/v2\/media?parent=5369"}],"wp:term":[{"taxonomy":"category","embeddable":true,"href":"https:\/\/fes-heidenheim.de\/gymnasium\/wp-json\/wp\/v2\/categories?post=5369"},{"taxonomy":"post_tag","embeddable":true,"href":"https:\/\/fes-heidenheim.de\/gymnasium\/wp-json\/wp\/v2\/tags?post=5369"}],"curies":[{"name":"wp","href":"https:\/\/api.w.org\/{rel}","templated":true}]}}