{"id":5382,"date":"2024-07-23T10:31:53","date_gmt":"2024-07-23T08:31:53","guid":{"rendered":"https:\/\/fes-heidenheim.de\/gymnasium\/?p=5382"},"modified":"2024-07-23T11:43:44","modified_gmt":"2024-07-23T09:43:44","slug":"projekttage-2024-gaben-talente","status":"publish","type":"post","link":"https:\/\/fes-heidenheim.de\/gymnasium\/2024\/07\/23\/projekttage-2024-gaben-talente\/","title":{"rendered":"Projekttage 2024 der Realschule und Gymnasium: Gaben &amp; Talente"},"content":{"rendered":"\n<h2 class=\"wp-block-heading\"><\/h2>\n\n\n\n<p>Als Fotograf hat man bei den Pro\u00adjek\u00adtt\u00adta\u00adgen zwei klare Vorteile: Zum einen bekommt man Ein\u00adblicke in alle Pro\u00adjek\u00adtange\u00adbote und zum anderen schnappt man \u00fcber\u00adall inter\u00ades\u00adsante S\u00e4tze auf. Die, die am \u00f6ftesten fie\u00adlen und mir am meis\u00adten ins Herzen gin\u00adgen, waren welche fol\u00adgen\u00adder Art: \u201eDie machen das so toll!\u201c \u201eAm Anfang wusste er gar nicht, was er machen soll und dann kam so was Wun\u00adder\u00adbares dabei raus!\u201c \u201eSie hat\u00adte kein\u00ader\u00adlei Vor\u00aderfahrung und jet\u00adzt nach eine Stunde macht sie es schon wie ein Profi!\u201c<br>Es war so sch\u00f6n immer wieder zu erleben, wie unsere Sch\u00fcler und Sch\u00fc\u00adlerin\u00adnen ihre Pro\u00adjek\u00adtleit\u00ader mit ihren unent\u00addeck\u00adten, unbekan\u00adnten oder v\u00f6l\u00adlig neu erwor\u00adbe\u00adnen Gaben und Tal\u00aden\u00adten zum Staunen brin\u00adgen kon\u00adnten.<br>An drei aufeinan\u00adder\u00adfol\u00adgen\u00adden Tagen wurde am FES-Gym\u00adna\u00adsi\u00adum und der FES-Relschule im und um das Schul\u00adhaus, aber auch an extre\u00adnen Ver\u00adanstal\u00adtung\u00adsorten gebastelt, geback\u00aden, gemalt, ger\u00adadelt, repari\u00adert, geskatet, gewor\u00adfen, gepritscht, fotografiert und gekon\u00adtert. Jed\u00ader Sch\u00fcler hat\u00adte somit die M\u00f6glichkeit sich in 3 unter\u00adschiedlichen Pro\u00adjek\u00adten einzubrin\u00adgen und auszupro\u00adbieren. Neben dem Spa\u00df am klassen\u00fcber\u00adgreifend\u00aden Miteinan\u00adder und der Freude am erre\u00adicht\u00aden Ziel oder dem erstell\u00adten Pro\u00addukt, bleibt vie\u00adlen bes\u00adtimmt der Stolz auf sich selb\u00adst in Erin\u00adnerung. Denn wie ein sch\u00f6nes Zitat sagt: \u201eNutze die Tal\u00adente, die du hast. Die W\u00e4lder w\u00e4ren still, wenn nur die begabtesten V\u00f6gel s\u00e4n\u00adgen.\u201c<br>Mit der Erfahrung ein gro\u00dfes oder kleines St\u00fcck \u00fcber sich hin\u00adaus\u00adgewach\u00adsen zu sein, k\u00f6n\u00adnen unsere Sch\u00fcler und Sch\u00fc\u00adlerin\u00adnen nun bald in 6 erhol\u00adsame Wochen Som\u00admer\u00adfe\u00adrien starten \u2014 und vielle\u00adicht sog\u00adar die eine oder andere neue Gabe dabei ein\u00adset\u00adzen oder vertiefen\u2026<\/p>\n\n\n\n<p>Bericht: Ste\u00adfanie Sch\u00fcrle<\/p>\n\n\n\n<figure class=\"wp-block-gallery has-nested-images columns-default is-cropped wp-block-gallery-1 is-layout-flex wp-block-gallery-is-layout-flex\">\n<figure class=\"wp-block-image size-large\"><img loading=\"lazy\" decoding=\"async\" width=\"683\" height=\"1024\" data-id=\"5384\" src=\"https:\/\/fes-heidenheim.de\/gymnasium\/wp-content\/uploads\/sites\/8\/2024\/07\/Basteln-1-683x1024.jpg\" alt class=\"wp-image-5384\"><\/figure>\n\n\n\n<figure class=\"wp-block-image size-large\"><img loading=\"lazy\" decoding=\"async\" width=\"835\" height=\"1024\" data-id=\"5385\" src=\"https:\/\/fes-heidenheim.de\/gymnasium\/wp-content\/uploads\/sites\/8\/2024\/07\/Fahrrad-6-835x1024.jpg\" alt class=\"wp-image-5385\"><\/figure>\n\n\n\n<figure class=\"wp-block-image size-large\"><img loading=\"lazy\" decoding=\"async\" width=\"683\" height=\"1024\" data-id=\"5383\" src=\"https:\/\/fes-heidenheim.de\/gymnasium\/wp-content\/uploads\/sites\/8\/2024\/07\/Tischtennis-1-683x1024.jpg\" alt class=\"wp-image-5383\"><\/figure>\n<\/figure>\n\n\n\n<figure class=\"wp-block-gallery has-nested-images columns-default is-cropped wp-block-gallery-2 is-layout-flex wp-block-gallery-is-layout-flex\">\n<figure class=\"wp-block-image size-large\"><img loading=\"lazy\" decoding=\"async\" width=\"1024\" height=\"665\" data-id=\"5387\" src=\"https:\/\/fes-heidenheim.de\/gymnasium\/wp-content\/uploads\/sites\/8\/2024\/07\/Autoreperatur-41-1024x665.jpg\" alt class=\"wp-image-5387\" srcset=\"https:\/\/fes-heidenheim.de\/gymnasium\/wp-content\/uploads\/sites\/8\/2024\/07\/Autoreperatur-41-980x637.jpg 980w, https:\/\/fes-heidenheim.de\/gymnasium\/wp-content\/uploads\/sites\/8\/2024\/07\/Autoreperatur-41-480x312.jpg 480w\" sizes=\"(min-width: 0px) and (max-width: 480px) 480px, (min-width: 481px) and (max-width: 980px) 980px, (min-width: 981px) 1024px, 100vw\"><\/figure>\n\n\n\n<figure class=\"wp-block-image size-large\"><img loading=\"lazy\" decoding=\"async\" width=\"1024\" height=\"680\" data-id=\"5386\" src=\"https:\/\/fes-heidenheim.de\/gymnasium\/wp-content\/uploads\/sites\/8\/2024\/07\/Backen-4-1024x680.jpg\" alt class=\"wp-image-5386\" srcset=\"https:\/\/fes-heidenheim.de\/gymnasium\/wp-content\/uploads\/sites\/8\/2024\/07\/Backen-4-980x651.jpg 980w, https:\/\/fes-heidenheim.de\/gymnasium\/wp-content\/uploads\/sites\/8\/2024\/07\/Backen-4-480x319.jpg 480w\" sizes=\"(min-width: 0px) and (max-width: 480px) 480px, (min-width: 481px) and (max-width: 980px) 980px, (min-width: 981px) 1024px, 100vw\"><\/figure>\n<\/figure>\n","protected":false},"excerpt":{"rendered":"<p>Als Fotograf hat man bei den Pro\u00adjek\u00adtt\u00adta\u00adgen zwei klare Vorteile: Zum einen bekommt man Ein\u00adblicke in alle Pro\u00adjek\u00adtange\u00adbote und zum anderen schnappt man \u00fcber\u00adall inter\u00ades\u00adsante S\u00e4tze auf. Die, die&nbsp;am&nbsp;[\u2026]<\/p>\n","protected":false},"author":15,"featured_media":5388,"comment_status":"closed","ping_status":"closed","sticky":false,"template":"","format":"standard","meta":{"_et_pb_use_builder":"off","_et_pb_old_content":"","_et_gb_content_width":"","inline_featured_image":false,"wp_typography_post_enhancements_disabled":false,"footnotes":""},"categories":[1,30,29],"tags":[],"class_list":["post-5382","post","type-post","status-publish","format-standard","has-post-thumbnail","hentry","category-allgemein","category-fes-gymnasium","category-fes-realschule"],"yoast_head":"<!-- This site is optimized with the Yoast SEO plugin v27.4 - https:\/\/yoast.com\/product\/yoast-seo-wordpress\/ -->\n<title>Projekttage 2024 der Realschule und Gymnasium: Gaben &amp; Talente - Gymnasium | Freie Evangelische Schule und Kindertagesst\u00e4tte Heidenheim e. V.<\/title>\n<meta name=\"robots\" content=\"index, follow, max-snippet:-1, max-image-preview:large, max-video-preview:-1\" \/>\n<link rel=\"canonical\" href=\"https:\/\/fes-heidenheim.de\/gymnasium\/2024\/07\/23\/projekttage-2024-gaben-talente\/\" \/>\n<meta property=\"og:locale\" content=\"de_DE\" \/>\n<meta property=\"og:type\" content=\"article\" \/>\n<meta property=\"og:title\" content=\"Projekttage 2024 der Realschule und Gymnasium: Gaben &amp; Talente - Gymnasium | Freie Evangelische Schule und Kindertagesst\u00e4tte Heidenheim e. V.\" \/>\n<meta property=\"og:description\" content=\"Als Fotograf hat man bei den Pro\u00adjek\u00adtt\u00adta\u00adgen zwei klare Vorteile: Zum einen bekommt man Ein\u00adblicke in alle Pro\u00adjek\u00adtange\u00adbote und zum anderen schnappt man \u00fcber\u00adall inter\u00ades\u00adsante S\u00e4tze auf. Die, die am [&hellip;]\" \/>\n<meta property=\"og:url\" content=\"https:\/\/fes-heidenheim.de\/gymnasium\/2024\/07\/23\/projekttage-2024-gaben-talente\/\" \/>\n<meta property=\"og:site_name\" content=\"Gymnasium | Freie Evangelische Schule und Kindertagesst\u00e4tte Heidenheim e. V.\" \/>\n<meta property=\"article:published_time\" content=\"2024-07-23T08:31:53+00:00\" \/>\n<meta property=\"article:modified_time\" content=\"2024-07-23T09:43:44+00:00\" \/>\n<meta property=\"og:image\" content=\"https:\/\/fes-heidenheim.de\/gymnasium\/wp-content\/uploads\/sites\/8\/2024\/07\/Beitragsbild-Projekttage-2024-RSGYM-scaled.jpg\" \/>\n\t<meta property=\"og:image:width\" content=\"2560\" \/>\n\t<meta property=\"og:image:height\" content=\"1700\" \/>\n\t<meta property=\"og:image:type\" content=\"image\/jpeg\" \/>\n<meta name=\"author\" content=\"sekretariatgym\" \/>\n<meta name=\"twitter:card\" content=\"summary_large_image\" \/>\n<meta name=\"twitter:label1\" content=\"Verfasst von\" \/>\n\t<meta name=\"twitter:data1\" content=\"sekretariatgym\" \/>\n\t<meta name=\"twitter:label2\" content=\"Gesch\u00e4tzte Lesezeit\" \/>\n\t<meta name=\"twitter:data2\" content=\"3\u00a0Minuten\" \/>\n<script type=\"application\/ld+json\" class=\"yoast-schema-graph\">{\"@context\":\"https:\\\/\\\/schema.org\",\"@graph\":[{\"@type\":\"Article\",\"@id\":\"https:\\\/\\\/fes-heidenheim.de\\\/gymnasium\\\/2024\\\/07\\\/23\\\/projekttage-2024-gaben-talente\\\/#article\",\"isPartOf\":{\"@id\":\"https:\\\/\\\/fes-heidenheim.de\\\/gymnasium\\\/2024\\\/07\\\/23\\\/projekttage-2024-gaben-talente\\\/\"},\"author\":{\"name\":\"sekretariatgym\",\"@id\":\"https:\\\/\\\/fes-heidenheim.de\\\/gymnasium\\\/#\\\/schema\\\/person\\\/e614df80cf0124a0861921322ba81ee9\"},\"headline\":\"Projekttage 2024 der Realschule und Gymnasium: Gaben &amp; Talente\",\"datePublished\":\"2024-07-23T08:31:53+00:00\",\"dateModified\":\"2024-07-23T09:43:44+00:00\",\"mainEntityOfPage\":{\"@id\":\"https:\\\/\\\/fes-heidenheim.de\\\/gymnasium\\\/2024\\\/07\\\/23\\\/projekttage-2024-gaben-talente\\\/\"},\"wordCount\":273,\"image\":{\"@id\":\"https:\\\/\\\/fes-heidenheim.de\\\/gymnasium\\\/2024\\\/07\\\/23\\\/projekttage-2024-gaben-talente\\\/#primaryimage\"},\"thumbnailUrl\":\"https:\\\/\\\/fes-heidenheim.de\\\/gymnasium\\\/wp-content\\\/uploads\\\/sites\\\/8\\\/2024\\\/07\\\/Beitragsbild-Projekttage-2024-RSGYM-scaled.jpg\",\"articleSection\":{\"1\":\"FES Gymnasium\",\"2\":\"FES Realschule\"},\"inLanguage\":\"de\"},{\"@type\":\"WebPage\",\"@id\":\"https:\\\/\\\/fes-heidenheim.de\\\/gymnasium\\\/2024\\\/07\\\/23\\\/projekttage-2024-gaben-talente\\\/\",\"url\":\"https:\\\/\\\/fes-heidenheim.de\\\/gymnasium\\\/2024\\\/07\\\/23\\\/projekttage-2024-gaben-talente\\\/\",\"name\":\"Projekttage 2024 der Realschule und Gymnasium: Gaben &amp; Talente - Gymnasium | Freie Evangelische Schule und Kindertagesst\u00e4tte Heidenheim e. V.\",\"isPartOf\":{\"@id\":\"https:\\\/\\\/fes-heidenheim.de\\\/gymnasium\\\/#website\"},\"primaryImageOfPage\":{\"@id\":\"https:\\\/\\\/fes-heidenheim.de\\\/gymnasium\\\/2024\\\/07\\\/23\\\/projekttage-2024-gaben-talente\\\/#primaryimage\"},\"image\":{\"@id\":\"https:\\\/\\\/fes-heidenheim.de\\\/gymnasium\\\/2024\\\/07\\\/23\\\/projekttage-2024-gaben-talente\\\/#primaryimage\"},\"thumbnailUrl\":\"https:\\\/\\\/fes-heidenheim.de\\\/gymnasium\\\/wp-content\\\/uploads\\\/sites\\\/8\\\/2024\\\/07\\\/Beitragsbild-Projekttage-2024-RSGYM-scaled.jpg\",\"datePublished\":\"2024-07-23T08:31:53+00:00\",\"dateModified\":\"2024-07-23T09:43:44+00:00\",\"author\":{\"@id\":\"https:\\\/\\\/fes-heidenheim.de\\\/gymnasium\\\/#\\\/schema\\\/person\\\/e614df80cf0124a0861921322ba81ee9\"},\"breadcrumb\":{\"@id\":\"https:\\\/\\\/fes-heidenheim.de\\\/gymnasium\\\/2024\\\/07\\\/23\\\/projekttage-2024-gaben-talente\\\/#breadcrumb\"},\"inLanguage\":\"de\",\"potentialAction\":[{\"@type\":\"ReadAction\",\"target\":[\"https:\\\/\\\/fes-heidenheim.de\\\/gymnasium\\\/2024\\\/07\\\/23\\\/projekttage-2024-gaben-talente\\\/\"]}]},{\"@type\":\"ImageObject\",\"inLanguage\":\"de\",\"@id\":\"https:\\\/\\\/fes-heidenheim.de\\\/gymnasium\\\/2024\\\/07\\\/23\\\/projekttage-2024-gaben-talente\\\/#primaryimage\",\"url\":\"https:\\\/\\\/fes-heidenheim.de\\\/gymnasium\\\/wp-content\\\/uploads\\\/sites\\\/8\\\/2024\\\/07\\\/Beitragsbild-Projekttage-2024-RSGYM-scaled.jpg\",\"contentUrl\":\"https:\\\/\\\/fes-heidenheim.de\\\/gymnasium\\\/wp-content\\\/uploads\\\/sites\\\/8\\\/2024\\\/07\\\/Beitragsbild-Projekttage-2024-RSGYM-scaled.jpg\",\"width\":2560,\"height\":1700,\"caption\":\"Projekttage 2024 der FES Heidenheim, Sch\u00fclerinnen und Sch\u00fcler backen.\"},{\"@type\":\"BreadcrumbList\",\"@id\":\"https:\\\/\\\/fes-heidenheim.de\\\/gymnasium\\\/2024\\\/07\\\/23\\\/projekttage-2024-gaben-talente\\\/#breadcrumb\",\"itemListElement\":[{\"@type\":\"ListItem\",\"position\":1,\"name\":\"Startseite\",\"item\":\"https:\\\/\\\/fes-heidenheim.de\\\/gymnasium\\\/\"},{\"@type\":\"ListItem\",\"position\":2,\"name\":\"Projekttage 2024 der Realschule und Gymnasium: Gaben &amp; Talente\"}]},{\"@type\":\"WebSite\",\"@id\":\"https:\\\/\\\/fes-heidenheim.de\\\/gymnasium\\\/#website\",\"url\":\"https:\\\/\\\/fes-heidenheim.de\\\/gymnasium\\\/\",\"name\":\"Gymnasium | Freie Evangelische Schule und Kindertagesst\u00e4tte Heidenheim e. V.\",\"description\":\"Eine weitere Freie Evangelische Schule Heidenheim e.V. Websites Website\",\"potentialAction\":[{\"@type\":\"SearchAction\",\"target\":{\"@type\":\"EntryPoint\",\"urlTemplate\":\"https:\\\/\\\/fes-heidenheim.de\\\/gymnasium\\\/?s={search_term_string}\"},\"query-input\":{\"@type\":\"PropertyValueSpecification\",\"valueRequired\":true,\"valueName\":\"search_term_string\"}}],\"inLanguage\":\"de\"},{\"@type\":\"Person\",\"@id\":\"https:\\\/\\\/fes-heidenheim.de\\\/gymnasium\\\/#\\\/schema\\\/person\\\/e614df80cf0124a0861921322ba81ee9\",\"name\":\"sekretariatgym\",\"image\":{\"@type\":\"ImageObject\",\"inLanguage\":\"de\",\"@id\":\"https:\\\/\\\/secure.gravatar.com\\\/avatar\\\/8196f14ce1450e8b1558ed9138138a8a40a91d9ddc1e02556e5dd141376b7e3a?s=96&d=mm&r=g\",\"url\":\"https:\\\/\\\/secure.gravatar.com\\\/avatar\\\/8196f14ce1450e8b1558ed9138138a8a40a91d9ddc1e02556e5dd141376b7e3a?s=96&d=mm&r=g\",\"contentUrl\":\"https:\\\/\\\/secure.gravatar.com\\\/avatar\\\/8196f14ce1450e8b1558ed9138138a8a40a91d9ddc1e02556e5dd141376b7e3a?s=96&d=mm&r=g\",\"caption\":\"sekretariatgym\"},\"url\":\"https:\\\/\\\/fes-heidenheim.de\\\/gymnasium\\\/author\\\/sekretariatgym\\\/\"}]}<\/script>\n<!-- \/ Yoast SEO plugin. -->","yoast_head_json":{"title":"Projekttage 2024 der Realschule und Gymnasium: Gaben &amp; Talente - Gymnasium | Freie Evangelische Schule und Kindertagesst\u00e4tte Heidenheim e. V.","robots":{"index":"index","follow":"follow","max-snippet":"max-snippet:-1","max-image-preview":"max-image-preview:large","max-video-preview":"max-video-preview:-1"},"canonical":"https:\/\/fes-heidenheim.de\/gymnasium\/2024\/07\/23\/projekttage-2024-gaben-talente\/","og_locale":"de_DE","og_type":"article","og_title":"Projekttage 2024 der Realschule und Gymnasium: Gaben &amp; Talente - Gymnasium | Freie Evangelische Schule und Kindertagesst\u00e4tte Heidenheim e. V.","og_description":"Als Fotograf hat man bei den Pro\u00adjek\u00adtt\u00adta\u00adgen zwei klare Vorteile: Zum einen bekommt man Ein\u00adblicke in alle Pro\u00adjek\u00adtange\u00adbote und zum anderen schnappt man \u00fcber\u00adall inter\u00ades\u00adsante S\u00e4tze auf. Die, die am [&hellip;]","og_url":"https:\/\/fes-heidenheim.de\/gymnasium\/2024\/07\/23\/projekttage-2024-gaben-talente\/","og_site_name":"Gymnasium | Freie Evangelische Schule und Kindertagesst\u00e4tte Heidenheim e. V.","article_published_time":"2024-07-23T08:31:53+00:00","article_modified_time":"2024-07-23T09:43:44+00:00","og_image":[{"width":2560,"height":1700,"url":"https:\/\/fes-heidenheim.de\/gymnasium\/wp-content\/uploads\/sites\/8\/2024\/07\/Beitragsbild-Projekttage-2024-RSGYM-scaled.jpg","type":"image\/jpeg"}],"author":"sekretariatgym","twitter_card":"summary_large_image","twitter_misc":{"Verfasst von":"sekretariatgym","Gesch\u00e4tzte Lesezeit":"3\u00a0Minuten"},"schema":{"@context":"https:\/\/schema.org","@graph":[{"@type":"Article","@id":"https:\/\/fes-heidenheim.de\/gymnasium\/2024\/07\/23\/projekttage-2024-gaben-talente\/#article","isPartOf":{"@id":"https:\/\/fes-heidenheim.de\/gymnasium\/2024\/07\/23\/projekttage-2024-gaben-talente\/"},"author":{"name":"sekretariatgym","@id":"https:\/\/fes-heidenheim.de\/gymnasium\/#\/schema\/person\/e614df80cf0124a0861921322ba81ee9"},"headline":"Projekttage 2024 der Realschule und Gymnasium: Gaben &amp; Talente","datePublished":"2024-07-23T08:31:53+00:00","dateModified":"2024-07-23T09:43:44+00:00","mainEntityOfPage":{"@id":"https:\/\/fes-heidenheim.de\/gymnasium\/2024\/07\/23\/projekttage-2024-gaben-talente\/"},"wordCount":273,"image":{"@id":"https:\/\/fes-heidenheim.de\/gymnasium\/2024\/07\/23\/projekttage-2024-gaben-talente\/#primaryimage"},"thumbnailUrl":"https:\/\/fes-heidenheim.de\/gymnasium\/wp-content\/uploads\/sites\/8\/2024\/07\/Beitragsbild-Projekttage-2024-RSGYM-scaled.jpg","articleSection":{"1":"FES Gymnasium","2":"FES Realschule"},"inLanguage":"de"},{"@type":"WebPage","@id":"https:\/\/fes-heidenheim.de\/gymnasium\/2024\/07\/23\/projekttage-2024-gaben-talente\/","url":"https:\/\/fes-heidenheim.de\/gymnasium\/2024\/07\/23\/projekttage-2024-gaben-talente\/","name":"Projekttage 2024 der Realschule und Gymnasium: Gaben &amp; Talente - Gymnasium | Freie Evangelische Schule und Kindertagesst\u00e4tte Heidenheim e. V.","isPartOf":{"@id":"https:\/\/fes-heidenheim.de\/gymnasium\/#website"},"primaryImageOfPage":{"@id":"https:\/\/fes-heidenheim.de\/gymnasium\/2024\/07\/23\/projekttage-2024-gaben-talente\/#primaryimage"},"image":{"@id":"https:\/\/fes-heidenheim.de\/gymnasium\/2024\/07\/23\/projekttage-2024-gaben-talente\/#primaryimage"},"thumbnailUrl":"https:\/\/fes-heidenheim.de\/gymnasium\/wp-content\/uploads\/sites\/8\/2024\/07\/Beitragsbild-Projekttage-2024-RSGYM-scaled.jpg","datePublished":"2024-07-23T08:31:53+00:00","dateModified":"2024-07-23T09:43:44+00:00","author":{"@id":"https:\/\/fes-heidenheim.de\/gymnasium\/#\/schema\/person\/e614df80cf0124a0861921322ba81ee9"},"breadcrumb":{"@id":"https:\/\/fes-heidenheim.de\/gymnasium\/2024\/07\/23\/projekttage-2024-gaben-talente\/#breadcrumb"},"inLanguage":"de","potentialAction":[{"@type":"ReadAction","target":["https:\/\/fes-heidenheim.de\/gymnasium\/2024\/07\/23\/projekttage-2024-gaben-talente\/"]}]},{"@type":"ImageObject","inLanguage":"de","@id":"https:\/\/fes-heidenheim.de\/gymnasium\/2024\/07\/23\/projekttage-2024-gaben-talente\/#primaryimage","url":"https:\/\/fes-heidenheim.de\/gymnasium\/wp-content\/uploads\/sites\/8\/2024\/07\/Beitragsbild-Projekttage-2024-RSGYM-scaled.jpg","contentUrl":"https:\/\/fes-heidenheim.de\/gymnasium\/wp-content\/uploads\/sites\/8\/2024\/07\/Beitragsbild-Projekttage-2024-RSGYM-scaled.jpg","width":2560,"height":1700,"caption":"Projekttage 2024 der FES Heidenheim, Sch\u00fclerinnen und Sch\u00fcler backen."},{"@type":"BreadcrumbList","@id":"https:\/\/fes-heidenheim.de\/gymnasium\/2024\/07\/23\/projekttage-2024-gaben-talente\/#breadcrumb","itemListElement":[{"@type":"ListItem","position":1,"name":"Startseite","item":"https:\/\/fes-heidenheim.de\/gymnasium\/"},{"@type":"ListItem","position":2,"name":"Projekttage 2024 der Realschule und Gymnasium: Gaben &amp; Talente"}]},{"@type":"WebSite","@id":"https:\/\/fes-heidenheim.de\/gymnasium\/#website","url":"https:\/\/fes-heidenheim.de\/gymnasium\/","name":"Gymnasium | Freie Evangelische Schule und Kindertagesst\u00e4tte Heidenheim e. V.","description":"Eine weitere Freie Evangelische Schule Heidenheim e.V. Websites Website","potentialAction":[{"@type":"SearchAction","target":{"@type":"EntryPoint","urlTemplate":"https:\/\/fes-heidenheim.de\/gymnasium\/?s={search_term_string}"},"query-input":{"@type":"PropertyValueSpecification","valueRequired":true,"valueName":"search_term_string"}}],"inLanguage":"de"},{"@type":"Person","@id":"https:\/\/fes-heidenheim.de\/gymnasium\/#\/schema\/person\/e614df80cf0124a0861921322ba81ee9","name":"sekretariatgym","image":{"@type":"ImageObject","inLanguage":"de","@id":"https:\/\/secure.gravatar.com\/avatar\/8196f14ce1450e8b1558ed9138138a8a40a91d9ddc1e02556e5dd141376b7e3a?s=96&d=mm&r=g","url":"https:\/\/secure.gravatar.com\/avatar\/8196f14ce1450e8b1558ed9138138a8a40a91d9ddc1e02556e5dd141376b7e3a?s=96&d=mm&r=g","contentUrl":"https:\/\/secure.gravatar.com\/avatar\/8196f14ce1450e8b1558ed9138138a8a40a91d9ddc1e02556e5dd141376b7e3a?s=96&d=mm&r=g","caption":"sekretariatgym"},"url":"https:\/\/fes-heidenheim.de\/gymnasium\/author\/sekretariatgym\/"}]}},"_links":{"self":[{"href":"https:\/\/fes-heidenheim.de\/gymnasium\/wp-json\/wp\/v2\/posts\/5382","targetHints":{"allow":["GET"]}}],"collection":[{"href":"https:\/\/fes-heidenheim.de\/gymnasium\/wp-json\/wp\/v2\/posts"}],"about":[{"href":"https:\/\/fes-heidenheim.de\/gymnasium\/wp-json\/wp\/v2\/types\/post"}],"author":[{"embeddable":true,"href":"https:\/\/fes-heidenheim.de\/gymnasium\/wp-json\/wp\/v2\/users\/15"}],"replies":[{"embeddable":true,"href":"https:\/\/fes-heidenheim.de\/gymnasium\/wp-json\/wp\/v2\/comments?post=5382"}],"version-history":[{"count":2,"href":"https:\/\/fes-heidenheim.de\/gymnasium\/wp-json\/wp\/v2\/posts\/5382\/revisions"}],"predecessor-version":[{"id":5391,"href":"https:\/\/fes-heidenheim.de\/gymnasium\/wp-json\/wp\/v2\/posts\/5382\/revisions\/5391"}],"wp:featuredmedia":[{"embeddable":true,"href":"https:\/\/fes-heidenheim.de\/gymnasium\/wp-json\/wp\/v2\/media\/5388"}],"wp:attachment":[{"href":"https:\/\/fes-heidenheim.de\/gymnasium\/wp-json\/wp\/v2\/media?parent=5382"}],"wp:term":[{"taxonomy":"category","embeddable":true,"href":"https:\/\/fes-heidenheim.de\/gymnasium\/wp-json\/wp\/v2\/categories?post=5382"},{"taxonomy":"post_tag","embeddable":true,"href":"https:\/\/fes-heidenheim.de\/gymnasium\/wp-json\/wp\/v2\/tags?post=5382"}],"curies":[{"name":"wp","href":"https:\/\/api.w.org\/{rel}","templated":true}]}}