{"id":5402,"date":"2024-07-25T10:18:31","date_gmt":"2024-07-25T08:18:31","guid":{"rendered":"https:\/\/fes-heidenheim.de\/gymnasium\/?p=5402"},"modified":"2024-07-25T10:21:13","modified_gmt":"2024-07-25T08:21:13","slug":"musiktheaterprojekt-der-klassen-5","status":"publish","type":"post","link":"https:\/\/fes-heidenheim.de\/gymnasium\/2024\/07\/25\/musiktheaterprojekt-der-klassen-5\/","title":{"rendered":"Musiktheaterprojekt der Klassen 5"},"content":{"rendered":"\n<h2 class=\"wp-block-heading has-medium-font-size\">\u00dcber 250 Besucher freuen sich bei der Auff\u00fchrung im Gemeindezentrum der Ev. Chrischona-Gemeinde Sontheim an der Kreativit\u00e4t und Musikalit\u00e4t der Sch\u00fclerinnen und Sch\u00fcler aus Jgst.5 unserer FES-Realschule und unseres FES-Gymnasiums.<\/h2>\n\n\n\n<p>Was diese 40 5.Kl\u00e4ssler in ein\u00ader beein\u00addruck\u00adenden Auf\u00adf\u00fchrung auf die Beine gestellt haben. Da staunt man. Sie schaf\u00adfen es, \u00fcber 250 Zuschauer in ihre Auf\u00adf\u00fchrung zu ziehen. Die Sch\u00fcler und Sch\u00fc\u00adlerin\u00adnen ent\u00adf\u00fchrten das Pub\u00adlikum mit Chor\u00adliedern, Schaus\u00adpiel, Tanz und tollen B\u00fch\u00adnen\u00adbildern in eine andere Welt. Und sie bracht\u00aden die gute Botschaft der Bibel auf die&nbsp;B\u00fchne.<\/p>\n\n\n\n<p>In gut 70 Minuten erz\u00e4hlten sie eine Geschichte, die selb\u00adst Bibelken\u00adner zum Aufhorchen brachte. Mit wech\u00adsel\u00adnden B\u00fch\u00adnen\u00adbildern zeigten sie Szenen rund um die bib\u00adlis\u00adche Gestalt des syrischen Gen\u00ader\u00adals Naa\u00adman und dessen Heilung vom Aussatz.<\/p>\n\n\n\n<p>Viel Applaus am Ende been\u00addete eine fr\u00f6h\u00adliche und gelun\u00adgene Auff\u00fchrung.<\/p>\n\n\n\n<figure class=\"wp-block-gallery has-nested-images columns-default is-cropped wp-block-gallery-1 is-layout-flex wp-block-gallery-is-layout-flex\">\n<figure class=\"wp-block-image size-large\"><img loading=\"lazy\" decoding=\"async\" width=\"1024\" height=\"651\" data-id=\"5405\" src=\"https:\/\/fes-heidenheim.de\/gymnasium\/wp-content\/uploads\/sites\/8\/2024\/07\/weiteres-Bild-01-1024x651.jpg\" alt=\"Musiktheaterprojekt der Jahrgangsstufe 5 der FES Heidenheim. Auftritt in der Chrischonagemeinde Sontheim an der Brenz. Die Sch\u00fclerinnen und Sch\u00fcler zeigen Ihr k\u00f6nnen und verzaubern das Publikum.\" class=\"wp-image-5405\" srcset=\"https:\/\/fes-heidenheim.de\/gymnasium\/wp-content\/uploads\/sites\/8\/2024\/07\/weiteres-Bild-01-980x623.jpg 980w, https:\/\/fes-heidenheim.de\/gymnasium\/wp-content\/uploads\/sites\/8\/2024\/07\/weiteres-Bild-01-480x305.jpg 480w\" sizes=\"(min-width: 0px) and (max-width: 480px) 480px, (min-width: 481px) and (max-width: 980px) 980px, (min-width: 981px) 1024px, 100vw\"><\/figure>\n\n\n\n<figure class=\"wp-block-image size-large\"><img loading=\"lazy\" decoding=\"async\" width=\"1024\" height=\"496\" data-id=\"5404\" src=\"https:\/\/fes-heidenheim.de\/gymnasium\/wp-content\/uploads\/sites\/8\/2024\/07\/weiteres-Bild-05-1024x496.jpg\" alt=\"Musiktheaterprojekt der Jahrgangsstufe 5 der FES Heidenheim. Auftritt in der Chrischonagemeinde Sontheim an der Brenz. Die Sch\u00fclerinnen und Sch\u00fcler zeigen Ihr k\u00f6nnen und verzaubern das Publikum.\" class=\"wp-image-5404\" srcset=\"https:\/\/fes-heidenheim.de\/gymnasium\/wp-content\/uploads\/sites\/8\/2024\/07\/weiteres-Bild-05-980x475.jpg 980w, https:\/\/fes-heidenheim.de\/gymnasium\/wp-content\/uploads\/sites\/8\/2024\/07\/weiteres-Bild-05-480x233.jpg 480w\" sizes=\"(min-width: 0px) and (max-width: 480px) 480px, (min-width: 481px) and (max-width: 980px) 980px, (min-width: 981px) 1024px, 100vw\"><\/figure>\n\n\n\n<figure class=\"wp-block-image size-large\"><img loading=\"lazy\" decoding=\"async\" width=\"1024\" height=\"768\" data-id=\"5403\" src=\"https:\/\/fes-heidenheim.de\/gymnasium\/wp-content\/uploads\/sites\/8\/2024\/07\/weiteres-Bild-07-1024x768.jpg\" alt=\"Musiktheaterprojekt der Jahrgangsstufe 5 der FES Heidenheim. Auftritt in der Chrischonagemeinde Sontheim an der Brenz. Die Sch\u00fclerinnen und Sch\u00fcler zeigen Ihr k\u00f6nnen und verzaubern das Publikum.\" class=\"wp-image-5403\" srcset=\"https:\/\/fes-heidenheim.de\/gymnasium\/wp-content\/uploads\/sites\/8\/2024\/07\/weiteres-Bild-07-980x735.jpg 980w, https:\/\/fes-heidenheim.de\/gymnasium\/wp-content\/uploads\/sites\/8\/2024\/07\/weiteres-Bild-07-480x360.jpg 480w\" sizes=\"(min-width: 0px) and (max-width: 480px) 480px, (min-width: 481px) and (max-width: 980px) 980px, (min-width: 981px) 1024px, 100vw\"><\/figure>\n<\/figure>\n\n\n\n<figure class=\"wp-block-gallery has-nested-images columns-default is-cropped wp-block-gallery-2 is-layout-flex wp-block-gallery-is-layout-flex\">\n<figure class=\"wp-block-image size-large\"><img loading=\"lazy\" decoding=\"async\" width=\"800\" height=\"1024\" data-id=\"5406\" src=\"https:\/\/fes-heidenheim.de\/gymnasium\/wp-content\/uploads\/sites\/8\/2024\/07\/weiteres-Bild-02-800x1024.jpg\" alt=\"Musiktheaterprojekt der Jahrgangsstufe 5 der FES Heidenheim. Auftritt in der Chrischonagemeinde Sontheim an der Brenz. Die Sch\u00fclerinnen und Sch\u00fcler zeigen Ihr k\u00f6nnen und verzaubern das Publikum.\" class=\"wp-image-5406\"><\/figure>\n\n\n\n<figure class=\"wp-block-image size-large\"><img loading=\"lazy\" decoding=\"async\" width=\"762\" height=\"1024\" data-id=\"5407\" src=\"https:\/\/fes-heidenheim.de\/gymnasium\/wp-content\/uploads\/sites\/8\/2024\/07\/weiteres-Bild-06-762x1024.jpg\" alt=\"Musiktheaterprojekt der Jahrgangsstufe 5 der FES Heidenheim. Auftritt in der Chrischonagemeinde Sontheim an der Brenz. Die Sch\u00fclerinnen und Sch\u00fcler zeigen Ihr k\u00f6nnen und verzaubern das Publikum.\" class=\"wp-image-5407\"><\/figure>\n<\/figure>\n","protected":false},"excerpt":{"rendered":"<p>\u00dcber 250 Besuch\u00ader freuen sich bei der Auf\u00adf\u00fchrung im Gemein\u00addezen\u00adtrum der Ev. Chrischona-Gemeinde Son\u00adtheim an der Kreativ\u00adit\u00e4t und Musikalit\u00e4t der Sch\u00fc\u00adlerin\u00adnen und Sch\u00fcler aus Jgst.5 unser\u00ader FES-Realschule und unseres FES-Gymnasiums.&nbsp;[\u2026]<\/p>\n","protected":false},"author":15,"featured_media":5408,"comment_status":"closed","ping_status":"closed","sticky":false,"template":"","format":"standard","meta":{"_et_pb_use_builder":"off","_et_pb_old_content":"","_et_gb_content_width":"","inline_featured_image":false,"wp_typography_post_enhancements_disabled":false,"footnotes":"[]"},"categories":[1,30,29],"tags":[],"class_list":["post-5402","post","type-post","status-publish","format-standard","has-post-thumbnail","hentry","category-allgemein","category-fes-gymnasium","category-fes-realschule"],"yoast_head":"<!-- This site is optimized with the Yoast SEO plugin v27.4 - https:\/\/yoast.com\/product\/yoast-seo-wordpress\/ -->\n<title>Musiktheaterprojekt der Klassen 5 - Gymnasium | Freie Evangelische Schule und Kindertagesst\u00e4tte Heidenheim e. V.<\/title>\n<meta name=\"robots\" content=\"index, follow, max-snippet:-1, max-image-preview:large, max-video-preview:-1\" \/>\n<link rel=\"canonical\" href=\"https:\/\/fes-heidenheim.de\/gymnasium\/2024\/07\/25\/musiktheaterprojekt-der-klassen-5\/\" \/>\n<meta property=\"og:locale\" content=\"de_DE\" \/>\n<meta property=\"og:type\" content=\"article\" \/>\n<meta property=\"og:title\" content=\"Musiktheaterprojekt der Klassen 5 - Gymnasium | Freie Evangelische Schule und Kindertagesst\u00e4tte Heidenheim e. V.\" \/>\n<meta property=\"og:description\" content=\"\u00dcber 250 Besucher freuen sich bei der Auff\u00fchrung im Gemeindezentrum der Ev. Chrischona-Gemeinde Sontheim an der Kreativit\u00e4t und Musikalit\u00e4t der Sch\u00fclerinnen und Sch\u00fcler aus Jgst.5 unserer FES-Realschule und unseres FES-Gymnasiums. [&hellip;]\" \/>\n<meta property=\"og:url\" content=\"https:\/\/fes-heidenheim.de\/gymnasium\/2024\/07\/25\/musiktheaterprojekt-der-klassen-5\/\" \/>\n<meta property=\"og:site_name\" content=\"Gymnasium | Freie Evangelische Schule und Kindertagesst\u00e4tte Heidenheim e. V.\" \/>\n<meta property=\"article:published_time\" content=\"2024-07-25T08:18:31+00:00\" \/>\n<meta property=\"article:modified_time\" content=\"2024-07-25T08:21:13+00:00\" \/>\n<meta property=\"og:image\" content=\"https:\/\/fes-heidenheim.de\/gymnasium\/wp-content\/uploads\/sites\/8\/2024\/07\/Beitragsbild-zum-BLOG-Beitrag-Naaman-Musical-scaled.jpg\" \/>\n\t<meta property=\"og:image:width\" content=\"2560\" \/>\n\t<meta property=\"og:image:height\" content=\"1393\" \/>\n\t<meta property=\"og:image:type\" content=\"image\/jpeg\" \/>\n<meta name=\"author\" content=\"sekretariatgym\" \/>\n<meta name=\"twitter:card\" content=\"summary_large_image\" \/>\n<meta name=\"twitter:label1\" content=\"Verfasst von\" \/>\n\t<meta name=\"twitter:data1\" content=\"sekretariatgym\" \/>\n\t<meta name=\"twitter:label2\" content=\"Gesch\u00e4tzte Lesezeit\" \/>\n\t<meta name=\"twitter:data2\" content=\"2\u00a0Minuten\" \/>\n<script type=\"application\/ld+json\" class=\"yoast-schema-graph\">{\"@context\":\"https:\\\/\\\/schema.org\",\"@graph\":[{\"@type\":\"Article\",\"@id\":\"https:\\\/\\\/fes-heidenheim.de\\\/gymnasium\\\/2024\\\/07\\\/25\\\/musiktheaterprojekt-der-klassen-5\\\/#article\",\"isPartOf\":{\"@id\":\"https:\\\/\\\/fes-heidenheim.de\\\/gymnasium\\\/2024\\\/07\\\/25\\\/musiktheaterprojekt-der-klassen-5\\\/\"},\"author\":{\"name\":\"sekretariatgym\",\"@id\":\"https:\\\/\\\/fes-heidenheim.de\\\/gymnasium\\\/#\\\/schema\\\/person\\\/e614df80cf0124a0861921322ba81ee9\"},\"headline\":\"Musiktheaterprojekt der Klassen 5\",\"datePublished\":\"2024-07-25T08:18:31+00:00\",\"dateModified\":\"2024-07-25T08:21:13+00:00\",\"mainEntityOfPage\":{\"@id\":\"https:\\\/\\\/fes-heidenheim.de\\\/gymnasium\\\/2024\\\/07\\\/25\\\/musiktheaterprojekt-der-klassen-5\\\/\"},\"wordCount\":146,\"image\":{\"@id\":\"https:\\\/\\\/fes-heidenheim.de\\\/gymnasium\\\/2024\\\/07\\\/25\\\/musiktheaterprojekt-der-klassen-5\\\/#primaryimage\"},\"thumbnailUrl\":\"https:\\\/\\\/fes-heidenheim.de\\\/gymnasium\\\/wp-content\\\/uploads\\\/sites\\\/8\\\/2024\\\/07\\\/Beitragsbild-zum-BLOG-Beitrag-Naaman-Musical-scaled.jpg\",\"articleSection\":{\"1\":\"FES Gymnasium\",\"2\":\"FES Realschule\"},\"inLanguage\":\"de\"},{\"@type\":\"WebPage\",\"@id\":\"https:\\\/\\\/fes-heidenheim.de\\\/gymnasium\\\/2024\\\/07\\\/25\\\/musiktheaterprojekt-der-klassen-5\\\/\",\"url\":\"https:\\\/\\\/fes-heidenheim.de\\\/gymnasium\\\/2024\\\/07\\\/25\\\/musiktheaterprojekt-der-klassen-5\\\/\",\"name\":\"Musiktheaterprojekt der Klassen 5 - Gymnasium | Freie Evangelische Schule und Kindertagesst\u00e4tte Heidenheim e. V.\",\"isPartOf\":{\"@id\":\"https:\\\/\\\/fes-heidenheim.de\\\/gymnasium\\\/#website\"},\"primaryImageOfPage\":{\"@id\":\"https:\\\/\\\/fes-heidenheim.de\\\/gymnasium\\\/2024\\\/07\\\/25\\\/musiktheaterprojekt-der-klassen-5\\\/#primaryimage\"},\"image\":{\"@id\":\"https:\\\/\\\/fes-heidenheim.de\\\/gymnasium\\\/2024\\\/07\\\/25\\\/musiktheaterprojekt-der-klassen-5\\\/#primaryimage\"},\"thumbnailUrl\":\"https:\\\/\\\/fes-heidenheim.de\\\/gymnasium\\\/wp-content\\\/uploads\\\/sites\\\/8\\\/2024\\\/07\\\/Beitragsbild-zum-BLOG-Beitrag-Naaman-Musical-scaled.jpg\",\"datePublished\":\"2024-07-25T08:18:31+00:00\",\"dateModified\":\"2024-07-25T08:21:13+00:00\",\"author\":{\"@id\":\"https:\\\/\\\/fes-heidenheim.de\\\/gymnasium\\\/#\\\/schema\\\/person\\\/e614df80cf0124a0861921322ba81ee9\"},\"breadcrumb\":{\"@id\":\"https:\\\/\\\/fes-heidenheim.de\\\/gymnasium\\\/2024\\\/07\\\/25\\\/musiktheaterprojekt-der-klassen-5\\\/#breadcrumb\"},\"inLanguage\":\"de\",\"potentialAction\":[{\"@type\":\"ReadAction\",\"target\":[\"https:\\\/\\\/fes-heidenheim.de\\\/gymnasium\\\/2024\\\/07\\\/25\\\/musiktheaterprojekt-der-klassen-5\\\/\"]}]},{\"@type\":\"ImageObject\",\"inLanguage\":\"de\",\"@id\":\"https:\\\/\\\/fes-heidenheim.de\\\/gymnasium\\\/2024\\\/07\\\/25\\\/musiktheaterprojekt-der-klassen-5\\\/#primaryimage\",\"url\":\"https:\\\/\\\/fes-heidenheim.de\\\/gymnasium\\\/wp-content\\\/uploads\\\/sites\\\/8\\\/2024\\\/07\\\/Beitragsbild-zum-BLOG-Beitrag-Naaman-Musical-scaled.jpg\",\"contentUrl\":\"https:\\\/\\\/fes-heidenheim.de\\\/gymnasium\\\/wp-content\\\/uploads\\\/sites\\\/8\\\/2024\\\/07\\\/Beitragsbild-zum-BLOG-Beitrag-Naaman-Musical-scaled.jpg\",\"width\":2560,\"height\":1393,\"caption\":\"Musiktheaterprojekt der Jahrgangsstufe 5 der FES Heidenheim. Auftritt in der Chrischonagemeinde Sontheim an der Brenz. Die Sch\u00fclerinnen und Sch\u00fcler zeigen Ihr k\u00f6nnen und verzaubern das Publikum.\"},{\"@type\":\"BreadcrumbList\",\"@id\":\"https:\\\/\\\/fes-heidenheim.de\\\/gymnasium\\\/2024\\\/07\\\/25\\\/musiktheaterprojekt-der-klassen-5\\\/#breadcrumb\",\"itemListElement\":[{\"@type\":\"ListItem\",\"position\":1,\"name\":\"Startseite\",\"item\":\"https:\\\/\\\/fes-heidenheim.de\\\/gymnasium\\\/\"},{\"@type\":\"ListItem\",\"position\":2,\"name\":\"Musiktheaterprojekt der Klassen 5\"}]},{\"@type\":\"WebSite\",\"@id\":\"https:\\\/\\\/fes-heidenheim.de\\\/gymnasium\\\/#website\",\"url\":\"https:\\\/\\\/fes-heidenheim.de\\\/gymnasium\\\/\",\"name\":\"Gymnasium | Freie Evangelische Schule und Kindertagesst\u00e4tte Heidenheim e. V.\",\"description\":\"Eine weitere Freie Evangelische Schule Heidenheim e.V. Websites Website\",\"potentialAction\":[{\"@type\":\"SearchAction\",\"target\":{\"@type\":\"EntryPoint\",\"urlTemplate\":\"https:\\\/\\\/fes-heidenheim.de\\\/gymnasium\\\/?s={search_term_string}\"},\"query-input\":{\"@type\":\"PropertyValueSpecification\",\"valueRequired\":true,\"valueName\":\"search_term_string\"}}],\"inLanguage\":\"de\"},{\"@type\":\"Person\",\"@id\":\"https:\\\/\\\/fes-heidenheim.de\\\/gymnasium\\\/#\\\/schema\\\/person\\\/e614df80cf0124a0861921322ba81ee9\",\"name\":\"sekretariatgym\",\"image\":{\"@type\":\"ImageObject\",\"inLanguage\":\"de\",\"@id\":\"https:\\\/\\\/secure.gravatar.com\\\/avatar\\\/8196f14ce1450e8b1558ed9138138a8a40a91d9ddc1e02556e5dd141376b7e3a?s=96&d=mm&r=g\",\"url\":\"https:\\\/\\\/secure.gravatar.com\\\/avatar\\\/8196f14ce1450e8b1558ed9138138a8a40a91d9ddc1e02556e5dd141376b7e3a?s=96&d=mm&r=g\",\"contentUrl\":\"https:\\\/\\\/secure.gravatar.com\\\/avatar\\\/8196f14ce1450e8b1558ed9138138a8a40a91d9ddc1e02556e5dd141376b7e3a?s=96&d=mm&r=g\",\"caption\":\"sekretariatgym\"},\"url\":\"https:\\\/\\\/fes-heidenheim.de\\\/gymnasium\\\/author\\\/sekretariatgym\\\/\"}]}<\/script>\n<!-- \/ Yoast SEO plugin. -->","yoast_head_json":{"title":"Musiktheaterprojekt der Klassen 5 - Gymnasium | Freie Evangelische Schule und Kindertagesst\u00e4tte Heidenheim e. V.","robots":{"index":"index","follow":"follow","max-snippet":"max-snippet:-1","max-image-preview":"max-image-preview:large","max-video-preview":"max-video-preview:-1"},"canonical":"https:\/\/fes-heidenheim.de\/gymnasium\/2024\/07\/25\/musiktheaterprojekt-der-klassen-5\/","og_locale":"de_DE","og_type":"article","og_title":"Musiktheaterprojekt der Klassen 5 - Gymnasium | Freie Evangelische Schule und Kindertagesst\u00e4tte Heidenheim e. V.","og_description":"\u00dcber 250 Besucher freuen sich bei der Auff\u00fchrung im Gemeindezentrum der Ev. Chrischona-Gemeinde Sontheim an der Kreativit\u00e4t und Musikalit\u00e4t der Sch\u00fclerinnen und Sch\u00fcler aus Jgst.5 unserer FES-Realschule und unseres FES-Gymnasiums. [&hellip;]","og_url":"https:\/\/fes-heidenheim.de\/gymnasium\/2024\/07\/25\/musiktheaterprojekt-der-klassen-5\/","og_site_name":"Gymnasium | Freie Evangelische Schule und Kindertagesst\u00e4tte Heidenheim e. V.","article_published_time":"2024-07-25T08:18:31+00:00","article_modified_time":"2024-07-25T08:21:13+00:00","og_image":[{"width":2560,"height":1393,"url":"https:\/\/fes-heidenheim.de\/gymnasium\/wp-content\/uploads\/sites\/8\/2024\/07\/Beitragsbild-zum-BLOG-Beitrag-Naaman-Musical-scaled.jpg","type":"image\/jpeg"}],"author":"sekretariatgym","twitter_card":"summary_large_image","twitter_misc":{"Verfasst von":"sekretariatgym","Gesch\u00e4tzte Lesezeit":"2\u00a0Minuten"},"schema":{"@context":"https:\/\/schema.org","@graph":[{"@type":"Article","@id":"https:\/\/fes-heidenheim.de\/gymnasium\/2024\/07\/25\/musiktheaterprojekt-der-klassen-5\/#article","isPartOf":{"@id":"https:\/\/fes-heidenheim.de\/gymnasium\/2024\/07\/25\/musiktheaterprojekt-der-klassen-5\/"},"author":{"name":"sekretariatgym","@id":"https:\/\/fes-heidenheim.de\/gymnasium\/#\/schema\/person\/e614df80cf0124a0861921322ba81ee9"},"headline":"Musiktheaterprojekt der Klassen 5","datePublished":"2024-07-25T08:18:31+00:00","dateModified":"2024-07-25T08:21:13+00:00","mainEntityOfPage":{"@id":"https:\/\/fes-heidenheim.de\/gymnasium\/2024\/07\/25\/musiktheaterprojekt-der-klassen-5\/"},"wordCount":146,"image":{"@id":"https:\/\/fes-heidenheim.de\/gymnasium\/2024\/07\/25\/musiktheaterprojekt-der-klassen-5\/#primaryimage"},"thumbnailUrl":"https:\/\/fes-heidenheim.de\/gymnasium\/wp-content\/uploads\/sites\/8\/2024\/07\/Beitragsbild-zum-BLOG-Beitrag-Naaman-Musical-scaled.jpg","articleSection":{"1":"FES Gymnasium","2":"FES Realschule"},"inLanguage":"de"},{"@type":"WebPage","@id":"https:\/\/fes-heidenheim.de\/gymnasium\/2024\/07\/25\/musiktheaterprojekt-der-klassen-5\/","url":"https:\/\/fes-heidenheim.de\/gymnasium\/2024\/07\/25\/musiktheaterprojekt-der-klassen-5\/","name":"Musiktheaterprojekt der Klassen 5 - Gymnasium | Freie Evangelische Schule und Kindertagesst\u00e4tte Heidenheim e. V.","isPartOf":{"@id":"https:\/\/fes-heidenheim.de\/gymnasium\/#website"},"primaryImageOfPage":{"@id":"https:\/\/fes-heidenheim.de\/gymnasium\/2024\/07\/25\/musiktheaterprojekt-der-klassen-5\/#primaryimage"},"image":{"@id":"https:\/\/fes-heidenheim.de\/gymnasium\/2024\/07\/25\/musiktheaterprojekt-der-klassen-5\/#primaryimage"},"thumbnailUrl":"https:\/\/fes-heidenheim.de\/gymnasium\/wp-content\/uploads\/sites\/8\/2024\/07\/Beitragsbild-zum-BLOG-Beitrag-Naaman-Musical-scaled.jpg","datePublished":"2024-07-25T08:18:31+00:00","dateModified":"2024-07-25T08:21:13+00:00","author":{"@id":"https:\/\/fes-heidenheim.de\/gymnasium\/#\/schema\/person\/e614df80cf0124a0861921322ba81ee9"},"breadcrumb":{"@id":"https:\/\/fes-heidenheim.de\/gymnasium\/2024\/07\/25\/musiktheaterprojekt-der-klassen-5\/#breadcrumb"},"inLanguage":"de","potentialAction":[{"@type":"ReadAction","target":["https:\/\/fes-heidenheim.de\/gymnasium\/2024\/07\/25\/musiktheaterprojekt-der-klassen-5\/"]}]},{"@type":"ImageObject","inLanguage":"de","@id":"https:\/\/fes-heidenheim.de\/gymnasium\/2024\/07\/25\/musiktheaterprojekt-der-klassen-5\/#primaryimage","url":"https:\/\/fes-heidenheim.de\/gymnasium\/wp-content\/uploads\/sites\/8\/2024\/07\/Beitragsbild-zum-BLOG-Beitrag-Naaman-Musical-scaled.jpg","contentUrl":"https:\/\/fes-heidenheim.de\/gymnasium\/wp-content\/uploads\/sites\/8\/2024\/07\/Beitragsbild-zum-BLOG-Beitrag-Naaman-Musical-scaled.jpg","width":2560,"height":1393,"caption":"Musiktheaterprojekt der Jahrgangsstufe 5 der FES Heidenheim. Auftritt in der Chrischonagemeinde Sontheim an der Brenz. Die Sch\u00fclerinnen und Sch\u00fcler zeigen Ihr k\u00f6nnen und verzaubern das Publikum."},{"@type":"BreadcrumbList","@id":"https:\/\/fes-heidenheim.de\/gymnasium\/2024\/07\/25\/musiktheaterprojekt-der-klassen-5\/#breadcrumb","itemListElement":[{"@type":"ListItem","position":1,"name":"Startseite","item":"https:\/\/fes-heidenheim.de\/gymnasium\/"},{"@type":"ListItem","position":2,"name":"Musiktheaterprojekt der Klassen 5"}]},{"@type":"WebSite","@id":"https:\/\/fes-heidenheim.de\/gymnasium\/#website","url":"https:\/\/fes-heidenheim.de\/gymnasium\/","name":"Gymnasium | Freie Evangelische Schule und Kindertagesst\u00e4tte Heidenheim e. V.","description":"Eine weitere Freie Evangelische Schule Heidenheim e.V. Websites Website","potentialAction":[{"@type":"SearchAction","target":{"@type":"EntryPoint","urlTemplate":"https:\/\/fes-heidenheim.de\/gymnasium\/?s={search_term_string}"},"query-input":{"@type":"PropertyValueSpecification","valueRequired":true,"valueName":"search_term_string"}}],"inLanguage":"de"},{"@type":"Person","@id":"https:\/\/fes-heidenheim.de\/gymnasium\/#\/schema\/person\/e614df80cf0124a0861921322ba81ee9","name":"sekretariatgym","image":{"@type":"ImageObject","inLanguage":"de","@id":"https:\/\/secure.gravatar.com\/avatar\/8196f14ce1450e8b1558ed9138138a8a40a91d9ddc1e02556e5dd141376b7e3a?s=96&d=mm&r=g","url":"https:\/\/secure.gravatar.com\/avatar\/8196f14ce1450e8b1558ed9138138a8a40a91d9ddc1e02556e5dd141376b7e3a?s=96&d=mm&r=g","contentUrl":"https:\/\/secure.gravatar.com\/avatar\/8196f14ce1450e8b1558ed9138138a8a40a91d9ddc1e02556e5dd141376b7e3a?s=96&d=mm&r=g","caption":"sekretariatgym"},"url":"https:\/\/fes-heidenheim.de\/gymnasium\/author\/sekretariatgym\/"}]}},"_links":{"self":[{"href":"https:\/\/fes-heidenheim.de\/gymnasium\/wp-json\/wp\/v2\/posts\/5402","targetHints":{"allow":["GET"]}}],"collection":[{"href":"https:\/\/fes-heidenheim.de\/gymnasium\/wp-json\/wp\/v2\/posts"}],"about":[{"href":"https:\/\/fes-heidenheim.de\/gymnasium\/wp-json\/wp\/v2\/types\/post"}],"author":[{"embeddable":true,"href":"https:\/\/fes-heidenheim.de\/gymnasium\/wp-json\/wp\/v2\/users\/15"}],"replies":[{"embeddable":true,"href":"https:\/\/fes-heidenheim.de\/gymnasium\/wp-json\/wp\/v2\/comments?post=5402"}],"version-history":[{"count":2,"href":"https:\/\/fes-heidenheim.de\/gymnasium\/wp-json\/wp\/v2\/posts\/5402\/revisions"}],"predecessor-version":[{"id":5411,"href":"https:\/\/fes-heidenheim.de\/gymnasium\/wp-json\/wp\/v2\/posts\/5402\/revisions\/5411"}],"wp:featuredmedia":[{"embeddable":true,"href":"https:\/\/fes-heidenheim.de\/gymnasium\/wp-json\/wp\/v2\/media\/5408"}],"wp:attachment":[{"href":"https:\/\/fes-heidenheim.de\/gymnasium\/wp-json\/wp\/v2\/media?parent=5402"}],"wp:term":[{"taxonomy":"category","embeddable":true,"href":"https:\/\/fes-heidenheim.de\/gymnasium\/wp-json\/wp\/v2\/categories?post=5402"},{"taxonomy":"post_tag","embeddable":true,"href":"https:\/\/fes-heidenheim.de\/gymnasium\/wp-json\/wp\/v2\/tags?post=5402"}],"curies":[{"name":"wp","href":"https:\/\/api.w.org\/{rel}","templated":true}]}}