{"id":5851,"date":"2024-12-03T10:42:45","date_gmt":"2024-12-03T09:42:45","guid":{"rendered":"https:\/\/fes-heidenheim.de\/gymnasium\/?p=5851"},"modified":"2024-12-03T10:42:47","modified_gmt":"2024-12-03T09:42:47","slug":"eindrucksvolle-musikalische-andacht-in-illuminierter-pauluskirche","status":"publish","type":"post","link":"https:\/\/fes-heidenheim.de\/gymnasium\/2024\/12\/03\/eindrucksvolle-musikalische-andacht-in-illuminierter-pauluskirche\/","title":{"rendered":"Eindrucksvolle musikalische Andacht in illuminierter Pauluskirche"},"content":{"rendered":"\n<p><strong>Gottes\u00addi\u00adenst mal anders: Mit ein\u00ader beson\u00adderen musikalis\u00adchen Andacht lenk\u00adten die Sch\u00fc\u00adlerin\u00adnen und Sch\u00fcler unser\u00ader Freien Evan\u00adge\u00adlis\u00adche Schule am Vor\u00adabend des 1.Adventssonntags in der vollbe\u00adset\u00adzten Pauluskirche den Blick auf das bevorste\u00adhende Weihnachtsfest.<\/strong><\/p>\n\n\n\n<p>Unter dem Mot\u00adto \u201eLicht\u00adblick\u201c luden der Klassen\u00adchor der Jahrgangsstufe 5 sowie der Jugend\u00adchor unser\u00ader FES-Realschule und unseres FES-Gym\u00adna\u00adsi\u00adums mit Chor\u00admusik, Liedern und Gedanken die zahlre\u00adichen Zuh\u00f6r\u00ader ein, sich aus dem \u201eDunkel davon zu machen\u201c. Der Er\u00f6ff\u00adnung mit ein\u00ader energiege\u00adlade\u00adnen Rhyth\u00admus\u00adper\u00adfor\u00admance der 5.Klassen aus FES-Realschule und FES-Gym\u00adna\u00adsi\u00adum fol\u00adgten zwei Chors\u00e4tze des Klassen\u00adchors der Jahrgangstufe 5, die das The\u00adma Licht und Leben musikalisch und mit chore\u00ado\u00adgraphis\u00adchen Ele\u00admenten aus\u00addrucksstark vermittelten.<\/p>\n\n\n\n<p>Der FES-Jugend\u00adchor mit Sch\u00fclern im Alter von 13\u201318 Jahren unter Leitung von FES-Chor\u00adleit\u00ader Daniel Kinds\u00advater bescherte G\u00e4nse\u00adhaut\u00adfeel\u00ading mit adventlich\u00ader und vor\u00adwei\u00adh\u00adnachtlich\u00ader Chor\u00admusik unter\u00adschiedlich\u00adster Stilis\u00adtik \u2013 von geistlich\u00ader Chor\u00admusik \u00fcber Gospel bis hin zu adventlichem Celtic Folk. Pro\u00adfes\u00adsionelle musikalis\u00adche Begleitung f\u00fcr das vielf\u00e4ltige Chor\u00adpro\u00adgramm des jun\u00adgen Ensem\u00adbles erfol\u00adgte durch die christliche Band \u201eK\u00f6nigskind\u201c, die selb\u00adst auch mit eige\u00adnen Titeln, unter\u00admalt von san\u00adften Stre\u00adich\u00ader \u2013 und Gitar\u00adren\u00adkl\u00e4n\u00adgen, vor\u00adwei\u00adh\u00adnachtliche Kl\u00e4nge und tief\u00adgr\u00fcndi\u00adge Texte in die FES-Choran\u00addacht einbrachten.<\/p>\n\n\n\n<p>Im geistlichen Impuls forderte Samuel Kiss\u00adner, Pas\u00adtor der Ev. Br\u00fcck\u00adenge\u00admeinde HDH, die Zuh\u00f6r\u00ader auf, in sich zu gehen, um die befreiende Wei\u00adh\u00adnachts\u00adbotschaft zu ergr\u00fcn\u00adden und sich vom \u201eLicht des Lebens\u201c entz\u00fcn\u00adden zu lassen.&nbsp;<\/p>\n\n\n\n<p>Tief erf\u00fcllt von dieser musikalis\u00adchen Andacht bedank\u00adten sich die gut 600 Besuch\u00ader am Ende mit lan\u00adgan\u00adhal\u00adten\u00addem Applaus.<\/p>\n\n\n\n<figure class=\"wp-block-gallery has-nested-images columns-default is-cropped wp-block-gallery-1 is-layout-flex wp-block-gallery-is-layout-flex\">\n<figure class=\"wp-block-image size-large\"><img loading=\"lazy\" decoding=\"async\" width=\"1024\" height=\"768\" data-id=\"5853\" src=\"https:\/\/fes-heidenheim.de\/gymnasium\/wp-content\/uploads\/sites\/8\/2024\/12\/2024-11-30-18.45.26-E-M5MarkIII-010-Kopie-1024x768.jpg\" alt=\"Der FES-Jugendchor mit Sch\u00fclern im Alter von 13-18 Jahren unter Leitung von FES-Chorleiter Daniel Kindsvater bescherte G\u00e4nsehautfeeling mit adventlicher und vorweihnachtlicher Chormusik unterschiedlichster Stilistik \u2013 von geistlicher Chormusik \u00fcber Gospel bis hin zu adventlichem Celtic Folk. Professionelle musikalische Begleitung f\u00fcr das vielf\u00e4ltige Chorprogramm des jungen Ensembles erfolgte durch die christliche Band \u201eK\u00f6nigskind\u201c, die selbst auch mit eigenen Titeln, untermalt von sanften Streicher \u2013 und Gitarrenkl\u00e4ngen, vorweihnachtliche Kl\u00e4nge und tiefgr\u00fcndige Texte in die FES-Chorandacht einbrachten.\" class=\"wp-image-5853\" srcset=\"https:\/\/fes-heidenheim.de\/gymnasium\/wp-content\/uploads\/sites\/8\/2024\/12\/2024-11-30-18.45.26-E-M5MarkIII-010-Kopie-980x735.jpg 980w, https:\/\/fes-heidenheim.de\/gymnasium\/wp-content\/uploads\/sites\/8\/2024\/12\/2024-11-30-18.45.26-E-M5MarkIII-010-Kopie-480x360.jpg 480w\" sizes=\"(min-width: 0px) and (max-width: 480px) 480px, (min-width: 481px) and (max-width: 980px) 980px, (min-width: 981px) 1024px, 100vw\"><\/figure>\n\n\n\n<figure class=\"wp-block-image size-large\"><img loading=\"lazy\" decoding=\"async\" width=\"1024\" height=\"768\" data-id=\"5854\" src=\"https:\/\/fes-heidenheim.de\/gymnasium\/wp-content\/uploads\/sites\/8\/2024\/12\/2024-11-30-18.53.34-E-M5MarkIII-033-Kopie-1024x768.jpg\" alt=\"Der FES-Jugendchor mit Sch\u00fclern im Alter von 13-18 Jahren unter Leitung von FES-Chorleiter Daniel Kindsvater bescherte G\u00e4nsehautfeeling mit adventlicher und vorweihnachtlicher Chormusik unterschiedlichster Stilistik \u2013 von geistlicher Chormusik \u00fcber Gospel bis hin zu adventlichem Celtic Folk. Professionelle musikalische Begleitung f\u00fcr das vielf\u00e4ltige Chorprogramm des jungen Ensembles erfolgte durch die christliche Band \u201eK\u00f6nigskind\u201c, die selbst auch mit eigenen Titeln, untermalt von sanften Streicher \u2013 und Gitarrenkl\u00e4ngen, vorweihnachtliche Kl\u00e4nge und tiefgr\u00fcndige Texte in die FES-Chorandacht einbrachten.\" class=\"wp-image-5854\" srcset=\"https:\/\/fes-heidenheim.de\/gymnasium\/wp-content\/uploads\/sites\/8\/2024\/12\/2024-11-30-18.53.34-E-M5MarkIII-033-Kopie-980x735.jpg 980w, https:\/\/fes-heidenheim.de\/gymnasium\/wp-content\/uploads\/sites\/8\/2024\/12\/2024-11-30-18.53.34-E-M5MarkIII-033-Kopie-480x360.jpg 480w\" sizes=\"(min-width: 0px) and (max-width: 480px) 480px, (min-width: 481px) and (max-width: 980px) 980px, (min-width: 981px) 1024px, 100vw\"><\/figure>\n\n\n\n<figure class=\"wp-block-image size-large\"><img loading=\"lazy\" decoding=\"async\" width=\"1024\" height=\"768\" data-id=\"5852\" src=\"https:\/\/fes-heidenheim.de\/gymnasium\/wp-content\/uploads\/sites\/8\/2024\/12\/2024-11-30-19.52.56-E-M5MarkIII-097-Kopie-1024x768.jpg\" alt=\"Der FES-Jugendchor mit Sch\u00fclern im Alter von 13-18 Jahren unter Leitung von FES-Chorleiter Daniel Kindsvater bescherte G\u00e4nsehautfeeling mit adventlicher und vorweihnachtlicher Chormusik unterschiedlichster Stilistik \u2013 von geistlicher Chormusik \u00fcber Gospel bis hin zu adventlichem Celtic Folk. Professionelle musikalische Begleitung f\u00fcr das vielf\u00e4ltige Chorprogramm des jungen Ensembles erfolgte durch die christliche Band \u201eK\u00f6nigskind\u201c, die selbst auch mit eigenen Titeln, untermalt von sanften Streicher \u2013 und Gitarrenkl\u00e4ngen, vorweihnachtliche Kl\u00e4nge und tiefgr\u00fcndige Texte in die FES-Chorandacht einbrachten.\" class=\"wp-image-5852\" srcset=\"https:\/\/fes-heidenheim.de\/gymnasium\/wp-content\/uploads\/sites\/8\/2024\/12\/2024-11-30-19.52.56-E-M5MarkIII-097-Kopie-980x735.jpg 980w, https:\/\/fes-heidenheim.de\/gymnasium\/wp-content\/uploads\/sites\/8\/2024\/12\/2024-11-30-19.52.56-E-M5MarkIII-097-Kopie-480x360.jpg 480w\" sizes=\"(min-width: 0px) and (max-width: 480px) 480px, (min-width: 481px) and (max-width: 980px) 980px, (min-width: 981px) 1024px, 100vw\"><\/figure>\n<\/figure>\n\n\n\n<figure class=\"wp-block-gallery has-nested-images columns-default is-cropped wp-block-gallery-2 is-layout-flex wp-block-gallery-is-layout-flex\">\n<figure class=\"wp-block-image size-large\"><img loading=\"lazy\" decoding=\"async\" width=\"1024\" height=\"768\" data-id=\"5855\" src=\"https:\/\/fes-heidenheim.de\/gymnasium\/wp-content\/uploads\/sites\/8\/2024\/12\/2024-11-30-18.43.48-E-M5MarkIII-004-Kopie-1024x768.jpg\" alt=\"Der FES-Jugendchor mit Sch\u00fclern im Alter von 13-18 Jahren unter Leitung von FES-Chorleiter Daniel Kindsvater bescherte G\u00e4nsehautfeeling mit adventlicher und vorweihnachtlicher Chormusik unterschiedlichster Stilistik \u2013 von geistlicher Chormusik \u00fcber Gospel bis hin zu adventlichem Celtic Folk. Professionelle musikalische Begleitung f\u00fcr das vielf\u00e4ltige Chorprogramm des jungen Ensembles erfolgte durch die christliche Band \u201eK\u00f6nigskind\u201c, die selbst auch mit eigenen Titeln, untermalt von sanften Streicher \u2013 und Gitarrenkl\u00e4ngen, vorweihnachtliche Kl\u00e4nge und tiefgr\u00fcndige Texte in die FES-Chorandacht einbrachten.\" class=\"wp-image-5855\" srcset=\"https:\/\/fes-heidenheim.de\/gymnasium\/wp-content\/uploads\/sites\/8\/2024\/12\/2024-11-30-18.43.48-E-M5MarkIII-004-Kopie-980x735.jpg 980w, https:\/\/fes-heidenheim.de\/gymnasium\/wp-content\/uploads\/sites\/8\/2024\/12\/2024-11-30-18.43.48-E-M5MarkIII-004-Kopie-480x360.jpg 480w\" sizes=\"(min-width: 0px) and (max-width: 480px) 480px, (min-width: 481px) and (max-width: 980px) 980px, (min-width: 981px) 1024px, 100vw\"><\/figure>\n\n\n\n<figure class=\"wp-block-image size-large\"><img loading=\"lazy\" decoding=\"async\" width=\"1024\" height=\"768\" data-id=\"5858\" src=\"https:\/\/fes-heidenheim.de\/gymnasium\/wp-content\/uploads\/sites\/8\/2024\/12\/2024-11-30-18.52.18-E-M5MarkIII-030-Kopie-1024x768.jpg\" alt class=\"wp-image-5858\" srcset=\"https:\/\/fes-heidenheim.de\/gymnasium\/wp-content\/uploads\/sites\/8\/2024\/12\/2024-11-30-18.52.18-E-M5MarkIII-030-Kopie-980x735.jpg 980w, https:\/\/fes-heidenheim.de\/gymnasium\/wp-content\/uploads\/sites\/8\/2024\/12\/2024-11-30-18.52.18-E-M5MarkIII-030-Kopie-480x360.jpg 480w\" sizes=\"(min-width: 0px) and (max-width: 480px) 480px, (min-width: 481px) and (max-width: 980px) 980px, (min-width: 981px) 1024px, 100vw\"><\/figure>\n<\/figure>\n\n\n\n<figure class=\"wp-block-gallery has-nested-images columns-default is-cropped wp-block-gallery-3 is-layout-flex wp-block-gallery-is-layout-flex\">\n<figure class=\"wp-block-image size-large\"><img loading=\"lazy\" decoding=\"async\" width=\"1024\" height=\"768\" data-id=\"5857\" src=\"https:\/\/fes-heidenheim.de\/gymnasium\/wp-content\/uploads\/sites\/8\/2024\/12\/2024-11-30-19.36.32-E-M5MarkIII-081-1024x768.jpg\" alt=\"Der FES-Jugendchor mit Sch\u00fclern im Alter von 13-18 Jahren unter Leitung von FES-Chorleiter Daniel Kindsvater bescherte G\u00e4nsehautfeeling mit adventlicher und vorweihnachtlicher Chormusik unterschiedlichster Stilistik \u2013 von geistlicher Chormusik \u00fcber Gospel bis hin zu adventlichem Celtic Folk. Professionelle musikalische Begleitung f\u00fcr das vielf\u00e4ltige Chorprogramm des jungen Ensembles erfolgte durch die christliche Band \u201eK\u00f6nigskind\u201c, die selbst auch mit eigenen Titeln, untermalt von sanften Streicher \u2013 und Gitarrenkl\u00e4ngen, vorweihnachtliche Kl\u00e4nge und tiefgr\u00fcndige Texte in die FES-Chorandacht einbrachten.\" class=\"wp-image-5857\" srcset=\"https:\/\/fes-heidenheim.de\/gymnasium\/wp-content\/uploads\/sites\/8\/2024\/12\/2024-11-30-19.36.32-E-M5MarkIII-081-980x735.jpg 980w, https:\/\/fes-heidenheim.de\/gymnasium\/wp-content\/uploads\/sites\/8\/2024\/12\/2024-11-30-19.36.32-E-M5MarkIII-081-480x360.jpg 480w\" sizes=\"(min-width: 0px) and (max-width: 480px) 480px, (min-width: 481px) and (max-width: 980px) 980px, (min-width: 981px) 1024px, 100vw\"><\/figure>\n<\/figure>\n","protected":false},"excerpt":{"rendered":"<p>Gottes\u00addi\u00adenst mal anders: Mit ein\u00ader beson\u00adderen musikalis\u00adchen Andacht lenk\u00adten die Sch\u00fc\u00adlerin\u00adnen und Sch\u00fcler unser\u00ader Freien Evan\u00adge\u00adlis\u00adche Schule am Vor\u00adabend des 1.Adventssonntags in der vollbe\u00adset\u00adzten Pauluskirche den Blick auf das bevorstehende&nbsp;[\u2026]<\/p>\n","protected":false},"author":15,"featured_media":5856,"comment_status":"closed","ping_status":"closed","sticky":false,"template":"","format":"standard","meta":{"_et_pb_use_builder":"off","_et_pb_old_content":"","_et_gb_content_width":"","inline_featured_image":false,"wp_typography_post_enhancements_disabled":false,"footnotes":""},"categories":[1,30,29,48,47],"tags":[],"class_list":["post-5851","post","type-post","status-publish","format-standard","has-post-thumbnail","hentry","category-allgemein","category-fes-gymnasium","category-fes-realschule","category-fes-vokal-gym","category-fes-musical-rs"],"yoast_head":"<!-- This site is optimized with the Yoast SEO plugin v27.4 - https:\/\/yoast.com\/product\/yoast-seo-wordpress\/ -->\n<title>Eindrucksvolle musikalische Andacht in illuminierter Pauluskirche - Gymnasium | Freie Evangelische Schule und Kindertagesst\u00e4tte Heidenheim e. V.<\/title>\n<meta name=\"robots\" content=\"index, follow, max-snippet:-1, max-image-preview:large, max-video-preview:-1\" \/>\n<link rel=\"canonical\" href=\"https:\/\/fes-heidenheim.de\/gymnasium\/2024\/12\/03\/eindrucksvolle-musikalische-andacht-in-illuminierter-pauluskirche\/\" \/>\n<meta property=\"og:locale\" content=\"de_DE\" \/>\n<meta property=\"og:type\" content=\"article\" \/>\n<meta property=\"og:title\" content=\"Eindrucksvolle musikalische Andacht in illuminierter Pauluskirche - Gymnasium | Freie Evangelische Schule und Kindertagesst\u00e4tte Heidenheim e. V.\" \/>\n<meta property=\"og:description\" content=\"Gottes\u00addi\u00adenst mal anders: Mit ein\u00ader beson\u00adderen musikalis\u00adchen Andacht lenk\u00adten die Sch\u00fc\u00adlerin\u00adnen und Sch\u00fcler unser\u00ader Freien Evan\u00adge\u00adlis\u00adche Schule am Vor\u00adabend des 1.Adventssonntags in der vollbe\u00adset\u00adzten Pauluskirche den Blick auf das bevorste\u00adhende [&hellip;]\" \/>\n<meta property=\"og:url\" content=\"https:\/\/fes-heidenheim.de\/gymnasium\/2024\/12\/03\/eindrucksvolle-musikalische-andacht-in-illuminierter-pauluskirche\/\" \/>\n<meta property=\"og:site_name\" content=\"Gymnasium | Freie Evangelische Schule und Kindertagesst\u00e4tte Heidenheim e. V.\" \/>\n<meta property=\"article:published_time\" content=\"2024-12-03T09:42:45+00:00\" \/>\n<meta property=\"article:modified_time\" content=\"2024-12-03T09:42:47+00:00\" \/>\n<meta property=\"og:image\" content=\"https:\/\/fes-heidenheim.de\/gymnasium\/wp-content\/uploads\/sites\/8\/2024\/12\/Beitragsbild-zum-BLOG-Beitrag-Chorandacht-zum-Advent-2024-scaled.jpg\" \/>\n\t<meta property=\"og:image:width\" content=\"2560\" \/>\n\t<meta property=\"og:image:height\" content=\"1920\" \/>\n\t<meta property=\"og:image:type\" content=\"image\/jpeg\" \/>\n<meta name=\"author\" content=\"sekretariatgym\" \/>\n<meta name=\"twitter:card\" content=\"summary_large_image\" \/>\n<meta name=\"twitter:label1\" content=\"Verfasst von\" \/>\n\t<meta name=\"twitter:data1\" content=\"sekretariatgym\" \/>\n\t<meta name=\"twitter:label2\" content=\"Gesch\u00e4tzte Lesezeit\" \/>\n\t<meta name=\"twitter:data2\" content=\"3\u00a0Minuten\" \/>\n<script type=\"application\/ld+json\" class=\"yoast-schema-graph\">{\"@context\":\"https:\\\/\\\/schema.org\",\"@graph\":[{\"@type\":\"Article\",\"@id\":\"https:\\\/\\\/fes-heidenheim.de\\\/gymnasium\\\/2024\\\/12\\\/03\\\/eindrucksvolle-musikalische-andacht-in-illuminierter-pauluskirche\\\/#article\",\"isPartOf\":{\"@id\":\"https:\\\/\\\/fes-heidenheim.de\\\/gymnasium\\\/2024\\\/12\\\/03\\\/eindrucksvolle-musikalische-andacht-in-illuminierter-pauluskirche\\\/\"},\"author\":{\"name\":\"sekretariatgym\",\"@id\":\"https:\\\/\\\/fes-heidenheim.de\\\/gymnasium\\\/#\\\/schema\\\/person\\\/e614df80cf0124a0861921322ba81ee9\"},\"headline\":\"Eindrucksvolle musikalische Andacht in illuminierter Pauluskirche\",\"datePublished\":\"2024-12-03T09:42:45+00:00\",\"dateModified\":\"2024-12-03T09:42:47+00:00\",\"mainEntityOfPage\":{\"@id\":\"https:\\\/\\\/fes-heidenheim.de\\\/gymnasium\\\/2024\\\/12\\\/03\\\/eindrucksvolle-musikalische-andacht-in-illuminierter-pauluskirche\\\/\"},\"wordCount\":242,\"image\":{\"@id\":\"https:\\\/\\\/fes-heidenheim.de\\\/gymnasium\\\/2024\\\/12\\\/03\\\/eindrucksvolle-musikalische-andacht-in-illuminierter-pauluskirche\\\/#primaryimage\"},\"thumbnailUrl\":\"https:\\\/\\\/fes-heidenheim.de\\\/gymnasium\\\/wp-content\\\/uploads\\\/sites\\\/8\\\/2024\\\/12\\\/Beitragsbild-zum-BLOG-Beitrag-Chorandacht-zum-Advent-2024-scaled.jpg\",\"articleSection\":{\"1\":\"FES Gymnasium\",\"2\":\"FES Realschule\",\"3\":\"FES Vokal GYM\",\"4\":\"FES Vokal RS\"},\"inLanguage\":\"de\"},{\"@type\":\"WebPage\",\"@id\":\"https:\\\/\\\/fes-heidenheim.de\\\/gymnasium\\\/2024\\\/12\\\/03\\\/eindrucksvolle-musikalische-andacht-in-illuminierter-pauluskirche\\\/\",\"url\":\"https:\\\/\\\/fes-heidenheim.de\\\/gymnasium\\\/2024\\\/12\\\/03\\\/eindrucksvolle-musikalische-andacht-in-illuminierter-pauluskirche\\\/\",\"name\":\"Eindrucksvolle musikalische Andacht in illuminierter Pauluskirche - Gymnasium | Freie Evangelische Schule und Kindertagesst\u00e4tte Heidenheim e. V.\",\"isPartOf\":{\"@id\":\"https:\\\/\\\/fes-heidenheim.de\\\/gymnasium\\\/#website\"},\"primaryImageOfPage\":{\"@id\":\"https:\\\/\\\/fes-heidenheim.de\\\/gymnasium\\\/2024\\\/12\\\/03\\\/eindrucksvolle-musikalische-andacht-in-illuminierter-pauluskirche\\\/#primaryimage\"},\"image\":{\"@id\":\"https:\\\/\\\/fes-heidenheim.de\\\/gymnasium\\\/2024\\\/12\\\/03\\\/eindrucksvolle-musikalische-andacht-in-illuminierter-pauluskirche\\\/#primaryimage\"},\"thumbnailUrl\":\"https:\\\/\\\/fes-heidenheim.de\\\/gymnasium\\\/wp-content\\\/uploads\\\/sites\\\/8\\\/2024\\\/12\\\/Beitragsbild-zum-BLOG-Beitrag-Chorandacht-zum-Advent-2024-scaled.jpg\",\"datePublished\":\"2024-12-03T09:42:45+00:00\",\"dateModified\":\"2024-12-03T09:42:47+00:00\",\"author\":{\"@id\":\"https:\\\/\\\/fes-heidenheim.de\\\/gymnasium\\\/#\\\/schema\\\/person\\\/e614df80cf0124a0861921322ba81ee9\"},\"breadcrumb\":{\"@id\":\"https:\\\/\\\/fes-heidenheim.de\\\/gymnasium\\\/2024\\\/12\\\/03\\\/eindrucksvolle-musikalische-andacht-in-illuminierter-pauluskirche\\\/#breadcrumb\"},\"inLanguage\":\"de\",\"potentialAction\":[{\"@type\":\"ReadAction\",\"target\":[\"https:\\\/\\\/fes-heidenheim.de\\\/gymnasium\\\/2024\\\/12\\\/03\\\/eindrucksvolle-musikalische-andacht-in-illuminierter-pauluskirche\\\/\"]}]},{\"@type\":\"ImageObject\",\"inLanguage\":\"de\",\"@id\":\"https:\\\/\\\/fes-heidenheim.de\\\/gymnasium\\\/2024\\\/12\\\/03\\\/eindrucksvolle-musikalische-andacht-in-illuminierter-pauluskirche\\\/#primaryimage\",\"url\":\"https:\\\/\\\/fes-heidenheim.de\\\/gymnasium\\\/wp-content\\\/uploads\\\/sites\\\/8\\\/2024\\\/12\\\/Beitragsbild-zum-BLOG-Beitrag-Chorandacht-zum-Advent-2024-scaled.jpg\",\"contentUrl\":\"https:\\\/\\\/fes-heidenheim.de\\\/gymnasium\\\/wp-content\\\/uploads\\\/sites\\\/8\\\/2024\\\/12\\\/Beitragsbild-zum-BLOG-Beitrag-Chorandacht-zum-Advent-2024-scaled.jpg\",\"width\":2560,\"height\":1920,\"caption\":\"Der FES-Jugendchor mit Sch\u00fclern im Alter von 13-18 Jahren unter Leitung von FES-Chorleiter Daniel Kindsvater bescherte G\u00e4nsehautfeeling mit adventlicher und vorweihnachtlicher Chormusik unterschiedlichster Stilistik \u2013 von geistlicher Chormusik \u00fcber Gospel bis hin zu adventlichem Celtic Folk. Professionelle musikalische Begleitung f\u00fcr das vielf\u00e4ltige Chorprogramm des jungen Ensembles erfolgte durch die christliche Band \u201eK\u00f6nigskind\u201c, die selbst auch mit eigenen Titeln, untermalt von sanften Streicher \u2013 und Gitarrenkl\u00e4ngen, vorweihnachtliche Kl\u00e4nge und tiefgr\u00fcndige Texte in die FES-Chorandacht einbrachten.\"},{\"@type\":\"BreadcrumbList\",\"@id\":\"https:\\\/\\\/fes-heidenheim.de\\\/gymnasium\\\/2024\\\/12\\\/03\\\/eindrucksvolle-musikalische-andacht-in-illuminierter-pauluskirche\\\/#breadcrumb\",\"itemListElement\":[{\"@type\":\"ListItem\",\"position\":1,\"name\":\"Startseite\",\"item\":\"https:\\\/\\\/fes-heidenheim.de\\\/gymnasium\\\/\"},{\"@type\":\"ListItem\",\"position\":2,\"name\":\"Eindrucksvolle musikalische Andacht in illuminierter Pauluskirche\"}]},{\"@type\":\"WebSite\",\"@id\":\"https:\\\/\\\/fes-heidenheim.de\\\/gymnasium\\\/#website\",\"url\":\"https:\\\/\\\/fes-heidenheim.de\\\/gymnasium\\\/\",\"name\":\"Gymnasium | Freie Evangelische Schule und Kindertagesst\u00e4tte Heidenheim e. V.\",\"description\":\"Eine weitere Freie Evangelische Schule Heidenheim e.V. Websites Website\",\"potentialAction\":[{\"@type\":\"SearchAction\",\"target\":{\"@type\":\"EntryPoint\",\"urlTemplate\":\"https:\\\/\\\/fes-heidenheim.de\\\/gymnasium\\\/?s={search_term_string}\"},\"query-input\":{\"@type\":\"PropertyValueSpecification\",\"valueRequired\":true,\"valueName\":\"search_term_string\"}}],\"inLanguage\":\"de\"},{\"@type\":\"Person\",\"@id\":\"https:\\\/\\\/fes-heidenheim.de\\\/gymnasium\\\/#\\\/schema\\\/person\\\/e614df80cf0124a0861921322ba81ee9\",\"name\":\"sekretariatgym\",\"image\":{\"@type\":\"ImageObject\",\"inLanguage\":\"de\",\"@id\":\"https:\\\/\\\/secure.gravatar.com\\\/avatar\\\/8196f14ce1450e8b1558ed9138138a8a40a91d9ddc1e02556e5dd141376b7e3a?s=96&d=mm&r=g\",\"url\":\"https:\\\/\\\/secure.gravatar.com\\\/avatar\\\/8196f14ce1450e8b1558ed9138138a8a40a91d9ddc1e02556e5dd141376b7e3a?s=96&d=mm&r=g\",\"contentUrl\":\"https:\\\/\\\/secure.gravatar.com\\\/avatar\\\/8196f14ce1450e8b1558ed9138138a8a40a91d9ddc1e02556e5dd141376b7e3a?s=96&d=mm&r=g\",\"caption\":\"sekretariatgym\"},\"url\":\"https:\\\/\\\/fes-heidenheim.de\\\/gymnasium\\\/author\\\/sekretariatgym\\\/\"}]}<\/script>\n<!-- \/ Yoast SEO plugin. -->","yoast_head_json":{"title":"Eindrucksvolle musikalische Andacht in illuminierter Pauluskirche - Gymnasium | Freie Evangelische Schule und Kindertagesst\u00e4tte Heidenheim e. V.","robots":{"index":"index","follow":"follow","max-snippet":"max-snippet:-1","max-image-preview":"max-image-preview:large","max-video-preview":"max-video-preview:-1"},"canonical":"https:\/\/fes-heidenheim.de\/gymnasium\/2024\/12\/03\/eindrucksvolle-musikalische-andacht-in-illuminierter-pauluskirche\/","og_locale":"de_DE","og_type":"article","og_title":"Eindrucksvolle musikalische Andacht in illuminierter Pauluskirche - Gymnasium | Freie Evangelische Schule und Kindertagesst\u00e4tte Heidenheim e. V.","og_description":"Gottes\u00addi\u00adenst mal anders: Mit ein\u00ader beson\u00adderen musikalis\u00adchen Andacht lenk\u00adten die Sch\u00fc\u00adlerin\u00adnen und Sch\u00fcler unser\u00ader Freien Evan\u00adge\u00adlis\u00adche Schule am Vor\u00adabend des 1.Adventssonntags in der vollbe\u00adset\u00adzten Pauluskirche den Blick auf das bevorste\u00adhende [&hellip;]","og_url":"https:\/\/fes-heidenheim.de\/gymnasium\/2024\/12\/03\/eindrucksvolle-musikalische-andacht-in-illuminierter-pauluskirche\/","og_site_name":"Gymnasium | Freie Evangelische Schule und Kindertagesst\u00e4tte Heidenheim e. V.","article_published_time":"2024-12-03T09:42:45+00:00","article_modified_time":"2024-12-03T09:42:47+00:00","og_image":[{"width":2560,"height":1920,"url":"https:\/\/fes-heidenheim.de\/gymnasium\/wp-content\/uploads\/sites\/8\/2024\/12\/Beitragsbild-zum-BLOG-Beitrag-Chorandacht-zum-Advent-2024-scaled.jpg","type":"image\/jpeg"}],"author":"sekretariatgym","twitter_card":"summary_large_image","twitter_misc":{"Verfasst von":"sekretariatgym","Gesch\u00e4tzte Lesezeit":"3\u00a0Minuten"},"schema":{"@context":"https:\/\/schema.org","@graph":[{"@type":"Article","@id":"https:\/\/fes-heidenheim.de\/gymnasium\/2024\/12\/03\/eindrucksvolle-musikalische-andacht-in-illuminierter-pauluskirche\/#article","isPartOf":{"@id":"https:\/\/fes-heidenheim.de\/gymnasium\/2024\/12\/03\/eindrucksvolle-musikalische-andacht-in-illuminierter-pauluskirche\/"},"author":{"name":"sekretariatgym","@id":"https:\/\/fes-heidenheim.de\/gymnasium\/#\/schema\/person\/e614df80cf0124a0861921322ba81ee9"},"headline":"Eindrucksvolle musikalische Andacht in illuminierter Pauluskirche","datePublished":"2024-12-03T09:42:45+00:00","dateModified":"2024-12-03T09:42:47+00:00","mainEntityOfPage":{"@id":"https:\/\/fes-heidenheim.de\/gymnasium\/2024\/12\/03\/eindrucksvolle-musikalische-andacht-in-illuminierter-pauluskirche\/"},"wordCount":242,"image":{"@id":"https:\/\/fes-heidenheim.de\/gymnasium\/2024\/12\/03\/eindrucksvolle-musikalische-andacht-in-illuminierter-pauluskirche\/#primaryimage"},"thumbnailUrl":"https:\/\/fes-heidenheim.de\/gymnasium\/wp-content\/uploads\/sites\/8\/2024\/12\/Beitragsbild-zum-BLOG-Beitrag-Chorandacht-zum-Advent-2024-scaled.jpg","articleSection":{"1":"FES Gymnasium","2":"FES Realschule","3":"FES Vokal GYM","4":"FES Vokal RS"},"inLanguage":"de"},{"@type":"WebPage","@id":"https:\/\/fes-heidenheim.de\/gymnasium\/2024\/12\/03\/eindrucksvolle-musikalische-andacht-in-illuminierter-pauluskirche\/","url":"https:\/\/fes-heidenheim.de\/gymnasium\/2024\/12\/03\/eindrucksvolle-musikalische-andacht-in-illuminierter-pauluskirche\/","name":"Eindrucksvolle musikalische Andacht in illuminierter Pauluskirche - Gymnasium | Freie Evangelische Schule und Kindertagesst\u00e4tte Heidenheim e. V.","isPartOf":{"@id":"https:\/\/fes-heidenheim.de\/gymnasium\/#website"},"primaryImageOfPage":{"@id":"https:\/\/fes-heidenheim.de\/gymnasium\/2024\/12\/03\/eindrucksvolle-musikalische-andacht-in-illuminierter-pauluskirche\/#primaryimage"},"image":{"@id":"https:\/\/fes-heidenheim.de\/gymnasium\/2024\/12\/03\/eindrucksvolle-musikalische-andacht-in-illuminierter-pauluskirche\/#primaryimage"},"thumbnailUrl":"https:\/\/fes-heidenheim.de\/gymnasium\/wp-content\/uploads\/sites\/8\/2024\/12\/Beitragsbild-zum-BLOG-Beitrag-Chorandacht-zum-Advent-2024-scaled.jpg","datePublished":"2024-12-03T09:42:45+00:00","dateModified":"2024-12-03T09:42:47+00:00","author":{"@id":"https:\/\/fes-heidenheim.de\/gymnasium\/#\/schema\/person\/e614df80cf0124a0861921322ba81ee9"},"breadcrumb":{"@id":"https:\/\/fes-heidenheim.de\/gymnasium\/2024\/12\/03\/eindrucksvolle-musikalische-andacht-in-illuminierter-pauluskirche\/#breadcrumb"},"inLanguage":"de","potentialAction":[{"@type":"ReadAction","target":["https:\/\/fes-heidenheim.de\/gymnasium\/2024\/12\/03\/eindrucksvolle-musikalische-andacht-in-illuminierter-pauluskirche\/"]}]},{"@type":"ImageObject","inLanguage":"de","@id":"https:\/\/fes-heidenheim.de\/gymnasium\/2024\/12\/03\/eindrucksvolle-musikalische-andacht-in-illuminierter-pauluskirche\/#primaryimage","url":"https:\/\/fes-heidenheim.de\/gymnasium\/wp-content\/uploads\/sites\/8\/2024\/12\/Beitragsbild-zum-BLOG-Beitrag-Chorandacht-zum-Advent-2024-scaled.jpg","contentUrl":"https:\/\/fes-heidenheim.de\/gymnasium\/wp-content\/uploads\/sites\/8\/2024\/12\/Beitragsbild-zum-BLOG-Beitrag-Chorandacht-zum-Advent-2024-scaled.jpg","width":2560,"height":1920,"caption":"Der FES-Jugendchor mit Sch\u00fclern im Alter von 13-18 Jahren unter Leitung von FES-Chorleiter Daniel Kindsvater bescherte G\u00e4nsehautfeeling mit adventlicher und vorweihnachtlicher Chormusik unterschiedlichster Stilistik \u2013 von geistlicher Chormusik \u00fcber Gospel bis hin zu adventlichem Celtic Folk. Professionelle musikalische Begleitung f\u00fcr das vielf\u00e4ltige Chorprogramm des jungen Ensembles erfolgte durch die christliche Band \u201eK\u00f6nigskind\u201c, die selbst auch mit eigenen Titeln, untermalt von sanften Streicher \u2013 und Gitarrenkl\u00e4ngen, vorweihnachtliche Kl\u00e4nge und tiefgr\u00fcndige Texte in die FES-Chorandacht einbrachten."},{"@type":"BreadcrumbList","@id":"https:\/\/fes-heidenheim.de\/gymnasium\/2024\/12\/03\/eindrucksvolle-musikalische-andacht-in-illuminierter-pauluskirche\/#breadcrumb","itemListElement":[{"@type":"ListItem","position":1,"name":"Startseite","item":"https:\/\/fes-heidenheim.de\/gymnasium\/"},{"@type":"ListItem","position":2,"name":"Eindrucksvolle musikalische Andacht in illuminierter Pauluskirche"}]},{"@type":"WebSite","@id":"https:\/\/fes-heidenheim.de\/gymnasium\/#website","url":"https:\/\/fes-heidenheim.de\/gymnasium\/","name":"Gymnasium | Freie Evangelische Schule und Kindertagesst\u00e4tte Heidenheim e. V.","description":"Eine weitere Freie Evangelische Schule Heidenheim e.V. Websites Website","potentialAction":[{"@type":"SearchAction","target":{"@type":"EntryPoint","urlTemplate":"https:\/\/fes-heidenheim.de\/gymnasium\/?s={search_term_string}"},"query-input":{"@type":"PropertyValueSpecification","valueRequired":true,"valueName":"search_term_string"}}],"inLanguage":"de"},{"@type":"Person","@id":"https:\/\/fes-heidenheim.de\/gymnasium\/#\/schema\/person\/e614df80cf0124a0861921322ba81ee9","name":"sekretariatgym","image":{"@type":"ImageObject","inLanguage":"de","@id":"https:\/\/secure.gravatar.com\/avatar\/8196f14ce1450e8b1558ed9138138a8a40a91d9ddc1e02556e5dd141376b7e3a?s=96&d=mm&r=g","url":"https:\/\/secure.gravatar.com\/avatar\/8196f14ce1450e8b1558ed9138138a8a40a91d9ddc1e02556e5dd141376b7e3a?s=96&d=mm&r=g","contentUrl":"https:\/\/secure.gravatar.com\/avatar\/8196f14ce1450e8b1558ed9138138a8a40a91d9ddc1e02556e5dd141376b7e3a?s=96&d=mm&r=g","caption":"sekretariatgym"},"url":"https:\/\/fes-heidenheim.de\/gymnasium\/author\/sekretariatgym\/"}]}},"_links":{"self":[{"href":"https:\/\/fes-heidenheim.de\/gymnasium\/wp-json\/wp\/v2\/posts\/5851","targetHints":{"allow":["GET"]}}],"collection":[{"href":"https:\/\/fes-heidenheim.de\/gymnasium\/wp-json\/wp\/v2\/posts"}],"about":[{"href":"https:\/\/fes-heidenheim.de\/gymnasium\/wp-json\/wp\/v2\/types\/post"}],"author":[{"embeddable":true,"href":"https:\/\/fes-heidenheim.de\/gymnasium\/wp-json\/wp\/v2\/users\/15"}],"replies":[{"embeddable":true,"href":"https:\/\/fes-heidenheim.de\/gymnasium\/wp-json\/wp\/v2\/comments?post=5851"}],"version-history":[{"count":1,"href":"https:\/\/fes-heidenheim.de\/gymnasium\/wp-json\/wp\/v2\/posts\/5851\/revisions"}],"predecessor-version":[{"id":5859,"href":"https:\/\/fes-heidenheim.de\/gymnasium\/wp-json\/wp\/v2\/posts\/5851\/revisions\/5859"}],"wp:featuredmedia":[{"embeddable":true,"href":"https:\/\/fes-heidenheim.de\/gymnasium\/wp-json\/wp\/v2\/media\/5856"}],"wp:attachment":[{"href":"https:\/\/fes-heidenheim.de\/gymnasium\/wp-json\/wp\/v2\/media?parent=5851"}],"wp:term":[{"taxonomy":"category","embeddable":true,"href":"https:\/\/fes-heidenheim.de\/gymnasium\/wp-json\/wp\/v2\/categories?post=5851"},{"taxonomy":"post_tag","embeddable":true,"href":"https:\/\/fes-heidenheim.de\/gymnasium\/wp-json\/wp\/v2\/tags?post=5851"}],"curies":[{"name":"wp","href":"https:\/\/api.w.org\/{rel}","templated":true}]}}