{"id":5928,"date":"2025-01-14T13:31:10","date_gmt":"2025-01-14T12:31:10","guid":{"rendered":"https:\/\/fes-heidenheim.de\/gymnasium\/?p=5928"},"modified":"2025-01-14T13:31:11","modified_gmt":"2025-01-14T12:31:11","slug":"fes-handballer-erfolgreich-bei-jugend-trainiert-fuer-olympia","status":"publish","type":"post","link":"https:\/\/fes-heidenheim.de\/gymnasium\/2025\/01\/14\/fes-handballer-erfolgreich-bei-jugend-trainiert-fuer-olympia\/","title":{"rendered":"FES-Handballer erfolgreich bei \u201eJugend trainiert f\u00fcr Olympia\u201c"},"content":{"rendered":"\n<p>Mannschaft der FES-Realschule und des FES-Gym\u00adna\u00adsi\u00adums erre\u00adichen 3.Platz beim diesj\u00e4hri\u00adgen Wet\u00adtbe\u00adwerb der Hand\u00adball\u00admannschaften in Schw\u00e4bisch Gm\u00fcnd.<\/p>\n\n\n\n<p>In einem span\u00adnen\u00adden Halb\u00adfi\u00adnale mussten sich die Sch\u00fcler mit Hand\u00adball\u00adtrain\u00ader und FES-Lehrkraft denkbar knapp mit 12:13 gegen das Hans-Bal\u00addung-Gym\u00adna\u00adsi\u00adum geschla\u00adgen geben \u2013 trotz\u00addem eine super Leis\u00adtung, zu welch\u00ader die FES-Schul\u00adge\u00admein\u00adschaft her\u00adzlich gratuliert!<\/p>\n\n\n\n<p>Der Schul\u00adsportwet\u00adtbe\u00adwerb \u201eJugend trainiert f\u00fcr Olympia\u201c wurde 1969 ins Leben gerufen und gilt mit j\u00e4hrlich ca. 800000 teil\u00adnehmenden Sch\u00fc\u00adlerin\u00adnen und Sch\u00fclern, in 19 unter\u00adschiedlichen Sportarten, als gr\u00f6\u00dfter Schul\u00adsportwet\u00adtbe\u00adwerb der Welt. Er ist eine wichtige Erg\u00e4nzung des Sportun\u00adter\u00adrichts und eine Bere\u00adicherung auch unseres FES-Schullebens, da er den Sch\u00fc\u00adlerin\u00adnen und Sch\u00fclern au\u00dfer\u00adhalb des nor\u00admalen Schu\u00adlall\u00adt\u00adags Erleb\u00adnisse und Ein\u00adblicke erm\u00f6glicht, die von bleiben\u00addem Wert sein k\u00f6nnen.<\/p>\n\n\n\n<figure class=\"wp-block-image size-large\"><img loading=\"lazy\" decoding=\"async\" width=\"743\" height=\"1024\" src=\"https:\/\/fes-heidenheim.de\/gymnasium\/wp-content\/uploads\/sites\/8\/2025\/01\/weiteres-Bild-zum-BLOG-Beitrag-743x1024.jpg\" alt=\"Mannschaft der FES-Realschule und des FES-Gymnasiums erreichen 3.Platz beim diesj\u00e4hrigen Wettbewerb der Handballmannschaften in Schw\u00e4bisch Gm\u00fcnd.\" class=\"wp-image-5929\"><\/figure>\n","protected":false},"excerpt":{"rendered":"<p>Mannschaft der FES-Realschule und des FES-Gym\u00ad\u00adna\u00adsi\u00adums erre\u00adichen 3.Platz beim diesj\u00e4hri\u00adgen Wet\u00adtbe\u00adwerb der Hand\u00adball\u00admannschaften in Schw\u00e4bisch Gm\u00fcnd. In einem span\u00adnen\u00adden Halb\u00adfi\u00adnale mussten sich die Sch\u00fcler mit Hand\u00adball\u00adtrain\u00ader und FES-Lehrkraft denkbar knapp&nbsp;[\u2026]<\/p>\n","protected":false},"author":15,"featured_media":5930,"comment_status":"closed","ping_status":"closed","sticky":false,"template":"","format":"standard","meta":{"_et_pb_use_builder":"off","_et_pb_old_content":"","_et_gb_content_width":"","inline_featured_image":false,"wp_typography_post_enhancements_disabled":false,"footnotes":""},"categories":[1,30,29],"tags":[],"class_list":["post-5928","post","type-post","status-publish","format-standard","has-post-thumbnail","hentry","category-allgemein","category-fes-gymnasium","category-fes-realschule"],"yoast_head":"<!-- This site is optimized with the Yoast SEO plugin v27.4 - https:\/\/yoast.com\/product\/yoast-seo-wordpress\/ -->\n<title>FES-Handballer erfolgreich bei \u201eJugend trainiert f\u00fcr Olympia\u201c - Gymnasium | Freie Evangelische Schule und Kindertagesst\u00e4tte Heidenheim e. V.<\/title>\n<meta name=\"robots\" content=\"index, follow, max-snippet:-1, max-image-preview:large, max-video-preview:-1\" \/>\n<link rel=\"canonical\" href=\"https:\/\/fes-heidenheim.de\/gymnasium\/2025\/01\/14\/fes-handballer-erfolgreich-bei-jugend-trainiert-fuer-olympia\/\" \/>\n<meta property=\"og:locale\" content=\"de_DE\" \/>\n<meta property=\"og:type\" content=\"article\" \/>\n<meta property=\"og:title\" content=\"FES-Handballer erfolgreich bei \u201eJugend trainiert f\u00fcr Olympia\u201c - Gymnasium | Freie Evangelische Schule und Kindertagesst\u00e4tte Heidenheim e. V.\" \/>\n<meta property=\"og:description\" content=\"Mannschaft der FES-Realschule und des FES-Gym\u00adna\u00adsi\u00adums erre\u00adichen 3.Platz beim diesj\u00e4hri\u00adgen Wet\u00adtbe\u00adwerb der Hand\u00adball\u00admannschaften in Schw\u00e4bisch Gm\u00fcnd. In einem span\u00adnen\u00adden Halb\u00adfi\u00adnale mussten sich die Sch\u00fcler mit Hand\u00adball\u00adtrain\u00ader und FES-Lehrkraft denkbar knapp [&hellip;]\" \/>\n<meta property=\"og:url\" content=\"https:\/\/fes-heidenheim.de\/gymnasium\/2025\/01\/14\/fes-handballer-erfolgreich-bei-jugend-trainiert-fuer-olympia\/\" \/>\n<meta property=\"og:site_name\" content=\"Gymnasium | Freie Evangelische Schule und Kindertagesst\u00e4tte Heidenheim e. V.\" \/>\n<meta property=\"article:published_time\" content=\"2025-01-14T12:31:10+00:00\" \/>\n<meta property=\"article:modified_time\" content=\"2025-01-14T12:31:11+00:00\" \/>\n<meta property=\"og:image\" content=\"https:\/\/fes-heidenheim.de\/gymnasium\/wp-content\/uploads\/sites\/8\/2025\/01\/Beitragsbild-zum-BLOG-Beitrag_Jugend-trainiert-fuer-Olympia-scaled.jpg\" \/>\n\t<meta property=\"og:image:width\" content=\"2560\" \/>\n\t<meta property=\"og:image:height\" content=\"1962\" \/>\n\t<meta property=\"og:image:type\" content=\"image\/jpeg\" \/>\n<meta name=\"author\" content=\"sekretariatgym\" \/>\n<meta name=\"twitter:card\" content=\"summary_large_image\" \/>\n<meta name=\"twitter:label1\" content=\"Verfasst von\" \/>\n\t<meta name=\"twitter:data1\" content=\"sekretariatgym\" \/>\n\t<meta name=\"twitter:label2\" content=\"Gesch\u00e4tzte Lesezeit\" \/>\n\t<meta name=\"twitter:data2\" content=\"2\u00a0Minuten\" \/>\n<script type=\"application\/ld+json\" class=\"yoast-schema-graph\">{\"@context\":\"https:\\\/\\\/schema.org\",\"@graph\":[{\"@type\":\"Article\",\"@id\":\"https:\\\/\\\/fes-heidenheim.de\\\/gymnasium\\\/2025\\\/01\\\/14\\\/fes-handballer-erfolgreich-bei-jugend-trainiert-fuer-olympia\\\/#article\",\"isPartOf\":{\"@id\":\"https:\\\/\\\/fes-heidenheim.de\\\/gymnasium\\\/2025\\\/01\\\/14\\\/fes-handballer-erfolgreich-bei-jugend-trainiert-fuer-olympia\\\/\"},\"author\":{\"name\":\"sekretariatgym\",\"@id\":\"https:\\\/\\\/fes-heidenheim.de\\\/gymnasium\\\/#\\\/schema\\\/person\\\/e614df80cf0124a0861921322ba81ee9\"},\"headline\":\"FES-Handballer erfolgreich bei \u201eJugend trainiert f\u00fcr Olympia\u201c\",\"datePublished\":\"2025-01-14T12:31:10+00:00\",\"dateModified\":\"2025-01-14T12:31:11+00:00\",\"mainEntityOfPage\":{\"@id\":\"https:\\\/\\\/fes-heidenheim.de\\\/gymnasium\\\/2025\\\/01\\\/14\\\/fes-handballer-erfolgreich-bei-jugend-trainiert-fuer-olympia\\\/\"},\"wordCount\":129,\"image\":{\"@id\":\"https:\\\/\\\/fes-heidenheim.de\\\/gymnasium\\\/2025\\\/01\\\/14\\\/fes-handballer-erfolgreich-bei-jugend-trainiert-fuer-olympia\\\/#primaryimage\"},\"thumbnailUrl\":\"https:\\\/\\\/fes-heidenheim.de\\\/gymnasium\\\/wp-content\\\/uploads\\\/sites\\\/8\\\/2025\\\/01\\\/Beitragsbild-zum-BLOG-Beitrag_Jugend-trainiert-fuer-Olympia-scaled.jpg\",\"articleSection\":{\"1\":\"FES Gymnasium\",\"2\":\"FES Realschule\"},\"inLanguage\":\"de\"},{\"@type\":\"WebPage\",\"@id\":\"https:\\\/\\\/fes-heidenheim.de\\\/gymnasium\\\/2025\\\/01\\\/14\\\/fes-handballer-erfolgreich-bei-jugend-trainiert-fuer-olympia\\\/\",\"url\":\"https:\\\/\\\/fes-heidenheim.de\\\/gymnasium\\\/2025\\\/01\\\/14\\\/fes-handballer-erfolgreich-bei-jugend-trainiert-fuer-olympia\\\/\",\"name\":\"FES-Handballer erfolgreich bei \u201eJugend trainiert f\u00fcr Olympia\u201c - Gymnasium | Freie Evangelische Schule und Kindertagesst\u00e4tte Heidenheim e. V.\",\"isPartOf\":{\"@id\":\"https:\\\/\\\/fes-heidenheim.de\\\/gymnasium\\\/#website\"},\"primaryImageOfPage\":{\"@id\":\"https:\\\/\\\/fes-heidenheim.de\\\/gymnasium\\\/2025\\\/01\\\/14\\\/fes-handballer-erfolgreich-bei-jugend-trainiert-fuer-olympia\\\/#primaryimage\"},\"image\":{\"@id\":\"https:\\\/\\\/fes-heidenheim.de\\\/gymnasium\\\/2025\\\/01\\\/14\\\/fes-handballer-erfolgreich-bei-jugend-trainiert-fuer-olympia\\\/#primaryimage\"},\"thumbnailUrl\":\"https:\\\/\\\/fes-heidenheim.de\\\/gymnasium\\\/wp-content\\\/uploads\\\/sites\\\/8\\\/2025\\\/01\\\/Beitragsbild-zum-BLOG-Beitrag_Jugend-trainiert-fuer-Olympia-scaled.jpg\",\"datePublished\":\"2025-01-14T12:31:10+00:00\",\"dateModified\":\"2025-01-14T12:31:11+00:00\",\"author\":{\"@id\":\"https:\\\/\\\/fes-heidenheim.de\\\/gymnasium\\\/#\\\/schema\\\/person\\\/e614df80cf0124a0861921322ba81ee9\"},\"breadcrumb\":{\"@id\":\"https:\\\/\\\/fes-heidenheim.de\\\/gymnasium\\\/2025\\\/01\\\/14\\\/fes-handballer-erfolgreich-bei-jugend-trainiert-fuer-olympia\\\/#breadcrumb\"},\"inLanguage\":\"de\",\"potentialAction\":[{\"@type\":\"ReadAction\",\"target\":[\"https:\\\/\\\/fes-heidenheim.de\\\/gymnasium\\\/2025\\\/01\\\/14\\\/fes-handballer-erfolgreich-bei-jugend-trainiert-fuer-olympia\\\/\"]}]},{\"@type\":\"ImageObject\",\"inLanguage\":\"de\",\"@id\":\"https:\\\/\\\/fes-heidenheim.de\\\/gymnasium\\\/2025\\\/01\\\/14\\\/fes-handballer-erfolgreich-bei-jugend-trainiert-fuer-olympia\\\/#primaryimage\",\"url\":\"https:\\\/\\\/fes-heidenheim.de\\\/gymnasium\\\/wp-content\\\/uploads\\\/sites\\\/8\\\/2025\\\/01\\\/Beitragsbild-zum-BLOG-Beitrag_Jugend-trainiert-fuer-Olympia-scaled.jpg\",\"contentUrl\":\"https:\\\/\\\/fes-heidenheim.de\\\/gymnasium\\\/wp-content\\\/uploads\\\/sites\\\/8\\\/2025\\\/01\\\/Beitragsbild-zum-BLOG-Beitrag_Jugend-trainiert-fuer-Olympia-scaled.jpg\",\"width\":2560,\"height\":1962,\"caption\":\"Mannschaft der FES-Realschule und des FES-Gymnasiums erreichen 3.Platz beim diesj\u00e4hrigen Wettbewerb der Handballmannschaften in Schw\u00e4bisch Gm\u00fcnd.\"},{\"@type\":\"BreadcrumbList\",\"@id\":\"https:\\\/\\\/fes-heidenheim.de\\\/gymnasium\\\/2025\\\/01\\\/14\\\/fes-handballer-erfolgreich-bei-jugend-trainiert-fuer-olympia\\\/#breadcrumb\",\"itemListElement\":[{\"@type\":\"ListItem\",\"position\":1,\"name\":\"Startseite\",\"item\":\"https:\\\/\\\/fes-heidenheim.de\\\/gymnasium\\\/\"},{\"@type\":\"ListItem\",\"position\":2,\"name\":\"FES-Handballer erfolgreich bei \u201eJugend trainiert f\u00fcr Olympia\u201c\"}]},{\"@type\":\"WebSite\",\"@id\":\"https:\\\/\\\/fes-heidenheim.de\\\/gymnasium\\\/#website\",\"url\":\"https:\\\/\\\/fes-heidenheim.de\\\/gymnasium\\\/\",\"name\":\"Gymnasium | Freie Evangelische Schule und Kindertagesst\u00e4tte Heidenheim e. V.\",\"description\":\"Eine weitere Freie Evangelische Schule Heidenheim e.V. Websites Website\",\"potentialAction\":[{\"@type\":\"SearchAction\",\"target\":{\"@type\":\"EntryPoint\",\"urlTemplate\":\"https:\\\/\\\/fes-heidenheim.de\\\/gymnasium\\\/?s={search_term_string}\"},\"query-input\":{\"@type\":\"PropertyValueSpecification\",\"valueRequired\":true,\"valueName\":\"search_term_string\"}}],\"inLanguage\":\"de\"},{\"@type\":\"Person\",\"@id\":\"https:\\\/\\\/fes-heidenheim.de\\\/gymnasium\\\/#\\\/schema\\\/person\\\/e614df80cf0124a0861921322ba81ee9\",\"name\":\"sekretariatgym\",\"image\":{\"@type\":\"ImageObject\",\"inLanguage\":\"de\",\"@id\":\"https:\\\/\\\/secure.gravatar.com\\\/avatar\\\/8196f14ce1450e8b1558ed9138138a8a40a91d9ddc1e02556e5dd141376b7e3a?s=96&d=mm&r=g\",\"url\":\"https:\\\/\\\/secure.gravatar.com\\\/avatar\\\/8196f14ce1450e8b1558ed9138138a8a40a91d9ddc1e02556e5dd141376b7e3a?s=96&d=mm&r=g\",\"contentUrl\":\"https:\\\/\\\/secure.gravatar.com\\\/avatar\\\/8196f14ce1450e8b1558ed9138138a8a40a91d9ddc1e02556e5dd141376b7e3a?s=96&d=mm&r=g\",\"caption\":\"sekretariatgym\"},\"url\":\"https:\\\/\\\/fes-heidenheim.de\\\/gymnasium\\\/author\\\/sekretariatgym\\\/\"}]}<\/script>\n<!-- \/ Yoast SEO plugin. -->","yoast_head_json":{"title":"FES-Handballer erfolgreich bei \u201eJugend trainiert f\u00fcr Olympia\u201c - Gymnasium | Freie Evangelische Schule und Kindertagesst\u00e4tte Heidenheim e. V.","robots":{"index":"index","follow":"follow","max-snippet":"max-snippet:-1","max-image-preview":"max-image-preview:large","max-video-preview":"max-video-preview:-1"},"canonical":"https:\/\/fes-heidenheim.de\/gymnasium\/2025\/01\/14\/fes-handballer-erfolgreich-bei-jugend-trainiert-fuer-olympia\/","og_locale":"de_DE","og_type":"article","og_title":"FES-Handballer erfolgreich bei \u201eJugend trainiert f\u00fcr Olympia\u201c - Gymnasium | Freie Evangelische Schule und Kindertagesst\u00e4tte Heidenheim e. V.","og_description":"Mannschaft der FES-Realschule und des FES-Gym\u00adna\u00adsi\u00adums erre\u00adichen 3.Platz beim diesj\u00e4hri\u00adgen Wet\u00adtbe\u00adwerb der Hand\u00adball\u00admannschaften in Schw\u00e4bisch Gm\u00fcnd. In einem span\u00adnen\u00adden Halb\u00adfi\u00adnale mussten sich die Sch\u00fcler mit Hand\u00adball\u00adtrain\u00ader und FES-Lehrkraft denkbar knapp [&hellip;]","og_url":"https:\/\/fes-heidenheim.de\/gymnasium\/2025\/01\/14\/fes-handballer-erfolgreich-bei-jugend-trainiert-fuer-olympia\/","og_site_name":"Gymnasium | Freie Evangelische Schule und Kindertagesst\u00e4tte Heidenheim e. V.","article_published_time":"2025-01-14T12:31:10+00:00","article_modified_time":"2025-01-14T12:31:11+00:00","og_image":[{"width":2560,"height":1962,"url":"https:\/\/fes-heidenheim.de\/gymnasium\/wp-content\/uploads\/sites\/8\/2025\/01\/Beitragsbild-zum-BLOG-Beitrag_Jugend-trainiert-fuer-Olympia-scaled.jpg","type":"image\/jpeg"}],"author":"sekretariatgym","twitter_card":"summary_large_image","twitter_misc":{"Verfasst von":"sekretariatgym","Gesch\u00e4tzte Lesezeit":"2\u00a0Minuten"},"schema":{"@context":"https:\/\/schema.org","@graph":[{"@type":"Article","@id":"https:\/\/fes-heidenheim.de\/gymnasium\/2025\/01\/14\/fes-handballer-erfolgreich-bei-jugend-trainiert-fuer-olympia\/#article","isPartOf":{"@id":"https:\/\/fes-heidenheim.de\/gymnasium\/2025\/01\/14\/fes-handballer-erfolgreich-bei-jugend-trainiert-fuer-olympia\/"},"author":{"name":"sekretariatgym","@id":"https:\/\/fes-heidenheim.de\/gymnasium\/#\/schema\/person\/e614df80cf0124a0861921322ba81ee9"},"headline":"FES-Handballer erfolgreich bei \u201eJugend trainiert f\u00fcr Olympia\u201c","datePublished":"2025-01-14T12:31:10+00:00","dateModified":"2025-01-14T12:31:11+00:00","mainEntityOfPage":{"@id":"https:\/\/fes-heidenheim.de\/gymnasium\/2025\/01\/14\/fes-handballer-erfolgreich-bei-jugend-trainiert-fuer-olympia\/"},"wordCount":129,"image":{"@id":"https:\/\/fes-heidenheim.de\/gymnasium\/2025\/01\/14\/fes-handballer-erfolgreich-bei-jugend-trainiert-fuer-olympia\/#primaryimage"},"thumbnailUrl":"https:\/\/fes-heidenheim.de\/gymnasium\/wp-content\/uploads\/sites\/8\/2025\/01\/Beitragsbild-zum-BLOG-Beitrag_Jugend-trainiert-fuer-Olympia-scaled.jpg","articleSection":{"1":"FES Gymnasium","2":"FES Realschule"},"inLanguage":"de"},{"@type":"WebPage","@id":"https:\/\/fes-heidenheim.de\/gymnasium\/2025\/01\/14\/fes-handballer-erfolgreich-bei-jugend-trainiert-fuer-olympia\/","url":"https:\/\/fes-heidenheim.de\/gymnasium\/2025\/01\/14\/fes-handballer-erfolgreich-bei-jugend-trainiert-fuer-olympia\/","name":"FES-Handballer erfolgreich bei \u201eJugend trainiert f\u00fcr Olympia\u201c - Gymnasium | Freie Evangelische Schule und Kindertagesst\u00e4tte Heidenheim e. V.","isPartOf":{"@id":"https:\/\/fes-heidenheim.de\/gymnasium\/#website"},"primaryImageOfPage":{"@id":"https:\/\/fes-heidenheim.de\/gymnasium\/2025\/01\/14\/fes-handballer-erfolgreich-bei-jugend-trainiert-fuer-olympia\/#primaryimage"},"image":{"@id":"https:\/\/fes-heidenheim.de\/gymnasium\/2025\/01\/14\/fes-handballer-erfolgreich-bei-jugend-trainiert-fuer-olympia\/#primaryimage"},"thumbnailUrl":"https:\/\/fes-heidenheim.de\/gymnasium\/wp-content\/uploads\/sites\/8\/2025\/01\/Beitragsbild-zum-BLOG-Beitrag_Jugend-trainiert-fuer-Olympia-scaled.jpg","datePublished":"2025-01-14T12:31:10+00:00","dateModified":"2025-01-14T12:31:11+00:00","author":{"@id":"https:\/\/fes-heidenheim.de\/gymnasium\/#\/schema\/person\/e614df80cf0124a0861921322ba81ee9"},"breadcrumb":{"@id":"https:\/\/fes-heidenheim.de\/gymnasium\/2025\/01\/14\/fes-handballer-erfolgreich-bei-jugend-trainiert-fuer-olympia\/#breadcrumb"},"inLanguage":"de","potentialAction":[{"@type":"ReadAction","target":["https:\/\/fes-heidenheim.de\/gymnasium\/2025\/01\/14\/fes-handballer-erfolgreich-bei-jugend-trainiert-fuer-olympia\/"]}]},{"@type":"ImageObject","inLanguage":"de","@id":"https:\/\/fes-heidenheim.de\/gymnasium\/2025\/01\/14\/fes-handballer-erfolgreich-bei-jugend-trainiert-fuer-olympia\/#primaryimage","url":"https:\/\/fes-heidenheim.de\/gymnasium\/wp-content\/uploads\/sites\/8\/2025\/01\/Beitragsbild-zum-BLOG-Beitrag_Jugend-trainiert-fuer-Olympia-scaled.jpg","contentUrl":"https:\/\/fes-heidenheim.de\/gymnasium\/wp-content\/uploads\/sites\/8\/2025\/01\/Beitragsbild-zum-BLOG-Beitrag_Jugend-trainiert-fuer-Olympia-scaled.jpg","width":2560,"height":1962,"caption":"Mannschaft der FES-Realschule und des FES-Gymnasiums erreichen 3.Platz beim diesj\u00e4hrigen Wettbewerb der Handballmannschaften in Schw\u00e4bisch Gm\u00fcnd."},{"@type":"BreadcrumbList","@id":"https:\/\/fes-heidenheim.de\/gymnasium\/2025\/01\/14\/fes-handballer-erfolgreich-bei-jugend-trainiert-fuer-olympia\/#breadcrumb","itemListElement":[{"@type":"ListItem","position":1,"name":"Startseite","item":"https:\/\/fes-heidenheim.de\/gymnasium\/"},{"@type":"ListItem","position":2,"name":"FES-Handballer erfolgreich bei \u201eJugend trainiert f\u00fcr Olympia\u201c"}]},{"@type":"WebSite","@id":"https:\/\/fes-heidenheim.de\/gymnasium\/#website","url":"https:\/\/fes-heidenheim.de\/gymnasium\/","name":"Gymnasium | Freie Evangelische Schule und Kindertagesst\u00e4tte Heidenheim e. V.","description":"Eine weitere Freie Evangelische Schule Heidenheim e.V. Websites Website","potentialAction":[{"@type":"SearchAction","target":{"@type":"EntryPoint","urlTemplate":"https:\/\/fes-heidenheim.de\/gymnasium\/?s={search_term_string}"},"query-input":{"@type":"PropertyValueSpecification","valueRequired":true,"valueName":"search_term_string"}}],"inLanguage":"de"},{"@type":"Person","@id":"https:\/\/fes-heidenheim.de\/gymnasium\/#\/schema\/person\/e614df80cf0124a0861921322ba81ee9","name":"sekretariatgym","image":{"@type":"ImageObject","inLanguage":"de","@id":"https:\/\/secure.gravatar.com\/avatar\/8196f14ce1450e8b1558ed9138138a8a40a91d9ddc1e02556e5dd141376b7e3a?s=96&d=mm&r=g","url":"https:\/\/secure.gravatar.com\/avatar\/8196f14ce1450e8b1558ed9138138a8a40a91d9ddc1e02556e5dd141376b7e3a?s=96&d=mm&r=g","contentUrl":"https:\/\/secure.gravatar.com\/avatar\/8196f14ce1450e8b1558ed9138138a8a40a91d9ddc1e02556e5dd141376b7e3a?s=96&d=mm&r=g","caption":"sekretariatgym"},"url":"https:\/\/fes-heidenheim.de\/gymnasium\/author\/sekretariatgym\/"}]}},"_links":{"self":[{"href":"https:\/\/fes-heidenheim.de\/gymnasium\/wp-json\/wp\/v2\/posts\/5928","targetHints":{"allow":["GET"]}}],"collection":[{"href":"https:\/\/fes-heidenheim.de\/gymnasium\/wp-json\/wp\/v2\/posts"}],"about":[{"href":"https:\/\/fes-heidenheim.de\/gymnasium\/wp-json\/wp\/v2\/types\/post"}],"author":[{"embeddable":true,"href":"https:\/\/fes-heidenheim.de\/gymnasium\/wp-json\/wp\/v2\/users\/15"}],"replies":[{"embeddable":true,"href":"https:\/\/fes-heidenheim.de\/gymnasium\/wp-json\/wp\/v2\/comments?post=5928"}],"version-history":[{"count":1,"href":"https:\/\/fes-heidenheim.de\/gymnasium\/wp-json\/wp\/v2\/posts\/5928\/revisions"}],"predecessor-version":[{"id":5931,"href":"https:\/\/fes-heidenheim.de\/gymnasium\/wp-json\/wp\/v2\/posts\/5928\/revisions\/5931"}],"wp:featuredmedia":[{"embeddable":true,"href":"https:\/\/fes-heidenheim.de\/gymnasium\/wp-json\/wp\/v2\/media\/5930"}],"wp:attachment":[{"href":"https:\/\/fes-heidenheim.de\/gymnasium\/wp-json\/wp\/v2\/media?parent=5928"}],"wp:term":[{"taxonomy":"category","embeddable":true,"href":"https:\/\/fes-heidenheim.de\/gymnasium\/wp-json\/wp\/v2\/categories?post=5928"},{"taxonomy":"post_tag","embeddable":true,"href":"https:\/\/fes-heidenheim.de\/gymnasium\/wp-json\/wp\/v2\/tags?post=5928"}],"curies":[{"name":"wp","href":"https:\/\/api.w.org\/{rel}","templated":true}]}}