{"id":5934,"date":"2025-01-21T10:33:57","date_gmt":"2025-01-21T09:33:57","guid":{"rendered":"https:\/\/fes-heidenheim.de\/gymnasium\/?p=5934"},"modified":"2025-01-21T10:37:12","modified_gmt":"2025-01-21T09:37:12","slug":"chorproben-zwischen-historischen-gemaelden-und-ehrwuerdigen-klostertueren-2","status":"publish","type":"post","link":"https:\/\/fes-heidenheim.de\/gymnasium\/2025\/01\/21\/chorproben-zwischen-historischen-gemaelden-und-ehrwuerdigen-klostertueren-2\/","title":{"rendered":"Chorproben zwischen historischen Gem\u00e4lden und ehrw\u00fcrdigen Klostert\u00fcren"},"content":{"rendered":"\n<p>Ochsen\u00adhausen? Wo liegt das denn? Das fragten sich wohl so einige Sch\u00fc\u00adlerin\u00adnen und Sch\u00fcler der 5.Klassen unser\u00ader FES-Realschule und unseres FES-Gym\u00adna\u00adsi\u00adums, als sie erfuhren, wo der Klassen\u00adchor 5 seine Chor\u00adproben\u00adt\u00adage ver\u00adbrin\u00adgen w\u00fcrde. Bei der Ankun\u00adft wich die anf\u00e4ngliche Neugi\u00ader gro\u00dfem Erstaunen. Der Ort der Lan\u00addesakademie in Ochsen\u00adhausen stellte sich als eine riesige Kloster\u00adan\u00adlage her\u00adaus, und die Proben fan\u00adden dann tat\u00ads\u00e4ch\u00adlich in altehrw\u00fcrdi\u00adgen Gem\u00e4uern zwis\u00adchen alten his\u00adtorischen Gem\u00e4lden und hin\u00adter ehrw\u00fcrdi\u00adgen Klostert\u00fcren statt.<\/p>\n\n\n\n<p>Gern h\u00e4tte man sich alles noch genauer angeschaut, aber im Vorder\u00adgrund stand in den drei Chor\u00adproben\u00adt\u00ada\u00adgen an der Musikakademie in Kloster Ochsen\u00adhausen, die im Jan\u00adu\u00adar unmit\u00adtel\u00adbar in der Woche nach den Wei\u00adh\u00adnachts\u00adfe\u00adrien stat\u00adtfan\u00adden, die Vor\u00adbere\u00aditung und Ein\u00adstudierung des diesj\u00e4hri\u00adgen Klassenmusiktheaterprojekts.<\/p>\n\n\n\n<p>Ohne Schul\u00adglocke zum Stun\u00adde\u00adnende und mit allen Beteiligten an Bord war nun viel Zeit, an den einzel\u00adnen Musi\u00adcal\u00adst\u00fcck\u00aden zu feilen und sich sog\u00adar in Reg\u00adis\u00adter\u00adproben mit Vokalsolis\u00adten, Schaus\u00adpiel\u00adern und im gro\u00dfen Ober\u00adstim\u00admen\u00adchor aufzuteilen.<\/p>\n\n\n\n<p>Die Chor\u00adproben\u00adt\u00adage an der Musikakademie bracht\u00aden bis zum Ende nicht nur eine enorme Steigerung der musikalis\u00adchen Qual\u00adit\u00e4t des Klassen\u00adchor 5, son\u00addern waren auch eine Bere\u00adicherung in kam\u00ader\u00adad\u00adschaftlich\u00ader Hin\u00adsicht. Das Zusam\u00admen\u00adsein \u00fcber mehrere Tage lie\u00df alle zu ein\u00ader Chor\u00adfor\u00adma\u00adtion zusam\u00admen\u00adfind\u00aden und wach\u00adsen. Die Vor\u00adfreude steigt, und man darf auf die Auf\u00adf\u00fchrung des diesj\u00e4hri\u00adgen Musik\u00adthe\u00adater\u00adpro\u00adjek\u00adts des Klassen\u00adchors 5 \u201eSamuel\u201c ges\u00adpan\u00adnt&nbsp;sein!<\/p>\n\n\n\n<figure class=\"wp-block-gallery has-nested-images columns-default is-cropped wp-block-gallery-1 is-layout-flex wp-block-gallery-is-layout-flex\">\n<figure class=\"wp-block-image size-large\"><img loading=\"lazy\" decoding=\"async\" width=\"1024\" height=\"768\" data-id=\"5937\" src=\"https:\/\/fes-heidenheim.de\/gymnasium\/wp-content\/uploads\/sites\/8\/2025\/01\/weiteres-Bild-01-1024x768.jpg\" alt=\"Gern h\u00e4tte man sich alles noch genauer angeschaut, aber im Vordergrund stand in den drei Chorprobentagen an der Musikakademie in Kloster Ochsenhausen, die im Januar unmittelbar in der Woche nach den Weihnachtsferien stattfanden, die Vorbereitung und Einstudierung des diesj\u00e4hrigen Klassenmusiktheaterprojekts.\" class=\"wp-image-5937\" srcset=\"https:\/\/fes-heidenheim.de\/gymnasium\/wp-content\/uploads\/sites\/8\/2025\/01\/weiteres-Bild-01-980x735.jpg 980w, https:\/\/fes-heidenheim.de\/gymnasium\/wp-content\/uploads\/sites\/8\/2025\/01\/weiteres-Bild-01-480x360.jpg 480w\" sizes=\"(min-width: 0px) and (max-width: 480px) 480px, (min-width: 481px) and (max-width: 980px) 980px, (min-width: 981px) 1024px, 100vw\"><\/figure>\n\n\n\n<figure class=\"wp-block-image size-large\"><img loading=\"lazy\" decoding=\"async\" width=\"1024\" height=\"768\" data-id=\"5936\" src=\"https:\/\/fes-heidenheim.de\/gymnasium\/wp-content\/uploads\/sites\/8\/2025\/01\/weiteres-Bild-02-1024x768.jpg\" alt=\"Gern h\u00e4tte man sich alles noch genauer angeschaut, aber im Vordergrund stand in den drei Chorprobentagen an der Musikakademie in Kloster Ochsenhausen, die im Januar unmittelbar in der Woche nach den Weihnachtsferien stattfanden, die Vorbereitung und Einstudierung des diesj\u00e4hrigen Klassenmusiktheaterprojekts.\" class=\"wp-image-5936\" srcset=\"https:\/\/fes-heidenheim.de\/gymnasium\/wp-content\/uploads\/sites\/8\/2025\/01\/weiteres-Bild-02-980x735.jpg 980w, https:\/\/fes-heidenheim.de\/gymnasium\/wp-content\/uploads\/sites\/8\/2025\/01\/weiteres-Bild-02-480x360.jpg 480w\" sizes=\"(min-width: 0px) and (max-width: 480px) 480px, (min-width: 481px) and (max-width: 980px) 980px, (min-width: 981px) 1024px, 100vw\"><\/figure>\n\n\n\n<figure class=\"wp-block-image size-large\"><img loading=\"lazy\" decoding=\"async\" width=\"1024\" height=\"768\" data-id=\"5935\" src=\"https:\/\/fes-heidenheim.de\/gymnasium\/wp-content\/uploads\/sites\/8\/2025\/01\/weiteres-Bild-05-1024x768.jpg\" alt=\"Gern h\u00e4tte man sich alles noch genauer angeschaut, aber im Vordergrund stand in den drei Chorprobentagen an der Musikakademie in Kloster Ochsenhausen, die im Januar unmittelbar in der Woche nach den Weihnachtsferien stattfanden, die Vorbereitung und Einstudierung des diesj\u00e4hrigen Klassenmusiktheaterprojekts.\" class=\"wp-image-5935\" srcset=\"https:\/\/fes-heidenheim.de\/gymnasium\/wp-content\/uploads\/sites\/8\/2025\/01\/weiteres-Bild-05-980x735.jpg 980w, https:\/\/fes-heidenheim.de\/gymnasium\/wp-content\/uploads\/sites\/8\/2025\/01\/weiteres-Bild-05-480x360.jpg 480w\" sizes=\"(min-width: 0px) and (max-width: 480px) 480px, (min-width: 481px) and (max-width: 980px) 980px, (min-width: 981px) 1024px, 100vw\"><\/figure>\n<\/figure>\n\n\n\n<figure class=\"wp-block-gallery has-nested-images columns-default is-cropped wp-block-gallery-2 is-layout-flex wp-block-gallery-is-layout-flex\">\n<figure class=\"wp-block-image size-large\"><img loading=\"lazy\" decoding=\"async\" width=\"1024\" height=\"768\" data-id=\"5939\" src=\"https:\/\/fes-heidenheim.de\/gymnasium\/wp-content\/uploads\/sites\/8\/2025\/01\/weiteres-Bild-03-1024x768.jpg\" alt=\"Gern h\u00e4tte man sich alles noch genauer angeschaut, aber im Vordergrund stand in den drei Chorprobentagen an der Musikakademie in Kloster Ochsenhausen, die im Januar unmittelbar in der Woche nach den Weihnachtsferien stattfanden, die Vorbereitung und Einstudierung des diesj\u00e4hrigen Klassenmusiktheaterprojekts.\" class=\"wp-image-5939\" srcset=\"https:\/\/fes-heidenheim.de\/gymnasium\/wp-content\/uploads\/sites\/8\/2025\/01\/weiteres-Bild-03-980x735.jpg 980w, https:\/\/fes-heidenheim.de\/gymnasium\/wp-content\/uploads\/sites\/8\/2025\/01\/weiteres-Bild-03-480x360.jpg 480w\" sizes=\"(min-width: 0px) and (max-width: 480px) 480px, (min-width: 481px) and (max-width: 980px) 980px, (min-width: 981px) 1024px, 100vw\"><\/figure>\n\n\n\n<figure class=\"wp-block-image size-large\"><img loading=\"lazy\" decoding=\"async\" width=\"1024\" height=\"768\" data-id=\"5940\" src=\"https:\/\/fes-heidenheim.de\/gymnasium\/wp-content\/uploads\/sites\/8\/2025\/01\/weiteres-Bild-04-1-1024x768.jpg\" alt=\"Gern h\u00e4tte man sich alles noch genauer angeschaut, aber im Vordergrund stand in den drei Chorprobentagen an der Musikakademie in Kloster Ochsenhausen, die im Januar unmittelbar in der Woche nach den Weihnachtsferien stattfanden, die Vorbereitung und Einstudierung des diesj\u00e4hrigen Klassenmusiktheaterprojekts.\" class=\"wp-image-5940\" srcset=\"https:\/\/fes-heidenheim.de\/gymnasium\/wp-content\/uploads\/sites\/8\/2025\/01\/weiteres-Bild-04-1-980x735.jpg 980w, https:\/\/fes-heidenheim.de\/gymnasium\/wp-content\/uploads\/sites\/8\/2025\/01\/weiteres-Bild-04-1-480x360.jpg 480w\" sizes=\"(min-width: 0px) and (max-width: 480px) 480px, (min-width: 481px) and (max-width: 980px) 980px, (min-width: 981px) 1024px, 100vw\"><\/figure>\n<\/figure>\n","protected":false},"excerpt":{"rendered":"<p>Ochsen\u00adhausen? Wo liegt das denn? Das fragten sich wohl so einige Sch\u00fc\u00adlerin\u00adnen und Sch\u00fcler der 5.Klassen unser\u00ader FES-Realschule und unseres FES-Gym\u00ad\u00adna\u00adsi\u00adums, als sie erfuhren, wo der Klassen\u00adchor 5 seine Chorprobentage&nbsp;[\u2026]<\/p>\n","protected":false},"author":15,"featured_media":5943,"comment_status":"closed","ping_status":"closed","sticky":false,"template":"","format":"standard","meta":{"_et_pb_use_builder":"off","_et_pb_old_content":"","_et_gb_content_width":"","inline_featured_image":false,"wp_typography_post_enhancements_disabled":false,"footnotes":""},"categories":[30,29],"tags":[],"class_list":["post-5934","post","type-post","status-publish","format-standard","has-post-thumbnail","hentry","category-fes-gymnasium","category-fes-realschule"],"yoast_head":"<!-- This site is optimized with the Yoast SEO plugin v27.4 - https:\/\/yoast.com\/product\/yoast-seo-wordpress\/ -->\n<title>Chorproben zwischen historischen Gem\u00e4lden und ehrw\u00fcrdigen Klostert\u00fcren - Gymnasium | Freie Evangelische Schule und Kindertagesst\u00e4tte Heidenheim e. V.<\/title>\n<meta name=\"robots\" content=\"index, follow, max-snippet:-1, max-image-preview:large, max-video-preview:-1\" \/>\n<link rel=\"canonical\" href=\"https:\/\/fes-heidenheim.de\/gymnasium\/2025\/01\/21\/chorproben-zwischen-historischen-gemaelden-und-ehrwuerdigen-klostertueren-2\/\" \/>\n<meta property=\"og:locale\" content=\"de_DE\" \/>\n<meta property=\"og:type\" content=\"article\" \/>\n<meta property=\"og:title\" content=\"Chorproben zwischen historischen Gem\u00e4lden und ehrw\u00fcrdigen Klostert\u00fcren - Gymnasium | Freie Evangelische Schule und Kindertagesst\u00e4tte Heidenheim e. V.\" \/>\n<meta property=\"og:description\" content=\"Ochsen\u00adhausen? Wo liegt das denn? Das fragten sich wohl so einige Sch\u00fc\u00adlerin\u00adnen und Sch\u00fcler der 5.Klassen unser\u00ader FES-Realschule und unseres FES-Gym\u00adna\u00adsi\u00adums, als sie erfuhren, wo der Klassen\u00adchor 5 seine Chor\u00adproben\u00adt\u00adage [&hellip;]\" \/>\n<meta property=\"og:url\" content=\"https:\/\/fes-heidenheim.de\/gymnasium\/2025\/01\/21\/chorproben-zwischen-historischen-gemaelden-und-ehrwuerdigen-klostertueren-2\/\" \/>\n<meta property=\"og:site_name\" content=\"Gymnasium | Freie Evangelische Schule und Kindertagesst\u00e4tte Heidenheim e. V.\" \/>\n<meta property=\"article:published_time\" content=\"2025-01-21T09:33:57+00:00\" \/>\n<meta property=\"article:modified_time\" content=\"2025-01-21T09:37:12+00:00\" \/>\n<meta property=\"og:image\" content=\"https:\/\/fes-heidenheim.de\/gymnasium\/wp-content\/uploads\/sites\/8\/2025\/01\/Beitragsbild-1-zum-BLOG-Beitrag_Chorprobentage-Ochsenhause-scaled.jpg\" \/>\n\t<meta property=\"og:image:width\" content=\"2560\" \/>\n\t<meta property=\"og:image:height\" content=\"2264\" \/>\n\t<meta property=\"og:image:type\" content=\"image\/jpeg\" \/>\n<meta name=\"author\" content=\"sekretariatgym\" \/>\n<meta name=\"twitter:card\" content=\"summary_large_image\" \/>\n<meta name=\"twitter:label1\" content=\"Verfasst von\" \/>\n\t<meta name=\"twitter:data1\" content=\"sekretariatgym\" \/>\n\t<meta name=\"twitter:label2\" content=\"Gesch\u00e4tzte Lesezeit\" \/>\n\t<meta name=\"twitter:data2\" content=\"3\u00a0Minuten\" \/>\n<script type=\"application\/ld+json\" class=\"yoast-schema-graph\">{\"@context\":\"https:\\\/\\\/schema.org\",\"@graph\":[{\"@type\":\"Article\",\"@id\":\"https:\\\/\\\/fes-heidenheim.de\\\/gymnasium\\\/2025\\\/01\\\/21\\\/chorproben-zwischen-historischen-gemaelden-und-ehrwuerdigen-klostertueren-2\\\/#article\",\"isPartOf\":{\"@id\":\"https:\\\/\\\/fes-heidenheim.de\\\/gymnasium\\\/2025\\\/01\\\/21\\\/chorproben-zwischen-historischen-gemaelden-und-ehrwuerdigen-klostertueren-2\\\/\"},\"author\":{\"name\":\"sekretariatgym\",\"@id\":\"https:\\\/\\\/fes-heidenheim.de\\\/gymnasium\\\/#\\\/schema\\\/person\\\/e614df80cf0124a0861921322ba81ee9\"},\"headline\":\"Chorproben zwischen historischen Gem\u00e4lden und ehrw\u00fcrdigen Klostert\u00fcren\",\"datePublished\":\"2025-01-21T09:33:57+00:00\",\"dateModified\":\"2025-01-21T09:37:12+00:00\",\"mainEntityOfPage\":{\"@id\":\"https:\\\/\\\/fes-heidenheim.de\\\/gymnasium\\\/2025\\\/01\\\/21\\\/chorproben-zwischen-historischen-gemaelden-und-ehrwuerdigen-klostertueren-2\\\/\"},\"wordCount\":229,\"image\":{\"@id\":\"https:\\\/\\\/fes-heidenheim.de\\\/gymnasium\\\/2025\\\/01\\\/21\\\/chorproben-zwischen-historischen-gemaelden-und-ehrwuerdigen-klostertueren-2\\\/#primaryimage\"},\"thumbnailUrl\":\"https:\\\/\\\/fes-heidenheim.de\\\/gymnasium\\\/wp-content\\\/uploads\\\/sites\\\/8\\\/2025\\\/01\\\/Beitragsbild-1-zum-BLOG-Beitrag_Chorprobentage-Ochsenhause-scaled.jpg\",\"articleSection\":[\"FES Gymnasium\",\"FES Realschule\"],\"inLanguage\":\"de\"},{\"@type\":\"WebPage\",\"@id\":\"https:\\\/\\\/fes-heidenheim.de\\\/gymnasium\\\/2025\\\/01\\\/21\\\/chorproben-zwischen-historischen-gemaelden-und-ehrwuerdigen-klostertueren-2\\\/\",\"url\":\"https:\\\/\\\/fes-heidenheim.de\\\/gymnasium\\\/2025\\\/01\\\/21\\\/chorproben-zwischen-historischen-gemaelden-und-ehrwuerdigen-klostertueren-2\\\/\",\"name\":\"Chorproben zwischen historischen Gem\u00e4lden und ehrw\u00fcrdigen Klostert\u00fcren - Gymnasium | Freie Evangelische Schule und Kindertagesst\u00e4tte Heidenheim e. V.\",\"isPartOf\":{\"@id\":\"https:\\\/\\\/fes-heidenheim.de\\\/gymnasium\\\/#website\"},\"primaryImageOfPage\":{\"@id\":\"https:\\\/\\\/fes-heidenheim.de\\\/gymnasium\\\/2025\\\/01\\\/21\\\/chorproben-zwischen-historischen-gemaelden-und-ehrwuerdigen-klostertueren-2\\\/#primaryimage\"},\"image\":{\"@id\":\"https:\\\/\\\/fes-heidenheim.de\\\/gymnasium\\\/2025\\\/01\\\/21\\\/chorproben-zwischen-historischen-gemaelden-und-ehrwuerdigen-klostertueren-2\\\/#primaryimage\"},\"thumbnailUrl\":\"https:\\\/\\\/fes-heidenheim.de\\\/gymnasium\\\/wp-content\\\/uploads\\\/sites\\\/8\\\/2025\\\/01\\\/Beitragsbild-1-zum-BLOG-Beitrag_Chorprobentage-Ochsenhause-scaled.jpg\",\"datePublished\":\"2025-01-21T09:33:57+00:00\",\"dateModified\":\"2025-01-21T09:37:12+00:00\",\"author\":{\"@id\":\"https:\\\/\\\/fes-heidenheim.de\\\/gymnasium\\\/#\\\/schema\\\/person\\\/e614df80cf0124a0861921322ba81ee9\"},\"breadcrumb\":{\"@id\":\"https:\\\/\\\/fes-heidenheim.de\\\/gymnasium\\\/2025\\\/01\\\/21\\\/chorproben-zwischen-historischen-gemaelden-und-ehrwuerdigen-klostertueren-2\\\/#breadcrumb\"},\"inLanguage\":\"de\",\"potentialAction\":[{\"@type\":\"ReadAction\",\"target\":[\"https:\\\/\\\/fes-heidenheim.de\\\/gymnasium\\\/2025\\\/01\\\/21\\\/chorproben-zwischen-historischen-gemaelden-und-ehrwuerdigen-klostertueren-2\\\/\"]}]},{\"@type\":\"ImageObject\",\"inLanguage\":\"de\",\"@id\":\"https:\\\/\\\/fes-heidenheim.de\\\/gymnasium\\\/2025\\\/01\\\/21\\\/chorproben-zwischen-historischen-gemaelden-und-ehrwuerdigen-klostertueren-2\\\/#primaryimage\",\"url\":\"https:\\\/\\\/fes-heidenheim.de\\\/gymnasium\\\/wp-content\\\/uploads\\\/sites\\\/8\\\/2025\\\/01\\\/Beitragsbild-1-zum-BLOG-Beitrag_Chorprobentage-Ochsenhause-scaled.jpg\",\"contentUrl\":\"https:\\\/\\\/fes-heidenheim.de\\\/gymnasium\\\/wp-content\\\/uploads\\\/sites\\\/8\\\/2025\\\/01\\\/Beitragsbild-1-zum-BLOG-Beitrag_Chorprobentage-Ochsenhause-scaled.jpg\",\"width\":2560,\"height\":2264,\"caption\":\"Gern h\u00e4tte man sich alles noch genauer angeschaut, aber im Vordergrund stand in den drei Chorprobentagen an der Musikakademie in Kloster Ochsenhausen, die im Januar unmittelbar in der Woche nach den Weihnachtsferien stattfanden, die Vorbereitung und Einstudierung des diesj\u00e4hrigen Klassenmusiktheaterprojekts.\"},{\"@type\":\"BreadcrumbList\",\"@id\":\"https:\\\/\\\/fes-heidenheim.de\\\/gymnasium\\\/2025\\\/01\\\/21\\\/chorproben-zwischen-historischen-gemaelden-und-ehrwuerdigen-klostertueren-2\\\/#breadcrumb\",\"itemListElement\":[{\"@type\":\"ListItem\",\"position\":1,\"name\":\"Startseite\",\"item\":\"https:\\\/\\\/fes-heidenheim.de\\\/gymnasium\\\/\"},{\"@type\":\"ListItem\",\"position\":2,\"name\":\"Chorproben zwischen historischen Gem\u00e4lden und ehrw\u00fcrdigen Klostert\u00fcren\"}]},{\"@type\":\"WebSite\",\"@id\":\"https:\\\/\\\/fes-heidenheim.de\\\/gymnasium\\\/#website\",\"url\":\"https:\\\/\\\/fes-heidenheim.de\\\/gymnasium\\\/\",\"name\":\"Gymnasium | Freie Evangelische Schule und Kindertagesst\u00e4tte Heidenheim e. V.\",\"description\":\"Eine weitere Freie Evangelische Schule Heidenheim e.V. Websites Website\",\"potentialAction\":[{\"@type\":\"SearchAction\",\"target\":{\"@type\":\"EntryPoint\",\"urlTemplate\":\"https:\\\/\\\/fes-heidenheim.de\\\/gymnasium\\\/?s={search_term_string}\"},\"query-input\":{\"@type\":\"PropertyValueSpecification\",\"valueRequired\":true,\"valueName\":\"search_term_string\"}}],\"inLanguage\":\"de\"},{\"@type\":\"Person\",\"@id\":\"https:\\\/\\\/fes-heidenheim.de\\\/gymnasium\\\/#\\\/schema\\\/person\\\/e614df80cf0124a0861921322ba81ee9\",\"name\":\"sekretariatgym\",\"image\":{\"@type\":\"ImageObject\",\"inLanguage\":\"de\",\"@id\":\"https:\\\/\\\/secure.gravatar.com\\\/avatar\\\/8196f14ce1450e8b1558ed9138138a8a40a91d9ddc1e02556e5dd141376b7e3a?s=96&d=mm&r=g\",\"url\":\"https:\\\/\\\/secure.gravatar.com\\\/avatar\\\/8196f14ce1450e8b1558ed9138138a8a40a91d9ddc1e02556e5dd141376b7e3a?s=96&d=mm&r=g\",\"contentUrl\":\"https:\\\/\\\/secure.gravatar.com\\\/avatar\\\/8196f14ce1450e8b1558ed9138138a8a40a91d9ddc1e02556e5dd141376b7e3a?s=96&d=mm&r=g\",\"caption\":\"sekretariatgym\"},\"url\":\"https:\\\/\\\/fes-heidenheim.de\\\/gymnasium\\\/author\\\/sekretariatgym\\\/\"}]}<\/script>\n<!-- \/ Yoast SEO plugin. -->","yoast_head_json":{"title":"Chorproben zwischen historischen Gem\u00e4lden und ehrw\u00fcrdigen Klostert\u00fcren - Gymnasium | Freie Evangelische Schule und Kindertagesst\u00e4tte Heidenheim e. V.","robots":{"index":"index","follow":"follow","max-snippet":"max-snippet:-1","max-image-preview":"max-image-preview:large","max-video-preview":"max-video-preview:-1"},"canonical":"https:\/\/fes-heidenheim.de\/gymnasium\/2025\/01\/21\/chorproben-zwischen-historischen-gemaelden-und-ehrwuerdigen-klostertueren-2\/","og_locale":"de_DE","og_type":"article","og_title":"Chorproben zwischen historischen Gem\u00e4lden und ehrw\u00fcrdigen Klostert\u00fcren - Gymnasium | Freie Evangelische Schule und Kindertagesst\u00e4tte Heidenheim e. V.","og_description":"Ochsen\u00adhausen? Wo liegt das denn? Das fragten sich wohl so einige Sch\u00fc\u00adlerin\u00adnen und Sch\u00fcler der 5.Klassen unser\u00ader FES-Realschule und unseres FES-Gym\u00adna\u00adsi\u00adums, als sie erfuhren, wo der Klassen\u00adchor 5 seine Chor\u00adproben\u00adt\u00adage [&hellip;]","og_url":"https:\/\/fes-heidenheim.de\/gymnasium\/2025\/01\/21\/chorproben-zwischen-historischen-gemaelden-und-ehrwuerdigen-klostertueren-2\/","og_site_name":"Gymnasium | Freie Evangelische Schule und Kindertagesst\u00e4tte Heidenheim e. V.","article_published_time":"2025-01-21T09:33:57+00:00","article_modified_time":"2025-01-21T09:37:12+00:00","og_image":[{"width":2560,"height":2264,"url":"https:\/\/fes-heidenheim.de\/gymnasium\/wp-content\/uploads\/sites\/8\/2025\/01\/Beitragsbild-1-zum-BLOG-Beitrag_Chorprobentage-Ochsenhause-scaled.jpg","type":"image\/jpeg"}],"author":"sekretariatgym","twitter_card":"summary_large_image","twitter_misc":{"Verfasst von":"sekretariatgym","Gesch\u00e4tzte Lesezeit":"3\u00a0Minuten"},"schema":{"@context":"https:\/\/schema.org","@graph":[{"@type":"Article","@id":"https:\/\/fes-heidenheim.de\/gymnasium\/2025\/01\/21\/chorproben-zwischen-historischen-gemaelden-und-ehrwuerdigen-klostertueren-2\/#article","isPartOf":{"@id":"https:\/\/fes-heidenheim.de\/gymnasium\/2025\/01\/21\/chorproben-zwischen-historischen-gemaelden-und-ehrwuerdigen-klostertueren-2\/"},"author":{"name":"sekretariatgym","@id":"https:\/\/fes-heidenheim.de\/gymnasium\/#\/schema\/person\/e614df80cf0124a0861921322ba81ee9"},"headline":"Chorproben zwischen historischen Gem\u00e4lden und ehrw\u00fcrdigen Klostert\u00fcren","datePublished":"2025-01-21T09:33:57+00:00","dateModified":"2025-01-21T09:37:12+00:00","mainEntityOfPage":{"@id":"https:\/\/fes-heidenheim.de\/gymnasium\/2025\/01\/21\/chorproben-zwischen-historischen-gemaelden-und-ehrwuerdigen-klostertueren-2\/"},"wordCount":229,"image":{"@id":"https:\/\/fes-heidenheim.de\/gymnasium\/2025\/01\/21\/chorproben-zwischen-historischen-gemaelden-und-ehrwuerdigen-klostertueren-2\/#primaryimage"},"thumbnailUrl":"https:\/\/fes-heidenheim.de\/gymnasium\/wp-content\/uploads\/sites\/8\/2025\/01\/Beitragsbild-1-zum-BLOG-Beitrag_Chorprobentage-Ochsenhause-scaled.jpg","articleSection":["FES Gymnasium","FES Realschule"],"inLanguage":"de"},{"@type":"WebPage","@id":"https:\/\/fes-heidenheim.de\/gymnasium\/2025\/01\/21\/chorproben-zwischen-historischen-gemaelden-und-ehrwuerdigen-klostertueren-2\/","url":"https:\/\/fes-heidenheim.de\/gymnasium\/2025\/01\/21\/chorproben-zwischen-historischen-gemaelden-und-ehrwuerdigen-klostertueren-2\/","name":"Chorproben zwischen historischen Gem\u00e4lden und ehrw\u00fcrdigen Klostert\u00fcren - Gymnasium | Freie Evangelische Schule und Kindertagesst\u00e4tte Heidenheim e. V.","isPartOf":{"@id":"https:\/\/fes-heidenheim.de\/gymnasium\/#website"},"primaryImageOfPage":{"@id":"https:\/\/fes-heidenheim.de\/gymnasium\/2025\/01\/21\/chorproben-zwischen-historischen-gemaelden-und-ehrwuerdigen-klostertueren-2\/#primaryimage"},"image":{"@id":"https:\/\/fes-heidenheim.de\/gymnasium\/2025\/01\/21\/chorproben-zwischen-historischen-gemaelden-und-ehrwuerdigen-klostertueren-2\/#primaryimage"},"thumbnailUrl":"https:\/\/fes-heidenheim.de\/gymnasium\/wp-content\/uploads\/sites\/8\/2025\/01\/Beitragsbild-1-zum-BLOG-Beitrag_Chorprobentage-Ochsenhause-scaled.jpg","datePublished":"2025-01-21T09:33:57+00:00","dateModified":"2025-01-21T09:37:12+00:00","author":{"@id":"https:\/\/fes-heidenheim.de\/gymnasium\/#\/schema\/person\/e614df80cf0124a0861921322ba81ee9"},"breadcrumb":{"@id":"https:\/\/fes-heidenheim.de\/gymnasium\/2025\/01\/21\/chorproben-zwischen-historischen-gemaelden-und-ehrwuerdigen-klostertueren-2\/#breadcrumb"},"inLanguage":"de","potentialAction":[{"@type":"ReadAction","target":["https:\/\/fes-heidenheim.de\/gymnasium\/2025\/01\/21\/chorproben-zwischen-historischen-gemaelden-und-ehrwuerdigen-klostertueren-2\/"]}]},{"@type":"ImageObject","inLanguage":"de","@id":"https:\/\/fes-heidenheim.de\/gymnasium\/2025\/01\/21\/chorproben-zwischen-historischen-gemaelden-und-ehrwuerdigen-klostertueren-2\/#primaryimage","url":"https:\/\/fes-heidenheim.de\/gymnasium\/wp-content\/uploads\/sites\/8\/2025\/01\/Beitragsbild-1-zum-BLOG-Beitrag_Chorprobentage-Ochsenhause-scaled.jpg","contentUrl":"https:\/\/fes-heidenheim.de\/gymnasium\/wp-content\/uploads\/sites\/8\/2025\/01\/Beitragsbild-1-zum-BLOG-Beitrag_Chorprobentage-Ochsenhause-scaled.jpg","width":2560,"height":2264,"caption":"Gern h\u00e4tte man sich alles noch genauer angeschaut, aber im Vordergrund stand in den drei Chorprobentagen an der Musikakademie in Kloster Ochsenhausen, die im Januar unmittelbar in der Woche nach den Weihnachtsferien stattfanden, die Vorbereitung und Einstudierung des diesj\u00e4hrigen Klassenmusiktheaterprojekts."},{"@type":"BreadcrumbList","@id":"https:\/\/fes-heidenheim.de\/gymnasium\/2025\/01\/21\/chorproben-zwischen-historischen-gemaelden-und-ehrwuerdigen-klostertueren-2\/#breadcrumb","itemListElement":[{"@type":"ListItem","position":1,"name":"Startseite","item":"https:\/\/fes-heidenheim.de\/gymnasium\/"},{"@type":"ListItem","position":2,"name":"Chorproben zwischen historischen Gem\u00e4lden und ehrw\u00fcrdigen Klostert\u00fcren"}]},{"@type":"WebSite","@id":"https:\/\/fes-heidenheim.de\/gymnasium\/#website","url":"https:\/\/fes-heidenheim.de\/gymnasium\/","name":"Gymnasium | Freie Evangelische Schule und Kindertagesst\u00e4tte Heidenheim e. V.","description":"Eine weitere Freie Evangelische Schule Heidenheim e.V. Websites Website","potentialAction":[{"@type":"SearchAction","target":{"@type":"EntryPoint","urlTemplate":"https:\/\/fes-heidenheim.de\/gymnasium\/?s={search_term_string}"},"query-input":{"@type":"PropertyValueSpecification","valueRequired":true,"valueName":"search_term_string"}}],"inLanguage":"de"},{"@type":"Person","@id":"https:\/\/fes-heidenheim.de\/gymnasium\/#\/schema\/person\/e614df80cf0124a0861921322ba81ee9","name":"sekretariatgym","image":{"@type":"ImageObject","inLanguage":"de","@id":"https:\/\/secure.gravatar.com\/avatar\/8196f14ce1450e8b1558ed9138138a8a40a91d9ddc1e02556e5dd141376b7e3a?s=96&d=mm&r=g","url":"https:\/\/secure.gravatar.com\/avatar\/8196f14ce1450e8b1558ed9138138a8a40a91d9ddc1e02556e5dd141376b7e3a?s=96&d=mm&r=g","contentUrl":"https:\/\/secure.gravatar.com\/avatar\/8196f14ce1450e8b1558ed9138138a8a40a91d9ddc1e02556e5dd141376b7e3a?s=96&d=mm&r=g","caption":"sekretariatgym"},"url":"https:\/\/fes-heidenheim.de\/gymnasium\/author\/sekretariatgym\/"}]}},"_links":{"self":[{"href":"https:\/\/fes-heidenheim.de\/gymnasium\/wp-json\/wp\/v2\/posts\/5934","targetHints":{"allow":["GET"]}}],"collection":[{"href":"https:\/\/fes-heidenheim.de\/gymnasium\/wp-json\/wp\/v2\/posts"}],"about":[{"href":"https:\/\/fes-heidenheim.de\/gymnasium\/wp-json\/wp\/v2\/types\/post"}],"author":[{"embeddable":true,"href":"https:\/\/fes-heidenheim.de\/gymnasium\/wp-json\/wp\/v2\/users\/15"}],"replies":[{"embeddable":true,"href":"https:\/\/fes-heidenheim.de\/gymnasium\/wp-json\/wp\/v2\/comments?post=5934"}],"version-history":[{"count":1,"href":"https:\/\/fes-heidenheim.de\/gymnasium\/wp-json\/wp\/v2\/posts\/5934\/revisions"}],"predecessor-version":[{"id":5942,"href":"https:\/\/fes-heidenheim.de\/gymnasium\/wp-json\/wp\/v2\/posts\/5934\/revisions\/5942"}],"wp:featuredmedia":[{"embeddable":true,"href":"https:\/\/fes-heidenheim.de\/gymnasium\/wp-json\/wp\/v2\/media\/5943"}],"wp:attachment":[{"href":"https:\/\/fes-heidenheim.de\/gymnasium\/wp-json\/wp\/v2\/media?parent=5934"}],"wp:term":[{"taxonomy":"category","embeddable":true,"href":"https:\/\/fes-heidenheim.de\/gymnasium\/wp-json\/wp\/v2\/categories?post=5934"},{"taxonomy":"post_tag","embeddable":true,"href":"https:\/\/fes-heidenheim.de\/gymnasium\/wp-json\/wp\/v2\/tags?post=5934"}],"curies":[{"name":"wp","href":"https:\/\/api.w.org\/{rel}","templated":true}]}}