{"id":6083,"date":"2025-07-04T11:23:38","date_gmt":"2025-07-04T09:23:38","guid":{"rendered":"https:\/\/fes-heidenheim.de\/gymnasium\/?p=6083"},"modified":"2025-07-04T11:23:39","modified_gmt":"2025-07-04T09:23:39","slug":"heiss-heisser-paris","status":"publish","type":"post","link":"https:\/\/fes-heidenheim.de\/gymnasium\/2025\/07\/04\/heiss-heisser-paris\/","title":{"rendered":"Hei\u00df, hei\u00dfer, Paris!"},"content":{"rendered":"\n<p>&nbsp;\u201cDie FES-Spezialein\u00adheit\u201d, beste\u00adhend aus 20 FES-Sch\u00fclern der Klassen 7 und 8 des FES-Gym\u00adna\u00adsi\u00adum und zwei uner\u00adschrock\u00ade\u00adnen Lehrkr\u00e4ften, hat sich Ende Juni zu ein\u00ader Exkur\u00adsion in der Seine-Metro\u00adpole aufgemacht und dort vier Tage lang eine Menge erlebt!<\/p>\n\n\n\n<p>Als zer\u00adti\u00adfizierte Profi-Touris\u00adten wis\u00adsen jet\u00adzt alle, wer die Mona Lisa im Lou\u00advre gemalt hat, wie hoch der Eif\u00adfel\u00adturm ist und warum er erbaut wurde, wo Louis XIV in Prunk, Gold und noch mehr Prunk lebte, dass die G\u00e4rten von Ver\u00adsailles gr\u00f6\u00dfer als 1000 Fu\u00dfballfelder sind und wie man es schafft, dass Stra\u00dfen\u00adh\u00e4ndler einem ein paar \u201csou\u00advenirs gra\u00adtu\u00adits\u201d schenken. Zu den High\u00adlights der Exkur\u00adsion z\u00e4hlten die Schiff\u00adfahrt auf der Seine, der Besuch der wieder\u00ader\u00f6ffneten Kathe\u00addrale Notre Dame sowie der Mont\u00admarte mit der ber\u00fchmten Basi\u00adli\u00adka Sacr\u00e9 Coeur. Nach ein\u00ader kleinen Shop\u00adping-Tour auf den Champs-Elys\u00e9es hie\u00df es dann lei\u00adder schon wieder \u201cAu revoir\u201d!<\/p>\n\n\n\n<figure class=\"wp-block-gallery has-nested-images columns-default is-cropped wp-block-gallery-1 is-layout-flex wp-block-gallery-is-layout-flex\">\n<figure class=\"wp-block-image size-large\"><img loading=\"lazy\" decoding=\"async\" width=\"1024\" height=\"768\" data-id=\"6084\" src=\"https:\/\/fes-heidenheim.de\/gymnasium\/wp-content\/uploads\/sites\/8\/2025\/07\/weiteres-Bild-01_Profitouristen-1024x768.jpg\" alt=\" &quot;Die FES-Spezialeinheit&quot;, bestehend aus 20 FES-Sch\u00fclern der Klassen 7 und 8 des FES-Gymnasium und zwei unerschrockenen Lehrkr\u00e4ften, hat sich Ende Juni zu einer Exkursion in der Seine-Metropole aufgemacht und dort vier Tage lang eine Menge erlebt! \" class=\"wp-image-6084\" srcset=\"https:\/\/fes-heidenheim.de\/gymnasium\/wp-content\/uploads\/sites\/8\/2025\/07\/weiteres-Bild-01_Profitouristen-980x735.jpg 980w, https:\/\/fes-heidenheim.de\/gymnasium\/wp-content\/uploads\/sites\/8\/2025\/07\/weiteres-Bild-01_Profitouristen-480x360.jpg 480w\" sizes=\"(min-width: 0px) and (max-width: 480px) 480px, (min-width: 481px) and (max-width: 980px) 980px, (min-width: 981px) 1024px, 100vw\"><\/figure>\n\n\n\n<figure class=\"wp-block-image size-large\"><img loading=\"lazy\" decoding=\"async\" width=\"1024\" height=\"768\" data-id=\"6085\" src=\"https:\/\/fes-heidenheim.de\/gymnasium\/wp-content\/uploads\/sites\/8\/2025\/07\/weiteres-Bild-02_Paris_LaDefense-1024x768.jpg\" alt=\" &quot;Die FES-Spezialeinheit&quot;, bestehend aus 20 FES-Sch\u00fclern der Klassen 7 und 8 des FES-Gymnasium und zwei unerschrockenen Lehrkr\u00e4ften, hat sich Ende Juni zu einer Exkursion in der Seine-Metropole aufgemacht und dort vier Tage lang eine Menge erlebt! \" class=\"wp-image-6085\" srcset=\"https:\/\/fes-heidenheim.de\/gymnasium\/wp-content\/uploads\/sites\/8\/2025\/07\/weiteres-Bild-02_Paris_LaDefense-980x735.jpg 980w, https:\/\/fes-heidenheim.de\/gymnasium\/wp-content\/uploads\/sites\/8\/2025\/07\/weiteres-Bild-02_Paris_LaDefense-480x360.jpg 480w\" sizes=\"(min-width: 0px) and (max-width: 480px) 480px, (min-width: 481px) and (max-width: 980px) 980px, (min-width: 981px) 1024px, 100vw\"><\/figure>\n<\/figure>\n\n\n\n<figure class=\"wp-block-gallery has-nested-images columns-default is-cropped wp-block-gallery-2 is-layout-flex wp-block-gallery-is-layout-flex\">\n<figure class=\"wp-block-image size-large\"><img loading=\"lazy\" decoding=\"async\" width=\"1024\" height=\"768\" data-id=\"6087\" src=\"https:\/\/fes-heidenheim.de\/gymnasium\/wp-content\/uploads\/sites\/8\/2025\/07\/weiteres-Bild-03_GruppenbildVersailles-1024x768.jpg\" alt=\" &quot;Die FES-Spezialeinheit&quot;, bestehend aus 20 FES-Sch\u00fclern der Klassen 7 und 8 des FES-Gymnasium und zwei unerschrockenen Lehrkr\u00e4ften, hat sich Ende Juni zu einer Exkursion in der Seine-Metropole aufgemacht und dort vier Tage lang eine Menge erlebt! \" class=\"wp-image-6087\" srcset=\"https:\/\/fes-heidenheim.de\/gymnasium\/wp-content\/uploads\/sites\/8\/2025\/07\/weiteres-Bild-03_GruppenbildVersailles-980x735.jpg 980w, https:\/\/fes-heidenheim.de\/gymnasium\/wp-content\/uploads\/sites\/8\/2025\/07\/weiteres-Bild-03_GruppenbildVersailles-480x360.jpg 480w\" sizes=\"(min-width: 0px) and (max-width: 480px) 480px, (min-width: 481px) and (max-width: 980px) 980px, (min-width: 981px) 1024px, 100vw\"><\/figure>\n\n\n\n<figure class=\"wp-block-image size-large\"><img loading=\"lazy\" decoding=\"async\" width=\"768\" height=\"1024\" data-id=\"6086\" src=\"https:\/\/fes-heidenheim.de\/gymnasium\/wp-content\/uploads\/sites\/8\/2025\/07\/weiteres-Bild-04_Wasserspender-768x1024.jpg\" alt=\" &quot;Die FES-Spezialeinheit&quot;, bestehend aus 20 FES-Sch\u00fclern der Klassen 7 und 8 des FES-Gymnasium und zwei unerschrockenen Lehrkr\u00e4ften, hat sich Ende Juni zu einer Exkursion in der Seine-Metropole aufgemacht und dort vier Tage lang eine Menge erlebt! \" class=\"wp-image-6086\"><\/figure>\n<\/figure>\n","protected":false},"excerpt":{"rendered":"<p>&nbsp;\u201cDie FES-Spezialein\u00adheit\u201d, beste\u00adhend aus 20 FES-Sch\u00fclern der Klassen 7 und 8 des FES-Gym\u00ad\u00adna\u00adsi\u00adum und zwei uner\u00adschrock\u00ade\u00adnen Lehrkr\u00e4ften, hat sich Ende Juni zu ein\u00ader Exkur\u00adsion in der Seine-Metro\u00ad\u00adpole aufgemacht und&nbsp;dort&nbsp;[\u2026]<\/p>\n","protected":false},"author":15,"featured_media":6088,"comment_status":"closed","ping_status":"closed","sticky":false,"template":"","format":"standard","meta":{"_et_pb_use_builder":"off","_et_pb_old_content":"","_et_gb_content_width":"","inline_featured_image":false,"wp_typography_post_enhancements_disabled":false,"footnotes":""},"categories":[30,49],"tags":[],"class_list":["post-6083","post","type-post","status-publish","format-standard","has-post-thumbnail","hentry","category-fes-gymnasium","category-fes-unterwegs-gym"],"yoast_head":"<!-- This site is optimized with the Yoast SEO plugin v27.4 - https:\/\/yoast.com\/product\/yoast-seo-wordpress\/ -->\n<title>Hei\u00df, hei\u00dfer, Paris! - Gymnasium | Freie Evangelische Schule und Kindertagesst\u00e4tte Heidenheim e. V.<\/title>\n<meta name=\"robots\" content=\"index, follow, max-snippet:-1, max-image-preview:large, max-video-preview:-1\" \/>\n<link rel=\"canonical\" href=\"https:\/\/fes-heidenheim.de\/gymnasium\/2025\/07\/04\/heiss-heisser-paris\/\" \/>\n<meta property=\"og:locale\" content=\"de_DE\" \/>\n<meta property=\"og:type\" content=\"article\" \/>\n<meta property=\"og:title\" content=\"Hei\u00df, hei\u00dfer, Paris! - Gymnasium | Freie Evangelische Schule und Kindertagesst\u00e4tte Heidenheim e. V.\" \/>\n<meta property=\"og:description\" content=\"&nbsp;\u201cDie FES-Spezialein\u00adheit\u201d, beste\u00adhend aus 20 FES-Sch\u00fclern der Klassen 7 und 8 des FES-Gym\u00adna\u00adsi\u00adum und zwei uner\u00adschrock\u00ade\u00adnen Lehrkr\u00e4ften, hat sich Ende Juni zu ein\u00ader Exkur\u00adsion in der Seine-Metro\u00adpole aufgemacht und dort [&hellip;]\" \/>\n<meta property=\"og:url\" content=\"https:\/\/fes-heidenheim.de\/gymnasium\/2025\/07\/04\/heiss-heisser-paris\/\" \/>\n<meta property=\"og:site_name\" content=\"Gymnasium | Freie Evangelische Schule und Kindertagesst\u00e4tte Heidenheim e. V.\" \/>\n<meta property=\"article:published_time\" content=\"2025-07-04T09:23:38+00:00\" \/>\n<meta property=\"article:modified_time\" content=\"2025-07-04T09:23:39+00:00\" \/>\n<meta property=\"og:image\" content=\"https:\/\/fes-heidenheim.de\/gymnasium\/wp-content\/uploads\/sites\/8\/2025\/07\/Beitragsbild-zum-BLOG-Beitrag-Sprachreise-Paris-2025-scaled.jpg\" \/>\n\t<meta property=\"og:image:width\" content=\"1920\" \/>\n\t<meta property=\"og:image:height\" content=\"2560\" \/>\n\t<meta property=\"og:image:type\" content=\"image\/jpeg\" \/>\n<meta name=\"author\" content=\"sekretariatgym\" \/>\n<meta name=\"twitter:card\" content=\"summary_large_image\" \/>\n<meta name=\"twitter:label1\" content=\"Verfasst von\" \/>\n\t<meta name=\"twitter:data1\" content=\"sekretariatgym\" \/>\n\t<meta name=\"twitter:label2\" content=\"Gesch\u00e4tzte Lesezeit\" \/>\n\t<meta name=\"twitter:data2\" content=\"2\u00a0Minuten\" \/>\n<script type=\"application\/ld+json\" class=\"yoast-schema-graph\">{\"@context\":\"https:\\\/\\\/schema.org\",\"@graph\":[{\"@type\":\"Article\",\"@id\":\"https:\\\/\\\/fes-heidenheim.de\\\/gymnasium\\\/2025\\\/07\\\/04\\\/heiss-heisser-paris\\\/#article\",\"isPartOf\":{\"@id\":\"https:\\\/\\\/fes-heidenheim.de\\\/gymnasium\\\/2025\\\/07\\\/04\\\/heiss-heisser-paris\\\/\"},\"author\":{\"name\":\"sekretariatgym\",\"@id\":\"https:\\\/\\\/fes-heidenheim.de\\\/gymnasium\\\/#\\\/schema\\\/person\\\/e614df80cf0124a0861921322ba81ee9\"},\"headline\":\"Hei\u00df, hei\u00dfer, Paris!\",\"datePublished\":\"2025-07-04T09:23:38+00:00\",\"dateModified\":\"2025-07-04T09:23:39+00:00\",\"mainEntityOfPage\":{\"@id\":\"https:\\\/\\\/fes-heidenheim.de\\\/gymnasium\\\/2025\\\/07\\\/04\\\/heiss-heisser-paris\\\/\"},\"wordCount\":148,\"image\":{\"@id\":\"https:\\\/\\\/fes-heidenheim.de\\\/gymnasium\\\/2025\\\/07\\\/04\\\/heiss-heisser-paris\\\/#primaryimage\"},\"thumbnailUrl\":\"https:\\\/\\\/fes-heidenheim.de\\\/gymnasium\\\/wp-content\\\/uploads\\\/sites\\\/8\\\/2025\\\/07\\\/Beitragsbild-zum-BLOG-Beitrag-Sprachreise-Paris-2025-scaled.jpg\",\"articleSection\":[\"FES Gymnasium\",\"FES unterwegs GYM\"],\"inLanguage\":\"de\"},{\"@type\":\"WebPage\",\"@id\":\"https:\\\/\\\/fes-heidenheim.de\\\/gymnasium\\\/2025\\\/07\\\/04\\\/heiss-heisser-paris\\\/\",\"url\":\"https:\\\/\\\/fes-heidenheim.de\\\/gymnasium\\\/2025\\\/07\\\/04\\\/heiss-heisser-paris\\\/\",\"name\":\"Hei\u00df, hei\u00dfer, Paris! - Gymnasium | Freie Evangelische Schule und Kindertagesst\u00e4tte Heidenheim e. V.\",\"isPartOf\":{\"@id\":\"https:\\\/\\\/fes-heidenheim.de\\\/gymnasium\\\/#website\"},\"primaryImageOfPage\":{\"@id\":\"https:\\\/\\\/fes-heidenheim.de\\\/gymnasium\\\/2025\\\/07\\\/04\\\/heiss-heisser-paris\\\/#primaryimage\"},\"image\":{\"@id\":\"https:\\\/\\\/fes-heidenheim.de\\\/gymnasium\\\/2025\\\/07\\\/04\\\/heiss-heisser-paris\\\/#primaryimage\"},\"thumbnailUrl\":\"https:\\\/\\\/fes-heidenheim.de\\\/gymnasium\\\/wp-content\\\/uploads\\\/sites\\\/8\\\/2025\\\/07\\\/Beitragsbild-zum-BLOG-Beitrag-Sprachreise-Paris-2025-scaled.jpg\",\"datePublished\":\"2025-07-04T09:23:38+00:00\",\"dateModified\":\"2025-07-04T09:23:39+00:00\",\"author\":{\"@id\":\"https:\\\/\\\/fes-heidenheim.de\\\/gymnasium\\\/#\\\/schema\\\/person\\\/e614df80cf0124a0861921322ba81ee9\"},\"breadcrumb\":{\"@id\":\"https:\\\/\\\/fes-heidenheim.de\\\/gymnasium\\\/2025\\\/07\\\/04\\\/heiss-heisser-paris\\\/#breadcrumb\"},\"inLanguage\":\"de\",\"potentialAction\":[{\"@type\":\"ReadAction\",\"target\":[\"https:\\\/\\\/fes-heidenheim.de\\\/gymnasium\\\/2025\\\/07\\\/04\\\/heiss-heisser-paris\\\/\"]}]},{\"@type\":\"ImageObject\",\"inLanguage\":\"de\",\"@id\":\"https:\\\/\\\/fes-heidenheim.de\\\/gymnasium\\\/2025\\\/07\\\/04\\\/heiss-heisser-paris\\\/#primaryimage\",\"url\":\"https:\\\/\\\/fes-heidenheim.de\\\/gymnasium\\\/wp-content\\\/uploads\\\/sites\\\/8\\\/2025\\\/07\\\/Beitragsbild-zum-BLOG-Beitrag-Sprachreise-Paris-2025-scaled.jpg\",\"contentUrl\":\"https:\\\/\\\/fes-heidenheim.de\\\/gymnasium\\\/wp-content\\\/uploads\\\/sites\\\/8\\\/2025\\\/07\\\/Beitragsbild-zum-BLOG-Beitrag-Sprachreise-Paris-2025-scaled.jpg\",\"width\":1920,\"height\":2560,\"caption\":\"\\\"Die FES-Spezialeinheit\\\", bestehend aus 20 FES-Sch\u00fclern der Klassen 7 und 8 des FES-Gymnasium und zwei unerschrockenen Lehrkr\u00e4ften, hat sich Ende Juni zu einer Exkursion in der Seine-Metropole aufgemacht und dort vier Tage lang eine Menge erlebt!\"},{\"@type\":\"BreadcrumbList\",\"@id\":\"https:\\\/\\\/fes-heidenheim.de\\\/gymnasium\\\/2025\\\/07\\\/04\\\/heiss-heisser-paris\\\/#breadcrumb\",\"itemListElement\":[{\"@type\":\"ListItem\",\"position\":1,\"name\":\"Startseite\",\"item\":\"https:\\\/\\\/fes-heidenheim.de\\\/gymnasium\\\/\"},{\"@type\":\"ListItem\",\"position\":2,\"name\":\"Hei\u00df, hei\u00dfer, Paris!\"}]},{\"@type\":\"WebSite\",\"@id\":\"https:\\\/\\\/fes-heidenheim.de\\\/gymnasium\\\/#website\",\"url\":\"https:\\\/\\\/fes-heidenheim.de\\\/gymnasium\\\/\",\"name\":\"Gymnasium | Freie Evangelische Schule und Kindertagesst\u00e4tte Heidenheim e. V.\",\"description\":\"Eine weitere Freie Evangelische Schule Heidenheim e.V. Websites Website\",\"potentialAction\":[{\"@type\":\"SearchAction\",\"target\":{\"@type\":\"EntryPoint\",\"urlTemplate\":\"https:\\\/\\\/fes-heidenheim.de\\\/gymnasium\\\/?s={search_term_string}\"},\"query-input\":{\"@type\":\"PropertyValueSpecification\",\"valueRequired\":true,\"valueName\":\"search_term_string\"}}],\"inLanguage\":\"de\"},{\"@type\":\"Person\",\"@id\":\"https:\\\/\\\/fes-heidenheim.de\\\/gymnasium\\\/#\\\/schema\\\/person\\\/e614df80cf0124a0861921322ba81ee9\",\"name\":\"sekretariatgym\",\"image\":{\"@type\":\"ImageObject\",\"inLanguage\":\"de\",\"@id\":\"https:\\\/\\\/secure.gravatar.com\\\/avatar\\\/8196f14ce1450e8b1558ed9138138a8a40a91d9ddc1e02556e5dd141376b7e3a?s=96&d=mm&r=g\",\"url\":\"https:\\\/\\\/secure.gravatar.com\\\/avatar\\\/8196f14ce1450e8b1558ed9138138a8a40a91d9ddc1e02556e5dd141376b7e3a?s=96&d=mm&r=g\",\"contentUrl\":\"https:\\\/\\\/secure.gravatar.com\\\/avatar\\\/8196f14ce1450e8b1558ed9138138a8a40a91d9ddc1e02556e5dd141376b7e3a?s=96&d=mm&r=g\",\"caption\":\"sekretariatgym\"},\"url\":\"https:\\\/\\\/fes-heidenheim.de\\\/gymnasium\\\/author\\\/sekretariatgym\\\/\"}]}<\/script>\n<!-- \/ Yoast SEO plugin. -->","yoast_head_json":{"title":"Hei\u00df, hei\u00dfer, Paris! - Gymnasium | Freie Evangelische Schule und Kindertagesst\u00e4tte Heidenheim e. V.","robots":{"index":"index","follow":"follow","max-snippet":"max-snippet:-1","max-image-preview":"max-image-preview:large","max-video-preview":"max-video-preview:-1"},"canonical":"https:\/\/fes-heidenheim.de\/gymnasium\/2025\/07\/04\/heiss-heisser-paris\/","og_locale":"de_DE","og_type":"article","og_title":"Hei\u00df, hei\u00dfer, Paris! - Gymnasium | Freie Evangelische Schule und Kindertagesst\u00e4tte Heidenheim e. V.","og_description":"&nbsp;\u201cDie FES-Spezialein\u00adheit\u201d, beste\u00adhend aus 20 FES-Sch\u00fclern der Klassen 7 und 8 des FES-Gym\u00adna\u00adsi\u00adum und zwei uner\u00adschrock\u00ade\u00adnen Lehrkr\u00e4ften, hat sich Ende Juni zu ein\u00ader Exkur\u00adsion in der Seine-Metro\u00adpole aufgemacht und dort [&hellip;]","og_url":"https:\/\/fes-heidenheim.de\/gymnasium\/2025\/07\/04\/heiss-heisser-paris\/","og_site_name":"Gymnasium | Freie Evangelische Schule und Kindertagesst\u00e4tte Heidenheim e. V.","article_published_time":"2025-07-04T09:23:38+00:00","article_modified_time":"2025-07-04T09:23:39+00:00","og_image":[{"width":1920,"height":2560,"url":"https:\/\/fes-heidenheim.de\/gymnasium\/wp-content\/uploads\/sites\/8\/2025\/07\/Beitragsbild-zum-BLOG-Beitrag-Sprachreise-Paris-2025-scaled.jpg","type":"image\/jpeg"}],"author":"sekretariatgym","twitter_card":"summary_large_image","twitter_misc":{"Verfasst von":"sekretariatgym","Gesch\u00e4tzte Lesezeit":"2\u00a0Minuten"},"schema":{"@context":"https:\/\/schema.org","@graph":[{"@type":"Article","@id":"https:\/\/fes-heidenheim.de\/gymnasium\/2025\/07\/04\/heiss-heisser-paris\/#article","isPartOf":{"@id":"https:\/\/fes-heidenheim.de\/gymnasium\/2025\/07\/04\/heiss-heisser-paris\/"},"author":{"name":"sekretariatgym","@id":"https:\/\/fes-heidenheim.de\/gymnasium\/#\/schema\/person\/e614df80cf0124a0861921322ba81ee9"},"headline":"Hei\u00df, hei\u00dfer, Paris!","datePublished":"2025-07-04T09:23:38+00:00","dateModified":"2025-07-04T09:23:39+00:00","mainEntityOfPage":{"@id":"https:\/\/fes-heidenheim.de\/gymnasium\/2025\/07\/04\/heiss-heisser-paris\/"},"wordCount":148,"image":{"@id":"https:\/\/fes-heidenheim.de\/gymnasium\/2025\/07\/04\/heiss-heisser-paris\/#primaryimage"},"thumbnailUrl":"https:\/\/fes-heidenheim.de\/gymnasium\/wp-content\/uploads\/sites\/8\/2025\/07\/Beitragsbild-zum-BLOG-Beitrag-Sprachreise-Paris-2025-scaled.jpg","articleSection":["FES Gymnasium","FES unterwegs GYM"],"inLanguage":"de"},{"@type":"WebPage","@id":"https:\/\/fes-heidenheim.de\/gymnasium\/2025\/07\/04\/heiss-heisser-paris\/","url":"https:\/\/fes-heidenheim.de\/gymnasium\/2025\/07\/04\/heiss-heisser-paris\/","name":"Hei\u00df, hei\u00dfer, Paris! - Gymnasium | Freie Evangelische Schule und Kindertagesst\u00e4tte Heidenheim e. V.","isPartOf":{"@id":"https:\/\/fes-heidenheim.de\/gymnasium\/#website"},"primaryImageOfPage":{"@id":"https:\/\/fes-heidenheim.de\/gymnasium\/2025\/07\/04\/heiss-heisser-paris\/#primaryimage"},"image":{"@id":"https:\/\/fes-heidenheim.de\/gymnasium\/2025\/07\/04\/heiss-heisser-paris\/#primaryimage"},"thumbnailUrl":"https:\/\/fes-heidenheim.de\/gymnasium\/wp-content\/uploads\/sites\/8\/2025\/07\/Beitragsbild-zum-BLOG-Beitrag-Sprachreise-Paris-2025-scaled.jpg","datePublished":"2025-07-04T09:23:38+00:00","dateModified":"2025-07-04T09:23:39+00:00","author":{"@id":"https:\/\/fes-heidenheim.de\/gymnasium\/#\/schema\/person\/e614df80cf0124a0861921322ba81ee9"},"breadcrumb":{"@id":"https:\/\/fes-heidenheim.de\/gymnasium\/2025\/07\/04\/heiss-heisser-paris\/#breadcrumb"},"inLanguage":"de","potentialAction":[{"@type":"ReadAction","target":["https:\/\/fes-heidenheim.de\/gymnasium\/2025\/07\/04\/heiss-heisser-paris\/"]}]},{"@type":"ImageObject","inLanguage":"de","@id":"https:\/\/fes-heidenheim.de\/gymnasium\/2025\/07\/04\/heiss-heisser-paris\/#primaryimage","url":"https:\/\/fes-heidenheim.de\/gymnasium\/wp-content\/uploads\/sites\/8\/2025\/07\/Beitragsbild-zum-BLOG-Beitrag-Sprachreise-Paris-2025-scaled.jpg","contentUrl":"https:\/\/fes-heidenheim.de\/gymnasium\/wp-content\/uploads\/sites\/8\/2025\/07\/Beitragsbild-zum-BLOG-Beitrag-Sprachreise-Paris-2025-scaled.jpg","width":1920,"height":2560,"caption":"\"Die FES-Spezialeinheit\", bestehend aus 20 FES-Sch\u00fclern der Klassen 7 und 8 des FES-Gymnasium und zwei unerschrockenen Lehrkr\u00e4ften, hat sich Ende Juni zu einer Exkursion in der Seine-Metropole aufgemacht und dort vier Tage lang eine Menge erlebt!"},{"@type":"BreadcrumbList","@id":"https:\/\/fes-heidenheim.de\/gymnasium\/2025\/07\/04\/heiss-heisser-paris\/#breadcrumb","itemListElement":[{"@type":"ListItem","position":1,"name":"Startseite","item":"https:\/\/fes-heidenheim.de\/gymnasium\/"},{"@type":"ListItem","position":2,"name":"Hei\u00df, hei\u00dfer, Paris!"}]},{"@type":"WebSite","@id":"https:\/\/fes-heidenheim.de\/gymnasium\/#website","url":"https:\/\/fes-heidenheim.de\/gymnasium\/","name":"Gymnasium | Freie Evangelische Schule und Kindertagesst\u00e4tte Heidenheim e. V.","description":"Eine weitere Freie Evangelische Schule Heidenheim e.V. Websites Website","potentialAction":[{"@type":"SearchAction","target":{"@type":"EntryPoint","urlTemplate":"https:\/\/fes-heidenheim.de\/gymnasium\/?s={search_term_string}"},"query-input":{"@type":"PropertyValueSpecification","valueRequired":true,"valueName":"search_term_string"}}],"inLanguage":"de"},{"@type":"Person","@id":"https:\/\/fes-heidenheim.de\/gymnasium\/#\/schema\/person\/e614df80cf0124a0861921322ba81ee9","name":"sekretariatgym","image":{"@type":"ImageObject","inLanguage":"de","@id":"https:\/\/secure.gravatar.com\/avatar\/8196f14ce1450e8b1558ed9138138a8a40a91d9ddc1e02556e5dd141376b7e3a?s=96&d=mm&r=g","url":"https:\/\/secure.gravatar.com\/avatar\/8196f14ce1450e8b1558ed9138138a8a40a91d9ddc1e02556e5dd141376b7e3a?s=96&d=mm&r=g","contentUrl":"https:\/\/secure.gravatar.com\/avatar\/8196f14ce1450e8b1558ed9138138a8a40a91d9ddc1e02556e5dd141376b7e3a?s=96&d=mm&r=g","caption":"sekretariatgym"},"url":"https:\/\/fes-heidenheim.de\/gymnasium\/author\/sekretariatgym\/"}]}},"_links":{"self":[{"href":"https:\/\/fes-heidenheim.de\/gymnasium\/wp-json\/wp\/v2\/posts\/6083","targetHints":{"allow":["GET"]}}],"collection":[{"href":"https:\/\/fes-heidenheim.de\/gymnasium\/wp-json\/wp\/v2\/posts"}],"about":[{"href":"https:\/\/fes-heidenheim.de\/gymnasium\/wp-json\/wp\/v2\/types\/post"}],"author":[{"embeddable":true,"href":"https:\/\/fes-heidenheim.de\/gymnasium\/wp-json\/wp\/v2\/users\/15"}],"replies":[{"embeddable":true,"href":"https:\/\/fes-heidenheim.de\/gymnasium\/wp-json\/wp\/v2\/comments?post=6083"}],"version-history":[{"count":1,"href":"https:\/\/fes-heidenheim.de\/gymnasium\/wp-json\/wp\/v2\/posts\/6083\/revisions"}],"predecessor-version":[{"id":6089,"href":"https:\/\/fes-heidenheim.de\/gymnasium\/wp-json\/wp\/v2\/posts\/6083\/revisions\/6089"}],"wp:featuredmedia":[{"embeddable":true,"href":"https:\/\/fes-heidenheim.de\/gymnasium\/wp-json\/wp\/v2\/media\/6088"}],"wp:attachment":[{"href":"https:\/\/fes-heidenheim.de\/gymnasium\/wp-json\/wp\/v2\/media?parent=6083"}],"wp:term":[{"taxonomy":"category","embeddable":true,"href":"https:\/\/fes-heidenheim.de\/gymnasium\/wp-json\/wp\/v2\/categories?post=6083"},{"taxonomy":"post_tag","embeddable":true,"href":"https:\/\/fes-heidenheim.de\/gymnasium\/wp-json\/wp\/v2\/tags?post=6083"}],"curies":[{"name":"wp","href":"https:\/\/api.w.org\/{rel}","templated":true}]}}