{"id":6365,"date":"2025-12-08T10:52:57","date_gmt":"2025-12-08T09:52:57","guid":{"rendered":"https:\/\/fes-heidenheim.de\/gymnasium\/?p=6365"},"modified":"2025-12-08T10:52:58","modified_gmt":"2025-12-08T09:52:58","slug":"warum-feiern-wir-nicht-rueckblick-auf-ein-besonderes-musikalisches-fest-der-dankbarkeit-in-der-diesjaehrigen-fes-chorandacht-im-advent-2025","status":"publish","type":"post","link":"https:\/\/fes-heidenheim.de\/gymnasium\/2025\/12\/08\/warum-feiern-wir-nicht-rueckblick-auf-ein-besonderes-musikalisches-fest-der-dankbarkeit-in-der-diesjaehrigen-fes-chorandacht-im-advent-2025\/","title":{"rendered":"Warum feiern wir nicht? R\u00fcckblick auf ein besonderes, musikalisches Fest der Dankbarkeit in der diesj\u00e4hrigen FES-Chorandacht im Advent 2025"},"content":{"rendered":"\n<p>Diese Frage stand bei der diesj\u00e4hri\u00adgen <strong>FES-Choran\u00addacht im Advent<\/strong> im Fokus. In einem stil\u00advollen Ambi\u00adente und ein\u00ader stim\u00admungsvoll aus\u00adgeleuchteten Michael\u00adskirche in Hei\u00adden\u00adheim bracht\u00aden der Klassen\u00adchor der Klasse 5 unseres FES-Gym\u00adna\u00adsi\u00adums und unser\u00ader FES-Realschule sowie der FES-Jugend\u00adchor die Dankbarkeit in Form von Chor\u00adliedern dar. Neben mod\u00adern\u00ader geistlich\u00ader Musik wur\u00adden die ca. 350 Besuch\u00ader auch zum Mitsin\u00adgen tra\u00addi\u00adtionelle Adventslieder ein\u00adge\u00adladen. Einen geistlichen Impuls zum \u201eFest der Dankbarkeit\u201c \u00fcber\u00adnahm Wol\u00adfram Quir\u00ading, Pas\u00adtor der FEG Steinheim.<\/p>\n\n\n\n<p>Ein gelun\u00adgener und schwungvoller musikalis\u00adch\u00ader Abend und zugle\u00adich \u201eRuhep\u00adunkt\u201c in der hek\u00adtis\u00adchen Advents- und Vor\u00adwei\u00adh\u00adnacht\u00adszeit, der uns nochmal die Wichtigkeit der Dankbarkeit vor Augen&nbsp;hielt.<\/p>\n\n\n\n<p>In diesem Sinne: Warum feiern wir nicht? Schlie\u00dflich haben wir so Vieles, f\u00fcr das es sich zu danken und zu feiern lohnt!<\/p>\n\n\n\n<p>Ein gro\u00dfes <strong><u>Dankesch\u00f6n<\/u><\/strong> an unseren FES-Chor\u00adleit\u00ader Daniel Kinds\u00advater, die unter\u00adst\u00fctzen\u00adden Lehrkr\u00e4fte, Pas\u00adtor Wol\u00adfram Quir\u00ading \u2013 und nat\u00fcr\u00adlich unseren fan\u00adtastis\u00adchen Sch\u00fc\u00adlerin\u00adnen und Sch\u00fcler unseres Klassen\u00adchors der Jahrgangstufe 5 und unseres FES-Jugendchors!<\/p>\n\n\n\n<figure class=\"wp-block-gallery has-nested-images columns-default is-cropped wp-block-gallery-1 is-layout-flex wp-block-gallery-is-layout-flex\">\n<figure class=\"wp-block-image size-large\"><img loading=\"lazy\" decoding=\"async\" width=\"1024\" height=\"768\" data-id=\"6383\" src=\"https:\/\/fes-heidenheim.de\/gymnasium\/wp-content\/uploads\/sites\/8\/2025\/12\/weiteres-Bild-01-5-1024x768.jpg\" alt=\"Warum feiern wir nicht? R\u00fcckblick auf ein besonderes, musikalisches Fest der Dankbarkeit in der diesj\u00e4hrigen FES-Chorandacht im Advent 2025\" class=\"wp-image-6383\" srcset=\"https:\/\/fes-heidenheim.de\/gymnasium\/wp-content\/uploads\/sites\/8\/2025\/12\/weiteres-Bild-01-5-980x735.jpg 980w, https:\/\/fes-heidenheim.de\/gymnasium\/wp-content\/uploads\/sites\/8\/2025\/12\/weiteres-Bild-01-5-480x360.jpg 480w\" sizes=\"(min-width: 0px) and (max-width: 480px) 480px, (min-width: 481px) and (max-width: 980px) 980px, (min-width: 981px) 1024px, 100vw\"><\/figure>\n\n\n\n<figure class=\"wp-block-image size-large\"><img loading=\"lazy\" decoding=\"async\" width=\"1024\" height=\"683\" data-id=\"6382\" src=\"https:\/\/fes-heidenheim.de\/gymnasium\/wp-content\/uploads\/sites\/8\/2025\/12\/weiteres-Bild-02-5-1024x683.jpg\" alt=\"Warum feiern wir nicht? R\u00fcckblick auf ein besonderes, musikalisches Fest der Dankbarkeit in der diesj\u00e4hrigen FES-Chorandacht im Advent 2025\" class=\"wp-image-6382\" srcset=\"https:\/\/fes-heidenheim.de\/gymnasium\/wp-content\/uploads\/sites\/8\/2025\/12\/weiteres-Bild-02-5-980x653.jpg 980w, https:\/\/fes-heidenheim.de\/gymnasium\/wp-content\/uploads\/sites\/8\/2025\/12\/weiteres-Bild-02-5-480x320.jpg 480w\" sizes=\"(min-width: 0px) and (max-width: 480px) 480px, (min-width: 481px) and (max-width: 980px) 980px, (min-width: 981px) 1024px, 100vw\"><\/figure>\n<\/figure>\n\n\n\n<figure class=\"wp-block-gallery has-nested-images columns-default is-cropped wp-block-gallery-2 is-layout-flex wp-block-gallery-is-layout-flex\">\n<figure class=\"wp-block-image size-large\"><img loading=\"lazy\" decoding=\"async\" width=\"1024\" height=\"683\" data-id=\"6380\" src=\"https:\/\/fes-heidenheim.de\/gymnasium\/wp-content\/uploads\/sites\/8\/2025\/12\/weiteres-Bild-03-1-1024x683.jpg\" alt=\"Warum feiern wir nicht? R\u00fcckblick auf ein besonderes, musikalisches Fest der Dankbarkeit in der diesj\u00e4hrigen FES-Chorandacht im Advent 2025\" class=\"wp-image-6380\" srcset=\"https:\/\/fes-heidenheim.de\/gymnasium\/wp-content\/uploads\/sites\/8\/2025\/12\/weiteres-Bild-03-1-980x653.jpg 980w, https:\/\/fes-heidenheim.de\/gymnasium\/wp-content\/uploads\/sites\/8\/2025\/12\/weiteres-Bild-03-1-480x320.jpg 480w\" sizes=\"(min-width: 0px) and (max-width: 480px) 480px, (min-width: 481px) and (max-width: 980px) 980px, (min-width: 981px) 1024px, 100vw\"><\/figure>\n\n\n\n<figure class=\"wp-block-image size-large\"><img loading=\"lazy\" decoding=\"async\" width=\"683\" height=\"1024\" data-id=\"6379\" src=\"https:\/\/fes-heidenheim.de\/gymnasium\/wp-content\/uploads\/sites\/8\/2025\/12\/weiteres-Bild-05-1-683x1024.jpg\" alt=\"Warum feiern wir nicht? R\u00fcckblick auf ein besonderes, musikalisches Fest der Dankbarkeit in der diesj\u00e4hrigen FES-Chorandacht im Advent 2025\" class=\"wp-image-6379\"><\/figure>\n<\/figure>\n\n\n\n<figure class=\"wp-block-image size-large\"><img loading=\"lazy\" decoding=\"async\" width=\"1024\" height=\"768\" src=\"https:\/\/fes-heidenheim.de\/gymnasium\/wp-content\/uploads\/sites\/8\/2025\/12\/weiteres-Bild-04-1-1024x768.jpg\" alt=\"Warum feiern wir nicht? R\u00fcckblick auf ein besonderes, musikalisches Fest der Dankbarkeit in der diesj\u00e4hrigen FES-Chorandacht im Advent 2025\" class=\"wp-image-6381\" srcset=\"https:\/\/fes-heidenheim.de\/gymnasium\/wp-content\/uploads\/sites\/8\/2025\/12\/weiteres-Bild-04-1-980x735.jpg 980w, https:\/\/fes-heidenheim.de\/gymnasium\/wp-content\/uploads\/sites\/8\/2025\/12\/weiteres-Bild-04-1-480x360.jpg 480w\" sizes=\"(min-width: 0px) and (max-width: 480px) 480px, (min-width: 481px) and (max-width: 980px) 980px, (min-width: 981px) 1024px, 100vw\"><\/figure>\n\n\n\n<figure class=\"wp-block-gallery has-nested-images columns-default is-cropped wp-block-gallery-3 is-layout-flex wp-block-gallery-is-layout-flex\"><\/figure>\n","protected":false},"excerpt":{"rendered":"<p>Diese Frage stand bei der diesj\u00e4hri\u00adgen FES-Choran\u00ad\u00addacht im Advent im Fokus. In einem stil\u00advollen Ambi\u00adente und ein\u00ader stim\u00admungsvoll aus\u00adgeleuchteten Michael\u00adskirche in Hei\u00adden\u00adheim bracht\u00aden der Klassen\u00adchor der Klasse 5 unseres FES-Gymnasiums&nbsp;[\u2026]<\/p>\n","protected":false},"author":15,"featured_media":6384,"comment_status":"closed","ping_status":"closed","sticky":false,"template":"","format":"standard","meta":{"_et_pb_use_builder":"off","_et_pb_old_content":"","_et_gb_content_width":"","inline_featured_image":false,"wp_typography_post_enhancements_disabled":false,"footnotes":""},"categories":[30,29],"tags":[],"class_list":["post-6365","post","type-post","status-publish","format-standard","has-post-thumbnail","hentry","category-fes-gymnasium","category-fes-realschule"],"yoast_head":"<!-- This site is optimized with the Yoast SEO plugin v27.4 - https:\/\/yoast.com\/product\/yoast-seo-wordpress\/ -->\n<title>Warum feiern wir nicht? R\u00fcckblick auf ein besonderes, musikalisches Fest der Dankbarkeit in der diesj\u00e4hrigen FES-Chorandacht im Advent 2025 - Gymnasium | Freie Evangelische Schule und Kindertagesst\u00e4tte Heidenheim e. V.<\/title>\n<meta name=\"robots\" content=\"index, follow, max-snippet:-1, max-image-preview:large, max-video-preview:-1\" \/>\n<link rel=\"canonical\" href=\"https:\/\/fes-heidenheim.de\/gymnasium\/2025\/12\/08\/warum-feiern-wir-nicht-rueckblick-auf-ein-besonderes-musikalisches-fest-der-dankbarkeit-in-der-diesjaehrigen-fes-chorandacht-im-advent-2025\/\" \/>\n<meta property=\"og:locale\" content=\"de_DE\" \/>\n<meta property=\"og:type\" content=\"article\" \/>\n<meta property=\"og:title\" content=\"Warum feiern wir nicht? R\u00fcckblick auf ein besonderes, musikalisches Fest der Dankbarkeit in der diesj\u00e4hrigen FES-Chorandacht im Advent 2025 - Gymnasium | Freie Evangelische Schule und Kindertagesst\u00e4tte Heidenheim e. V.\" \/>\n<meta property=\"og:description\" content=\"Diese Frage stand bei der diesj\u00e4hri\u00adgen FES-Choran\u00addacht im Advent im Fokus. In einem stil\u00advollen Ambi\u00adente und ein\u00ader stim\u00admungsvoll aus\u00adgeleuchteten Michael\u00adskirche in Hei\u00adden\u00adheim bracht\u00aden der Klassen\u00adchor der Klasse 5 unseres FES-Gym\u00adna\u00adsi\u00adums [&hellip;]\" \/>\n<meta property=\"og:url\" content=\"https:\/\/fes-heidenheim.de\/gymnasium\/2025\/12\/08\/warum-feiern-wir-nicht-rueckblick-auf-ein-besonderes-musikalisches-fest-der-dankbarkeit-in-der-diesjaehrigen-fes-chorandacht-im-advent-2025\/\" \/>\n<meta property=\"og:site_name\" content=\"Gymnasium | Freie Evangelische Schule und Kindertagesst\u00e4tte Heidenheim e. V.\" \/>\n<meta property=\"article:published_time\" content=\"2025-12-08T09:52:57+00:00\" \/>\n<meta property=\"article:modified_time\" content=\"2025-12-08T09:52:58+00:00\" \/>\n<meta property=\"og:image\" content=\"https:\/\/fes-heidenheim.de\/gymnasium\/wp-content\/uploads\/sites\/8\/2025\/12\/Beitragsbild-zum-BLOG-Beitrag-FES-Chorandacht-im-Advent-2025_-scaled.jpg\" \/>\n\t<meta property=\"og:image:width\" content=\"2560\" \/>\n\t<meta property=\"og:image:height\" content=\"1920\" \/>\n\t<meta property=\"og:image:type\" content=\"image\/jpeg\" \/>\n<meta name=\"author\" content=\"sekretariatgym\" \/>\n<meta name=\"twitter:card\" content=\"summary_large_image\" \/>\n<meta name=\"twitter:label1\" content=\"Verfasst von\" \/>\n\t<meta name=\"twitter:data1\" content=\"sekretariatgym\" \/>\n\t<meta name=\"twitter:label2\" content=\"Gesch\u00e4tzte Lesezeit\" \/>\n\t<meta name=\"twitter:data2\" content=\"3\u00a0Minuten\" \/>\n<script type=\"application\/ld+json\" class=\"yoast-schema-graph\">{\"@context\":\"https:\\\/\\\/schema.org\",\"@graph\":[{\"@type\":\"Article\",\"@id\":\"https:\\\/\\\/fes-heidenheim.de\\\/gymnasium\\\/2025\\\/12\\\/08\\\/warum-feiern-wir-nicht-rueckblick-auf-ein-besonderes-musikalisches-fest-der-dankbarkeit-in-der-diesjaehrigen-fes-chorandacht-im-advent-2025\\\/#article\",\"isPartOf\":{\"@id\":\"https:\\\/\\\/fes-heidenheim.de\\\/gymnasium\\\/2025\\\/12\\\/08\\\/warum-feiern-wir-nicht-rueckblick-auf-ein-besonderes-musikalisches-fest-der-dankbarkeit-in-der-diesjaehrigen-fes-chorandacht-im-advent-2025\\\/\"},\"author\":{\"name\":\"sekretariatgym\",\"@id\":\"https:\\\/\\\/fes-heidenheim.de\\\/gymnasium\\\/#\\\/schema\\\/person\\\/e614df80cf0124a0861921322ba81ee9\"},\"headline\":\"Warum feiern wir nicht? R\u00fcckblick auf ein besonderes, musikalisches Fest der Dankbarkeit in der diesj\u00e4hrigen FES-Chorandacht im Advent 2025\",\"datePublished\":\"2025-12-08T09:52:57+00:00\",\"dateModified\":\"2025-12-08T09:52:58+00:00\",\"mainEntityOfPage\":{\"@id\":\"https:\\\/\\\/fes-heidenheim.de\\\/gymnasium\\\/2025\\\/12\\\/08\\\/warum-feiern-wir-nicht-rueckblick-auf-ein-besonderes-musikalisches-fest-der-dankbarkeit-in-der-diesjaehrigen-fes-chorandacht-im-advent-2025\\\/\"},\"wordCount\":175,\"image\":{\"@id\":\"https:\\\/\\\/fes-heidenheim.de\\\/gymnasium\\\/2025\\\/12\\\/08\\\/warum-feiern-wir-nicht-rueckblick-auf-ein-besonderes-musikalisches-fest-der-dankbarkeit-in-der-diesjaehrigen-fes-chorandacht-im-advent-2025\\\/#primaryimage\"},\"thumbnailUrl\":\"https:\\\/\\\/fes-heidenheim.de\\\/gymnasium\\\/wp-content\\\/uploads\\\/sites\\\/8\\\/2025\\\/12\\\/Beitragsbild-zum-BLOG-Beitrag-FES-Chorandacht-im-Advent-2025_-scaled.jpg\",\"articleSection\":[\"FES Gymnasium\",\"FES Realschule\"],\"inLanguage\":\"de\"},{\"@type\":\"WebPage\",\"@id\":\"https:\\\/\\\/fes-heidenheim.de\\\/gymnasium\\\/2025\\\/12\\\/08\\\/warum-feiern-wir-nicht-rueckblick-auf-ein-besonderes-musikalisches-fest-der-dankbarkeit-in-der-diesjaehrigen-fes-chorandacht-im-advent-2025\\\/\",\"url\":\"https:\\\/\\\/fes-heidenheim.de\\\/gymnasium\\\/2025\\\/12\\\/08\\\/warum-feiern-wir-nicht-rueckblick-auf-ein-besonderes-musikalisches-fest-der-dankbarkeit-in-der-diesjaehrigen-fes-chorandacht-im-advent-2025\\\/\",\"name\":\"Warum feiern wir nicht? R\u00fcckblick auf ein besonderes, musikalisches Fest der Dankbarkeit in der diesj\u00e4hrigen FES-Chorandacht im Advent 2025 - Gymnasium | Freie Evangelische Schule und Kindertagesst\u00e4tte Heidenheim e. V.\",\"isPartOf\":{\"@id\":\"https:\\\/\\\/fes-heidenheim.de\\\/gymnasium\\\/#website\"},\"primaryImageOfPage\":{\"@id\":\"https:\\\/\\\/fes-heidenheim.de\\\/gymnasium\\\/2025\\\/12\\\/08\\\/warum-feiern-wir-nicht-rueckblick-auf-ein-besonderes-musikalisches-fest-der-dankbarkeit-in-der-diesjaehrigen-fes-chorandacht-im-advent-2025\\\/#primaryimage\"},\"image\":{\"@id\":\"https:\\\/\\\/fes-heidenheim.de\\\/gymnasium\\\/2025\\\/12\\\/08\\\/warum-feiern-wir-nicht-rueckblick-auf-ein-besonderes-musikalisches-fest-der-dankbarkeit-in-der-diesjaehrigen-fes-chorandacht-im-advent-2025\\\/#primaryimage\"},\"thumbnailUrl\":\"https:\\\/\\\/fes-heidenheim.de\\\/gymnasium\\\/wp-content\\\/uploads\\\/sites\\\/8\\\/2025\\\/12\\\/Beitragsbild-zum-BLOG-Beitrag-FES-Chorandacht-im-Advent-2025_-scaled.jpg\",\"datePublished\":\"2025-12-08T09:52:57+00:00\",\"dateModified\":\"2025-12-08T09:52:58+00:00\",\"author\":{\"@id\":\"https:\\\/\\\/fes-heidenheim.de\\\/gymnasium\\\/#\\\/schema\\\/person\\\/e614df80cf0124a0861921322ba81ee9\"},\"breadcrumb\":{\"@id\":\"https:\\\/\\\/fes-heidenheim.de\\\/gymnasium\\\/2025\\\/12\\\/08\\\/warum-feiern-wir-nicht-rueckblick-auf-ein-besonderes-musikalisches-fest-der-dankbarkeit-in-der-diesjaehrigen-fes-chorandacht-im-advent-2025\\\/#breadcrumb\"},\"inLanguage\":\"de\",\"potentialAction\":[{\"@type\":\"ReadAction\",\"target\":[\"https:\\\/\\\/fes-heidenheim.de\\\/gymnasium\\\/2025\\\/12\\\/08\\\/warum-feiern-wir-nicht-rueckblick-auf-ein-besonderes-musikalisches-fest-der-dankbarkeit-in-der-diesjaehrigen-fes-chorandacht-im-advent-2025\\\/\"]}]},{\"@type\":\"ImageObject\",\"inLanguage\":\"de\",\"@id\":\"https:\\\/\\\/fes-heidenheim.de\\\/gymnasium\\\/2025\\\/12\\\/08\\\/warum-feiern-wir-nicht-rueckblick-auf-ein-besonderes-musikalisches-fest-der-dankbarkeit-in-der-diesjaehrigen-fes-chorandacht-im-advent-2025\\\/#primaryimage\",\"url\":\"https:\\\/\\\/fes-heidenheim.de\\\/gymnasium\\\/wp-content\\\/uploads\\\/sites\\\/8\\\/2025\\\/12\\\/Beitragsbild-zum-BLOG-Beitrag-FES-Chorandacht-im-Advent-2025_-scaled.jpg\",\"contentUrl\":\"https:\\\/\\\/fes-heidenheim.de\\\/gymnasium\\\/wp-content\\\/uploads\\\/sites\\\/8\\\/2025\\\/12\\\/Beitragsbild-zum-BLOG-Beitrag-FES-Chorandacht-im-Advent-2025_-scaled.jpg\",\"width\":2560,\"height\":1920},{\"@type\":\"BreadcrumbList\",\"@id\":\"https:\\\/\\\/fes-heidenheim.de\\\/gymnasium\\\/2025\\\/12\\\/08\\\/warum-feiern-wir-nicht-rueckblick-auf-ein-besonderes-musikalisches-fest-der-dankbarkeit-in-der-diesjaehrigen-fes-chorandacht-im-advent-2025\\\/#breadcrumb\",\"itemListElement\":[{\"@type\":\"ListItem\",\"position\":1,\"name\":\"Startseite\",\"item\":\"https:\\\/\\\/fes-heidenheim.de\\\/gymnasium\\\/\"},{\"@type\":\"ListItem\",\"position\":2,\"name\":\"Warum feiern wir nicht? R\u00fcckblick auf ein besonderes, musikalisches Fest der Dankbarkeit in der diesj\u00e4hrigen FES-Chorandacht im Advent 2025\"}]},{\"@type\":\"WebSite\",\"@id\":\"https:\\\/\\\/fes-heidenheim.de\\\/gymnasium\\\/#website\",\"url\":\"https:\\\/\\\/fes-heidenheim.de\\\/gymnasium\\\/\",\"name\":\"Gymnasium | Freie Evangelische Schule und Kindertagesst\u00e4tte Heidenheim e. V.\",\"description\":\"Eine weitere Freie Evangelische Schule Heidenheim e.V. Websites Website\",\"potentialAction\":[{\"@type\":\"SearchAction\",\"target\":{\"@type\":\"EntryPoint\",\"urlTemplate\":\"https:\\\/\\\/fes-heidenheim.de\\\/gymnasium\\\/?s={search_term_string}\"},\"query-input\":{\"@type\":\"PropertyValueSpecification\",\"valueRequired\":true,\"valueName\":\"search_term_string\"}}],\"inLanguage\":\"de\"},{\"@type\":\"Person\",\"@id\":\"https:\\\/\\\/fes-heidenheim.de\\\/gymnasium\\\/#\\\/schema\\\/person\\\/e614df80cf0124a0861921322ba81ee9\",\"name\":\"sekretariatgym\",\"image\":{\"@type\":\"ImageObject\",\"inLanguage\":\"de\",\"@id\":\"https:\\\/\\\/secure.gravatar.com\\\/avatar\\\/8196f14ce1450e8b1558ed9138138a8a40a91d9ddc1e02556e5dd141376b7e3a?s=96&d=mm&r=g\",\"url\":\"https:\\\/\\\/secure.gravatar.com\\\/avatar\\\/8196f14ce1450e8b1558ed9138138a8a40a91d9ddc1e02556e5dd141376b7e3a?s=96&d=mm&r=g\",\"contentUrl\":\"https:\\\/\\\/secure.gravatar.com\\\/avatar\\\/8196f14ce1450e8b1558ed9138138a8a40a91d9ddc1e02556e5dd141376b7e3a?s=96&d=mm&r=g\",\"caption\":\"sekretariatgym\"},\"url\":\"https:\\\/\\\/fes-heidenheim.de\\\/gymnasium\\\/author\\\/sekretariatgym\\\/\"}]}<\/script>\n<!-- \/ Yoast SEO plugin. -->","yoast_head_json":{"title":"Warum feiern wir nicht? R\u00fcckblick auf ein besonderes, musikalisches Fest der Dankbarkeit in der diesj\u00e4hrigen FES-Chorandacht im Advent 2025 - Gymnasium | Freie Evangelische Schule und Kindertagesst\u00e4tte Heidenheim e. V.","robots":{"index":"index","follow":"follow","max-snippet":"max-snippet:-1","max-image-preview":"max-image-preview:large","max-video-preview":"max-video-preview:-1"},"canonical":"https:\/\/fes-heidenheim.de\/gymnasium\/2025\/12\/08\/warum-feiern-wir-nicht-rueckblick-auf-ein-besonderes-musikalisches-fest-der-dankbarkeit-in-der-diesjaehrigen-fes-chorandacht-im-advent-2025\/","og_locale":"de_DE","og_type":"article","og_title":"Warum feiern wir nicht? R\u00fcckblick auf ein besonderes, musikalisches Fest der Dankbarkeit in der diesj\u00e4hrigen FES-Chorandacht im Advent 2025 - Gymnasium | Freie Evangelische Schule und Kindertagesst\u00e4tte Heidenheim e. V.","og_description":"Diese Frage stand bei der diesj\u00e4hri\u00adgen FES-Choran\u00addacht im Advent im Fokus. In einem stil\u00advollen Ambi\u00adente und ein\u00ader stim\u00admungsvoll aus\u00adgeleuchteten Michael\u00adskirche in Hei\u00adden\u00adheim bracht\u00aden der Klassen\u00adchor der Klasse 5 unseres FES-Gym\u00adna\u00adsi\u00adums [&hellip;]","og_url":"https:\/\/fes-heidenheim.de\/gymnasium\/2025\/12\/08\/warum-feiern-wir-nicht-rueckblick-auf-ein-besonderes-musikalisches-fest-der-dankbarkeit-in-der-diesjaehrigen-fes-chorandacht-im-advent-2025\/","og_site_name":"Gymnasium | Freie Evangelische Schule und Kindertagesst\u00e4tte Heidenheim e. V.","article_published_time":"2025-12-08T09:52:57+00:00","article_modified_time":"2025-12-08T09:52:58+00:00","og_image":[{"width":2560,"height":1920,"url":"https:\/\/fes-heidenheim.de\/gymnasium\/wp-content\/uploads\/sites\/8\/2025\/12\/Beitragsbild-zum-BLOG-Beitrag-FES-Chorandacht-im-Advent-2025_-scaled.jpg","type":"image\/jpeg"}],"author":"sekretariatgym","twitter_card":"summary_large_image","twitter_misc":{"Verfasst von":"sekretariatgym","Gesch\u00e4tzte Lesezeit":"3\u00a0Minuten"},"schema":{"@context":"https:\/\/schema.org","@graph":[{"@type":"Article","@id":"https:\/\/fes-heidenheim.de\/gymnasium\/2025\/12\/08\/warum-feiern-wir-nicht-rueckblick-auf-ein-besonderes-musikalisches-fest-der-dankbarkeit-in-der-diesjaehrigen-fes-chorandacht-im-advent-2025\/#article","isPartOf":{"@id":"https:\/\/fes-heidenheim.de\/gymnasium\/2025\/12\/08\/warum-feiern-wir-nicht-rueckblick-auf-ein-besonderes-musikalisches-fest-der-dankbarkeit-in-der-diesjaehrigen-fes-chorandacht-im-advent-2025\/"},"author":{"name":"sekretariatgym","@id":"https:\/\/fes-heidenheim.de\/gymnasium\/#\/schema\/person\/e614df80cf0124a0861921322ba81ee9"},"headline":"Warum feiern wir nicht? R\u00fcckblick auf ein besonderes, musikalisches Fest der Dankbarkeit in der diesj\u00e4hrigen FES-Chorandacht im Advent 2025","datePublished":"2025-12-08T09:52:57+00:00","dateModified":"2025-12-08T09:52:58+00:00","mainEntityOfPage":{"@id":"https:\/\/fes-heidenheim.de\/gymnasium\/2025\/12\/08\/warum-feiern-wir-nicht-rueckblick-auf-ein-besonderes-musikalisches-fest-der-dankbarkeit-in-der-diesjaehrigen-fes-chorandacht-im-advent-2025\/"},"wordCount":175,"image":{"@id":"https:\/\/fes-heidenheim.de\/gymnasium\/2025\/12\/08\/warum-feiern-wir-nicht-rueckblick-auf-ein-besonderes-musikalisches-fest-der-dankbarkeit-in-der-diesjaehrigen-fes-chorandacht-im-advent-2025\/#primaryimage"},"thumbnailUrl":"https:\/\/fes-heidenheim.de\/gymnasium\/wp-content\/uploads\/sites\/8\/2025\/12\/Beitragsbild-zum-BLOG-Beitrag-FES-Chorandacht-im-Advent-2025_-scaled.jpg","articleSection":["FES Gymnasium","FES Realschule"],"inLanguage":"de"},{"@type":"WebPage","@id":"https:\/\/fes-heidenheim.de\/gymnasium\/2025\/12\/08\/warum-feiern-wir-nicht-rueckblick-auf-ein-besonderes-musikalisches-fest-der-dankbarkeit-in-der-diesjaehrigen-fes-chorandacht-im-advent-2025\/","url":"https:\/\/fes-heidenheim.de\/gymnasium\/2025\/12\/08\/warum-feiern-wir-nicht-rueckblick-auf-ein-besonderes-musikalisches-fest-der-dankbarkeit-in-der-diesjaehrigen-fes-chorandacht-im-advent-2025\/","name":"Warum feiern wir nicht? R\u00fcckblick auf ein besonderes, musikalisches Fest der Dankbarkeit in der diesj\u00e4hrigen FES-Chorandacht im Advent 2025 - Gymnasium | Freie Evangelische Schule und Kindertagesst\u00e4tte Heidenheim e. V.","isPartOf":{"@id":"https:\/\/fes-heidenheim.de\/gymnasium\/#website"},"primaryImageOfPage":{"@id":"https:\/\/fes-heidenheim.de\/gymnasium\/2025\/12\/08\/warum-feiern-wir-nicht-rueckblick-auf-ein-besonderes-musikalisches-fest-der-dankbarkeit-in-der-diesjaehrigen-fes-chorandacht-im-advent-2025\/#primaryimage"},"image":{"@id":"https:\/\/fes-heidenheim.de\/gymnasium\/2025\/12\/08\/warum-feiern-wir-nicht-rueckblick-auf-ein-besonderes-musikalisches-fest-der-dankbarkeit-in-der-diesjaehrigen-fes-chorandacht-im-advent-2025\/#primaryimage"},"thumbnailUrl":"https:\/\/fes-heidenheim.de\/gymnasium\/wp-content\/uploads\/sites\/8\/2025\/12\/Beitragsbild-zum-BLOG-Beitrag-FES-Chorandacht-im-Advent-2025_-scaled.jpg","datePublished":"2025-12-08T09:52:57+00:00","dateModified":"2025-12-08T09:52:58+00:00","author":{"@id":"https:\/\/fes-heidenheim.de\/gymnasium\/#\/schema\/person\/e614df80cf0124a0861921322ba81ee9"},"breadcrumb":{"@id":"https:\/\/fes-heidenheim.de\/gymnasium\/2025\/12\/08\/warum-feiern-wir-nicht-rueckblick-auf-ein-besonderes-musikalisches-fest-der-dankbarkeit-in-der-diesjaehrigen-fes-chorandacht-im-advent-2025\/#breadcrumb"},"inLanguage":"de","potentialAction":[{"@type":"ReadAction","target":["https:\/\/fes-heidenheim.de\/gymnasium\/2025\/12\/08\/warum-feiern-wir-nicht-rueckblick-auf-ein-besonderes-musikalisches-fest-der-dankbarkeit-in-der-diesjaehrigen-fes-chorandacht-im-advent-2025\/"]}]},{"@type":"ImageObject","inLanguage":"de","@id":"https:\/\/fes-heidenheim.de\/gymnasium\/2025\/12\/08\/warum-feiern-wir-nicht-rueckblick-auf-ein-besonderes-musikalisches-fest-der-dankbarkeit-in-der-diesjaehrigen-fes-chorandacht-im-advent-2025\/#primaryimage","url":"https:\/\/fes-heidenheim.de\/gymnasium\/wp-content\/uploads\/sites\/8\/2025\/12\/Beitragsbild-zum-BLOG-Beitrag-FES-Chorandacht-im-Advent-2025_-scaled.jpg","contentUrl":"https:\/\/fes-heidenheim.de\/gymnasium\/wp-content\/uploads\/sites\/8\/2025\/12\/Beitragsbild-zum-BLOG-Beitrag-FES-Chorandacht-im-Advent-2025_-scaled.jpg","width":2560,"height":1920},{"@type":"BreadcrumbList","@id":"https:\/\/fes-heidenheim.de\/gymnasium\/2025\/12\/08\/warum-feiern-wir-nicht-rueckblick-auf-ein-besonderes-musikalisches-fest-der-dankbarkeit-in-der-diesjaehrigen-fes-chorandacht-im-advent-2025\/#breadcrumb","itemListElement":[{"@type":"ListItem","position":1,"name":"Startseite","item":"https:\/\/fes-heidenheim.de\/gymnasium\/"},{"@type":"ListItem","position":2,"name":"Warum feiern wir nicht? R\u00fcckblick auf ein besonderes, musikalisches Fest der Dankbarkeit in der diesj\u00e4hrigen FES-Chorandacht im Advent 2025"}]},{"@type":"WebSite","@id":"https:\/\/fes-heidenheim.de\/gymnasium\/#website","url":"https:\/\/fes-heidenheim.de\/gymnasium\/","name":"Gymnasium | Freie Evangelische Schule und Kindertagesst\u00e4tte Heidenheim e. V.","description":"Eine weitere Freie Evangelische Schule Heidenheim e.V. Websites Website","potentialAction":[{"@type":"SearchAction","target":{"@type":"EntryPoint","urlTemplate":"https:\/\/fes-heidenheim.de\/gymnasium\/?s={search_term_string}"},"query-input":{"@type":"PropertyValueSpecification","valueRequired":true,"valueName":"search_term_string"}}],"inLanguage":"de"},{"@type":"Person","@id":"https:\/\/fes-heidenheim.de\/gymnasium\/#\/schema\/person\/e614df80cf0124a0861921322ba81ee9","name":"sekretariatgym","image":{"@type":"ImageObject","inLanguage":"de","@id":"https:\/\/secure.gravatar.com\/avatar\/8196f14ce1450e8b1558ed9138138a8a40a91d9ddc1e02556e5dd141376b7e3a?s=96&d=mm&r=g","url":"https:\/\/secure.gravatar.com\/avatar\/8196f14ce1450e8b1558ed9138138a8a40a91d9ddc1e02556e5dd141376b7e3a?s=96&d=mm&r=g","contentUrl":"https:\/\/secure.gravatar.com\/avatar\/8196f14ce1450e8b1558ed9138138a8a40a91d9ddc1e02556e5dd141376b7e3a?s=96&d=mm&r=g","caption":"sekretariatgym"},"url":"https:\/\/fes-heidenheim.de\/gymnasium\/author\/sekretariatgym\/"}]}},"_links":{"self":[{"href":"https:\/\/fes-heidenheim.de\/gymnasium\/wp-json\/wp\/v2\/posts\/6365","targetHints":{"allow":["GET"]}}],"collection":[{"href":"https:\/\/fes-heidenheim.de\/gymnasium\/wp-json\/wp\/v2\/posts"}],"about":[{"href":"https:\/\/fes-heidenheim.de\/gymnasium\/wp-json\/wp\/v2\/types\/post"}],"author":[{"embeddable":true,"href":"https:\/\/fes-heidenheim.de\/gymnasium\/wp-json\/wp\/v2\/users\/15"}],"replies":[{"embeddable":true,"href":"https:\/\/fes-heidenheim.de\/gymnasium\/wp-json\/wp\/v2\/comments?post=6365"}],"version-history":[{"count":1,"href":"https:\/\/fes-heidenheim.de\/gymnasium\/wp-json\/wp\/v2\/posts\/6365\/revisions"}],"predecessor-version":[{"id":6385,"href":"https:\/\/fes-heidenheim.de\/gymnasium\/wp-json\/wp\/v2\/posts\/6365\/revisions\/6385"}],"wp:featuredmedia":[{"embeddable":true,"href":"https:\/\/fes-heidenheim.de\/gymnasium\/wp-json\/wp\/v2\/media\/6384"}],"wp:attachment":[{"href":"https:\/\/fes-heidenheim.de\/gymnasium\/wp-json\/wp\/v2\/media?parent=6365"}],"wp:term":[{"taxonomy":"category","embeddable":true,"href":"https:\/\/fes-heidenheim.de\/gymnasium\/wp-json\/wp\/v2\/categories?post=6365"},{"taxonomy":"post_tag","embeddable":true,"href":"https:\/\/fes-heidenheim.de\/gymnasium\/wp-json\/wp\/v2\/tags?post=6365"}],"curies":[{"name":"wp","href":"https:\/\/api.w.org\/{rel}","templated":true}]}}