{"id":6581,"date":"2026-01-15T08:57:39","date_gmt":"2026-01-15T07:57:39","guid":{"rendered":"https:\/\/fes-heidenheim.de\/gymnasium\/?p=6581"},"modified":"2026-01-20T18:11:26","modified_gmt":"2026-01-20T17:11:26","slug":"chorproben-zwischen-historischen-gemaelden-und-ehrwuerdigen-klostertueren-nachwuchschor-der-klassen-5-an-fes-gymnasium-und-fes-realschule-an-der-landesakademie-fuer-musik-im-kloster-ochsenhausen","status":"publish","type":"post","link":"https:\/\/fes-heidenheim.de\/gymnasium\/2026\/01\/15\/chorproben-zwischen-historischen-gemaelden-und-ehrwuerdigen-klostertueren-nachwuchschor-der-klassen-5-an-fes-gymnasium-und-fes-realschule-an-der-landesakademie-fuer-musik-im-kloster-ochsenhausen\/","title":{"rendered":"Chorproben zwischen historischen Gem\u00e4lden und ehrw\u00fcrdigen Klostert\u00fcren"},"content":{"rendered":"\n<h2 class=\"wp-block-heading\">Nachwuchschor der Klassen 5 an FES-Gymnasium und FES-Realschule an der Landesakademie f\u00fcr Musik im Kloster Ochsenhausen<\/h2>\n\n\n\n<p>Der 40-k\u00f6p\u00adfige Nach\u00adwuch\u00adschor der Klassen 5 unseres FES-Gym\u00adna\u00adsi\u00adums und unsere FES-Realschule ver\u00adbrachte 3 Proben\u00adt\u00adage in der zur Musikakademie umge\u00adbaut\u00aden, ehe\u00adma\u00adli\u00adgen Kloster\u00adan\u00adlage im schw\u00e4bis\u00adchen Ochsen\u00adhausen. Ohne Schul\u00adglocke zum Stun\u00adde\u00adnende hat\u00adten die Sch\u00fcler dort viel Zeit, an neuer Chor\u00adlit\u00ader\u00adatur zu feilen und sich in Reg\u00adis\u00adter\u00adproben mit Vokalsolis\u00adten, Schaus\u00adpiel\u00adern und im gro\u00dfen Ober\u00adstim\u00admen\u00adchor aufzuteilen. Ein\u00adstudiert wurde schw\u00ader\u00adpunk\u00adt\u00adm\u00e4\u00dfig das diesj\u00e4hrige bib\u00adlis\u00adche Musik\u00adthe\u00adater\u00adpro\u00adjekt, das die alttes\u00adta\u00admentliche Geschichte von Jona erz\u00e4hlt. Die Chor\u00adproben\u00adt\u00adage an der Musikakademie bedeuteten nicht nur eine enorme Steigerung der musikalis\u00adchen Qual\u00adit\u00e4t f\u00fcr die jun\u00adgen Cho\u00adris\u00adten, son\u00addern waren auch eine Bere\u00adicherung in kam\u00ader\u00adad\u00adschaftlich\u00ader Hin\u00adsicht \u2013 und ein beson\u00adder\u00ader Schul\u00adbe\u00adginn im Anschluss an die Weihnachtsferientage.<\/p>\n\n\n\n<p><\/p>\n\n\n\n<figure class=\"wp-block-image size-large\"><img loading=\"lazy\" decoding=\"async\" width=\"1024\" height=\"683\" src=\"https:\/\/fes-heidenheim.de\/gymnasium\/wp-content\/uploads\/sites\/8\/2026\/01\/IMG_3099-1024x683.jpg\" alt=\"Chorproben zwischen historischen Gem\u00e4lden und ehrw\u00fcrdigen Klostert\u00fcren: Nachwuchschor der Klassen 5 an FES-Gymnasium und FES-Realschule an der Landesakademie f\u00fcr Musik im Kloster Ochsenhausen\" class=\"wp-image-6588\" srcset=\"https:\/\/fes-heidenheim.de\/gymnasium\/wp-content\/uploads\/sites\/8\/2026\/01\/IMG_3099-980x653.jpg 980w, https:\/\/fes-heidenheim.de\/gymnasium\/wp-content\/uploads\/sites\/8\/2026\/01\/IMG_3099-480x320.jpg 480w\" sizes=\"(min-width: 0px) and (max-width: 480px) 480px, (min-width: 481px) and (max-width: 980px) 980px, (min-width: 981px) 1024px, 100vw\"><\/figure>\n\n\n\n<figure class=\"wp-block-gallery has-nested-images columns-default is-cropped wp-block-gallery-1 is-layout-flex wp-block-gallery-is-layout-flex\">\n<figure class=\"wp-block-image size-large\"><img loading=\"lazy\" decoding=\"async\" width=\"1024\" height=\"683\" data-id=\"6589\" src=\"https:\/\/fes-heidenheim.de\/gymnasium\/wp-content\/uploads\/sites\/8\/2026\/01\/IMG_3114-1-1024x683.jpg\" alt=\"Chorproben zwischen historischen Gem\u00e4lden und ehrw\u00fcrdigen Klostert\u00fcren: Nachwuchschor der Klassen 5 an FES-Gymnasium und FES-Realschule an der Landesakademie f\u00fcr Musik im Kloster Ochsenhausen\" class=\"wp-image-6589\" srcset=\"https:\/\/fes-heidenheim.de\/gymnasium\/wp-content\/uploads\/sites\/8\/2026\/01\/IMG_3114-1-980x653.jpg 980w, https:\/\/fes-heidenheim.de\/gymnasium\/wp-content\/uploads\/sites\/8\/2026\/01\/IMG_3114-1-480x320.jpg 480w\" sizes=\"(min-width: 0px) and (max-width: 480px) 480px, (min-width: 481px) and (max-width: 980px) 980px, (min-width: 981px) 1024px, 100vw\"><\/figure>\n\n\n\n<figure class=\"wp-block-image size-large\"><img loading=\"lazy\" decoding=\"async\" width=\"1024\" height=\"683\" data-id=\"6587\" src=\"https:\/\/fes-heidenheim.de\/gymnasium\/wp-content\/uploads\/sites\/8\/2026\/01\/IMG_3098-1024x683.jpg\" alt=\"Chorproben zwischen historischen Gem\u00e4lden und ehrw\u00fcrdigen Klostert\u00fcren: Nachwuchschor der Klassen 5 an FES-Gymnasium und FES-Realschule an der Landesakademie f\u00fcr Musik im Kloster Ochsenhausen\" class=\"wp-image-6587\" srcset=\"https:\/\/fes-heidenheim.de\/gymnasium\/wp-content\/uploads\/sites\/8\/2026\/01\/IMG_3098-980x653.jpg 980w, https:\/\/fes-heidenheim.de\/gymnasium\/wp-content\/uploads\/sites\/8\/2026\/01\/IMG_3098-480x320.jpg 480w\" sizes=\"(min-width: 0px) and (max-width: 480px) 480px, (min-width: 481px) and (max-width: 980px) 980px, (min-width: 981px) 1024px, 100vw\"><\/figure>\n<\/figure>\n\n\n\n<figure class=\"wp-block-gallery has-nested-images columns-default is-cropped wp-block-gallery-2 is-layout-flex wp-block-gallery-is-layout-flex\">\n<figure class=\"wp-block-image size-large\"><img loading=\"lazy\" decoding=\"async\" width=\"1024\" height=\"683\" data-id=\"6586\" src=\"https:\/\/fes-heidenheim.de\/gymnasium\/wp-content\/uploads\/sites\/8\/2026\/01\/weiteres-Bild-01-1-1024x683.jpg\" alt=\"Chorproben zwischen historischen Gem\u00e4lden und ehrw\u00fcrdigen Klostert\u00fcren: Nachwuchschor der Klassen 5 an FES-Gymnasium und FES-Realschule an der Landesakademie f\u00fcr Musik im Kloster Ochsenhausen\" class=\"wp-image-6586\" srcset=\"https:\/\/fes-heidenheim.de\/gymnasium\/wp-content\/uploads\/sites\/8\/2026\/01\/weiteres-Bild-01-1-980x653.jpg 980w, https:\/\/fes-heidenheim.de\/gymnasium\/wp-content\/uploads\/sites\/8\/2026\/01\/weiteres-Bild-01-1-480x320.jpg 480w\" sizes=\"(min-width: 0px) and (max-width: 480px) 480px, (min-width: 481px) and (max-width: 980px) 980px, (min-width: 981px) 1024px, 100vw\"><\/figure>\n<\/figure>\n\n\n\n<figure class=\"wp-block-gallery has-nested-images columns-default is-cropped wp-block-gallery-3 is-layout-flex wp-block-gallery-is-layout-flex\">\n<figure class=\"wp-block-image size-large\"><img loading=\"lazy\" decoding=\"async\" width=\"683\" height=\"1024\" data-id=\"6582\" src=\"https:\/\/fes-heidenheim.de\/gymnasium\/wp-content\/uploads\/sites\/8\/2026\/01\/weiteres-Bild-02-683x1024.jpg\" alt=\"Chorproben zwischen historischen Gem\u00e4lden und ehrw\u00fcrdigen Klostert\u00fcren: Nachwuchschor der Klassen 5 an FES-Gymnasium und FES-Realschule an der Landesakademie f\u00fcr Musik im Kloster Ochsenhausen\" class=\"wp-image-6582\"><\/figure>\n<\/figure>\n","protected":false},"excerpt":{"rendered":"<p>Nach\u00adwuch\u00adschor der Klassen 5 an FES-Gym\u00adna\u00adsi\u00adum und FES-Realschule an der Lan\u00addesakademie f\u00fcr Musik im Kloster Ochsen\u00adhausen Der 40-k\u00f6p\u00ad\u00adfige Nach\u00adwuch\u00adschor der Klassen 5 unseres FES-Gym\u00ad\u00adna\u00adsi\u00adums und unsere FES-Realschule ver\u00adbrachte 3 Probentage&nbsp;[\u2026]<\/p>\n","protected":false},"author":15,"featured_media":6603,"comment_status":"closed","ping_status":"closed","sticky":false,"template":"","format":"standard","meta":{"_et_pb_use_builder":"off","_et_pb_old_content":"","_et_gb_content_width":"","inline_featured_image":false,"wp_typography_post_enhancements_disabled":false,"footnotes":""},"categories":[30,29,49,44],"tags":[],"class_list":["post-6581","post","type-post","status-publish","format-standard","has-post-thumbnail","hentry","category-fes-gymnasium","category-fes-realschule","category-fes-unterwegs-gym","category-fes-unterwegs-rs"],"yoast_head":"<!-- This site is optimized with the Yoast SEO plugin v27.4 - https:\/\/yoast.com\/product\/yoast-seo-wordpress\/ -->\n<title>Chorproben zwischen historischen Gem\u00e4lden und ehrw\u00fcrdigen Klostert\u00fcren - Gymnasium | Freie Evangelische Schule und Kindertagesst\u00e4tte Heidenheim e. V.<\/title>\n<meta name=\"robots\" content=\"index, follow, max-snippet:-1, max-image-preview:large, max-video-preview:-1\" \/>\n<link rel=\"canonical\" href=\"https:\/\/fes-heidenheim.de\/gymnasium\/2026\/01\/15\/chorproben-zwischen-historischen-gemaelden-und-ehrwuerdigen-klostertueren-nachwuchschor-der-klassen-5-an-fes-gymnasium-und-fes-realschule-an-der-landesakademie-fuer-musik-im-kloster-ochsenhausen\/\" \/>\n<meta property=\"og:locale\" content=\"de_DE\" \/>\n<meta property=\"og:type\" content=\"article\" \/>\n<meta property=\"og:title\" content=\"Chorproben zwischen historischen Gem\u00e4lden und ehrw\u00fcrdigen Klostert\u00fcren - Gymnasium | Freie Evangelische Schule und Kindertagesst\u00e4tte Heidenheim e. V.\" \/>\n<meta property=\"og:description\" content=\"Nachwuchschor der Klassen 5 an FES-Gymnasium und FES-Realschule an der Landesakademie f\u00fcr Musik im Kloster Ochsenhausen Der 40-k\u00f6p\u00adfige Nach\u00adwuch\u00adschor der Klassen 5 unseres FES-Gym\u00adna\u00adsi\u00adums und unsere FES-Realschule ver\u00adbrachte 3 Proben\u00adt\u00adage [&hellip;]\" \/>\n<meta property=\"og:url\" content=\"https:\/\/fes-heidenheim.de\/gymnasium\/2026\/01\/15\/chorproben-zwischen-historischen-gemaelden-und-ehrwuerdigen-klostertueren-nachwuchschor-der-klassen-5-an-fes-gymnasium-und-fes-realschule-an-der-landesakademie-fuer-musik-im-kloster-ochsenhausen\/\" \/>\n<meta property=\"og:site_name\" content=\"Gymnasium | Freie Evangelische Schule und Kindertagesst\u00e4tte Heidenheim e. V.\" \/>\n<meta property=\"article:published_time\" content=\"2026-01-15T07:57:39+00:00\" \/>\n<meta property=\"article:modified_time\" content=\"2026-01-20T17:11:26+00:00\" \/>\n<meta property=\"og:image\" content=\"https:\/\/fes-heidenheim.de\/gymnasium\/wp-content\/uploads\/sites\/8\/2026\/01\/Beitragsbild-zum-BLOG-Beitrag-Choprobentage-scaled.jpg\" \/>\n\t<meta property=\"og:image:width\" content=\"2560\" \/>\n\t<meta property=\"og:image:height\" content=\"1707\" \/>\n\t<meta property=\"og:image:type\" content=\"image\/jpeg\" \/>\n<meta name=\"author\" content=\"sekretariatgym\" \/>\n<meta name=\"twitter:card\" content=\"summary_large_image\" \/>\n<meta name=\"twitter:label1\" content=\"Verfasst von\" \/>\n\t<meta name=\"twitter:data1\" content=\"sekretariatgym\" \/>\n\t<meta name=\"twitter:label2\" content=\"Gesch\u00e4tzte Lesezeit\" \/>\n\t<meta name=\"twitter:data2\" content=\"2\u00a0Minuten\" \/>\n<script type=\"application\/ld+json\" class=\"yoast-schema-graph\">{\"@context\":\"https:\\\/\\\/schema.org\",\"@graph\":[{\"@type\":\"Article\",\"@id\":\"https:\\\/\\\/fes-heidenheim.de\\\/gymnasium\\\/2026\\\/01\\\/15\\\/chorproben-zwischen-historischen-gemaelden-und-ehrwuerdigen-klostertueren-nachwuchschor-der-klassen-5-an-fes-gymnasium-und-fes-realschule-an-der-landesakademie-fuer-musik-im-kloster-ochsenhausen\\\/#article\",\"isPartOf\":{\"@id\":\"https:\\\/\\\/fes-heidenheim.de\\\/gymnasium\\\/2026\\\/01\\\/15\\\/chorproben-zwischen-historischen-gemaelden-und-ehrwuerdigen-klostertueren-nachwuchschor-der-klassen-5-an-fes-gymnasium-und-fes-realschule-an-der-landesakademie-fuer-musik-im-kloster-ochsenhausen\\\/\"},\"author\":{\"name\":\"sekretariatgym\",\"@id\":\"https:\\\/\\\/fes-heidenheim.de\\\/gymnasium\\\/#\\\/schema\\\/person\\\/e614df80cf0124a0861921322ba81ee9\"},\"headline\":\"Chorproben zwischen historischen Gem\u00e4lden und ehrw\u00fcrdigen Klostert\u00fcren\",\"datePublished\":\"2026-01-15T07:57:39+00:00\",\"dateModified\":\"2026-01-20T17:11:26+00:00\",\"mainEntityOfPage\":{\"@id\":\"https:\\\/\\\/fes-heidenheim.de\\\/gymnasium\\\/2026\\\/01\\\/15\\\/chorproben-zwischen-historischen-gemaelden-und-ehrwuerdigen-klostertueren-nachwuchschor-der-klassen-5-an-fes-gymnasium-und-fes-realschule-an-der-landesakademie-fuer-musik-im-kloster-ochsenhausen\\\/\"},\"wordCount\":133,\"image\":{\"@id\":\"https:\\\/\\\/fes-heidenheim.de\\\/gymnasium\\\/2026\\\/01\\\/15\\\/chorproben-zwischen-historischen-gemaelden-und-ehrwuerdigen-klostertueren-nachwuchschor-der-klassen-5-an-fes-gymnasium-und-fes-realschule-an-der-landesakademie-fuer-musik-im-kloster-ochsenhausen\\\/#primaryimage\"},\"thumbnailUrl\":\"https:\\\/\\\/fes-heidenheim.de\\\/gymnasium\\\/wp-content\\\/uploads\\\/sites\\\/8\\\/2026\\\/01\\\/Beitragsbild-zum-BLOG-Beitrag-Choprobentage-scaled-1.jpg\",\"articleSection\":[\"FES Gymnasium\",\"FES Realschule\",\"FES unterwegs GYM\",\"FES unterwegs RS\"],\"inLanguage\":\"de\"},{\"@type\":\"WebPage\",\"@id\":\"https:\\\/\\\/fes-heidenheim.de\\\/gymnasium\\\/2026\\\/01\\\/15\\\/chorproben-zwischen-historischen-gemaelden-und-ehrwuerdigen-klostertueren-nachwuchschor-der-klassen-5-an-fes-gymnasium-und-fes-realschule-an-der-landesakademie-fuer-musik-im-kloster-ochsenhausen\\\/\",\"url\":\"https:\\\/\\\/fes-heidenheim.de\\\/gymnasium\\\/2026\\\/01\\\/15\\\/chorproben-zwischen-historischen-gemaelden-und-ehrwuerdigen-klostertueren-nachwuchschor-der-klassen-5-an-fes-gymnasium-und-fes-realschule-an-der-landesakademie-fuer-musik-im-kloster-ochsenhausen\\\/\",\"name\":\"Chorproben zwischen historischen Gem\u00e4lden und ehrw\u00fcrdigen Klostert\u00fcren - Gymnasium | Freie Evangelische Schule und Kindertagesst\u00e4tte Heidenheim e. V.\",\"isPartOf\":{\"@id\":\"https:\\\/\\\/fes-heidenheim.de\\\/gymnasium\\\/#website\"},\"primaryImageOfPage\":{\"@id\":\"https:\\\/\\\/fes-heidenheim.de\\\/gymnasium\\\/2026\\\/01\\\/15\\\/chorproben-zwischen-historischen-gemaelden-und-ehrwuerdigen-klostertueren-nachwuchschor-der-klassen-5-an-fes-gymnasium-und-fes-realschule-an-der-landesakademie-fuer-musik-im-kloster-ochsenhausen\\\/#primaryimage\"},\"image\":{\"@id\":\"https:\\\/\\\/fes-heidenheim.de\\\/gymnasium\\\/2026\\\/01\\\/15\\\/chorproben-zwischen-historischen-gemaelden-und-ehrwuerdigen-klostertueren-nachwuchschor-der-klassen-5-an-fes-gymnasium-und-fes-realschule-an-der-landesakademie-fuer-musik-im-kloster-ochsenhausen\\\/#primaryimage\"},\"thumbnailUrl\":\"https:\\\/\\\/fes-heidenheim.de\\\/gymnasium\\\/wp-content\\\/uploads\\\/sites\\\/8\\\/2026\\\/01\\\/Beitragsbild-zum-BLOG-Beitrag-Choprobentage-scaled-1.jpg\",\"datePublished\":\"2026-01-15T07:57:39+00:00\",\"dateModified\":\"2026-01-20T17:11:26+00:00\",\"author\":{\"@id\":\"https:\\\/\\\/fes-heidenheim.de\\\/gymnasium\\\/#\\\/schema\\\/person\\\/e614df80cf0124a0861921322ba81ee9\"},\"breadcrumb\":{\"@id\":\"https:\\\/\\\/fes-heidenheim.de\\\/gymnasium\\\/2026\\\/01\\\/15\\\/chorproben-zwischen-historischen-gemaelden-und-ehrwuerdigen-klostertueren-nachwuchschor-der-klassen-5-an-fes-gymnasium-und-fes-realschule-an-der-landesakademie-fuer-musik-im-kloster-ochsenhausen\\\/#breadcrumb\"},\"inLanguage\":\"de\",\"potentialAction\":[{\"@type\":\"ReadAction\",\"target\":[\"https:\\\/\\\/fes-heidenheim.de\\\/gymnasium\\\/2026\\\/01\\\/15\\\/chorproben-zwischen-historischen-gemaelden-und-ehrwuerdigen-klostertueren-nachwuchschor-der-klassen-5-an-fes-gymnasium-und-fes-realschule-an-der-landesakademie-fuer-musik-im-kloster-ochsenhausen\\\/\"]}]},{\"@type\":\"ImageObject\",\"inLanguage\":\"de\",\"@id\":\"https:\\\/\\\/fes-heidenheim.de\\\/gymnasium\\\/2026\\\/01\\\/15\\\/chorproben-zwischen-historischen-gemaelden-und-ehrwuerdigen-klostertueren-nachwuchschor-der-klassen-5-an-fes-gymnasium-und-fes-realschule-an-der-landesakademie-fuer-musik-im-kloster-ochsenhausen\\\/#primaryimage\",\"url\":\"https:\\\/\\\/fes-heidenheim.de\\\/gymnasium\\\/wp-content\\\/uploads\\\/sites\\\/8\\\/2026\\\/01\\\/Beitragsbild-zum-BLOG-Beitrag-Choprobentage-scaled-1.jpg\",\"contentUrl\":\"https:\\\/\\\/fes-heidenheim.de\\\/gymnasium\\\/wp-content\\\/uploads\\\/sites\\\/8\\\/2026\\\/01\\\/Beitragsbild-zum-BLOG-Beitrag-Choprobentage-scaled-1.jpg\",\"width\":2560,\"height\":1707},{\"@type\":\"BreadcrumbList\",\"@id\":\"https:\\\/\\\/fes-heidenheim.de\\\/gymnasium\\\/2026\\\/01\\\/15\\\/chorproben-zwischen-historischen-gemaelden-und-ehrwuerdigen-klostertueren-nachwuchschor-der-klassen-5-an-fes-gymnasium-und-fes-realschule-an-der-landesakademie-fuer-musik-im-kloster-ochsenhausen\\\/#breadcrumb\",\"itemListElement\":[{\"@type\":\"ListItem\",\"position\":1,\"name\":\"Startseite\",\"item\":\"https:\\\/\\\/fes-heidenheim.de\\\/gymnasium\\\/\"},{\"@type\":\"ListItem\",\"position\":2,\"name\":\"Chorproben zwischen historischen Gem\u00e4lden und ehrw\u00fcrdigen Klostert\u00fcren: Nachwuchschor der Klassen 5 an FES-Gymnasium und FES-Realschule an der Landesakademie f\u00fcr Musik im Kloster Ochsenhausen\"}]},{\"@type\":\"WebSite\",\"@id\":\"https:\\\/\\\/fes-heidenheim.de\\\/gymnasium\\\/#website\",\"url\":\"https:\\\/\\\/fes-heidenheim.de\\\/gymnasium\\\/\",\"name\":\"Gymnasium | Freie Evangelische Schule und Kindertagesst\u00e4tte Heidenheim e. V.\",\"description\":\"Eine weitere Freie Evangelische Schule Heidenheim e.V. Websites Website\",\"potentialAction\":[{\"@type\":\"SearchAction\",\"target\":{\"@type\":\"EntryPoint\",\"urlTemplate\":\"https:\\\/\\\/fes-heidenheim.de\\\/gymnasium\\\/?s={search_term_string}\"},\"query-input\":{\"@type\":\"PropertyValueSpecification\",\"valueRequired\":true,\"valueName\":\"search_term_string\"}}],\"inLanguage\":\"de\"},{\"@type\":\"Person\",\"@id\":\"https:\\\/\\\/fes-heidenheim.de\\\/gymnasium\\\/#\\\/schema\\\/person\\\/e614df80cf0124a0861921322ba81ee9\",\"name\":\"sekretariatgym\",\"image\":{\"@type\":\"ImageObject\",\"inLanguage\":\"de\",\"@id\":\"https:\\\/\\\/secure.gravatar.com\\\/avatar\\\/8196f14ce1450e8b1558ed9138138a8a40a91d9ddc1e02556e5dd141376b7e3a?s=96&d=mm&r=g\",\"url\":\"https:\\\/\\\/secure.gravatar.com\\\/avatar\\\/8196f14ce1450e8b1558ed9138138a8a40a91d9ddc1e02556e5dd141376b7e3a?s=96&d=mm&r=g\",\"contentUrl\":\"https:\\\/\\\/secure.gravatar.com\\\/avatar\\\/8196f14ce1450e8b1558ed9138138a8a40a91d9ddc1e02556e5dd141376b7e3a?s=96&d=mm&r=g\",\"caption\":\"sekretariatgym\"},\"url\":\"https:\\\/\\\/fes-heidenheim.de\\\/gymnasium\\\/author\\\/sekretariatgym\\\/\"}]}<\/script>\n<!-- \/ Yoast SEO plugin. -->","yoast_head_json":{"title":"Chorproben zwischen historischen Gem\u00e4lden und ehrw\u00fcrdigen Klostert\u00fcren - Gymnasium | Freie Evangelische Schule und Kindertagesst\u00e4tte Heidenheim e. V.","robots":{"index":"index","follow":"follow","max-snippet":"max-snippet:-1","max-image-preview":"max-image-preview:large","max-video-preview":"max-video-preview:-1"},"canonical":"https:\/\/fes-heidenheim.de\/gymnasium\/2026\/01\/15\/chorproben-zwischen-historischen-gemaelden-und-ehrwuerdigen-klostertueren-nachwuchschor-der-klassen-5-an-fes-gymnasium-und-fes-realschule-an-der-landesakademie-fuer-musik-im-kloster-ochsenhausen\/","og_locale":"de_DE","og_type":"article","og_title":"Chorproben zwischen historischen Gem\u00e4lden und ehrw\u00fcrdigen Klostert\u00fcren - Gymnasium | Freie Evangelische Schule und Kindertagesst\u00e4tte Heidenheim e. V.","og_description":"Nachwuchschor der Klassen 5 an FES-Gymnasium und FES-Realschule an der Landesakademie f\u00fcr Musik im Kloster Ochsenhausen Der 40-k\u00f6p\u00adfige Nach\u00adwuch\u00adschor der Klassen 5 unseres FES-Gym\u00adna\u00adsi\u00adums und unsere FES-Realschule ver\u00adbrachte 3 Proben\u00adt\u00adage [&hellip;]","og_url":"https:\/\/fes-heidenheim.de\/gymnasium\/2026\/01\/15\/chorproben-zwischen-historischen-gemaelden-und-ehrwuerdigen-klostertueren-nachwuchschor-der-klassen-5-an-fes-gymnasium-und-fes-realschule-an-der-landesakademie-fuer-musik-im-kloster-ochsenhausen\/","og_site_name":"Gymnasium | Freie Evangelische Schule und Kindertagesst\u00e4tte Heidenheim e. V.","article_published_time":"2026-01-15T07:57:39+00:00","article_modified_time":"2026-01-20T17:11:26+00:00","og_image":[{"width":2560,"height":1707,"url":"https:\/\/fes-heidenheim.de\/gymnasium\/wp-content\/uploads\/sites\/8\/2026\/01\/Beitragsbild-zum-BLOG-Beitrag-Choprobentage-scaled.jpg","type":"image\/jpeg"}],"author":"sekretariatgym","twitter_card":"summary_large_image","twitter_misc":{"Verfasst von":"sekretariatgym","Gesch\u00e4tzte Lesezeit":"2\u00a0Minuten"},"schema":{"@context":"https:\/\/schema.org","@graph":[{"@type":"Article","@id":"https:\/\/fes-heidenheim.de\/gymnasium\/2026\/01\/15\/chorproben-zwischen-historischen-gemaelden-und-ehrwuerdigen-klostertueren-nachwuchschor-der-klassen-5-an-fes-gymnasium-und-fes-realschule-an-der-landesakademie-fuer-musik-im-kloster-ochsenhausen\/#article","isPartOf":{"@id":"https:\/\/fes-heidenheim.de\/gymnasium\/2026\/01\/15\/chorproben-zwischen-historischen-gemaelden-und-ehrwuerdigen-klostertueren-nachwuchschor-der-klassen-5-an-fes-gymnasium-und-fes-realschule-an-der-landesakademie-fuer-musik-im-kloster-ochsenhausen\/"},"author":{"name":"sekretariatgym","@id":"https:\/\/fes-heidenheim.de\/gymnasium\/#\/schema\/person\/e614df80cf0124a0861921322ba81ee9"},"headline":"Chorproben zwischen historischen Gem\u00e4lden und ehrw\u00fcrdigen Klostert\u00fcren","datePublished":"2026-01-15T07:57:39+00:00","dateModified":"2026-01-20T17:11:26+00:00","mainEntityOfPage":{"@id":"https:\/\/fes-heidenheim.de\/gymnasium\/2026\/01\/15\/chorproben-zwischen-historischen-gemaelden-und-ehrwuerdigen-klostertueren-nachwuchschor-der-klassen-5-an-fes-gymnasium-und-fes-realschule-an-der-landesakademie-fuer-musik-im-kloster-ochsenhausen\/"},"wordCount":133,"image":{"@id":"https:\/\/fes-heidenheim.de\/gymnasium\/2026\/01\/15\/chorproben-zwischen-historischen-gemaelden-und-ehrwuerdigen-klostertueren-nachwuchschor-der-klassen-5-an-fes-gymnasium-und-fes-realschule-an-der-landesakademie-fuer-musik-im-kloster-ochsenhausen\/#primaryimage"},"thumbnailUrl":"https:\/\/fes-heidenheim.de\/gymnasium\/wp-content\/uploads\/sites\/8\/2026\/01\/Beitragsbild-zum-BLOG-Beitrag-Choprobentage-scaled-1.jpg","articleSection":["FES Gymnasium","FES Realschule","FES unterwegs GYM","FES unterwegs RS"],"inLanguage":"de"},{"@type":"WebPage","@id":"https:\/\/fes-heidenheim.de\/gymnasium\/2026\/01\/15\/chorproben-zwischen-historischen-gemaelden-und-ehrwuerdigen-klostertueren-nachwuchschor-der-klassen-5-an-fes-gymnasium-und-fes-realschule-an-der-landesakademie-fuer-musik-im-kloster-ochsenhausen\/","url":"https:\/\/fes-heidenheim.de\/gymnasium\/2026\/01\/15\/chorproben-zwischen-historischen-gemaelden-und-ehrwuerdigen-klostertueren-nachwuchschor-der-klassen-5-an-fes-gymnasium-und-fes-realschule-an-der-landesakademie-fuer-musik-im-kloster-ochsenhausen\/","name":"Chorproben zwischen historischen Gem\u00e4lden und ehrw\u00fcrdigen Klostert\u00fcren - Gymnasium | Freie Evangelische Schule und Kindertagesst\u00e4tte Heidenheim e. V.","isPartOf":{"@id":"https:\/\/fes-heidenheim.de\/gymnasium\/#website"},"primaryImageOfPage":{"@id":"https:\/\/fes-heidenheim.de\/gymnasium\/2026\/01\/15\/chorproben-zwischen-historischen-gemaelden-und-ehrwuerdigen-klostertueren-nachwuchschor-der-klassen-5-an-fes-gymnasium-und-fes-realschule-an-der-landesakademie-fuer-musik-im-kloster-ochsenhausen\/#primaryimage"},"image":{"@id":"https:\/\/fes-heidenheim.de\/gymnasium\/2026\/01\/15\/chorproben-zwischen-historischen-gemaelden-und-ehrwuerdigen-klostertueren-nachwuchschor-der-klassen-5-an-fes-gymnasium-und-fes-realschule-an-der-landesakademie-fuer-musik-im-kloster-ochsenhausen\/#primaryimage"},"thumbnailUrl":"https:\/\/fes-heidenheim.de\/gymnasium\/wp-content\/uploads\/sites\/8\/2026\/01\/Beitragsbild-zum-BLOG-Beitrag-Choprobentage-scaled-1.jpg","datePublished":"2026-01-15T07:57:39+00:00","dateModified":"2026-01-20T17:11:26+00:00","author":{"@id":"https:\/\/fes-heidenheim.de\/gymnasium\/#\/schema\/person\/e614df80cf0124a0861921322ba81ee9"},"breadcrumb":{"@id":"https:\/\/fes-heidenheim.de\/gymnasium\/2026\/01\/15\/chorproben-zwischen-historischen-gemaelden-und-ehrwuerdigen-klostertueren-nachwuchschor-der-klassen-5-an-fes-gymnasium-und-fes-realschule-an-der-landesakademie-fuer-musik-im-kloster-ochsenhausen\/#breadcrumb"},"inLanguage":"de","potentialAction":[{"@type":"ReadAction","target":["https:\/\/fes-heidenheim.de\/gymnasium\/2026\/01\/15\/chorproben-zwischen-historischen-gemaelden-und-ehrwuerdigen-klostertueren-nachwuchschor-der-klassen-5-an-fes-gymnasium-und-fes-realschule-an-der-landesakademie-fuer-musik-im-kloster-ochsenhausen\/"]}]},{"@type":"ImageObject","inLanguage":"de","@id":"https:\/\/fes-heidenheim.de\/gymnasium\/2026\/01\/15\/chorproben-zwischen-historischen-gemaelden-und-ehrwuerdigen-klostertueren-nachwuchschor-der-klassen-5-an-fes-gymnasium-und-fes-realschule-an-der-landesakademie-fuer-musik-im-kloster-ochsenhausen\/#primaryimage","url":"https:\/\/fes-heidenheim.de\/gymnasium\/wp-content\/uploads\/sites\/8\/2026\/01\/Beitragsbild-zum-BLOG-Beitrag-Choprobentage-scaled-1.jpg","contentUrl":"https:\/\/fes-heidenheim.de\/gymnasium\/wp-content\/uploads\/sites\/8\/2026\/01\/Beitragsbild-zum-BLOG-Beitrag-Choprobentage-scaled-1.jpg","width":2560,"height":1707},{"@type":"BreadcrumbList","@id":"https:\/\/fes-heidenheim.de\/gymnasium\/2026\/01\/15\/chorproben-zwischen-historischen-gemaelden-und-ehrwuerdigen-klostertueren-nachwuchschor-der-klassen-5-an-fes-gymnasium-und-fes-realschule-an-der-landesakademie-fuer-musik-im-kloster-ochsenhausen\/#breadcrumb","itemListElement":[{"@type":"ListItem","position":1,"name":"Startseite","item":"https:\/\/fes-heidenheim.de\/gymnasium\/"},{"@type":"ListItem","position":2,"name":"Chorproben zwischen historischen Gem\u00e4lden und ehrw\u00fcrdigen Klostert\u00fcren: Nachwuchschor der Klassen 5 an FES-Gymnasium und FES-Realschule an der Landesakademie f\u00fcr Musik im Kloster Ochsenhausen"}]},{"@type":"WebSite","@id":"https:\/\/fes-heidenheim.de\/gymnasium\/#website","url":"https:\/\/fes-heidenheim.de\/gymnasium\/","name":"Gymnasium | Freie Evangelische Schule und Kindertagesst\u00e4tte Heidenheim e. V.","description":"Eine weitere Freie Evangelische Schule Heidenheim e.V. Websites Website","potentialAction":[{"@type":"SearchAction","target":{"@type":"EntryPoint","urlTemplate":"https:\/\/fes-heidenheim.de\/gymnasium\/?s={search_term_string}"},"query-input":{"@type":"PropertyValueSpecification","valueRequired":true,"valueName":"search_term_string"}}],"inLanguage":"de"},{"@type":"Person","@id":"https:\/\/fes-heidenheim.de\/gymnasium\/#\/schema\/person\/e614df80cf0124a0861921322ba81ee9","name":"sekretariatgym","image":{"@type":"ImageObject","inLanguage":"de","@id":"https:\/\/secure.gravatar.com\/avatar\/8196f14ce1450e8b1558ed9138138a8a40a91d9ddc1e02556e5dd141376b7e3a?s=96&d=mm&r=g","url":"https:\/\/secure.gravatar.com\/avatar\/8196f14ce1450e8b1558ed9138138a8a40a91d9ddc1e02556e5dd141376b7e3a?s=96&d=mm&r=g","contentUrl":"https:\/\/secure.gravatar.com\/avatar\/8196f14ce1450e8b1558ed9138138a8a40a91d9ddc1e02556e5dd141376b7e3a?s=96&d=mm&r=g","caption":"sekretariatgym"},"url":"https:\/\/fes-heidenheim.de\/gymnasium\/author\/sekretariatgym\/"}]}},"_links":{"self":[{"href":"https:\/\/fes-heidenheim.de\/gymnasium\/wp-json\/wp\/v2\/posts\/6581","targetHints":{"allow":["GET"]}}],"collection":[{"href":"https:\/\/fes-heidenheim.de\/gymnasium\/wp-json\/wp\/v2\/posts"}],"about":[{"href":"https:\/\/fes-heidenheim.de\/gymnasium\/wp-json\/wp\/v2\/types\/post"}],"author":[{"embeddable":true,"href":"https:\/\/fes-heidenheim.de\/gymnasium\/wp-json\/wp\/v2\/users\/15"}],"replies":[{"embeddable":true,"href":"https:\/\/fes-heidenheim.de\/gymnasium\/wp-json\/wp\/v2\/comments?post=6581"}],"version-history":[{"count":2,"href":"https:\/\/fes-heidenheim.de\/gymnasium\/wp-json\/wp\/v2\/posts\/6581\/revisions"}],"predecessor-version":[{"id":6602,"href":"https:\/\/fes-heidenheim.de\/gymnasium\/wp-json\/wp\/v2\/posts\/6581\/revisions\/6602"}],"wp:featuredmedia":[{"embeddable":true,"href":"https:\/\/fes-heidenheim.de\/gymnasium\/wp-json\/wp\/v2\/media\/6603"}],"wp:attachment":[{"href":"https:\/\/fes-heidenheim.de\/gymnasium\/wp-json\/wp\/v2\/media?parent=6581"}],"wp:term":[{"taxonomy":"category","embeddable":true,"href":"https:\/\/fes-heidenheim.de\/gymnasium\/wp-json\/wp\/v2\/categories?post=6581"},{"taxonomy":"post_tag","embeddable":true,"href":"https:\/\/fes-heidenheim.de\/gymnasium\/wp-json\/wp\/v2\/tags?post=6581"}],"curies":[{"name":"wp","href":"https:\/\/api.w.org\/{rel}","templated":true}]}}