{"id":6619,"date":"2026-01-28T11:30:14","date_gmt":"2026-01-28T10:30:14","guid":{"rendered":"https:\/\/fes-heidenheim.de\/gymnasium\/?p=6619"},"modified":"2026-01-28T11:50:14","modified_gmt":"2026-01-28T10:50:14","slug":"neue-lernraeume-am-fes-gymnasium-und-der-fes-realschule-sanierung-des-schulgebaeudes-gestartet","status":"publish","type":"post","link":"https:\/\/fes-heidenheim.de\/gymnasium\/2026\/01\/28\/neue-lernraeume-am-fes-gymnasium-und-der-fes-realschule-sanierung-des-schulgebaeudes-gestartet\/","title":{"rendered":"Neue Lernr\u00e4ume am FES-Gymnasium und der FES-Realschule: Sanierung des Schulgeb\u00e4udes gestartet!"},"content":{"rendered":"\n<p>Am zur\u00fcck\u00adliegen\u00adden Fre\u00aditag ist die erste 5.Klasse aus ihrem alten Klassen\u00adraum aus\u00adge\u00adzo\u00adgen, um Platz zu schaf\u00adfen f\u00fcr die Gen\u00ader\u00adal\u00adsanierung des FES-Schul\u00adge\u00adb\u00e4udes des Gym\u00adnasial- und Realschulzweigs.\u2013 Mit \u201eSack und Pack\u201c ging es f\u00fcr die 25 Sch\u00fcler in die Con\u00adtainerun\u00adter\u00adricht\u00adsr\u00e4ume, die direkt neben dem Stam\u00admge\u00adb\u00e4ude bere\u00adits im Som\u00admer aufgestellt wur\u00adden. Der Unter\u00adricht\u00adsraum der 5.Kl\u00e4ssler der FES-Realschule bildet den Auf\u00adtakt f\u00fcr die Umbau\u00adma\u00df\u00adnah\u00admen, bei denen s\u00e4mtliche Fu\u00dfb\u00f6\u00adden aus\u00adge\u00adtauscht und neu ver\u00adlegt wer\u00adden, Hol\u00adzleis\u00adten neu instal\u00adliert wer\u00adden, W\u00e4nde ver\u00adputzt und neu gestrichen wer\u00adden, Deck\u00aden\u00adplat\u00adten erneuert wer\u00adden,&nbsp;etc.<\/p>\n\n\n\n<p>Die jun\u00adgen FES-ler freuen sich schon sehr auf einen neuen KLASSE-Raum!<\/p>\n\n\n\n<p>Ein\u00adblicke in den Fortschritt der Sanierungs\u00adma\u00df\u00adnah\u00admen, die das gesamte FES-Schul\u00adge\u00adb\u00e4ude von den Klassen\u00adr\u00e4u\u00admen \u00fcber Aula, Schulflure und Fachr\u00e4ume umfassen, gibt es hier immer wieder neu zu sehen. Schaut vor\u00adbei \u2013 und hal\u00adtet Euch auf dem Laufenden!<\/p>\n\n\n\n<figure class=\"wp-block-gallery has-nested-images columns-default is-cropped wp-block-gallery-1 is-layout-flex wp-block-gallery-is-layout-flex\">\n<figure class=\"wp-block-image size-large\"><img loading=\"lazy\" decoding=\"async\" width=\"1024\" height=\"683\" data-id=\"6620\" src=\"https:\/\/fes-heidenheim.de\/gymnasium\/wp-content\/uploads\/sites\/8\/2026\/01\/IMG_3142-1024x683.jpg\" alt=\"Neue Lernr\u00e4ume am FES-Gymnasium und der FES-Realschule: Sanierung des Schulgeb\u00e4udes gestartet!\" class=\"wp-image-6620\" srcset=\"https:\/\/fes-heidenheim.de\/gymnasium\/wp-content\/uploads\/sites\/8\/2026\/01\/IMG_3142-980x653.jpg 980w, https:\/\/fes-heidenheim.de\/gymnasium\/wp-content\/uploads\/sites\/8\/2026\/01\/IMG_3142-480x320.jpg 480w\" sizes=\"(min-width: 0px) and (max-width: 480px) 480px, (min-width: 481px) and (max-width: 980px) 980px, (min-width: 981px) 1024px, 100vw\"><\/figure>\n\n\n\n<figure class=\"wp-block-image size-large\"><img loading=\"lazy\" decoding=\"async\" width=\"1024\" height=\"683\" data-id=\"6621\" src=\"https:\/\/fes-heidenheim.de\/gymnasium\/wp-content\/uploads\/sites\/8\/2026\/01\/IMG_3139-1024x683.jpg\" alt=\"Neue Lernr\u00e4ume am FES-Gymnasium und der FES-Realschule: Sanierung des Schulgeb\u00e4udes gestartet!\" class=\"wp-image-6621\" srcset=\"https:\/\/fes-heidenheim.de\/gymnasium\/wp-content\/uploads\/sites\/8\/2026\/01\/IMG_3139-980x653.jpg 980w, https:\/\/fes-heidenheim.de\/gymnasium\/wp-content\/uploads\/sites\/8\/2026\/01\/IMG_3139-480x320.jpg 480w\" sizes=\"(min-width: 0px) and (max-width: 480px) 480px, (min-width: 481px) and (max-width: 980px) 980px, (min-width: 981px) 1024px, 100vw\"><\/figure>\n<\/figure>\n\n\n\n<figure class=\"wp-block-gallery has-nested-images columns-default is-cropped wp-block-gallery-2 is-layout-flex wp-block-gallery-is-layout-flex\">\n<figure class=\"wp-block-image size-large\"><img loading=\"lazy\" decoding=\"async\" width=\"1024\" height=\"683\" data-id=\"6623\" src=\"https:\/\/fes-heidenheim.de\/gymnasium\/wp-content\/uploads\/sites\/8\/2026\/01\/IMG_3170-1024x683.jpg\" alt=\"Neue Lernr\u00e4ume am FES-Gymnasium und der FES-Realschule: Sanierung des Schulgeb\u00e4udes gestartet!\" class=\"wp-image-6623\" srcset=\"https:\/\/fes-heidenheim.de\/gymnasium\/wp-content\/uploads\/sites\/8\/2026\/01\/IMG_3170-980x653.jpg 980w, https:\/\/fes-heidenheim.de\/gymnasium\/wp-content\/uploads\/sites\/8\/2026\/01\/IMG_3170-480x320.jpg 480w\" sizes=\"(min-width: 0px) and (max-width: 480px) 480px, (min-width: 481px) and (max-width: 980px) 980px, (min-width: 981px) 1024px, 100vw\"><\/figure>\n\n\n\n<figure class=\"wp-block-image size-large\"><img loading=\"lazy\" decoding=\"async\" width=\"1024\" height=\"683\" data-id=\"6622\" src=\"https:\/\/fes-heidenheim.de\/gymnasium\/wp-content\/uploads\/sites\/8\/2026\/01\/IMG_3172-1024x683.jpg\" alt=\"Neue Lernr\u00e4ume am FES-Gymnasium und der FES-Realschule: Sanierung des Schulgeb\u00e4udes gestartet!\" class=\"wp-image-6622\" srcset=\"https:\/\/fes-heidenheim.de\/gymnasium\/wp-content\/uploads\/sites\/8\/2026\/01\/IMG_3172-980x653.jpg 980w, https:\/\/fes-heidenheim.de\/gymnasium\/wp-content\/uploads\/sites\/8\/2026\/01\/IMG_3172-480x320.jpg 480w\" sizes=\"(min-width: 0px) and (max-width: 480px) 480px, (min-width: 481px) and (max-width: 980px) 980px, (min-width: 981px) 1024px, 100vw\"><\/figure>\n<\/figure>\n","protected":false},"excerpt":{"rendered":"<p>Am zur\u00fcck\u00adliegen\u00adden Fre\u00aditag ist die erste 5.Klasse aus ihrem alten Klassen\u00adraum aus\u00adge\u00adzo\u00adgen, um Platz zu schaf\u00adfen f\u00fcr die Gen\u00ader\u00adal\u00adsanierung des FES-Schul\u00adge\u00adb\u00e4udes des Gym\u00ad\u00adnasial- und Realschulzweigs.\u2013 Mit \u201eSack und Pack\u201c&nbsp;ging&nbsp;[\u2026]<\/p>\n","protected":false},"author":15,"featured_media":6623,"comment_status":"closed","ping_status":"closed","sticky":false,"template":"","format":"standard","meta":{"_et_pb_use_builder":"off","_et_pb_old_content":"","_et_gb_content_width":"","inline_featured_image":false,"wp_typography_post_enhancements_disabled":false,"footnotes":""},"categories":[29],"tags":[],"class_list":["post-6619","post","type-post","status-publish","format-standard","has-post-thumbnail","hentry","category-fes-realschule"],"yoast_head":"<!-- This site is optimized with the Yoast SEO plugin v27.4 - https:\/\/yoast.com\/product\/yoast-seo-wordpress\/ -->\n<title>Neue Lernr\u00e4ume am FES-Gymnasium und der FES-Realschule: Sanierung des Schulgeb\u00e4udes gestartet! - Gymnasium | Freie Evangelische Schule und Kindertagesst\u00e4tte Heidenheim e. V.<\/title>\n<meta name=\"robots\" content=\"index, follow, max-snippet:-1, max-image-preview:large, max-video-preview:-1\" \/>\n<link rel=\"canonical\" href=\"https:\/\/fes-heidenheim.de\/gymnasium\/2026\/01\/28\/neue-lernraeume-am-fes-gymnasium-und-der-fes-realschule-sanierung-des-schulgebaeudes-gestartet\/\" \/>\n<meta property=\"og:locale\" content=\"de_DE\" \/>\n<meta property=\"og:type\" content=\"article\" \/>\n<meta property=\"og:title\" content=\"Neue Lernr\u00e4ume am FES-Gymnasium und der FES-Realschule: Sanierung des Schulgeb\u00e4udes gestartet! - Gymnasium | Freie Evangelische Schule und Kindertagesst\u00e4tte Heidenheim e. V.\" \/>\n<meta property=\"og:description\" content=\"Am zur\u00fcck\u00adliegen\u00adden Fre\u00aditag ist die erste 5.Klasse aus ihrem alten Klassen\u00adraum aus\u00adge\u00adzo\u00adgen, um Platz zu schaf\u00adfen f\u00fcr die Gen\u00ader\u00adal\u00adsanierung des FES-Schul\u00adge\u00adb\u00e4udes des Gym\u00adnasial- und Realschulzweigs.\u2013 Mit \u201eSack und Pack\u201c ging [&hellip;]\" \/>\n<meta property=\"og:url\" content=\"https:\/\/fes-heidenheim.de\/gymnasium\/2026\/01\/28\/neue-lernraeume-am-fes-gymnasium-und-der-fes-realschule-sanierung-des-schulgebaeudes-gestartet\/\" \/>\n<meta property=\"og:site_name\" content=\"Gymnasium | Freie Evangelische Schule und Kindertagesst\u00e4tte Heidenheim e. V.\" \/>\n<meta property=\"article:published_time\" content=\"2026-01-28T10:30:14+00:00\" \/>\n<meta property=\"article:modified_time\" content=\"2026-01-28T10:50:14+00:00\" \/>\n<meta property=\"og:image\" content=\"https:\/\/fes-heidenheim.de\/gymnasium\/wp-content\/uploads\/sites\/8\/2026\/01\/IMG_3170-scaled.jpg\" \/>\n\t<meta property=\"og:image:width\" content=\"2560\" \/>\n\t<meta property=\"og:image:height\" content=\"1707\" \/>\n\t<meta property=\"og:image:type\" content=\"image\/jpeg\" \/>\n<meta name=\"author\" content=\"sekretariatgym\" \/>\n<meta name=\"twitter:card\" content=\"summary_large_image\" \/>\n<meta name=\"twitter:label1\" content=\"Verfasst von\" \/>\n\t<meta name=\"twitter:data1\" content=\"sekretariatgym\" \/>\n\t<meta name=\"twitter:label2\" content=\"Gesch\u00e4tzte Lesezeit\" \/>\n\t<meta name=\"twitter:data2\" content=\"2\u00a0Minuten\" \/>\n<script type=\"application\/ld+json\" class=\"yoast-schema-graph\">{\"@context\":\"https:\\\/\\\/schema.org\",\"@graph\":[{\"@type\":\"Article\",\"@id\":\"https:\\\/\\\/fes-heidenheim.de\\\/gymnasium\\\/2026\\\/01\\\/28\\\/neue-lernraeume-am-fes-gymnasium-und-der-fes-realschule-sanierung-des-schulgebaeudes-gestartet\\\/#article\",\"isPartOf\":{\"@id\":\"https:\\\/\\\/fes-heidenheim.de\\\/gymnasium\\\/2026\\\/01\\\/28\\\/neue-lernraeume-am-fes-gymnasium-und-der-fes-realschule-sanierung-des-schulgebaeudes-gestartet\\\/\"},\"author\":{\"name\":\"sekretariatgym\",\"@id\":\"https:\\\/\\\/fes-heidenheim.de\\\/gymnasium\\\/#\\\/schema\\\/person\\\/e614df80cf0124a0861921322ba81ee9\"},\"headline\":\"Neue Lernr\u00e4ume am FES-Gymnasium und der FES-Realschule: Sanierung des Schulgeb\u00e4udes gestartet!\",\"datePublished\":\"2026-01-28T10:30:14+00:00\",\"dateModified\":\"2026-01-28T10:50:14+00:00\",\"mainEntityOfPage\":{\"@id\":\"https:\\\/\\\/fes-heidenheim.de\\\/gymnasium\\\/2026\\\/01\\\/28\\\/neue-lernraeume-am-fes-gymnasium-und-der-fes-realschule-sanierung-des-schulgebaeudes-gestartet\\\/\"},\"wordCount\":159,\"image\":{\"@id\":\"https:\\\/\\\/fes-heidenheim.de\\\/gymnasium\\\/2026\\\/01\\\/28\\\/neue-lernraeume-am-fes-gymnasium-und-der-fes-realschule-sanierung-des-schulgebaeudes-gestartet\\\/#primaryimage\"},\"thumbnailUrl\":\"https:\\\/\\\/fes-heidenheim.de\\\/gymnasium\\\/wp-content\\\/uploads\\\/sites\\\/8\\\/2026\\\/01\\\/IMG_3170-scaled.jpg\",\"articleSection\":[\"FES Realschule\"],\"inLanguage\":\"de\"},{\"@type\":\"WebPage\",\"@id\":\"https:\\\/\\\/fes-heidenheim.de\\\/gymnasium\\\/2026\\\/01\\\/28\\\/neue-lernraeume-am-fes-gymnasium-und-der-fes-realschule-sanierung-des-schulgebaeudes-gestartet\\\/\",\"url\":\"https:\\\/\\\/fes-heidenheim.de\\\/gymnasium\\\/2026\\\/01\\\/28\\\/neue-lernraeume-am-fes-gymnasium-und-der-fes-realschule-sanierung-des-schulgebaeudes-gestartet\\\/\",\"name\":\"Neue Lernr\u00e4ume am FES-Gymnasium und der FES-Realschule: Sanierung des Schulgeb\u00e4udes gestartet! - Gymnasium | Freie Evangelische Schule und Kindertagesst\u00e4tte Heidenheim e. V.\",\"isPartOf\":{\"@id\":\"https:\\\/\\\/fes-heidenheim.de\\\/gymnasium\\\/#website\"},\"primaryImageOfPage\":{\"@id\":\"https:\\\/\\\/fes-heidenheim.de\\\/gymnasium\\\/2026\\\/01\\\/28\\\/neue-lernraeume-am-fes-gymnasium-und-der-fes-realschule-sanierung-des-schulgebaeudes-gestartet\\\/#primaryimage\"},\"image\":{\"@id\":\"https:\\\/\\\/fes-heidenheim.de\\\/gymnasium\\\/2026\\\/01\\\/28\\\/neue-lernraeume-am-fes-gymnasium-und-der-fes-realschule-sanierung-des-schulgebaeudes-gestartet\\\/#primaryimage\"},\"thumbnailUrl\":\"https:\\\/\\\/fes-heidenheim.de\\\/gymnasium\\\/wp-content\\\/uploads\\\/sites\\\/8\\\/2026\\\/01\\\/IMG_3170-scaled.jpg\",\"datePublished\":\"2026-01-28T10:30:14+00:00\",\"dateModified\":\"2026-01-28T10:50:14+00:00\",\"author\":{\"@id\":\"https:\\\/\\\/fes-heidenheim.de\\\/gymnasium\\\/#\\\/schema\\\/person\\\/e614df80cf0124a0861921322ba81ee9\"},\"breadcrumb\":{\"@id\":\"https:\\\/\\\/fes-heidenheim.de\\\/gymnasium\\\/2026\\\/01\\\/28\\\/neue-lernraeume-am-fes-gymnasium-und-der-fes-realschule-sanierung-des-schulgebaeudes-gestartet\\\/#breadcrumb\"},\"inLanguage\":\"de\",\"potentialAction\":[{\"@type\":\"ReadAction\",\"target\":[\"https:\\\/\\\/fes-heidenheim.de\\\/gymnasium\\\/2026\\\/01\\\/28\\\/neue-lernraeume-am-fes-gymnasium-und-der-fes-realschule-sanierung-des-schulgebaeudes-gestartet\\\/\"]}]},{\"@type\":\"ImageObject\",\"inLanguage\":\"de\",\"@id\":\"https:\\\/\\\/fes-heidenheim.de\\\/gymnasium\\\/2026\\\/01\\\/28\\\/neue-lernraeume-am-fes-gymnasium-und-der-fes-realschule-sanierung-des-schulgebaeudes-gestartet\\\/#primaryimage\",\"url\":\"https:\\\/\\\/fes-heidenheim.de\\\/gymnasium\\\/wp-content\\\/uploads\\\/sites\\\/8\\\/2026\\\/01\\\/IMG_3170-scaled.jpg\",\"contentUrl\":\"https:\\\/\\\/fes-heidenheim.de\\\/gymnasium\\\/wp-content\\\/uploads\\\/sites\\\/8\\\/2026\\\/01\\\/IMG_3170-scaled.jpg\",\"width\":2560,\"height\":1707},{\"@type\":\"BreadcrumbList\",\"@id\":\"https:\\\/\\\/fes-heidenheim.de\\\/gymnasium\\\/2026\\\/01\\\/28\\\/neue-lernraeume-am-fes-gymnasium-und-der-fes-realschule-sanierung-des-schulgebaeudes-gestartet\\\/#breadcrumb\",\"itemListElement\":[{\"@type\":\"ListItem\",\"position\":1,\"name\":\"Startseite\",\"item\":\"https:\\\/\\\/fes-heidenheim.de\\\/gymnasium\\\/\"},{\"@type\":\"ListItem\",\"position\":2,\"name\":\"Neue Lernr\u00e4ume am FES-Gymnasium und der FES-Realschule: Sanierung des Schulgeb\u00e4udes gestartet!\"}]},{\"@type\":\"WebSite\",\"@id\":\"https:\\\/\\\/fes-heidenheim.de\\\/gymnasium\\\/#website\",\"url\":\"https:\\\/\\\/fes-heidenheim.de\\\/gymnasium\\\/\",\"name\":\"Gymnasium | Freie Evangelische Schule und Kindertagesst\u00e4tte Heidenheim e. V.\",\"description\":\"Eine weitere Freie Evangelische Schule Heidenheim e.V. Websites Website\",\"potentialAction\":[{\"@type\":\"SearchAction\",\"target\":{\"@type\":\"EntryPoint\",\"urlTemplate\":\"https:\\\/\\\/fes-heidenheim.de\\\/gymnasium\\\/?s={search_term_string}\"},\"query-input\":{\"@type\":\"PropertyValueSpecification\",\"valueRequired\":true,\"valueName\":\"search_term_string\"}}],\"inLanguage\":\"de\"},{\"@type\":\"Person\",\"@id\":\"https:\\\/\\\/fes-heidenheim.de\\\/gymnasium\\\/#\\\/schema\\\/person\\\/e614df80cf0124a0861921322ba81ee9\",\"name\":\"sekretariatgym\",\"image\":{\"@type\":\"ImageObject\",\"inLanguage\":\"de\",\"@id\":\"https:\\\/\\\/secure.gravatar.com\\\/avatar\\\/8196f14ce1450e8b1558ed9138138a8a40a91d9ddc1e02556e5dd141376b7e3a?s=96&d=mm&r=g\",\"url\":\"https:\\\/\\\/secure.gravatar.com\\\/avatar\\\/8196f14ce1450e8b1558ed9138138a8a40a91d9ddc1e02556e5dd141376b7e3a?s=96&d=mm&r=g\",\"contentUrl\":\"https:\\\/\\\/secure.gravatar.com\\\/avatar\\\/8196f14ce1450e8b1558ed9138138a8a40a91d9ddc1e02556e5dd141376b7e3a?s=96&d=mm&r=g\",\"caption\":\"sekretariatgym\"},\"url\":\"https:\\\/\\\/fes-heidenheim.de\\\/gymnasium\\\/author\\\/sekretariatgym\\\/\"}]}<\/script>\n<!-- \/ Yoast SEO plugin. -->","yoast_head_json":{"title":"Neue Lernr\u00e4ume am FES-Gymnasium und der FES-Realschule: Sanierung des Schulgeb\u00e4udes gestartet! - Gymnasium | Freie Evangelische Schule und Kindertagesst\u00e4tte Heidenheim e. V.","robots":{"index":"index","follow":"follow","max-snippet":"max-snippet:-1","max-image-preview":"max-image-preview:large","max-video-preview":"max-video-preview:-1"},"canonical":"https:\/\/fes-heidenheim.de\/gymnasium\/2026\/01\/28\/neue-lernraeume-am-fes-gymnasium-und-der-fes-realschule-sanierung-des-schulgebaeudes-gestartet\/","og_locale":"de_DE","og_type":"article","og_title":"Neue Lernr\u00e4ume am FES-Gymnasium und der FES-Realschule: Sanierung des Schulgeb\u00e4udes gestartet! - Gymnasium | Freie Evangelische Schule und Kindertagesst\u00e4tte Heidenheim e. V.","og_description":"Am zur\u00fcck\u00adliegen\u00adden Fre\u00aditag ist die erste 5.Klasse aus ihrem alten Klassen\u00adraum aus\u00adge\u00adzo\u00adgen, um Platz zu schaf\u00adfen f\u00fcr die Gen\u00ader\u00adal\u00adsanierung des FES-Schul\u00adge\u00adb\u00e4udes des Gym\u00adnasial- und Realschulzweigs.\u2013 Mit \u201eSack und Pack\u201c ging [&hellip;]","og_url":"https:\/\/fes-heidenheim.de\/gymnasium\/2026\/01\/28\/neue-lernraeume-am-fes-gymnasium-und-der-fes-realschule-sanierung-des-schulgebaeudes-gestartet\/","og_site_name":"Gymnasium | Freie Evangelische Schule und Kindertagesst\u00e4tte Heidenheim e. V.","article_published_time":"2026-01-28T10:30:14+00:00","article_modified_time":"2026-01-28T10:50:14+00:00","og_image":[{"width":2560,"height":1707,"url":"https:\/\/fes-heidenheim.de\/gymnasium\/wp-content\/uploads\/sites\/8\/2026\/01\/IMG_3170-scaled.jpg","type":"image\/jpeg"}],"author":"sekretariatgym","twitter_card":"summary_large_image","twitter_misc":{"Verfasst von":"sekretariatgym","Gesch\u00e4tzte Lesezeit":"2\u00a0Minuten"},"schema":{"@context":"https:\/\/schema.org","@graph":[{"@type":"Article","@id":"https:\/\/fes-heidenheim.de\/gymnasium\/2026\/01\/28\/neue-lernraeume-am-fes-gymnasium-und-der-fes-realschule-sanierung-des-schulgebaeudes-gestartet\/#article","isPartOf":{"@id":"https:\/\/fes-heidenheim.de\/gymnasium\/2026\/01\/28\/neue-lernraeume-am-fes-gymnasium-und-der-fes-realschule-sanierung-des-schulgebaeudes-gestartet\/"},"author":{"name":"sekretariatgym","@id":"https:\/\/fes-heidenheim.de\/gymnasium\/#\/schema\/person\/e614df80cf0124a0861921322ba81ee9"},"headline":"Neue Lernr\u00e4ume am FES-Gymnasium und der FES-Realschule: Sanierung des Schulgeb\u00e4udes gestartet!","datePublished":"2026-01-28T10:30:14+00:00","dateModified":"2026-01-28T10:50:14+00:00","mainEntityOfPage":{"@id":"https:\/\/fes-heidenheim.de\/gymnasium\/2026\/01\/28\/neue-lernraeume-am-fes-gymnasium-und-der-fes-realschule-sanierung-des-schulgebaeudes-gestartet\/"},"wordCount":159,"image":{"@id":"https:\/\/fes-heidenheim.de\/gymnasium\/2026\/01\/28\/neue-lernraeume-am-fes-gymnasium-und-der-fes-realschule-sanierung-des-schulgebaeudes-gestartet\/#primaryimage"},"thumbnailUrl":"https:\/\/fes-heidenheim.de\/gymnasium\/wp-content\/uploads\/sites\/8\/2026\/01\/IMG_3170-scaled.jpg","articleSection":["FES Realschule"],"inLanguage":"de"},{"@type":"WebPage","@id":"https:\/\/fes-heidenheim.de\/gymnasium\/2026\/01\/28\/neue-lernraeume-am-fes-gymnasium-und-der-fes-realschule-sanierung-des-schulgebaeudes-gestartet\/","url":"https:\/\/fes-heidenheim.de\/gymnasium\/2026\/01\/28\/neue-lernraeume-am-fes-gymnasium-und-der-fes-realschule-sanierung-des-schulgebaeudes-gestartet\/","name":"Neue Lernr\u00e4ume am FES-Gymnasium und der FES-Realschule: Sanierung des Schulgeb\u00e4udes gestartet! - Gymnasium | Freie Evangelische Schule und Kindertagesst\u00e4tte Heidenheim e. V.","isPartOf":{"@id":"https:\/\/fes-heidenheim.de\/gymnasium\/#website"},"primaryImageOfPage":{"@id":"https:\/\/fes-heidenheim.de\/gymnasium\/2026\/01\/28\/neue-lernraeume-am-fes-gymnasium-und-der-fes-realschule-sanierung-des-schulgebaeudes-gestartet\/#primaryimage"},"image":{"@id":"https:\/\/fes-heidenheim.de\/gymnasium\/2026\/01\/28\/neue-lernraeume-am-fes-gymnasium-und-der-fes-realschule-sanierung-des-schulgebaeudes-gestartet\/#primaryimage"},"thumbnailUrl":"https:\/\/fes-heidenheim.de\/gymnasium\/wp-content\/uploads\/sites\/8\/2026\/01\/IMG_3170-scaled.jpg","datePublished":"2026-01-28T10:30:14+00:00","dateModified":"2026-01-28T10:50:14+00:00","author":{"@id":"https:\/\/fes-heidenheim.de\/gymnasium\/#\/schema\/person\/e614df80cf0124a0861921322ba81ee9"},"breadcrumb":{"@id":"https:\/\/fes-heidenheim.de\/gymnasium\/2026\/01\/28\/neue-lernraeume-am-fes-gymnasium-und-der-fes-realschule-sanierung-des-schulgebaeudes-gestartet\/#breadcrumb"},"inLanguage":"de","potentialAction":[{"@type":"ReadAction","target":["https:\/\/fes-heidenheim.de\/gymnasium\/2026\/01\/28\/neue-lernraeume-am-fes-gymnasium-und-der-fes-realschule-sanierung-des-schulgebaeudes-gestartet\/"]}]},{"@type":"ImageObject","inLanguage":"de","@id":"https:\/\/fes-heidenheim.de\/gymnasium\/2026\/01\/28\/neue-lernraeume-am-fes-gymnasium-und-der-fes-realschule-sanierung-des-schulgebaeudes-gestartet\/#primaryimage","url":"https:\/\/fes-heidenheim.de\/gymnasium\/wp-content\/uploads\/sites\/8\/2026\/01\/IMG_3170-scaled.jpg","contentUrl":"https:\/\/fes-heidenheim.de\/gymnasium\/wp-content\/uploads\/sites\/8\/2026\/01\/IMG_3170-scaled.jpg","width":2560,"height":1707},{"@type":"BreadcrumbList","@id":"https:\/\/fes-heidenheim.de\/gymnasium\/2026\/01\/28\/neue-lernraeume-am-fes-gymnasium-und-der-fes-realschule-sanierung-des-schulgebaeudes-gestartet\/#breadcrumb","itemListElement":[{"@type":"ListItem","position":1,"name":"Startseite","item":"https:\/\/fes-heidenheim.de\/gymnasium\/"},{"@type":"ListItem","position":2,"name":"Neue Lernr\u00e4ume am FES-Gymnasium und der FES-Realschule: Sanierung des Schulgeb\u00e4udes gestartet!"}]},{"@type":"WebSite","@id":"https:\/\/fes-heidenheim.de\/gymnasium\/#website","url":"https:\/\/fes-heidenheim.de\/gymnasium\/","name":"Gymnasium | Freie Evangelische Schule und Kindertagesst\u00e4tte Heidenheim e. V.","description":"Eine weitere Freie Evangelische Schule Heidenheim e.V. Websites Website","potentialAction":[{"@type":"SearchAction","target":{"@type":"EntryPoint","urlTemplate":"https:\/\/fes-heidenheim.de\/gymnasium\/?s={search_term_string}"},"query-input":{"@type":"PropertyValueSpecification","valueRequired":true,"valueName":"search_term_string"}}],"inLanguage":"de"},{"@type":"Person","@id":"https:\/\/fes-heidenheim.de\/gymnasium\/#\/schema\/person\/e614df80cf0124a0861921322ba81ee9","name":"sekretariatgym","image":{"@type":"ImageObject","inLanguage":"de","@id":"https:\/\/secure.gravatar.com\/avatar\/8196f14ce1450e8b1558ed9138138a8a40a91d9ddc1e02556e5dd141376b7e3a?s=96&d=mm&r=g","url":"https:\/\/secure.gravatar.com\/avatar\/8196f14ce1450e8b1558ed9138138a8a40a91d9ddc1e02556e5dd141376b7e3a?s=96&d=mm&r=g","contentUrl":"https:\/\/secure.gravatar.com\/avatar\/8196f14ce1450e8b1558ed9138138a8a40a91d9ddc1e02556e5dd141376b7e3a?s=96&d=mm&r=g","caption":"sekretariatgym"},"url":"https:\/\/fes-heidenheim.de\/gymnasium\/author\/sekretariatgym\/"}]}},"_links":{"self":[{"href":"https:\/\/fes-heidenheim.de\/gymnasium\/wp-json\/wp\/v2\/posts\/6619","targetHints":{"allow":["GET"]}}],"collection":[{"href":"https:\/\/fes-heidenheim.de\/gymnasium\/wp-json\/wp\/v2\/posts"}],"about":[{"href":"https:\/\/fes-heidenheim.de\/gymnasium\/wp-json\/wp\/v2\/types\/post"}],"author":[{"embeddable":true,"href":"https:\/\/fes-heidenheim.de\/gymnasium\/wp-json\/wp\/v2\/users\/15"}],"replies":[{"embeddable":true,"href":"https:\/\/fes-heidenheim.de\/gymnasium\/wp-json\/wp\/v2\/comments?post=6619"}],"version-history":[{"count":1,"href":"https:\/\/fes-heidenheim.de\/gymnasium\/wp-json\/wp\/v2\/posts\/6619\/revisions"}],"predecessor-version":[{"id":6624,"href":"https:\/\/fes-heidenheim.de\/gymnasium\/wp-json\/wp\/v2\/posts\/6619\/revisions\/6624"}],"wp:featuredmedia":[{"embeddable":true,"href":"https:\/\/fes-heidenheim.de\/gymnasium\/wp-json\/wp\/v2\/media\/6623"}],"wp:attachment":[{"href":"https:\/\/fes-heidenheim.de\/gymnasium\/wp-json\/wp\/v2\/media?parent=6619"}],"wp:term":[{"taxonomy":"category","embeddable":true,"href":"https:\/\/fes-heidenheim.de\/gymnasium\/wp-json\/wp\/v2\/categories?post=6619"},{"taxonomy":"post_tag","embeddable":true,"href":"https:\/\/fes-heidenheim.de\/gymnasium\/wp-json\/wp\/v2\/tags?post=6619"}],"curies":[{"name":"wp","href":"https:\/\/api.w.org\/{rel}","templated":true}]}}