{"id":6625,"date":"2026-01-28T11:43:49","date_gmt":"2026-01-28T10:43:49","guid":{"rendered":"https:\/\/fes-heidenheim.de\/gymnasium\/?p=6625"},"modified":"2026-01-28T11:43:49","modified_gmt":"2026-01-28T10:43:49","slug":"45-schueler-der-6-klassen-am-start-ein-paedagogisches-projekt-mit-musik-und-spass","status":"publish","type":"post","link":"https:\/\/fes-heidenheim.de\/gymnasium\/2026\/01\/28\/45-schueler-der-6-klassen-am-start-ein-paedagogisches-projekt-mit-musik-und-spass\/","title":{"rendered":"45 Sch\u00fcler der 6.Klassen am Start: Ein p\u00e4dagogisches Projekt mit Musik und&nbsp;Spa\u00df!"},"content":{"rendered":"\n<p>Die Auf\u00adf\u00fchrun\u00adgen von \u201ePETRUS \u2013 Super\u00adstar?!\u201c an diesem Don\u00adner\u00adstag (Pre\u00admiere, 18:30 Uhr) und am Fre\u00aditag (Nach\u00admit\u00adtagsauf\u00adf\u00fchrung, 16:30 Uhr) bilden das Finale des diesj\u00e4hri\u00adgen Klassen\u00admusik\u00adthe\u00adater\u00adpro\u00adjek\u00adts der 6.Klassenstufe unseres FES-Gym\u00adna\u00adsi\u00adums und unser\u00ader FES-Realschule, das christliche Werte, p\u00e4d\u00ada\u00adgogis\u00adche Arbeit und ber\u00fchrende B\u00fchnen\u00ader\u00adleb\u00adnisse verbindet.<\/p>\n\n\n\n<p>Heute wurde flei\u00dfig geprobt \u2013 auf der B\u00fchne, hin\u00adter der B\u00fchne und vor der B\u00fchne \u2013 mit Humor und viel Freude. Das Musik\u00adthe\u00adater\u00adpro\u00adjekt erz\u00e4hlt dieses Mal die bekan\u00adnte Geschichte von Petrus aus dem Neuen Tes\u00adta\u00adment \u2014 und schl\u00e4gt dabei die Br\u00fccke in die heutige Zeit.<\/p>\n\n\n\n<p>\u201eBei unseren FES-Musik\u00adthe\u00adater\u00adpro\u00adjek\u00adten geht es ganz viel auch darum, dass die Kinder beson\u00addere Erfol\u00adgser\u00adleb\u00adnisse haben, dass sie \u00fcber sich hin\u00adauswach\u00adsen \u2013 und als Klas\u00adsen\u00adge\u00admein\u00adschaften und Schul\u00adstufe zusam\u00admenwach\u00adsen\u201c, freut sich Schulleit\u00ader Andreas Borkeloh. \u201eUnsere Sch\u00fcler \u00fcben, wach\u00adsen in die Geschichte und Musik rein \u2013 und erleben mit allen Sin\u00adnen diese bib\u00adlis\u00adche Geschichte \u00fcber Petrus und die anderen J\u00fcnger, die Jesus haut\u00adnah begleit\u00aden durften. Und nach f\u00fcnf Tagen ste\u00adhen sie auf der gro\u00dfen B\u00fchne vor hun\u00adderten Leuten \u2013 ein echt\u00ades p\u00e4d\u00ada\u00adgogis\u00adches Pro\u00adjekt mit Musik und Spa\u00df \u2013 und Mehrwert\u201c!<\/p>\n\n\n\n<p><strong>Her\u00adzliche Ein\u00adladung zum Zuschauen und Zuh\u00f6ren!<\/strong><\/p>\n\n\n\n<figure class=\"wp-block-gallery has-nested-images columns-default is-cropped wp-block-gallery-1 is-layout-flex wp-block-gallery-is-layout-flex\">\n<figure class=\"wp-block-image size-large\"><img loading=\"lazy\" decoding=\"async\" width=\"1024\" height=\"683\" data-id=\"6626\" src=\"https:\/\/fes-heidenheim.de\/gymnasium\/wp-content\/uploads\/sites\/8\/2026\/01\/IMG_3161-1024x683.jpg\" alt=\"45 Sch\u00fcler der 6.Klassen am Start: Ein p\u00e4dagogisches Projekt mit Musik und Spa\u00df!\" class=\"wp-image-6626\" srcset=\"https:\/\/fes-heidenheim.de\/gymnasium\/wp-content\/uploads\/sites\/8\/2026\/01\/IMG_3161-980x653.jpg 980w, https:\/\/fes-heidenheim.de\/gymnasium\/wp-content\/uploads\/sites\/8\/2026\/01\/IMG_3161-480x320.jpg 480w\" sizes=\"(min-width: 0px) and (max-width: 480px) 480px, (min-width: 481px) and (max-width: 980px) 980px, (min-width: 981px) 1024px, 100vw\"><\/figure>\n\n\n\n<figure class=\"wp-block-image size-large\"><img loading=\"lazy\" decoding=\"async\" width=\"1024\" height=\"683\" data-id=\"6627\" src=\"https:\/\/fes-heidenheim.de\/gymnasium\/wp-content\/uploads\/sites\/8\/2026\/01\/IMG_3147-1024x683.jpg\" alt=\"45 Sch\u00fcler der 6.Klassen am Start: Ein p\u00e4dagogisches Projekt mit Musik und Spa\u00df!\" class=\"wp-image-6627\" srcset=\"https:\/\/fes-heidenheim.de\/gymnasium\/wp-content\/uploads\/sites\/8\/2026\/01\/IMG_3147-980x653.jpg 980w, https:\/\/fes-heidenheim.de\/gymnasium\/wp-content\/uploads\/sites\/8\/2026\/01\/IMG_3147-480x320.jpg 480w\" sizes=\"(min-width: 0px) and (max-width: 480px) 480px, (min-width: 481px) and (max-width: 980px) 980px, (min-width: 981px) 1024px, 100vw\"><\/figure>\n<\/figure>\n","protected":false},"excerpt":{"rendered":"<p>Die Auf\u00adf\u00fchrun\u00adgen von \u201ePETRUS \u2013 Super\u00adstar?!\u201c an diesem Don\u00adner\u00adstag (Pre\u00admiere, 18:30 Uhr) und am Fre\u00aditag (Nach\u00admit\u00adtagsauf\u00adf\u00fchrung, 16:30 Uhr) bilden das Finale des diesj\u00e4hri\u00adgen Klassen\u00admusik\u00adthe\u00adater\u00adpro\u00adjek\u00adts der 6.Klassenstufe unseres FES-Gym\u00ad\u00adna\u00adsi\u00adums und unserer&nbsp;[\u2026]<\/p>\n","protected":false},"author":15,"featured_media":6628,"comment_status":"closed","ping_status":"closed","sticky":false,"template":"","format":"standard","meta":{"_et_pb_use_builder":"off","_et_pb_old_content":"","_et_gb_content_width":"","inline_featured_image":false,"wp_typography_post_enhancements_disabled":false,"footnotes":""},"categories":[30,29],"tags":[],"class_list":["post-6625","post","type-post","status-publish","format-standard","has-post-thumbnail","hentry","category-fes-gymnasium","category-fes-realschule"],"yoast_head":"<!-- This site is optimized with the Yoast SEO plugin v27.4 - https:\/\/yoast.com\/product\/yoast-seo-wordpress\/ -->\n<title>45 Sch\u00fcler der 6.Klassen am Start: Ein p\u00e4dagogisches Projekt mit Musik und Spa\u00df! - Gymnasium | Freie Evangelische Schule und Kindertagesst\u00e4tte Heidenheim e. V.<\/title>\n<meta name=\"robots\" content=\"index, follow, max-snippet:-1, max-image-preview:large, max-video-preview:-1\" \/>\n<link rel=\"canonical\" href=\"https:\/\/fes-heidenheim.de\/gymnasium\/2026\/01\/28\/45-schueler-der-6-klassen-am-start-ein-paedagogisches-projekt-mit-musik-und-spass\/\" \/>\n<meta property=\"og:locale\" content=\"de_DE\" \/>\n<meta property=\"og:type\" content=\"article\" \/>\n<meta property=\"og:title\" content=\"45 Sch\u00fcler der 6.Klassen am Start: Ein p\u00e4dagogisches Projekt mit Musik und Spa\u00df! - Gymnasium | Freie Evangelische Schule und Kindertagesst\u00e4tte Heidenheim e. V.\" \/>\n<meta property=\"og:description\" content=\"Die Auf\u00adf\u00fchrun\u00adgen von \u201ePETRUS \u2013 Super\u00adstar?!\u201c an diesem Don\u00adner\u00adstag (Pre\u00admiere, 18:30 Uhr) und am Fre\u00aditag (Nach\u00admit\u00adtagsauf\u00adf\u00fchrung, 16:30 Uhr) bilden das Finale des diesj\u00e4hri\u00adgen Klassen\u00admusik\u00adthe\u00adater\u00adpro\u00adjek\u00adts der 6.Klassenstufe unseres FES-Gym\u00adna\u00adsi\u00adums und unser\u00ader [&hellip;]\" \/>\n<meta property=\"og:url\" content=\"https:\/\/fes-heidenheim.de\/gymnasium\/2026\/01\/28\/45-schueler-der-6-klassen-am-start-ein-paedagogisches-projekt-mit-musik-und-spass\/\" \/>\n<meta property=\"og:site_name\" content=\"Gymnasium | Freie Evangelische Schule und Kindertagesst\u00e4tte Heidenheim e. V.\" \/>\n<meta property=\"article:published_time\" content=\"2026-01-28T10:43:49+00:00\" \/>\n<meta property=\"og:image\" content=\"https:\/\/fes-heidenheim.de\/gymnasium\/wp-content\/uploads\/sites\/8\/2026\/01\/IMG_3166-scaled.jpg\" \/>\n\t<meta property=\"og:image:width\" content=\"2560\" \/>\n\t<meta property=\"og:image:height\" content=\"1707\" \/>\n\t<meta property=\"og:image:type\" content=\"image\/jpeg\" \/>\n<meta name=\"author\" content=\"sekretariatgym\" \/>\n<meta name=\"twitter:card\" content=\"summary_large_image\" \/>\n<meta name=\"twitter:label1\" content=\"Verfasst von\" \/>\n\t<meta name=\"twitter:data1\" content=\"sekretariatgym\" \/>\n\t<meta name=\"twitter:label2\" content=\"Gesch\u00e4tzte Lesezeit\" \/>\n\t<meta name=\"twitter:data2\" content=\"2\u00a0Minuten\" \/>\n<script type=\"application\/ld+json\" class=\"yoast-schema-graph\">{\"@context\":\"https:\\\/\\\/schema.org\",\"@graph\":[{\"@type\":\"Article\",\"@id\":\"https:\\\/\\\/fes-heidenheim.de\\\/gymnasium\\\/2026\\\/01\\\/28\\\/45-schueler-der-6-klassen-am-start-ein-paedagogisches-projekt-mit-musik-und-spass\\\/#article\",\"isPartOf\":{\"@id\":\"https:\\\/\\\/fes-heidenheim.de\\\/gymnasium\\\/2026\\\/01\\\/28\\\/45-schueler-der-6-klassen-am-start-ein-paedagogisches-projekt-mit-musik-und-spass\\\/\"},\"author\":{\"name\":\"sekretariatgym\",\"@id\":\"https:\\\/\\\/fes-heidenheim.de\\\/gymnasium\\\/#\\\/schema\\\/person\\\/e614df80cf0124a0861921322ba81ee9\"},\"headline\":\"45 Sch\u00fcler der 6.Klassen am Start: Ein p\u00e4dagogisches Projekt mit Musik und&nbsp;Spa\u00df!\",\"datePublished\":\"2026-01-28T10:43:49+00:00\",\"mainEntityOfPage\":{\"@id\":\"https:\\\/\\\/fes-heidenheim.de\\\/gymnasium\\\/2026\\\/01\\\/28\\\/45-schueler-der-6-klassen-am-start-ein-paedagogisches-projekt-mit-musik-und-spass\\\/\"},\"wordCount\":203,\"image\":{\"@id\":\"https:\\\/\\\/fes-heidenheim.de\\\/gymnasium\\\/2026\\\/01\\\/28\\\/45-schueler-der-6-klassen-am-start-ein-paedagogisches-projekt-mit-musik-und-spass\\\/#primaryimage\"},\"thumbnailUrl\":\"https:\\\/\\\/fes-heidenheim.de\\\/gymnasium\\\/wp-content\\\/uploads\\\/sites\\\/8\\\/2026\\\/01\\\/IMG_3166-scaled.jpg\",\"articleSection\":[\"FES Gymnasium\",\"FES Realschule\"],\"inLanguage\":\"de\"},{\"@type\":\"WebPage\",\"@id\":\"https:\\\/\\\/fes-heidenheim.de\\\/gymnasium\\\/2026\\\/01\\\/28\\\/45-schueler-der-6-klassen-am-start-ein-paedagogisches-projekt-mit-musik-und-spass\\\/\",\"url\":\"https:\\\/\\\/fes-heidenheim.de\\\/gymnasium\\\/2026\\\/01\\\/28\\\/45-schueler-der-6-klassen-am-start-ein-paedagogisches-projekt-mit-musik-und-spass\\\/\",\"name\":\"45 Sch\u00fcler der 6.Klassen am Start: Ein p\u00e4dagogisches Projekt mit Musik und Spa\u00df! - Gymnasium | Freie Evangelische Schule und Kindertagesst\u00e4tte Heidenheim e. V.\",\"isPartOf\":{\"@id\":\"https:\\\/\\\/fes-heidenheim.de\\\/gymnasium\\\/#website\"},\"primaryImageOfPage\":{\"@id\":\"https:\\\/\\\/fes-heidenheim.de\\\/gymnasium\\\/2026\\\/01\\\/28\\\/45-schueler-der-6-klassen-am-start-ein-paedagogisches-projekt-mit-musik-und-spass\\\/#primaryimage\"},\"image\":{\"@id\":\"https:\\\/\\\/fes-heidenheim.de\\\/gymnasium\\\/2026\\\/01\\\/28\\\/45-schueler-der-6-klassen-am-start-ein-paedagogisches-projekt-mit-musik-und-spass\\\/#primaryimage\"},\"thumbnailUrl\":\"https:\\\/\\\/fes-heidenheim.de\\\/gymnasium\\\/wp-content\\\/uploads\\\/sites\\\/8\\\/2026\\\/01\\\/IMG_3166-scaled.jpg\",\"datePublished\":\"2026-01-28T10:43:49+00:00\",\"author\":{\"@id\":\"https:\\\/\\\/fes-heidenheim.de\\\/gymnasium\\\/#\\\/schema\\\/person\\\/e614df80cf0124a0861921322ba81ee9\"},\"breadcrumb\":{\"@id\":\"https:\\\/\\\/fes-heidenheim.de\\\/gymnasium\\\/2026\\\/01\\\/28\\\/45-schueler-der-6-klassen-am-start-ein-paedagogisches-projekt-mit-musik-und-spass\\\/#breadcrumb\"},\"inLanguage\":\"de\",\"potentialAction\":[{\"@type\":\"ReadAction\",\"target\":[\"https:\\\/\\\/fes-heidenheim.de\\\/gymnasium\\\/2026\\\/01\\\/28\\\/45-schueler-der-6-klassen-am-start-ein-paedagogisches-projekt-mit-musik-und-spass\\\/\"]}]},{\"@type\":\"ImageObject\",\"inLanguage\":\"de\",\"@id\":\"https:\\\/\\\/fes-heidenheim.de\\\/gymnasium\\\/2026\\\/01\\\/28\\\/45-schueler-der-6-klassen-am-start-ein-paedagogisches-projekt-mit-musik-und-spass\\\/#primaryimage\",\"url\":\"https:\\\/\\\/fes-heidenheim.de\\\/gymnasium\\\/wp-content\\\/uploads\\\/sites\\\/8\\\/2026\\\/01\\\/IMG_3166-scaled.jpg\",\"contentUrl\":\"https:\\\/\\\/fes-heidenheim.de\\\/gymnasium\\\/wp-content\\\/uploads\\\/sites\\\/8\\\/2026\\\/01\\\/IMG_3166-scaled.jpg\",\"width\":2560,\"height\":1707},{\"@type\":\"BreadcrumbList\",\"@id\":\"https:\\\/\\\/fes-heidenheim.de\\\/gymnasium\\\/2026\\\/01\\\/28\\\/45-schueler-der-6-klassen-am-start-ein-paedagogisches-projekt-mit-musik-und-spass\\\/#breadcrumb\",\"itemListElement\":[{\"@type\":\"ListItem\",\"position\":1,\"name\":\"Startseite\",\"item\":\"https:\\\/\\\/fes-heidenheim.de\\\/gymnasium\\\/\"},{\"@type\":\"ListItem\",\"position\":2,\"name\":\"45 Sch\u00fcler der 6.Klassen am Start: Ein p\u00e4dagogisches Projekt mit Musik und Spa\u00df!\"}]},{\"@type\":\"WebSite\",\"@id\":\"https:\\\/\\\/fes-heidenheim.de\\\/gymnasium\\\/#website\",\"url\":\"https:\\\/\\\/fes-heidenheim.de\\\/gymnasium\\\/\",\"name\":\"Gymnasium | Freie Evangelische Schule und Kindertagesst\u00e4tte Heidenheim e. V.\",\"description\":\"Eine weitere Freie Evangelische Schule Heidenheim e.V. Websites Website\",\"potentialAction\":[{\"@type\":\"SearchAction\",\"target\":{\"@type\":\"EntryPoint\",\"urlTemplate\":\"https:\\\/\\\/fes-heidenheim.de\\\/gymnasium\\\/?s={search_term_string}\"},\"query-input\":{\"@type\":\"PropertyValueSpecification\",\"valueRequired\":true,\"valueName\":\"search_term_string\"}}],\"inLanguage\":\"de\"},{\"@type\":\"Person\",\"@id\":\"https:\\\/\\\/fes-heidenheim.de\\\/gymnasium\\\/#\\\/schema\\\/person\\\/e614df80cf0124a0861921322ba81ee9\",\"name\":\"sekretariatgym\",\"image\":{\"@type\":\"ImageObject\",\"inLanguage\":\"de\",\"@id\":\"https:\\\/\\\/secure.gravatar.com\\\/avatar\\\/8196f14ce1450e8b1558ed9138138a8a40a91d9ddc1e02556e5dd141376b7e3a?s=96&d=mm&r=g\",\"url\":\"https:\\\/\\\/secure.gravatar.com\\\/avatar\\\/8196f14ce1450e8b1558ed9138138a8a40a91d9ddc1e02556e5dd141376b7e3a?s=96&d=mm&r=g\",\"contentUrl\":\"https:\\\/\\\/secure.gravatar.com\\\/avatar\\\/8196f14ce1450e8b1558ed9138138a8a40a91d9ddc1e02556e5dd141376b7e3a?s=96&d=mm&r=g\",\"caption\":\"sekretariatgym\"},\"url\":\"https:\\\/\\\/fes-heidenheim.de\\\/gymnasium\\\/author\\\/sekretariatgym\\\/\"}]}<\/script>\n<!-- \/ Yoast SEO plugin. -->","yoast_head_json":{"title":"45 Sch\u00fcler der 6.Klassen am Start: Ein p\u00e4dagogisches Projekt mit Musik und Spa\u00df! - Gymnasium | Freie Evangelische Schule und Kindertagesst\u00e4tte Heidenheim e. V.","robots":{"index":"index","follow":"follow","max-snippet":"max-snippet:-1","max-image-preview":"max-image-preview:large","max-video-preview":"max-video-preview:-1"},"canonical":"https:\/\/fes-heidenheim.de\/gymnasium\/2026\/01\/28\/45-schueler-der-6-klassen-am-start-ein-paedagogisches-projekt-mit-musik-und-spass\/","og_locale":"de_DE","og_type":"article","og_title":"45 Sch\u00fcler der 6.Klassen am Start: Ein p\u00e4dagogisches Projekt mit Musik und Spa\u00df! - Gymnasium | Freie Evangelische Schule und Kindertagesst\u00e4tte Heidenheim e. V.","og_description":"Die Auf\u00adf\u00fchrun\u00adgen von \u201ePETRUS \u2013 Super\u00adstar?!\u201c an diesem Don\u00adner\u00adstag (Pre\u00admiere, 18:30 Uhr) und am Fre\u00aditag (Nach\u00admit\u00adtagsauf\u00adf\u00fchrung, 16:30 Uhr) bilden das Finale des diesj\u00e4hri\u00adgen Klassen\u00admusik\u00adthe\u00adater\u00adpro\u00adjek\u00adts der 6.Klassenstufe unseres FES-Gym\u00adna\u00adsi\u00adums und unser\u00ader [&hellip;]","og_url":"https:\/\/fes-heidenheim.de\/gymnasium\/2026\/01\/28\/45-schueler-der-6-klassen-am-start-ein-paedagogisches-projekt-mit-musik-und-spass\/","og_site_name":"Gymnasium | Freie Evangelische Schule und Kindertagesst\u00e4tte Heidenheim e. V.","article_published_time":"2026-01-28T10:43:49+00:00","og_image":[{"width":2560,"height":1707,"url":"https:\/\/fes-heidenheim.de\/gymnasium\/wp-content\/uploads\/sites\/8\/2026\/01\/IMG_3166-scaled.jpg","type":"image\/jpeg"}],"author":"sekretariatgym","twitter_card":"summary_large_image","twitter_misc":{"Verfasst von":"sekretariatgym","Gesch\u00e4tzte Lesezeit":"2\u00a0Minuten"},"schema":{"@context":"https:\/\/schema.org","@graph":[{"@type":"Article","@id":"https:\/\/fes-heidenheim.de\/gymnasium\/2026\/01\/28\/45-schueler-der-6-klassen-am-start-ein-paedagogisches-projekt-mit-musik-und-spass\/#article","isPartOf":{"@id":"https:\/\/fes-heidenheim.de\/gymnasium\/2026\/01\/28\/45-schueler-der-6-klassen-am-start-ein-paedagogisches-projekt-mit-musik-und-spass\/"},"author":{"name":"sekretariatgym","@id":"https:\/\/fes-heidenheim.de\/gymnasium\/#\/schema\/person\/e614df80cf0124a0861921322ba81ee9"},"headline":"45 Sch\u00fcler der 6.Klassen am Start: Ein p\u00e4dagogisches Projekt mit Musik und&nbsp;Spa\u00df!","datePublished":"2026-01-28T10:43:49+00:00","mainEntityOfPage":{"@id":"https:\/\/fes-heidenheim.de\/gymnasium\/2026\/01\/28\/45-schueler-der-6-klassen-am-start-ein-paedagogisches-projekt-mit-musik-und-spass\/"},"wordCount":203,"image":{"@id":"https:\/\/fes-heidenheim.de\/gymnasium\/2026\/01\/28\/45-schueler-der-6-klassen-am-start-ein-paedagogisches-projekt-mit-musik-und-spass\/#primaryimage"},"thumbnailUrl":"https:\/\/fes-heidenheim.de\/gymnasium\/wp-content\/uploads\/sites\/8\/2026\/01\/IMG_3166-scaled.jpg","articleSection":["FES Gymnasium","FES Realschule"],"inLanguage":"de"},{"@type":"WebPage","@id":"https:\/\/fes-heidenheim.de\/gymnasium\/2026\/01\/28\/45-schueler-der-6-klassen-am-start-ein-paedagogisches-projekt-mit-musik-und-spass\/","url":"https:\/\/fes-heidenheim.de\/gymnasium\/2026\/01\/28\/45-schueler-der-6-klassen-am-start-ein-paedagogisches-projekt-mit-musik-und-spass\/","name":"45 Sch\u00fcler der 6.Klassen am Start: Ein p\u00e4dagogisches Projekt mit Musik und Spa\u00df! - Gymnasium | Freie Evangelische Schule und Kindertagesst\u00e4tte Heidenheim e. V.","isPartOf":{"@id":"https:\/\/fes-heidenheim.de\/gymnasium\/#website"},"primaryImageOfPage":{"@id":"https:\/\/fes-heidenheim.de\/gymnasium\/2026\/01\/28\/45-schueler-der-6-klassen-am-start-ein-paedagogisches-projekt-mit-musik-und-spass\/#primaryimage"},"image":{"@id":"https:\/\/fes-heidenheim.de\/gymnasium\/2026\/01\/28\/45-schueler-der-6-klassen-am-start-ein-paedagogisches-projekt-mit-musik-und-spass\/#primaryimage"},"thumbnailUrl":"https:\/\/fes-heidenheim.de\/gymnasium\/wp-content\/uploads\/sites\/8\/2026\/01\/IMG_3166-scaled.jpg","datePublished":"2026-01-28T10:43:49+00:00","author":{"@id":"https:\/\/fes-heidenheim.de\/gymnasium\/#\/schema\/person\/e614df80cf0124a0861921322ba81ee9"},"breadcrumb":{"@id":"https:\/\/fes-heidenheim.de\/gymnasium\/2026\/01\/28\/45-schueler-der-6-klassen-am-start-ein-paedagogisches-projekt-mit-musik-und-spass\/#breadcrumb"},"inLanguage":"de","potentialAction":[{"@type":"ReadAction","target":["https:\/\/fes-heidenheim.de\/gymnasium\/2026\/01\/28\/45-schueler-der-6-klassen-am-start-ein-paedagogisches-projekt-mit-musik-und-spass\/"]}]},{"@type":"ImageObject","inLanguage":"de","@id":"https:\/\/fes-heidenheim.de\/gymnasium\/2026\/01\/28\/45-schueler-der-6-klassen-am-start-ein-paedagogisches-projekt-mit-musik-und-spass\/#primaryimage","url":"https:\/\/fes-heidenheim.de\/gymnasium\/wp-content\/uploads\/sites\/8\/2026\/01\/IMG_3166-scaled.jpg","contentUrl":"https:\/\/fes-heidenheim.de\/gymnasium\/wp-content\/uploads\/sites\/8\/2026\/01\/IMG_3166-scaled.jpg","width":2560,"height":1707},{"@type":"BreadcrumbList","@id":"https:\/\/fes-heidenheim.de\/gymnasium\/2026\/01\/28\/45-schueler-der-6-klassen-am-start-ein-paedagogisches-projekt-mit-musik-und-spass\/#breadcrumb","itemListElement":[{"@type":"ListItem","position":1,"name":"Startseite","item":"https:\/\/fes-heidenheim.de\/gymnasium\/"},{"@type":"ListItem","position":2,"name":"45 Sch\u00fcler der 6.Klassen am Start: Ein p\u00e4dagogisches Projekt mit Musik und Spa\u00df!"}]},{"@type":"WebSite","@id":"https:\/\/fes-heidenheim.de\/gymnasium\/#website","url":"https:\/\/fes-heidenheim.de\/gymnasium\/","name":"Gymnasium | Freie Evangelische Schule und Kindertagesst\u00e4tte Heidenheim e. V.","description":"Eine weitere Freie Evangelische Schule Heidenheim e.V. Websites Website","potentialAction":[{"@type":"SearchAction","target":{"@type":"EntryPoint","urlTemplate":"https:\/\/fes-heidenheim.de\/gymnasium\/?s={search_term_string}"},"query-input":{"@type":"PropertyValueSpecification","valueRequired":true,"valueName":"search_term_string"}}],"inLanguage":"de"},{"@type":"Person","@id":"https:\/\/fes-heidenheim.de\/gymnasium\/#\/schema\/person\/e614df80cf0124a0861921322ba81ee9","name":"sekretariatgym","image":{"@type":"ImageObject","inLanguage":"de","@id":"https:\/\/secure.gravatar.com\/avatar\/8196f14ce1450e8b1558ed9138138a8a40a91d9ddc1e02556e5dd141376b7e3a?s=96&d=mm&r=g","url":"https:\/\/secure.gravatar.com\/avatar\/8196f14ce1450e8b1558ed9138138a8a40a91d9ddc1e02556e5dd141376b7e3a?s=96&d=mm&r=g","contentUrl":"https:\/\/secure.gravatar.com\/avatar\/8196f14ce1450e8b1558ed9138138a8a40a91d9ddc1e02556e5dd141376b7e3a?s=96&d=mm&r=g","caption":"sekretariatgym"},"url":"https:\/\/fes-heidenheim.de\/gymnasium\/author\/sekretariatgym\/"}]}},"_links":{"self":[{"href":"https:\/\/fes-heidenheim.de\/gymnasium\/wp-json\/wp\/v2\/posts\/6625","targetHints":{"allow":["GET"]}}],"collection":[{"href":"https:\/\/fes-heidenheim.de\/gymnasium\/wp-json\/wp\/v2\/posts"}],"about":[{"href":"https:\/\/fes-heidenheim.de\/gymnasium\/wp-json\/wp\/v2\/types\/post"}],"author":[{"embeddable":true,"href":"https:\/\/fes-heidenheim.de\/gymnasium\/wp-json\/wp\/v2\/users\/15"}],"replies":[{"embeddable":true,"href":"https:\/\/fes-heidenheim.de\/gymnasium\/wp-json\/wp\/v2\/comments?post=6625"}],"version-history":[{"count":1,"href":"https:\/\/fes-heidenheim.de\/gymnasium\/wp-json\/wp\/v2\/posts\/6625\/revisions"}],"predecessor-version":[{"id":6629,"href":"https:\/\/fes-heidenheim.de\/gymnasium\/wp-json\/wp\/v2\/posts\/6625\/revisions\/6629"}],"wp:featuredmedia":[{"embeddable":true,"href":"https:\/\/fes-heidenheim.de\/gymnasium\/wp-json\/wp\/v2\/media\/6628"}],"wp:attachment":[{"href":"https:\/\/fes-heidenheim.de\/gymnasium\/wp-json\/wp\/v2\/media?parent=6625"}],"wp:term":[{"taxonomy":"category","embeddable":true,"href":"https:\/\/fes-heidenheim.de\/gymnasium\/wp-json\/wp\/v2\/categories?post=6625"},{"taxonomy":"post_tag","embeddable":true,"href":"https:\/\/fes-heidenheim.de\/gymnasium\/wp-json\/wp\/v2\/tags?post=6625"}],"curies":[{"name":"wp","href":"https:\/\/api.w.org\/{rel}","templated":true}]}}