{"id":6760,"date":"2026-04-29T13:09:51","date_gmt":"2026-04-29T11:09:51","guid":{"rendered":"https:\/\/fes-heidenheim.de\/gymnasium\/?p=6760"},"modified":"2026-04-29T13:09:52","modified_gmt":"2026-04-29T11:09:52","slug":"blog-beitrag-3","status":"publish","type":"post","link":"https:\/\/fes-heidenheim.de\/gymnasium\/2026\/04\/29\/blog-beitrag-3\/","title":{"rendered":"BLOG-Beitrag"},"content":{"rendered":"\n<p><strong>Forschen in Gum\u00admistiefeln: F\u00fcn\u00adftk\u00adl\u00e4ssler von FES-Gym\u00adna\u00adsi\u00adum und FES-Realschule unter\u00adsuchen die&nbsp;Brenz<\/strong><\/p>\n\n\n\n<p>Wenn das \u00d6ko\u00admo\u00adbil der staatlichen Naturschutzver\u00adwal\u00adtung Baden-W\u00fcrt\u00adtem\u00adberg Halt macht, ver\u00adwan\u00addelt sich die Natur in ein Freiluft-Klassen\u00adz\u00adim\u00admer.&nbsp;Mit Neugi\u00ader und Taten\u00addrang lie\u00dfen sich die Sch\u00fc\u00adlerin\u00adnen und Sch\u00fcler der Jahrgangsstufe 5 unseres FES-Gym\u00adna\u00adsi\u00adums und unser\u00ader FES-Realschule auf dieses Aben\u00adteuer&nbsp;ein.<\/p>\n\n\n\n<p>An zwei Vor\u00admit\u00adta\u00adgen erkun\u00adde\u00adten die jun\u00adgen Gym\u00adnasi\u00adas\u00adten und Realsch\u00fcler die heimis\u00adche Brenz und wur\u00adden dabei fachkundig von den Natursch\u00fctzern des \u00d6ko\u00admo\u00adbils begleit\u00adet und angeleit\u00adet.&nbsp;Die jun\u00adgen Forschen\u00adden stiegen ins k\u00fch\u00adle Nass, nah\u00admen Proben und bracht\u00aden ihre Funde ins rol\u00adlende Naturschutzlabor.<\/p>\n\n\n\n<p>Die gefun\u00adde\u00adnen winzi\u00adgen Wasser\u00adlebe\u00adwe\u00adsen wur\u00adden unter dem Mikroskop und der Lupe genau betra\u00adchtet und sys\u00adtem\u00ada\u00adtisch zugeordnet.<\/p>\n\n\n\n<p>Dabei lern\u00adten unsere F\u00fcn\u00adftk\u00adl\u00e4ssler nicht nur, dass das klare Wass\u00ader der Brenz ein erstaunlich arten\u00adre\u00adich\u00ades Biotop ist, son\u00addern leit\u00adeten auch konkrete Ma\u00df\u00adnah\u00admen zum Schutz dieser Lebe\u00adwe\u00adsen&nbsp;ab.<\/p>\n\n\n\n<p>So machte Biolo\u00adgie-Unter\u00adricht gle\u00adich dop\u00adpelt&nbsp;Spa\u00df\u2026!&nbsp;<\/p>\n\n\n\n<figure class=\"wp-block-gallery has-nested-images columns-default is-cropped wp-block-gallery-1 is-layout-flex wp-block-gallery-is-layout-flex\">\n<figure class=\"wp-block-image size-large\"><img loading=\"lazy\" decoding=\"async\" width=\"1024\" height=\"683\" data-id=\"6769\" src=\"https:\/\/fes-heidenheim.de\/gymnasium\/wp-content\/uploads\/sites\/8\/2026\/04\/weiteres-Bild-02-1024x683.jpg\" alt=\"BLOG-Beitrag\nForschen in Gummistiefeln: F\u00fcnftkl\u00e4ssler von FES-Gymnasium und FES-Realschule untersuchen die Brenz\nWenn das \u00d6komobil der staatlichen Naturschutzverwaltung Baden-W\u00fcrttemberg Halt macht, verwandelt sich die Natur in ein Freiluft-Klassenzimmer. Mit Neugier und Tatendrang lie\u00dfen sich die Sch\u00fclerinnen und Sch\u00fcler der Jahrgangsstufe 5 unseres FES-Gymnasiums und unserer FES-Realschule auf dieses Abenteuer ein.\nAn zwei Vormittagen erkundeten die jungen Gymnasiasten und Realsch\u00fcler die heimische Brenz und wurden dabei fachkundig von den Natursch\u00fctzern des \u00d6komobils begleitet und angeleitet. Die jungen Forschenden stiegen ins k\u00fchle Nass, nahmen Proben und brachten ihre Funde ins rollende Naturschutzlabor. \nDie gefundenen winzigen Wasserlebewesen wurden unter dem Mikroskop und der Lupe genau betrachtet und systematisch zugeordnet. \nDabei lernten unsere F\u00fcnftkl\u00e4ssler nicht nur, dass das klare Wasser der Brenz ein erstaunlich artenreiches Biotop ist, sondern leiteten auch konkrete Ma\u00dfnahmen zum Schutz dieser Lebewesen ab.\nSo machte Biologie-Unterricht gleich doppelt Spa\u00df\u2026!\n\n\" class=\"wp-image-6769\" srcset=\"https:\/\/fes-heidenheim.de\/gymnasium\/wp-content\/uploads\/sites\/8\/2026\/04\/weiteres-Bild-02-980x653.jpg 980w, https:\/\/fes-heidenheim.de\/gymnasium\/wp-content\/uploads\/sites\/8\/2026\/04\/weiteres-Bild-02-480x320.jpg 480w\" sizes=\"(min-width: 0px) and (max-width: 480px) 480px, (min-width: 481px) and (max-width: 980px) 980px, (min-width: 981px) 1024px, 100vw\"><\/figure>\n<\/figure>\n\n\n\n<figure class=\"wp-block-gallery has-nested-images columns-default is-cropped wp-block-gallery-2 is-layout-flex wp-block-gallery-is-layout-flex\">\n<figure class=\"wp-block-image size-large\"><img loading=\"lazy\" decoding=\"async\" width=\"1024\" height=\"768\" data-id=\"6767\" src=\"https:\/\/fes-heidenheim.de\/gymnasium\/wp-content\/uploads\/sites\/8\/2026\/04\/Bild-01-im-U-mobil-1-1024x768.jpg\" alt=\"BLOG-Beitrag\nForschen in Gummistiefeln: F\u00fcnftkl\u00e4ssler von FES-Gymnasium und FES-Realschule untersuchen die Brenz\nWenn das \u00d6komobil der staatlichen Naturschutzverwaltung Baden-W\u00fcrttemberg Halt macht, verwandelt sich die Natur in ein Freiluft-Klassenzimmer. Mit Neugier und Tatendrang lie\u00dfen sich die Sch\u00fclerinnen und Sch\u00fcler der Jahrgangsstufe 5 unseres FES-Gymnasiums und unserer FES-Realschule auf dieses Abenteuer ein.\nAn zwei Vormittagen erkundeten die jungen Gymnasiasten und Realsch\u00fcler die heimische Brenz und wurden dabei fachkundig von den Natursch\u00fctzern des \u00d6komobils begleitet und angeleitet. Die jungen Forschenden stiegen ins k\u00fchle Nass, nahmen Proben und brachten ihre Funde ins rollende Naturschutzlabor. \nDie gefundenen winzigen Wasserlebewesen wurden unter dem Mikroskop und der Lupe genau betrachtet und systematisch zugeordnet. \nDabei lernten unsere F\u00fcnftkl\u00e4ssler nicht nur, dass das klare Wasser der Brenz ein erstaunlich artenreiches Biotop ist, sondern leiteten auch konkrete Ma\u00dfnahmen zum Schutz dieser Lebewesen ab.\nSo machte Biologie-Unterricht gleich doppelt Spa\u00df\u2026!\n\n\" class=\"wp-image-6767\" srcset=\"https:\/\/fes-heidenheim.de\/gymnasium\/wp-content\/uploads\/sites\/8\/2026\/04\/Bild-01-im-U-mobil-1-980x735.jpg 980w, https:\/\/fes-heidenheim.de\/gymnasium\/wp-content\/uploads\/sites\/8\/2026\/04\/Bild-01-im-U-mobil-1-480x360.jpg 480w\" sizes=\"(min-width: 0px) and (max-width: 480px) 480px, (min-width: 481px) and (max-width: 980px) 980px, (min-width: 981px) 1024px, 100vw\"><\/figure>\n<\/figure>\n\n\n\n<figure class=\"wp-block-gallery has-nested-images columns-default is-cropped wp-block-gallery-3 is-layout-flex wp-block-gallery-is-layout-flex\">\n<figure class=\"wp-block-image size-large\"><img loading=\"lazy\" decoding=\"async\" width=\"683\" height=\"1024\" data-id=\"6766\" src=\"https:\/\/fes-heidenheim.de\/gymnasium\/wp-content\/uploads\/sites\/8\/2026\/04\/weiteres-Bild-03-683x1024.jpg\" alt=\"BLOG-Beitrag\nForschen in Gummistiefeln: F\u00fcnftkl\u00e4ssler von FES-Gymnasium und FES-Realschule untersuchen die Brenz\nWenn das \u00d6komobil der staatlichen Naturschutzverwaltung Baden-W\u00fcrttemberg Halt macht, verwandelt sich die Natur in ein Freiluft-Klassenzimmer. Mit Neugier und Tatendrang lie\u00dfen sich die Sch\u00fclerinnen und Sch\u00fcler der Jahrgangsstufe 5 unseres FES-Gymnasiums und unserer FES-Realschule auf dieses Abenteuer ein.\nAn zwei Vormittagen erkundeten die jungen Gymnasiasten und Realsch\u00fcler die heimische Brenz und wurden dabei fachkundig von den Natursch\u00fctzern des \u00d6komobils begleitet und angeleitet. Die jungen Forschenden stiegen ins k\u00fchle Nass, nahmen Proben und brachten ihre Funde ins rollende Naturschutzlabor. \nDie gefundenen winzigen Wasserlebewesen wurden unter dem Mikroskop und der Lupe genau betrachtet und systematisch zugeordnet. \nDabei lernten unsere F\u00fcnftkl\u00e4ssler nicht nur, dass das klare Wasser der Brenz ein erstaunlich artenreiches Biotop ist, sondern leiteten auch konkrete Ma\u00dfnahmen zum Schutz dieser Lebewesen ab.\nSo machte Biologie-Unterricht gleich doppelt Spa\u00df\u2026!\n\n\" class=\"wp-image-6766\"><\/figure>\n<\/figure>\n\n\n\n<figure class=\"wp-block-gallery has-nested-images columns-default is-cropped wp-block-gallery-4 is-layout-flex wp-block-gallery-is-layout-flex\">\n<figure class=\"wp-block-image size-large\"><img loading=\"lazy\" decoding=\"async\" width=\"1024\" height=\"683\" data-id=\"6765\" src=\"https:\/\/fes-heidenheim.de\/gymnasium\/wp-content\/uploads\/sites\/8\/2026\/04\/Bild-07-J.i.d.Brenz_-1024x683.jpg\" alt=\"BLOG-Beitrag\nForschen in Gummistiefeln: F\u00fcnftkl\u00e4ssler von FES-Gymnasium und FES-Realschule untersuchen die Brenz\nWenn das \u00d6komobil der staatlichen Naturschutzverwaltung Baden-W\u00fcrttemberg Halt macht, verwandelt sich die Natur in ein Freiluft-Klassenzimmer. Mit Neugier und Tatendrang lie\u00dfen sich die Sch\u00fclerinnen und Sch\u00fcler der Jahrgangsstufe 5 unseres FES-Gymnasiums und unserer FES-Realschule auf dieses Abenteuer ein.\nAn zwei Vormittagen erkundeten die jungen Gymnasiasten und Realsch\u00fcler die heimische Brenz und wurden dabei fachkundig von den Natursch\u00fctzern des \u00d6komobils begleitet und angeleitet. Die jungen Forschenden stiegen ins k\u00fchle Nass, nahmen Proben und brachten ihre Funde ins rollende Naturschutzlabor. \nDie gefundenen winzigen Wasserlebewesen wurden unter dem Mikroskop und der Lupe genau betrachtet und systematisch zugeordnet. \nDabei lernten unsere F\u00fcnftkl\u00e4ssler nicht nur, dass das klare Wasser der Brenz ein erstaunlich artenreiches Biotop ist, sondern leiteten auch konkrete Ma\u00dfnahmen zum Schutz dieser Lebewesen ab.\nSo machte Biologie-Unterricht gleich doppelt Spa\u00df\u2026!\n\n\" class=\"wp-image-6765\" srcset=\"https:\/\/fes-heidenheim.de\/gymnasium\/wp-content\/uploads\/sites\/8\/2026\/04\/Bild-07-J.i.d.Brenz_-980x653.jpg 980w, https:\/\/fes-heidenheim.de\/gymnasium\/wp-content\/uploads\/sites\/8\/2026\/04\/Bild-07-J.i.d.Brenz_-480x320.jpg 480w\" sizes=\"(min-width: 0px) and (max-width: 480px) 480px, (min-width: 481px) and (max-width: 980px) 980px, (min-width: 981px) 1024px, 100vw\"><\/figure>\n<\/figure>\n\n\n\n<figure class=\"wp-block-gallery has-nested-images columns-default is-cropped wp-block-gallery-5 is-layout-flex wp-block-gallery-is-layout-flex\">\n<figure class=\"wp-block-image size-large\"><img loading=\"lazy\" decoding=\"async\" width=\"683\" height=\"1024\" data-id=\"6764\" src=\"https:\/\/fes-heidenheim.de\/gymnasium\/wp-content\/uploads\/sites\/8\/2026\/04\/Bild-06-beobacht-683x1024.jpg\" alt=\"BLOG-Beitrag\nForschen in Gummistiefeln: F\u00fcnftkl\u00e4ssler von FES-Gymnasium und FES-Realschule untersuchen die Brenz\nWenn das \u00d6komobil der staatlichen Naturschutzverwaltung Baden-W\u00fcrttemberg Halt macht, verwandelt sich die Natur in ein Freiluft-Klassenzimmer. Mit Neugier und Tatendrang lie\u00dfen sich die Sch\u00fclerinnen und Sch\u00fcler der Jahrgangsstufe 5 unseres FES-Gymnasiums und unserer FES-Realschule auf dieses Abenteuer ein.\nAn zwei Vormittagen erkundeten die jungen Gymnasiasten und Realsch\u00fcler die heimische Brenz und wurden dabei fachkundig von den Natursch\u00fctzern des \u00d6komobils begleitet und angeleitet. Die jungen Forschenden stiegen ins k\u00fchle Nass, nahmen Proben und brachten ihre Funde ins rollende Naturschutzlabor. \nDie gefundenen winzigen Wasserlebewesen wurden unter dem Mikroskop und der Lupe genau betrachtet und systematisch zugeordnet. \nDabei lernten unsere F\u00fcnftkl\u00e4ssler nicht nur, dass das klare Wasser der Brenz ein erstaunlich artenreiches Biotop ist, sondern leiteten auch konkrete Ma\u00dfnahmen zum Schutz dieser Lebewesen ab.\nSo machte Biologie-Unterricht gleich doppelt Spa\u00df\u2026!\n\n\" class=\"wp-image-6764\"><\/figure>\n<\/figure>\n\n\n\n<figure class=\"wp-block-gallery has-nested-images columns-default is-cropped wp-block-gallery-6 is-layout-flex wp-block-gallery-is-layout-flex\">\n<figure class=\"wp-block-image size-large\"><img loading=\"lazy\" decoding=\"async\" width=\"768\" height=\"1024\" data-id=\"6761\" src=\"https:\/\/fes-heidenheim.de\/gymnasium\/wp-content\/uploads\/sites\/8\/2026\/04\/Bild-04-im-U-mobil-mehreSUS-768x1024.jpg\" alt=\"BLOG-Beitrag\nForschen in Gummistiefeln: F\u00fcnftkl\u00e4ssler von FES-Gymnasium und FES-Realschule untersuchen die Brenz\nWenn das \u00d6komobil der staatlichen Naturschutzverwaltung Baden-W\u00fcrttemberg Halt macht, verwandelt sich die Natur in ein Freiluft-Klassenzimmer. Mit Neugier und Tatendrang lie\u00dfen sich die Sch\u00fclerinnen und Sch\u00fcler der Jahrgangsstufe 5 unseres FES-Gymnasiums und unserer FES-Realschule auf dieses Abenteuer ein.\nAn zwei Vormittagen erkundeten die jungen Gymnasiasten und Realsch\u00fcler die heimische Brenz und wurden dabei fachkundig von den Natursch\u00fctzern des \u00d6komobils begleitet und angeleitet. Die jungen Forschenden stiegen ins k\u00fchle Nass, nahmen Proben und brachten ihre Funde ins rollende Naturschutzlabor. \nDie gefundenen winzigen Wasserlebewesen wurden unter dem Mikroskop und der Lupe genau betrachtet und systematisch zugeordnet. \nDabei lernten unsere F\u00fcnftkl\u00e4ssler nicht nur, dass das klare Wasser der Brenz ein erstaunlich artenreiches Biotop ist, sondern leiteten auch konkrete Ma\u00dfnahmen zum Schutz dieser Lebewesen ab.\nSo machte Biologie-Unterricht gleich doppelt Spa\u00df\u2026!\n\n\" class=\"wp-image-6761\"><\/figure>\n<\/figure>\n\n\n\n<figure class=\"wp-block-image size-large\"><img loading=\"lazy\" decoding=\"async\" width=\"1024\" height=\"683\" src=\"https:\/\/fes-heidenheim.de\/gymnasium\/wp-content\/uploads\/sites\/8\/2026\/04\/Bild-05-beobacht-1024x683.jpg\" alt=\"BLOG-Beitrag\nForschen in Gummistiefeln: F\u00fcnftkl\u00e4ssler von FES-Gymnasium und FES-Realschule untersuchen die Brenz\nWenn das \u00d6komobil der staatlichen Naturschutzverwaltung Baden-W\u00fcrttemberg Halt macht, verwandelt sich die Natur in ein Freiluft-Klassenzimmer. Mit Neugier und Tatendrang lie\u00dfen sich die Sch\u00fclerinnen und Sch\u00fcler der Jahrgangsstufe 5 unseres FES-Gymnasiums und unserer FES-Realschule auf dieses Abenteuer ein.\nAn zwei Vormittagen erkundeten die jungen Gymnasiasten und Realsch\u00fcler die heimische Brenz und wurden dabei fachkundig von den Natursch\u00fctzern des \u00d6komobils begleitet und angeleitet. Die jungen Forschenden stiegen ins k\u00fchle Nass, nahmen Proben und brachten ihre Funde ins rollende Naturschutzlabor. \nDie gefundenen winzigen Wasserlebewesen wurden unter dem Mikroskop und der Lupe genau betrachtet und systematisch zugeordnet. \nDabei lernten unsere F\u00fcnftkl\u00e4ssler nicht nur, dass das klare Wasser der Brenz ein erstaunlich artenreiches Biotop ist, sondern leiteten auch konkrete Ma\u00dfnahmen zum Schutz dieser Lebewesen ab.\nSo machte Biologie-Unterricht gleich doppelt Spa\u00df\u2026!\n\n\" class=\"wp-image-6762\" srcset=\"https:\/\/fes-heidenheim.de\/gymnasium\/wp-content\/uploads\/sites\/8\/2026\/04\/Bild-05-beobacht-980x653.jpg 980w, https:\/\/fes-heidenheim.de\/gymnasium\/wp-content\/uploads\/sites\/8\/2026\/04\/Bild-05-beobacht-480x320.jpg 480w\" sizes=\"(min-width: 0px) and (max-width: 480px) 480px, (min-width: 481px) and (max-width: 980px) 980px, (min-width: 981px) 1024px, 100vw\"><\/figure>\n","protected":false},"excerpt":{"rendered":"<p>Forschen in Gum\u00admistiefeln: F\u00fcn\u00adftk\u00adl\u00e4ssler von FES-Gym\u00ad\u00adna\u00adsi\u00adum und FES-Realschule unter\u00adsuchen die&nbsp;Brenz Wenn das \u00d6ko\u00admo\u00adbil der staatlichen Naturschutzver\u00adwal\u00adtung Baden-W\u00fcrt\u00adtem\u00adberg Halt macht, ver\u00adwan\u00addelt sich die Natur in ein Freiluft-Klassen\u00adz\u00adim\u00admer.&nbsp;Mit Neugi\u00ader und Taten\u00addrang lie\u00dfen&nbsp;[\u2026]<\/p>\n","protected":false},"author":15,"featured_media":6770,"comment_status":"closed","ping_status":"closed","sticky":false,"template":"","format":"standard","meta":{"_et_pb_use_builder":"off","_et_pb_old_content":"","_et_gb_content_width":"","inline_featured_image":false,"wp_typography_post_enhancements_disabled":false,"footnotes":""},"categories":[1,30,29],"tags":[],"class_list":["post-6760","post","type-post","status-publish","format-standard","has-post-thumbnail","hentry","category-allgemein","category-fes-gymnasium","category-fes-realschule"],"yoast_head":"<!-- This site is optimized with the Yoast SEO plugin v27.4 - https:\/\/yoast.com\/product\/yoast-seo-wordpress\/ -->\n<title>BLOG-Beitrag - Gymnasium | Freie Evangelische Schule und Kindertagesst\u00e4tte Heidenheim e. V.<\/title>\n<meta name=\"robots\" content=\"index, follow, max-snippet:-1, max-image-preview:large, max-video-preview:-1\" \/>\n<link rel=\"canonical\" href=\"https:\/\/fes-heidenheim.de\/gymnasium\/2026\/04\/29\/blog-beitrag-3\/\" \/>\n<meta property=\"og:locale\" content=\"de_DE\" \/>\n<meta property=\"og:type\" content=\"article\" \/>\n<meta property=\"og:title\" content=\"BLOG-Beitrag - Gymnasium | Freie Evangelische Schule und Kindertagesst\u00e4tte Heidenheim e. V.\" \/>\n<meta property=\"og:description\" content=\"Forschen in Gum\u00admistiefeln: F\u00fcn\u00adftk\u00adl\u00e4ssler von FES-Gym\u00adna\u00adsi\u00adum und FES-Realschule unter\u00adsuchen die&nbsp;Brenz Wenn das \u00d6ko\u00admo\u00adbil der staatlichen Naturschutzver\u00adwal\u00adtung Baden-W\u00fcrt\u00adtem\u00adberg Halt macht, ver\u00adwan\u00addelt sich die Natur in ein Freiluft-Klassen\u00adz\u00adim\u00admer.&nbsp;Mit Neugi\u00ader und Taten\u00addrang lie\u00dfen [&hellip;]\" \/>\n<meta property=\"og:url\" content=\"https:\/\/fes-heidenheim.de\/gymnasium\/2026\/04\/29\/blog-beitrag-3\/\" \/>\n<meta property=\"og:site_name\" content=\"Gymnasium | Freie Evangelische Schule und Kindertagesst\u00e4tte Heidenheim e. V.\" \/>\n<meta property=\"article:published_time\" content=\"2026-04-29T11:09:51+00:00\" \/>\n<meta property=\"article:modified_time\" content=\"2026-04-29T11:09:52+00:00\" \/>\n<meta property=\"og:image\" content=\"https:\/\/fes-heidenheim.de\/gymnasium\/wp-content\/uploads\/sites\/8\/2026\/04\/Beitragsbild-zum-BLOG-Beitrag_Oekomobil-scaled.jpg\" \/>\n\t<meta property=\"og:image:width\" content=\"2560\" \/>\n\t<meta property=\"og:image:height\" content=\"1920\" \/>\n\t<meta property=\"og:image:type\" content=\"image\/jpeg\" \/>\n<meta name=\"author\" content=\"sekretariatgym\" \/>\n<meta name=\"twitter:card\" content=\"summary_large_image\" \/>\n<meta name=\"twitter:label1\" content=\"Verfasst von\" \/>\n\t<meta name=\"twitter:data1\" content=\"sekretariatgym\" \/>\n\t<meta name=\"twitter:label2\" content=\"Gesch\u00e4tzte Lesezeit\" \/>\n\t<meta name=\"twitter:data2\" content=\"3\u00a0Minuten\" \/>\n<script type=\"application\/ld+json\" class=\"yoast-schema-graph\">{\"@context\":\"https:\\\/\\\/schema.org\",\"@graph\":[{\"@type\":\"Article\",\"@id\":\"https:\\\/\\\/fes-heidenheim.de\\\/gymnasium\\\/2026\\\/04\\\/29\\\/blog-beitrag-3\\\/#article\",\"isPartOf\":{\"@id\":\"https:\\\/\\\/fes-heidenheim.de\\\/gymnasium\\\/2026\\\/04\\\/29\\\/blog-beitrag-3\\\/\"},\"author\":{\"name\":\"sekretariatgym\",\"@id\":\"https:\\\/\\\/fes-heidenheim.de\\\/gymnasium\\\/#\\\/schema\\\/person\\\/e614df80cf0124a0861921322ba81ee9\"},\"headline\":\"BLOG-Beitrag\",\"datePublished\":\"2026-04-29T11:09:51+00:00\",\"dateModified\":\"2026-04-29T11:09:52+00:00\",\"mainEntityOfPage\":{\"@id\":\"https:\\\/\\\/fes-heidenheim.de\\\/gymnasium\\\/2026\\\/04\\\/29\\\/blog-beitrag-3\\\/\"},\"wordCount\":152,\"image\":{\"@id\":\"https:\\\/\\\/fes-heidenheim.de\\\/gymnasium\\\/2026\\\/04\\\/29\\\/blog-beitrag-3\\\/#primaryimage\"},\"thumbnailUrl\":\"https:\\\/\\\/fes-heidenheim.de\\\/gymnasium\\\/wp-content\\\/uploads\\\/sites\\\/8\\\/2026\\\/04\\\/Beitragsbild-zum-BLOG-Beitrag_Oekomobil-scaled.jpg\",\"articleSection\":{\"1\":\"FES Gymnasium\",\"2\":\"FES Realschule\"},\"inLanguage\":\"de\"},{\"@type\":\"WebPage\",\"@id\":\"https:\\\/\\\/fes-heidenheim.de\\\/gymnasium\\\/2026\\\/04\\\/29\\\/blog-beitrag-3\\\/\",\"url\":\"https:\\\/\\\/fes-heidenheim.de\\\/gymnasium\\\/2026\\\/04\\\/29\\\/blog-beitrag-3\\\/\",\"name\":\"BLOG-Beitrag - Gymnasium | Freie Evangelische Schule und Kindertagesst\u00e4tte Heidenheim e. V.\",\"isPartOf\":{\"@id\":\"https:\\\/\\\/fes-heidenheim.de\\\/gymnasium\\\/#website\"},\"primaryImageOfPage\":{\"@id\":\"https:\\\/\\\/fes-heidenheim.de\\\/gymnasium\\\/2026\\\/04\\\/29\\\/blog-beitrag-3\\\/#primaryimage\"},\"image\":{\"@id\":\"https:\\\/\\\/fes-heidenheim.de\\\/gymnasium\\\/2026\\\/04\\\/29\\\/blog-beitrag-3\\\/#primaryimage\"},\"thumbnailUrl\":\"https:\\\/\\\/fes-heidenheim.de\\\/gymnasium\\\/wp-content\\\/uploads\\\/sites\\\/8\\\/2026\\\/04\\\/Beitragsbild-zum-BLOG-Beitrag_Oekomobil-scaled.jpg\",\"datePublished\":\"2026-04-29T11:09:51+00:00\",\"dateModified\":\"2026-04-29T11:09:52+00:00\",\"author\":{\"@id\":\"https:\\\/\\\/fes-heidenheim.de\\\/gymnasium\\\/#\\\/schema\\\/person\\\/e614df80cf0124a0861921322ba81ee9\"},\"breadcrumb\":{\"@id\":\"https:\\\/\\\/fes-heidenheim.de\\\/gymnasium\\\/2026\\\/04\\\/29\\\/blog-beitrag-3\\\/#breadcrumb\"},\"inLanguage\":\"de\",\"potentialAction\":[{\"@type\":\"ReadAction\",\"target\":[\"https:\\\/\\\/fes-heidenheim.de\\\/gymnasium\\\/2026\\\/04\\\/29\\\/blog-beitrag-3\\\/\"]}]},{\"@type\":\"ImageObject\",\"inLanguage\":\"de\",\"@id\":\"https:\\\/\\\/fes-heidenheim.de\\\/gymnasium\\\/2026\\\/04\\\/29\\\/blog-beitrag-3\\\/#primaryimage\",\"url\":\"https:\\\/\\\/fes-heidenheim.de\\\/gymnasium\\\/wp-content\\\/uploads\\\/sites\\\/8\\\/2026\\\/04\\\/Beitragsbild-zum-BLOG-Beitrag_Oekomobil-scaled.jpg\",\"contentUrl\":\"https:\\\/\\\/fes-heidenheim.de\\\/gymnasium\\\/wp-content\\\/uploads\\\/sites\\\/8\\\/2026\\\/04\\\/Beitragsbild-zum-BLOG-Beitrag_Oekomobil-scaled.jpg\",\"width\":2560,\"height\":1920,\"caption\":\"So machte Biologie-Unterricht gleich doppelt Spa\u00df\"},{\"@type\":\"BreadcrumbList\",\"@id\":\"https:\\\/\\\/fes-heidenheim.de\\\/gymnasium\\\/2026\\\/04\\\/29\\\/blog-beitrag-3\\\/#breadcrumb\",\"itemListElement\":[{\"@type\":\"ListItem\",\"position\":1,\"name\":\"Startseite\",\"item\":\"https:\\\/\\\/fes-heidenheim.de\\\/gymnasium\\\/\"},{\"@type\":\"ListItem\",\"position\":2,\"name\":\"BLOG-Beitrag\"}]},{\"@type\":\"WebSite\",\"@id\":\"https:\\\/\\\/fes-heidenheim.de\\\/gymnasium\\\/#website\",\"url\":\"https:\\\/\\\/fes-heidenheim.de\\\/gymnasium\\\/\",\"name\":\"Gymnasium | Freie Evangelische Schule und Kindertagesst\u00e4tte Heidenheim e. V.\",\"description\":\"Eine weitere Freie Evangelische Schule Heidenheim e.V. Websites Website\",\"potentialAction\":[{\"@type\":\"SearchAction\",\"target\":{\"@type\":\"EntryPoint\",\"urlTemplate\":\"https:\\\/\\\/fes-heidenheim.de\\\/gymnasium\\\/?s={search_term_string}\"},\"query-input\":{\"@type\":\"PropertyValueSpecification\",\"valueRequired\":true,\"valueName\":\"search_term_string\"}}],\"inLanguage\":\"de\"},{\"@type\":\"Person\",\"@id\":\"https:\\\/\\\/fes-heidenheim.de\\\/gymnasium\\\/#\\\/schema\\\/person\\\/e614df80cf0124a0861921322ba81ee9\",\"name\":\"sekretariatgym\",\"image\":{\"@type\":\"ImageObject\",\"inLanguage\":\"de\",\"@id\":\"https:\\\/\\\/secure.gravatar.com\\\/avatar\\\/8196f14ce1450e8b1558ed9138138a8a40a91d9ddc1e02556e5dd141376b7e3a?s=96&d=mm&r=g\",\"url\":\"https:\\\/\\\/secure.gravatar.com\\\/avatar\\\/8196f14ce1450e8b1558ed9138138a8a40a91d9ddc1e02556e5dd141376b7e3a?s=96&d=mm&r=g\",\"contentUrl\":\"https:\\\/\\\/secure.gravatar.com\\\/avatar\\\/8196f14ce1450e8b1558ed9138138a8a40a91d9ddc1e02556e5dd141376b7e3a?s=96&d=mm&r=g\",\"caption\":\"sekretariatgym\"},\"url\":\"https:\\\/\\\/fes-heidenheim.de\\\/gymnasium\\\/author\\\/sekretariatgym\\\/\"}]}<\/script>\n<!-- \/ Yoast SEO plugin. -->","yoast_head_json":{"title":"BLOG-Beitrag - Gymnasium | Freie Evangelische Schule und Kindertagesst\u00e4tte Heidenheim e. V.","robots":{"index":"index","follow":"follow","max-snippet":"max-snippet:-1","max-image-preview":"max-image-preview:large","max-video-preview":"max-video-preview:-1"},"canonical":"https:\/\/fes-heidenheim.de\/gymnasium\/2026\/04\/29\/blog-beitrag-3\/","og_locale":"de_DE","og_type":"article","og_title":"BLOG-Beitrag - Gymnasium | Freie Evangelische Schule und Kindertagesst\u00e4tte Heidenheim e. V.","og_description":"Forschen in Gum\u00admistiefeln: F\u00fcn\u00adftk\u00adl\u00e4ssler von FES-Gym\u00adna\u00adsi\u00adum und FES-Realschule unter\u00adsuchen die&nbsp;Brenz Wenn das \u00d6ko\u00admo\u00adbil der staatlichen Naturschutzver\u00adwal\u00adtung Baden-W\u00fcrt\u00adtem\u00adberg Halt macht, ver\u00adwan\u00addelt sich die Natur in ein Freiluft-Klassen\u00adz\u00adim\u00admer.&nbsp;Mit Neugi\u00ader und Taten\u00addrang lie\u00dfen [&hellip;]","og_url":"https:\/\/fes-heidenheim.de\/gymnasium\/2026\/04\/29\/blog-beitrag-3\/","og_site_name":"Gymnasium | Freie Evangelische Schule und Kindertagesst\u00e4tte Heidenheim e. V.","article_published_time":"2026-04-29T11:09:51+00:00","article_modified_time":"2026-04-29T11:09:52+00:00","og_image":[{"width":2560,"height":1920,"url":"https:\/\/fes-heidenheim.de\/gymnasium\/wp-content\/uploads\/sites\/8\/2026\/04\/Beitragsbild-zum-BLOG-Beitrag_Oekomobil-scaled.jpg","type":"image\/jpeg"}],"author":"sekretariatgym","twitter_card":"summary_large_image","twitter_misc":{"Verfasst von":"sekretariatgym","Gesch\u00e4tzte Lesezeit":"3\u00a0Minuten"},"schema":{"@context":"https:\/\/schema.org","@graph":[{"@type":"Article","@id":"https:\/\/fes-heidenheim.de\/gymnasium\/2026\/04\/29\/blog-beitrag-3\/#article","isPartOf":{"@id":"https:\/\/fes-heidenheim.de\/gymnasium\/2026\/04\/29\/blog-beitrag-3\/"},"author":{"name":"sekretariatgym","@id":"https:\/\/fes-heidenheim.de\/gymnasium\/#\/schema\/person\/e614df80cf0124a0861921322ba81ee9"},"headline":"BLOG-Beitrag","datePublished":"2026-04-29T11:09:51+00:00","dateModified":"2026-04-29T11:09:52+00:00","mainEntityOfPage":{"@id":"https:\/\/fes-heidenheim.de\/gymnasium\/2026\/04\/29\/blog-beitrag-3\/"},"wordCount":152,"image":{"@id":"https:\/\/fes-heidenheim.de\/gymnasium\/2026\/04\/29\/blog-beitrag-3\/#primaryimage"},"thumbnailUrl":"https:\/\/fes-heidenheim.de\/gymnasium\/wp-content\/uploads\/sites\/8\/2026\/04\/Beitragsbild-zum-BLOG-Beitrag_Oekomobil-scaled.jpg","articleSection":{"1":"FES Gymnasium","2":"FES Realschule"},"inLanguage":"de"},{"@type":"WebPage","@id":"https:\/\/fes-heidenheim.de\/gymnasium\/2026\/04\/29\/blog-beitrag-3\/","url":"https:\/\/fes-heidenheim.de\/gymnasium\/2026\/04\/29\/blog-beitrag-3\/","name":"BLOG-Beitrag - Gymnasium | Freie Evangelische Schule und Kindertagesst\u00e4tte Heidenheim e. V.","isPartOf":{"@id":"https:\/\/fes-heidenheim.de\/gymnasium\/#website"},"primaryImageOfPage":{"@id":"https:\/\/fes-heidenheim.de\/gymnasium\/2026\/04\/29\/blog-beitrag-3\/#primaryimage"},"image":{"@id":"https:\/\/fes-heidenheim.de\/gymnasium\/2026\/04\/29\/blog-beitrag-3\/#primaryimage"},"thumbnailUrl":"https:\/\/fes-heidenheim.de\/gymnasium\/wp-content\/uploads\/sites\/8\/2026\/04\/Beitragsbild-zum-BLOG-Beitrag_Oekomobil-scaled.jpg","datePublished":"2026-04-29T11:09:51+00:00","dateModified":"2026-04-29T11:09:52+00:00","author":{"@id":"https:\/\/fes-heidenheim.de\/gymnasium\/#\/schema\/person\/e614df80cf0124a0861921322ba81ee9"},"breadcrumb":{"@id":"https:\/\/fes-heidenheim.de\/gymnasium\/2026\/04\/29\/blog-beitrag-3\/#breadcrumb"},"inLanguage":"de","potentialAction":[{"@type":"ReadAction","target":["https:\/\/fes-heidenheim.de\/gymnasium\/2026\/04\/29\/blog-beitrag-3\/"]}]},{"@type":"ImageObject","inLanguage":"de","@id":"https:\/\/fes-heidenheim.de\/gymnasium\/2026\/04\/29\/blog-beitrag-3\/#primaryimage","url":"https:\/\/fes-heidenheim.de\/gymnasium\/wp-content\/uploads\/sites\/8\/2026\/04\/Beitragsbild-zum-BLOG-Beitrag_Oekomobil-scaled.jpg","contentUrl":"https:\/\/fes-heidenheim.de\/gymnasium\/wp-content\/uploads\/sites\/8\/2026\/04\/Beitragsbild-zum-BLOG-Beitrag_Oekomobil-scaled.jpg","width":2560,"height":1920,"caption":"So machte Biologie-Unterricht gleich doppelt Spa\u00df"},{"@type":"BreadcrumbList","@id":"https:\/\/fes-heidenheim.de\/gymnasium\/2026\/04\/29\/blog-beitrag-3\/#breadcrumb","itemListElement":[{"@type":"ListItem","position":1,"name":"Startseite","item":"https:\/\/fes-heidenheim.de\/gymnasium\/"},{"@type":"ListItem","position":2,"name":"BLOG-Beitrag"}]},{"@type":"WebSite","@id":"https:\/\/fes-heidenheim.de\/gymnasium\/#website","url":"https:\/\/fes-heidenheim.de\/gymnasium\/","name":"Gymnasium | Freie Evangelische Schule und Kindertagesst\u00e4tte Heidenheim e. V.","description":"Eine weitere Freie Evangelische Schule Heidenheim e.V. Websites Website","potentialAction":[{"@type":"SearchAction","target":{"@type":"EntryPoint","urlTemplate":"https:\/\/fes-heidenheim.de\/gymnasium\/?s={search_term_string}"},"query-input":{"@type":"PropertyValueSpecification","valueRequired":true,"valueName":"search_term_string"}}],"inLanguage":"de"},{"@type":"Person","@id":"https:\/\/fes-heidenheim.de\/gymnasium\/#\/schema\/person\/e614df80cf0124a0861921322ba81ee9","name":"sekretariatgym","image":{"@type":"ImageObject","inLanguage":"de","@id":"https:\/\/secure.gravatar.com\/avatar\/8196f14ce1450e8b1558ed9138138a8a40a91d9ddc1e02556e5dd141376b7e3a?s=96&d=mm&r=g","url":"https:\/\/secure.gravatar.com\/avatar\/8196f14ce1450e8b1558ed9138138a8a40a91d9ddc1e02556e5dd141376b7e3a?s=96&d=mm&r=g","contentUrl":"https:\/\/secure.gravatar.com\/avatar\/8196f14ce1450e8b1558ed9138138a8a40a91d9ddc1e02556e5dd141376b7e3a?s=96&d=mm&r=g","caption":"sekretariatgym"},"url":"https:\/\/fes-heidenheim.de\/gymnasium\/author\/sekretariatgym\/"}]}},"_links":{"self":[{"href":"https:\/\/fes-heidenheim.de\/gymnasium\/wp-json\/wp\/v2\/posts\/6760","targetHints":{"allow":["GET"]}}],"collection":[{"href":"https:\/\/fes-heidenheim.de\/gymnasium\/wp-json\/wp\/v2\/posts"}],"about":[{"href":"https:\/\/fes-heidenheim.de\/gymnasium\/wp-json\/wp\/v2\/types\/post"}],"author":[{"embeddable":true,"href":"https:\/\/fes-heidenheim.de\/gymnasium\/wp-json\/wp\/v2\/users\/15"}],"replies":[{"embeddable":true,"href":"https:\/\/fes-heidenheim.de\/gymnasium\/wp-json\/wp\/v2\/comments?post=6760"}],"version-history":[{"count":1,"href":"https:\/\/fes-heidenheim.de\/gymnasium\/wp-json\/wp\/v2\/posts\/6760\/revisions"}],"predecessor-version":[{"id":6771,"href":"https:\/\/fes-heidenheim.de\/gymnasium\/wp-json\/wp\/v2\/posts\/6760\/revisions\/6771"}],"wp:featuredmedia":[{"embeddable":true,"href":"https:\/\/fes-heidenheim.de\/gymnasium\/wp-json\/wp\/v2\/media\/6770"}],"wp:attachment":[{"href":"https:\/\/fes-heidenheim.de\/gymnasium\/wp-json\/wp\/v2\/media?parent=6760"}],"wp:term":[{"taxonomy":"category","embeddable":true,"href":"https:\/\/fes-heidenheim.de\/gymnasium\/wp-json\/wp\/v2\/categories?post=6760"},{"taxonomy":"post_tag","embeddable":true,"href":"https:\/\/fes-heidenheim.de\/gymnasium\/wp-json\/wp\/v2\/tags?post=6760"}],"curies":[{"name":"wp","href":"https:\/\/api.w.org\/{rel}","templated":true}]}}