{"id":239283,"date":"2023-07-31T13:36:55","date_gmt":"2023-07-31T11:36:55","guid":{"rendered":"https:\/\/fes-heidenheim.de\/kita\/?p=239283"},"modified":"2023-07-31T13:40:41","modified_gmt":"2023-07-31T11:40:41","slug":"die-schatzkiste-auf-erkundungstour-in-heidenheim","status":"publish","type":"post","link":"https:\/\/fes-heidenheim.de\/kita\/2023\/07\/31\/die-schatzkiste-auf-erkundungstour-in-heidenheim\/","title":{"rendered":"Die Schatz\u00adkis\u00adte auf Erkun\u00addungs\u00adtour in Heidenheim"},"content":{"rendered":"","protected":false},"excerpt":{"rendered":"<p>Von der Kn\u00f6pf\u00adles\u00adw\u00e4\u00adsche\u00adrin zum geheim\u00adnis\u00advol\u00adlen Uhuloch<\/p>\n","protected":false},"author":9,"featured_media":239284,"comment_status":"open","ping_status":"open","sticky":false,"template":"","format":"standard","meta":{"_et_pb_use_builder":"on","_et_pb_old_content":"","_et_gb_content_width":"","inline_featured_image":false,"wp_typography_post_enhancements_disabled":false,"footnotes":""},"categories":[35],"tags":[],"class_list":["post-239283","post","type-post","status-publish","format-standard","has-post-thumbnail","hentry","category-fes-kita"],"yoast_head":"<!-- This site is optimized with the Yoast SEO plugin v27.4 - https:\/\/yoast.com\/product\/yoast-seo-wordpress\/ -->\n<title>Die Schatzkiste auf Erkundungstour in Heidenheim - Kindertagesst\u00e4tte | Freie Evangelischen Schule und Kindertagesst\u00e4tte Heidenheim e. V.<\/title>\n<meta name=\"robots\" content=\"index, follow, max-snippet:-1, max-image-preview:large, max-video-preview:-1\" \/>\n<link rel=\"canonical\" href=\"https:\/\/fes-heidenheim.de\/kita\/2023\/07\/31\/die-schatzkiste-auf-erkundungstour-in-heidenheim\/\" \/>\n<meta property=\"og:locale\" content=\"de_DE\" \/>\n<meta property=\"og:type\" content=\"article\" \/>\n<meta property=\"og:title\" content=\"Die Schatzkiste auf Erkundungstour in Heidenheim - Kindertagesst\u00e4tte | Freie Evangelischen Schule und Kindertagesst\u00e4tte Heidenheim e. V.\" \/>\n<meta property=\"og:description\" content=\"Von der Kn\u00f6pflesw\u00e4scherin zum geheimnisvollen Uhuloch\" \/>\n<meta property=\"og:url\" content=\"https:\/\/fes-heidenheim.de\/kita\/2023\/07\/31\/die-schatzkiste-auf-erkundungstour-in-heidenheim\/\" \/>\n<meta property=\"og:site_name\" content=\"Kindertagesst\u00e4tte | Freie Evangelischen Schule und Kindertagesst\u00e4tte Heidenheim e. V.\" \/>\n<meta property=\"article:published_time\" content=\"2023-07-31T11:36:55+00:00\" \/>\n<meta property=\"article:modified_time\" content=\"2023-07-31T11:40:41+00:00\" \/>\n<meta property=\"og:image\" content=\"https:\/\/fes-heidenheim.de\/kita\/wp-content\/uploads\/sites\/3\/2023\/07\/Gruppenfoto1-scaled.jpg\" \/>\n\t<meta property=\"og:image:width\" content=\"2560\" \/>\n\t<meta property=\"og:image:height\" content=\"1313\" \/>\n\t<meta property=\"og:image:type\" content=\"image\/jpeg\" \/>\n<meta name=\"author\" content=\"feskita\" \/>\n<meta name=\"twitter:card\" content=\"summary_large_image\" \/>\n<meta name=\"twitter:label1\" content=\"Verfasst von\" \/>\n\t<meta name=\"twitter:data1\" content=\"feskita\" \/>\n<script type=\"application\/ld+json\" class=\"yoast-schema-graph\">{\"@context\":\"https:\\\/\\\/schema.org\",\"@graph\":[{\"@type\":\"Article\",\"@id\":\"https:\\\/\\\/fes-heidenheim.de\\\/kita\\\/2023\\\/07\\\/31\\\/die-schatzkiste-auf-erkundungstour-in-heidenheim\\\/#article\",\"isPartOf\":{\"@id\":\"https:\\\/\\\/fes-heidenheim.de\\\/kita\\\/2023\\\/07\\\/31\\\/die-schatzkiste-auf-erkundungstour-in-heidenheim\\\/\"},\"author\":{\"name\":\"feskita\",\"@id\":\"https:\\\/\\\/fes-heidenheim.de\\\/kita\\\/#\\\/schema\\\/person\\\/932dc9bfbb0c7e741a28baa6a7d47de6\"},\"headline\":\"Die Schatz\u00adkis\u00adte auf Erkun\u00addungs\u00adtour in Heidenheim\",\"datePublished\":\"2023-07-31T11:36:55+00:00\",\"dateModified\":\"2023-07-31T11:40:41+00:00\",\"mainEntityOfPage\":{\"@id\":\"https:\\\/\\\/fes-heidenheim.de\\\/kita\\\/2023\\\/07\\\/31\\\/die-schatzkiste-auf-erkundungstour-in-heidenheim\\\/\"},\"wordCount\":6,\"commentCount\":0,\"image\":{\"@id\":\"https:\\\/\\\/fes-heidenheim.de\\\/kita\\\/2023\\\/07\\\/31\\\/die-schatzkiste-auf-erkundungstour-in-heidenheim\\\/#primaryimage\"},\"thumbnailUrl\":\"https:\\\/\\\/fes-heidenheim.de\\\/kita\\\/wp-content\\\/uploads\\\/sites\\\/3\\\/2023\\\/07\\\/Gruppenfoto1-scaled.jpg\",\"articleSection\":[\"FES KiTa\"],\"inLanguage\":\"de\"},{\"@type\":\"WebPage\",\"@id\":\"https:\\\/\\\/fes-heidenheim.de\\\/kita\\\/2023\\\/07\\\/31\\\/die-schatzkiste-auf-erkundungstour-in-heidenheim\\\/\",\"url\":\"https:\\\/\\\/fes-heidenheim.de\\\/kita\\\/2023\\\/07\\\/31\\\/die-schatzkiste-auf-erkundungstour-in-heidenheim\\\/\",\"name\":\"Die Schatzkiste auf Erkundungstour in Heidenheim - Kindertagesst\u00e4tte | Freie Evangelischen Schule und Kindertagesst\u00e4tte Heidenheim e. V.\",\"isPartOf\":{\"@id\":\"https:\\\/\\\/fes-heidenheim.de\\\/kita\\\/#website\"},\"primaryImageOfPage\":{\"@id\":\"https:\\\/\\\/fes-heidenheim.de\\\/kita\\\/2023\\\/07\\\/31\\\/die-schatzkiste-auf-erkundungstour-in-heidenheim\\\/#primaryimage\"},\"image\":{\"@id\":\"https:\\\/\\\/fes-heidenheim.de\\\/kita\\\/2023\\\/07\\\/31\\\/die-schatzkiste-auf-erkundungstour-in-heidenheim\\\/#primaryimage\"},\"thumbnailUrl\":\"https:\\\/\\\/fes-heidenheim.de\\\/kita\\\/wp-content\\\/uploads\\\/sites\\\/3\\\/2023\\\/07\\\/Gruppenfoto1-scaled.jpg\",\"datePublished\":\"2023-07-31T11:36:55+00:00\",\"dateModified\":\"2023-07-31T11:40:41+00:00\",\"author\":{\"@id\":\"https:\\\/\\\/fes-heidenheim.de\\\/kita\\\/#\\\/schema\\\/person\\\/932dc9bfbb0c7e741a28baa6a7d47de6\"},\"breadcrumb\":{\"@id\":\"https:\\\/\\\/fes-heidenheim.de\\\/kita\\\/2023\\\/07\\\/31\\\/die-schatzkiste-auf-erkundungstour-in-heidenheim\\\/#breadcrumb\"},\"inLanguage\":\"de\",\"potentialAction\":[{\"@type\":\"ReadAction\",\"target\":[\"https:\\\/\\\/fes-heidenheim.de\\\/kita\\\/2023\\\/07\\\/31\\\/die-schatzkiste-auf-erkundungstour-in-heidenheim\\\/\"]}]},{\"@type\":\"ImageObject\",\"inLanguage\":\"de\",\"@id\":\"https:\\\/\\\/fes-heidenheim.de\\\/kita\\\/2023\\\/07\\\/31\\\/die-schatzkiste-auf-erkundungstour-in-heidenheim\\\/#primaryimage\",\"url\":\"https:\\\/\\\/fes-heidenheim.de\\\/kita\\\/wp-content\\\/uploads\\\/sites\\\/3\\\/2023\\\/07\\\/Gruppenfoto1-scaled.jpg\",\"contentUrl\":\"https:\\\/\\\/fes-heidenheim.de\\\/kita\\\/wp-content\\\/uploads\\\/sites\\\/3\\\/2023\\\/07\\\/Gruppenfoto1-scaled.jpg\",\"width\":2560,\"height\":1313},{\"@type\":\"BreadcrumbList\",\"@id\":\"https:\\\/\\\/fes-heidenheim.de\\\/kita\\\/2023\\\/07\\\/31\\\/die-schatzkiste-auf-erkundungstour-in-heidenheim\\\/#breadcrumb\",\"itemListElement\":[{\"@type\":\"ListItem\",\"position\":1,\"name\":\"Startseite\",\"item\":\"https:\\\/\\\/fes-heidenheim.de\\\/kita\\\/\"},{\"@type\":\"ListItem\",\"position\":2,\"name\":\"Die Schatzkiste auf Erkundungstour in Heidenheim\"}]},{\"@type\":\"WebSite\",\"@id\":\"https:\\\/\\\/fes-heidenheim.de\\\/kita\\\/#website\",\"url\":\"https:\\\/\\\/fes-heidenheim.de\\\/kita\\\/\",\"name\":\"Kindertagesst\u00e4tte | Freie Evangelischen Schule und Kindertagesst\u00e4tte Heidenheim e. V.\",\"description\":\"Du bist uns wichtig, hier bist du richtig!\",\"potentialAction\":[{\"@type\":\"SearchAction\",\"target\":{\"@type\":\"EntryPoint\",\"urlTemplate\":\"https:\\\/\\\/fes-heidenheim.de\\\/kita\\\/?s={search_term_string}\"},\"query-input\":{\"@type\":\"PropertyValueSpecification\",\"valueRequired\":true,\"valueName\":\"search_term_string\"}}],\"inLanguage\":\"de\"},{\"@type\":\"Person\",\"@id\":\"https:\\\/\\\/fes-heidenheim.de\\\/kita\\\/#\\\/schema\\\/person\\\/932dc9bfbb0c7e741a28baa6a7d47de6\",\"name\":\"feskita\",\"image\":{\"@type\":\"ImageObject\",\"inLanguage\":\"de\",\"@id\":\"https:\\\/\\\/secure.gravatar.com\\\/avatar\\\/8a42e24635623041eb0a88f06b2a8de6e92e5591f7d53dee9455dcf7c7a6c8a8?s=96&d=mm&r=g\",\"url\":\"https:\\\/\\\/secure.gravatar.com\\\/avatar\\\/8a42e24635623041eb0a88f06b2a8de6e92e5591f7d53dee9455dcf7c7a6c8a8?s=96&d=mm&r=g\",\"contentUrl\":\"https:\\\/\\\/secure.gravatar.com\\\/avatar\\\/8a42e24635623041eb0a88f06b2a8de6e92e5591f7d53dee9455dcf7c7a6c8a8?s=96&d=mm&r=g\",\"caption\":\"feskita\"},\"url\":\"https:\\\/\\\/fes-heidenheim.de\\\/kita\\\/author\\\/feskita\\\/\"}]}<\/script>\n<!-- \/ Yoast SEO plugin. -->","yoast_head_json":{"title":"Die Schatzkiste auf Erkundungstour in Heidenheim - Kindertagesst\u00e4tte | Freie Evangelischen Schule und Kindertagesst\u00e4tte Heidenheim e. V.","robots":{"index":"index","follow":"follow","max-snippet":"max-snippet:-1","max-image-preview":"max-image-preview:large","max-video-preview":"max-video-preview:-1"},"canonical":"https:\/\/fes-heidenheim.de\/kita\/2023\/07\/31\/die-schatzkiste-auf-erkundungstour-in-heidenheim\/","og_locale":"de_DE","og_type":"article","og_title":"Die Schatzkiste auf Erkundungstour in Heidenheim - Kindertagesst\u00e4tte | Freie Evangelischen Schule und Kindertagesst\u00e4tte Heidenheim e. V.","og_description":"Von der Kn\u00f6pflesw\u00e4scherin zum geheimnisvollen Uhuloch","og_url":"https:\/\/fes-heidenheim.de\/kita\/2023\/07\/31\/die-schatzkiste-auf-erkundungstour-in-heidenheim\/","og_site_name":"Kindertagesst\u00e4tte | Freie Evangelischen Schule und Kindertagesst\u00e4tte Heidenheim e. V.","article_published_time":"2023-07-31T11:36:55+00:00","article_modified_time":"2023-07-31T11:40:41+00:00","og_image":[{"width":2560,"height":1313,"url":"https:\/\/fes-heidenheim.de\/kita\/wp-content\/uploads\/sites\/3\/2023\/07\/Gruppenfoto1-scaled.jpg","type":"image\/jpeg"}],"author":"feskita","twitter_card":"summary_large_image","twitter_misc":{"Verfasst von":"feskita"},"schema":{"@context":"https:\/\/schema.org","@graph":[{"@type":"Article","@id":"https:\/\/fes-heidenheim.de\/kita\/2023\/07\/31\/die-schatzkiste-auf-erkundungstour-in-heidenheim\/#article","isPartOf":{"@id":"https:\/\/fes-heidenheim.de\/kita\/2023\/07\/31\/die-schatzkiste-auf-erkundungstour-in-heidenheim\/"},"author":{"name":"feskita","@id":"https:\/\/fes-heidenheim.de\/kita\/#\/schema\/person\/932dc9bfbb0c7e741a28baa6a7d47de6"},"headline":"Die Schatz\u00adkis\u00adte auf Erkun\u00addungs\u00adtour in Heidenheim","datePublished":"2023-07-31T11:36:55+00:00","dateModified":"2023-07-31T11:40:41+00:00","mainEntityOfPage":{"@id":"https:\/\/fes-heidenheim.de\/kita\/2023\/07\/31\/die-schatzkiste-auf-erkundungstour-in-heidenheim\/"},"wordCount":6,"commentCount":0,"image":{"@id":"https:\/\/fes-heidenheim.de\/kita\/2023\/07\/31\/die-schatzkiste-auf-erkundungstour-in-heidenheim\/#primaryimage"},"thumbnailUrl":"https:\/\/fes-heidenheim.de\/kita\/wp-content\/uploads\/sites\/3\/2023\/07\/Gruppenfoto1-scaled.jpg","articleSection":["FES KiTa"],"inLanguage":"de"},{"@type":"WebPage","@id":"https:\/\/fes-heidenheim.de\/kita\/2023\/07\/31\/die-schatzkiste-auf-erkundungstour-in-heidenheim\/","url":"https:\/\/fes-heidenheim.de\/kita\/2023\/07\/31\/die-schatzkiste-auf-erkundungstour-in-heidenheim\/","name":"Die Schatzkiste auf Erkundungstour in Heidenheim - Kindertagesst\u00e4tte | Freie Evangelischen Schule und Kindertagesst\u00e4tte Heidenheim e. V.","isPartOf":{"@id":"https:\/\/fes-heidenheim.de\/kita\/#website"},"primaryImageOfPage":{"@id":"https:\/\/fes-heidenheim.de\/kita\/2023\/07\/31\/die-schatzkiste-auf-erkundungstour-in-heidenheim\/#primaryimage"},"image":{"@id":"https:\/\/fes-heidenheim.de\/kita\/2023\/07\/31\/die-schatzkiste-auf-erkundungstour-in-heidenheim\/#primaryimage"},"thumbnailUrl":"https:\/\/fes-heidenheim.de\/kita\/wp-content\/uploads\/sites\/3\/2023\/07\/Gruppenfoto1-scaled.jpg","datePublished":"2023-07-31T11:36:55+00:00","dateModified":"2023-07-31T11:40:41+00:00","author":{"@id":"https:\/\/fes-heidenheim.de\/kita\/#\/schema\/person\/932dc9bfbb0c7e741a28baa6a7d47de6"},"breadcrumb":{"@id":"https:\/\/fes-heidenheim.de\/kita\/2023\/07\/31\/die-schatzkiste-auf-erkundungstour-in-heidenheim\/#breadcrumb"},"inLanguage":"de","potentialAction":[{"@type":"ReadAction","target":["https:\/\/fes-heidenheim.de\/kita\/2023\/07\/31\/die-schatzkiste-auf-erkundungstour-in-heidenheim\/"]}]},{"@type":"ImageObject","inLanguage":"de","@id":"https:\/\/fes-heidenheim.de\/kita\/2023\/07\/31\/die-schatzkiste-auf-erkundungstour-in-heidenheim\/#primaryimage","url":"https:\/\/fes-heidenheim.de\/kita\/wp-content\/uploads\/sites\/3\/2023\/07\/Gruppenfoto1-scaled.jpg","contentUrl":"https:\/\/fes-heidenheim.de\/kita\/wp-content\/uploads\/sites\/3\/2023\/07\/Gruppenfoto1-scaled.jpg","width":2560,"height":1313},{"@type":"BreadcrumbList","@id":"https:\/\/fes-heidenheim.de\/kita\/2023\/07\/31\/die-schatzkiste-auf-erkundungstour-in-heidenheim\/#breadcrumb","itemListElement":[{"@type":"ListItem","position":1,"name":"Startseite","item":"https:\/\/fes-heidenheim.de\/kita\/"},{"@type":"ListItem","position":2,"name":"Die Schatzkiste auf Erkundungstour in Heidenheim"}]},{"@type":"WebSite","@id":"https:\/\/fes-heidenheim.de\/kita\/#website","url":"https:\/\/fes-heidenheim.de\/kita\/","name":"Kindertagesst\u00e4tte | Freie Evangelischen Schule und Kindertagesst\u00e4tte Heidenheim e. V.","description":"Du bist uns wichtig, hier bist du richtig!","potentialAction":[{"@type":"SearchAction","target":{"@type":"EntryPoint","urlTemplate":"https:\/\/fes-heidenheim.de\/kita\/?s={search_term_string}"},"query-input":{"@type":"PropertyValueSpecification","valueRequired":true,"valueName":"search_term_string"}}],"inLanguage":"de"},{"@type":"Person","@id":"https:\/\/fes-heidenheim.de\/kita\/#\/schema\/person\/932dc9bfbb0c7e741a28baa6a7d47de6","name":"feskita","image":{"@type":"ImageObject","inLanguage":"de","@id":"https:\/\/secure.gravatar.com\/avatar\/8a42e24635623041eb0a88f06b2a8de6e92e5591f7d53dee9455dcf7c7a6c8a8?s=96&d=mm&r=g","url":"https:\/\/secure.gravatar.com\/avatar\/8a42e24635623041eb0a88f06b2a8de6e92e5591f7d53dee9455dcf7c7a6c8a8?s=96&d=mm&r=g","contentUrl":"https:\/\/secure.gravatar.com\/avatar\/8a42e24635623041eb0a88f06b2a8de6e92e5591f7d53dee9455dcf7c7a6c8a8?s=96&d=mm&r=g","caption":"feskita"},"url":"https:\/\/fes-heidenheim.de\/kita\/author\/feskita\/"}]}},"_links":{"self":[{"href":"https:\/\/fes-heidenheim.de\/kita\/wp-json\/wp\/v2\/posts\/239283","targetHints":{"allow":["GET"]}}],"collection":[{"href":"https:\/\/fes-heidenheim.de\/kita\/wp-json\/wp\/v2\/posts"}],"about":[{"href":"https:\/\/fes-heidenheim.de\/kita\/wp-json\/wp\/v2\/types\/post"}],"author":[{"embeddable":true,"href":"https:\/\/fes-heidenheim.de\/kita\/wp-json\/wp\/v2\/users\/9"}],"replies":[{"embeddable":true,"href":"https:\/\/fes-heidenheim.de\/kita\/wp-json\/wp\/v2\/comments?post=239283"}],"version-history":[{"count":2,"href":"https:\/\/fes-heidenheim.de\/kita\/wp-json\/wp\/v2\/posts\/239283\/revisions"}],"predecessor-version":[{"id":239286,"href":"https:\/\/fes-heidenheim.de\/kita\/wp-json\/wp\/v2\/posts\/239283\/revisions\/239286"}],"wp:featuredmedia":[{"embeddable":true,"href":"https:\/\/fes-heidenheim.de\/kita\/wp-json\/wp\/v2\/media\/239284"}],"wp:attachment":[{"href":"https:\/\/fes-heidenheim.de\/kita\/wp-json\/wp\/v2\/media?parent=239283"}],"wp:term":[{"taxonomy":"category","embeddable":true,"href":"https:\/\/fes-heidenheim.de\/kita\/wp-json\/wp\/v2\/categories?post=239283"},{"taxonomy":"post_tag","embeddable":true,"href":"https:\/\/fes-heidenheim.de\/kita\/wp-json\/wp\/v2\/tags?post=239283"}],"curies":[{"name":"wp","href":"https:\/\/api.w.org\/{rel}","templated":true}]}}