{"id":239336,"date":"2024-01-10T19:19:55","date_gmt":"2024-01-10T18:19:55","guid":{"rendered":"https:\/\/fes-heidenheim.de\/kita\/2024\/01\/10\/infoabend-fes-grundschule-25-januar-2024-19-30-uhr\/"},"modified":"2024-01-12T17:42:06","modified_gmt":"2024-01-12T16:42:06","slug":"infoabend-fes-grundschule-25-januar-2024-19-30-uhr","status":"publish","type":"post","link":"https:\/\/fes-heidenheim.de\/kita\/2024\/01\/10\/infoabend-fes-grundschule-25-januar-2024-19-30-uhr\/","title":{"rendered":"Info\u00adabend Grund\u00adschu\u00adle, 25. Janu\u00adar 2024, 19.30&nbsp;Uhr"},"content":{"rendered":"\n<p>Unse\u00adre Grund\u00adschu\u00adle ist eine \u00fcber\u00adschau\u00adba\u00adre ein\u00adz\u00fc\u00adgi\u00adge Schu\u00adle mit 4 Klas\u00adsen. Wir sind eine christ\u00adli\u00adche Schu\u00adle und pfle\u00adgen eine freund\u00adli\u00adche Schul\u00adat\u00admo\u00adsph\u00e4\u00adre, in der wir die indi\u00advi\u00addu\u00adel\u00adle F\u00f6r\u00adde\u00adrung der Kin\u00adder in den Fokus stel\u00adlen. Wir laden Sie herz\u00adlich zu unse\u00adrem Infor\u00adma\u00adti\u00adons\u00adabend ein, an dem Sie sich ein Bild \u00fcber unse\u00adre Schu\u00adle machen k\u00f6n\u00adnen. Wir freu\u00aden uns, Sie kennenzulernen&nbsp;!<\/p>\n\n\n\n<p>Richard-Wag\u00adner-Stra\u00ad\u00dfe 66<br>89 518 Heidenheim<\/p>\n\n\n\n<p>Tele\u00adfon&nbsp;: 07321 20567<br>E\u2011Mail&nbsp;: grundschule@fes-heidenheim.de<\/p>\n","protected":false},"excerpt":{"rendered":"<p>Unse\u00adre Grund\u00adschu\u00adle ist eine \u00fcber\u00adschau\u00adba\u00adre ein\u00adz\u00fc\u00adgi\u00adge Schu\u00adle mit 4 Klas\u00adsen. Wir sind eine christ\u00adli\u00adche Schu\u00adle und pfle\u00adgen eine freund\u00adli\u00adche Schul\u00adat\u00admo\u00adsph\u00e4\u00adre, in der wir die indi\u00advi\u00addu\u00adel\u00adle F\u00f6r\u00adde\u00adrung der Kin\u00adder in&nbsp;den&nbsp;[\u2026]<\/p>\n","protected":false},"author":1,"featured_media":239341,"comment_status":"open","ping_status":"open","sticky":false,"template":"","format":"standard","meta":{"_et_pb_use_builder":"off","_et_pb_old_content":"<!-- wp:paragraph -->\n<p>Unsere Grundschule ist eine \u00fcberschaubare einz\u00fcgige Schule mit 4 Klassen. Wir pflegen eine freundliche Schulatmosph\u00e4re in der wir die individuelle F\u00f6rderung der Kinder in den Fokus stellen. Wir laden Sie herzlich zu unerem Informationsabend ein, an dem Sie sich ein Bild \u00fcber unsere Schule machen k\u00f6nnen. Wir freuen uns, Sie kennenzulernen!<\/p>\n<!-- \/wp:paragraph -->\n\n<!-- wp:paragraph -->\n<p>Richard-Wagner-Stra\u00dfe 66<br>89 518 Heidenheim<\/p>\n<!-- \/wp:paragraph -->\n\n<!-- wp:paragraph -->\n<p>Telefon: 07321 20567<br>E-Mail: grundschule@fes-heidenheim.de<\/p>\n<!-- \/wp:paragraph -->","_et_gb_content_width":"","inline_featured_image":false,"wp_typography_post_enhancements_disabled":false,"footnotes":""},"categories":[1,43,35],"tags":[],"class_list":["post-239336","post","type-post","status-publish","format-standard","has-post-thumbnail","hentry","category-allgemein","category-fes-grundschule","category-fes-kita"],"yoast_head":"<!-- This site is optimized with the Yoast SEO plugin v27.4 - https:\/\/yoast.com\/product\/yoast-seo-wordpress\/ -->\n<title>Infoabend Grundschule, 25. Januar 2024, 19.30 Uhr - Kindertagesst\u00e4tte | Freie Evangelischen Schule und Kindertagesst\u00e4tte Heidenheim e. V.<\/title>\n<meta name=\"robots\" content=\"index, follow, max-snippet:-1, max-image-preview:large, max-video-preview:-1\" \/>\n<link rel=\"canonical\" href=\"https:\/\/fes-heidenheim.de\/kita\/2024\/01\/10\/infoabend-fes-grundschule-25-januar-2024-19-30-uhr\/\" \/>\n<meta property=\"og:locale\" content=\"de_DE\" \/>\n<meta property=\"og:type\" content=\"article\" \/>\n<meta property=\"og:title\" content=\"Infoabend Grundschule, 25. Januar 2024, 19.30 Uhr - Kindertagesst\u00e4tte | Freie Evangelischen Schule und Kindertagesst\u00e4tte Heidenheim e. V.\" \/>\n<meta property=\"og:description\" content=\"Unse\u00adre Grund\u00adschu\u00adle ist eine \u00fcber\u00adschau\u00adba\u00adre ein\u00adz\u00fc\u00adgi\u00adge Schu\u00adle mit 4 Klas\u00adsen. Wir sind eine christ\u00adli\u00adche Schu\u00adle und pfle\u00adgen eine freund\u00adli\u00adche Schul\u00adat\u00admo\u00adsph\u00e4\u00adre, in der wir die indi\u00advi\u00addu\u00adel\u00adle F\u00f6r\u00adde\u00adrung der Kin\u00adder in den [&hellip;]\" \/>\n<meta property=\"og:url\" content=\"https:\/\/fes-heidenheim.de\/kita\/2024\/01\/10\/infoabend-fes-grundschule-25-januar-2024-19-30-uhr\/\" \/>\n<meta property=\"og:site_name\" content=\"Kindertagesst\u00e4tte | Freie Evangelischen Schule und Kindertagesst\u00e4tte Heidenheim e. V.\" \/>\n<meta property=\"article:published_time\" content=\"2024-01-10T18:19:55+00:00\" \/>\n<meta property=\"article:modified_time\" content=\"2024-01-12T16:42:06+00:00\" \/>\n<meta property=\"og:image\" content=\"https:\/\/fes-heidenheim.de\/kita\/wp-content\/uploads\/sites\/3\/2024\/01\/fes-heidenheim-grundschule-e1704910287940.jpg\" \/>\n\t<meta property=\"og:image:width\" content=\"1080\" \/>\n\t<meta property=\"og:image:height\" content=\"607\" \/>\n\t<meta property=\"og:image:type\" content=\"image\/jpeg\" \/>\n<meta name=\"author\" content=\"fes\" \/>\n<meta name=\"twitter:card\" content=\"summary_large_image\" \/>\n<meta name=\"twitter:label1\" content=\"Verfasst von\" \/>\n\t<meta name=\"twitter:data1\" content=\"fes\" \/>\n\t<meta name=\"twitter:label2\" content=\"Gesch\u00e4tzte Lesezeit\" \/>\n\t<meta name=\"twitter:data2\" content=\"1\u00a0Minute\" \/>\n<script type=\"application\/ld+json\" class=\"yoast-schema-graph\">{\"@context\":\"https:\\\/\\\/schema.org\",\"@graph\":[{\"@type\":\"Article\",\"@id\":\"https:\\\/\\\/fes-heidenheim.de\\\/kita\\\/2024\\\/01\\\/10\\\/infoabend-fes-grundschule-25-januar-2024-19-30-uhr\\\/#article\",\"isPartOf\":{\"@id\":\"https:\\\/\\\/fes-heidenheim.de\\\/kita\\\/2024\\\/01\\\/10\\\/infoabend-fes-grundschule-25-januar-2024-19-30-uhr\\\/\"},\"author\":{\"name\":\"fes\",\"@id\":\"https:\\\/\\\/fes-heidenheim.de\\\/kita\\\/#\\\/schema\\\/person\\\/e8b717a48deac1a9531664496e910db7\"},\"headline\":\"Info\u00adabend Grund\u00adschu\u00adle, 25. Janu\u00adar 2024, 19.30&nbsp;Uhr\",\"datePublished\":\"2024-01-10T18:19:55+00:00\",\"dateModified\":\"2024-01-12T16:42:06+00:00\",\"mainEntityOfPage\":{\"@id\":\"https:\\\/\\\/fes-heidenheim.de\\\/kita\\\/2024\\\/01\\\/10\\\/infoabend-fes-grundschule-25-januar-2024-19-30-uhr\\\/\"},\"wordCount\":71,\"commentCount\":0,\"image\":{\"@id\":\"https:\\\/\\\/fes-heidenheim.de\\\/kita\\\/2024\\\/01\\\/10\\\/infoabend-fes-grundschule-25-januar-2024-19-30-uhr\\\/#primaryimage\"},\"thumbnailUrl\":\"https:\\\/\\\/fes-heidenheim.de\\\/kita\\\/wp-content\\\/uploads\\\/sites\\\/3\\\/2024\\\/01\\\/fes-heidenheim-grundschule-e1704910287940-2.jpg\",\"articleSection\":{\"1\":\"FES Grundschule\",\"2\":\"FES KiTa\"},\"inLanguage\":\"de\"},{\"@type\":\"WebPage\",\"@id\":\"https:\\\/\\\/fes-heidenheim.de\\\/kita\\\/2024\\\/01\\\/10\\\/infoabend-fes-grundschule-25-januar-2024-19-30-uhr\\\/\",\"url\":\"https:\\\/\\\/fes-heidenheim.de\\\/kita\\\/2024\\\/01\\\/10\\\/infoabend-fes-grundschule-25-januar-2024-19-30-uhr\\\/\",\"name\":\"Infoabend Grundschule, 25. Januar 2024, 19.30 Uhr - Kindertagesst\u00e4tte | Freie Evangelischen Schule und Kindertagesst\u00e4tte Heidenheim e. V.\",\"isPartOf\":{\"@id\":\"https:\\\/\\\/fes-heidenheim.de\\\/kita\\\/#website\"},\"primaryImageOfPage\":{\"@id\":\"https:\\\/\\\/fes-heidenheim.de\\\/kita\\\/2024\\\/01\\\/10\\\/infoabend-fes-grundschule-25-januar-2024-19-30-uhr\\\/#primaryimage\"},\"image\":{\"@id\":\"https:\\\/\\\/fes-heidenheim.de\\\/kita\\\/2024\\\/01\\\/10\\\/infoabend-fes-grundschule-25-januar-2024-19-30-uhr\\\/#primaryimage\"},\"thumbnailUrl\":\"https:\\\/\\\/fes-heidenheim.de\\\/kita\\\/wp-content\\\/uploads\\\/sites\\\/3\\\/2024\\\/01\\\/fes-heidenheim-grundschule-e1704910287940-2.jpg\",\"datePublished\":\"2024-01-10T18:19:55+00:00\",\"dateModified\":\"2024-01-12T16:42:06+00:00\",\"author\":{\"@id\":\"https:\\\/\\\/fes-heidenheim.de\\\/kita\\\/#\\\/schema\\\/person\\\/e8b717a48deac1a9531664496e910db7\"},\"breadcrumb\":{\"@id\":\"https:\\\/\\\/fes-heidenheim.de\\\/kita\\\/2024\\\/01\\\/10\\\/infoabend-fes-grundschule-25-januar-2024-19-30-uhr\\\/#breadcrumb\"},\"inLanguage\":\"de\",\"potentialAction\":[{\"@type\":\"ReadAction\",\"target\":[\"https:\\\/\\\/fes-heidenheim.de\\\/kita\\\/2024\\\/01\\\/10\\\/infoabend-fes-grundschule-25-januar-2024-19-30-uhr\\\/\"]}]},{\"@type\":\"ImageObject\",\"inLanguage\":\"de\",\"@id\":\"https:\\\/\\\/fes-heidenheim.de\\\/kita\\\/2024\\\/01\\\/10\\\/infoabend-fes-grundschule-25-januar-2024-19-30-uhr\\\/#primaryimage\",\"url\":\"https:\\\/\\\/fes-heidenheim.de\\\/kita\\\/wp-content\\\/uploads\\\/sites\\\/3\\\/2024\\\/01\\\/fes-heidenheim-grundschule-e1704910287940-2.jpg\",\"contentUrl\":\"https:\\\/\\\/fes-heidenheim.de\\\/kita\\\/wp-content\\\/uploads\\\/sites\\\/3\\\/2024\\\/01\\\/fes-heidenheim-grundschule-e1704910287940-2.jpg\",\"width\":1080,\"height\":607,\"caption\":\"FES Grundschule Heidenheim\"},{\"@type\":\"BreadcrumbList\",\"@id\":\"https:\\\/\\\/fes-heidenheim.de\\\/kita\\\/2024\\\/01\\\/10\\\/infoabend-fes-grundschule-25-januar-2024-19-30-uhr\\\/#breadcrumb\",\"itemListElement\":[{\"@type\":\"ListItem\",\"position\":1,\"name\":\"Startseite\",\"item\":\"https:\\\/\\\/fes-heidenheim.de\\\/kita\\\/\"},{\"@type\":\"ListItem\",\"position\":2,\"name\":\"Info\u00adabend FES-Grund\u00adschu\u00adle | 25. Janu\u00adar. 2024, 19.30&nbsp;Uhr\"}]},{\"@type\":\"WebSite\",\"@id\":\"https:\\\/\\\/fes-heidenheim.de\\\/kita\\\/#website\",\"url\":\"https:\\\/\\\/fes-heidenheim.de\\\/kita\\\/\",\"name\":\"Kindertagesst\u00e4tte | Freie Evangelischen Schule und Kindertagesst\u00e4tte Heidenheim e. V.\",\"description\":\"Du bist uns wichtig, hier bist du richtig!\",\"potentialAction\":[{\"@type\":\"SearchAction\",\"target\":{\"@type\":\"EntryPoint\",\"urlTemplate\":\"https:\\\/\\\/fes-heidenheim.de\\\/kita\\\/?s={search_term_string}\"},\"query-input\":{\"@type\":\"PropertyValueSpecification\",\"valueRequired\":true,\"valueName\":\"search_term_string\"}}],\"inLanguage\":\"de\"},{\"@type\":\"Person\",\"@id\":\"https:\\\/\\\/fes-heidenheim.de\\\/kita\\\/#\\\/schema\\\/person\\\/e8b717a48deac1a9531664496e910db7\",\"name\":\"fes\",\"image\":{\"@type\":\"ImageObject\",\"inLanguage\":\"de\",\"@id\":\"https:\\\/\\\/secure.gravatar.com\\\/avatar\\\/effdf0474358ff27f1e16eb3157eee659b464c36afe22d3bed195415271415a3?s=96&d=mm&r=g\",\"url\":\"https:\\\/\\\/secure.gravatar.com\\\/avatar\\\/effdf0474358ff27f1e16eb3157eee659b464c36afe22d3bed195415271415a3?s=96&d=mm&r=g\",\"contentUrl\":\"https:\\\/\\\/secure.gravatar.com\\\/avatar\\\/effdf0474358ff27f1e16eb3157eee659b464c36afe22d3bed195415271415a3?s=96&d=mm&r=g\",\"caption\":\"fes\"},\"url\":\"https:\\\/\\\/fes-heidenheim.de\\\/kita\\\/author\\\/fes\\\/\"}]}<\/script>\n<!-- \/ Yoast SEO plugin. -->","yoast_head_json":{"title":"Infoabend Grundschule, 25. Januar 2024, 19.30 Uhr - Kindertagesst\u00e4tte | Freie Evangelischen Schule und Kindertagesst\u00e4tte Heidenheim e. V.","robots":{"index":"index","follow":"follow","max-snippet":"max-snippet:-1","max-image-preview":"max-image-preview:large","max-video-preview":"max-video-preview:-1"},"canonical":"https:\/\/fes-heidenheim.de\/kita\/2024\/01\/10\/infoabend-fes-grundschule-25-januar-2024-19-30-uhr\/","og_locale":"de_DE","og_type":"article","og_title":"Infoabend Grundschule, 25. Januar 2024, 19.30 Uhr - Kindertagesst\u00e4tte | Freie Evangelischen Schule und Kindertagesst\u00e4tte Heidenheim e. V.","og_description":"Unse\u00adre Grund\u00adschu\u00adle ist eine \u00fcber\u00adschau\u00adba\u00adre ein\u00adz\u00fc\u00adgi\u00adge Schu\u00adle mit 4 Klas\u00adsen. Wir sind eine christ\u00adli\u00adche Schu\u00adle und pfle\u00adgen eine freund\u00adli\u00adche Schul\u00adat\u00admo\u00adsph\u00e4\u00adre, in der wir die indi\u00advi\u00addu\u00adel\u00adle F\u00f6r\u00adde\u00adrung der Kin\u00adder in den [&hellip;]","og_url":"https:\/\/fes-heidenheim.de\/kita\/2024\/01\/10\/infoabend-fes-grundschule-25-januar-2024-19-30-uhr\/","og_site_name":"Kindertagesst\u00e4tte | Freie Evangelischen Schule und Kindertagesst\u00e4tte Heidenheim e. V.","article_published_time":"2024-01-10T18:19:55+00:00","article_modified_time":"2024-01-12T16:42:06+00:00","og_image":[{"width":1080,"height":607,"url":"https:\/\/fes-heidenheim.de\/kita\/wp-content\/uploads\/sites\/3\/2024\/01\/fes-heidenheim-grundschule-e1704910287940.jpg","type":"image\/jpeg"}],"author":"fes","twitter_card":"summary_large_image","twitter_misc":{"Verfasst von":"fes","Gesch\u00e4tzte Lesezeit":"1\u00a0Minute"},"schema":{"@context":"https:\/\/schema.org","@graph":[{"@type":"Article","@id":"https:\/\/fes-heidenheim.de\/kita\/2024\/01\/10\/infoabend-fes-grundschule-25-januar-2024-19-30-uhr\/#article","isPartOf":{"@id":"https:\/\/fes-heidenheim.de\/kita\/2024\/01\/10\/infoabend-fes-grundschule-25-januar-2024-19-30-uhr\/"},"author":{"name":"fes","@id":"https:\/\/fes-heidenheim.de\/kita\/#\/schema\/person\/e8b717a48deac1a9531664496e910db7"},"headline":"Info\u00adabend Grund\u00adschu\u00adle, 25. Janu\u00adar 2024, 19.30&nbsp;Uhr","datePublished":"2024-01-10T18:19:55+00:00","dateModified":"2024-01-12T16:42:06+00:00","mainEntityOfPage":{"@id":"https:\/\/fes-heidenheim.de\/kita\/2024\/01\/10\/infoabend-fes-grundschule-25-januar-2024-19-30-uhr\/"},"wordCount":71,"commentCount":0,"image":{"@id":"https:\/\/fes-heidenheim.de\/kita\/2024\/01\/10\/infoabend-fes-grundschule-25-januar-2024-19-30-uhr\/#primaryimage"},"thumbnailUrl":"https:\/\/fes-heidenheim.de\/kita\/wp-content\/uploads\/sites\/3\/2024\/01\/fes-heidenheim-grundschule-e1704910287940-2.jpg","articleSection":{"1":"FES Grundschule","2":"FES KiTa"},"inLanguage":"de"},{"@type":"WebPage","@id":"https:\/\/fes-heidenheim.de\/kita\/2024\/01\/10\/infoabend-fes-grundschule-25-januar-2024-19-30-uhr\/","url":"https:\/\/fes-heidenheim.de\/kita\/2024\/01\/10\/infoabend-fes-grundschule-25-januar-2024-19-30-uhr\/","name":"Infoabend Grundschule, 25. Januar 2024, 19.30 Uhr - Kindertagesst\u00e4tte | Freie Evangelischen Schule und Kindertagesst\u00e4tte Heidenheim e. V.","isPartOf":{"@id":"https:\/\/fes-heidenheim.de\/kita\/#website"},"primaryImageOfPage":{"@id":"https:\/\/fes-heidenheim.de\/kita\/2024\/01\/10\/infoabend-fes-grundschule-25-januar-2024-19-30-uhr\/#primaryimage"},"image":{"@id":"https:\/\/fes-heidenheim.de\/kita\/2024\/01\/10\/infoabend-fes-grundschule-25-januar-2024-19-30-uhr\/#primaryimage"},"thumbnailUrl":"https:\/\/fes-heidenheim.de\/kita\/wp-content\/uploads\/sites\/3\/2024\/01\/fes-heidenheim-grundschule-e1704910287940-2.jpg","datePublished":"2024-01-10T18:19:55+00:00","dateModified":"2024-01-12T16:42:06+00:00","author":{"@id":"https:\/\/fes-heidenheim.de\/kita\/#\/schema\/person\/e8b717a48deac1a9531664496e910db7"},"breadcrumb":{"@id":"https:\/\/fes-heidenheim.de\/kita\/2024\/01\/10\/infoabend-fes-grundschule-25-januar-2024-19-30-uhr\/#breadcrumb"},"inLanguage":"de","potentialAction":[{"@type":"ReadAction","target":["https:\/\/fes-heidenheim.de\/kita\/2024\/01\/10\/infoabend-fes-grundschule-25-januar-2024-19-30-uhr\/"]}]},{"@type":"ImageObject","inLanguage":"de","@id":"https:\/\/fes-heidenheim.de\/kita\/2024\/01\/10\/infoabend-fes-grundschule-25-januar-2024-19-30-uhr\/#primaryimage","url":"https:\/\/fes-heidenheim.de\/kita\/wp-content\/uploads\/sites\/3\/2024\/01\/fes-heidenheim-grundschule-e1704910287940-2.jpg","contentUrl":"https:\/\/fes-heidenheim.de\/kita\/wp-content\/uploads\/sites\/3\/2024\/01\/fes-heidenheim-grundschule-e1704910287940-2.jpg","width":1080,"height":607,"caption":"FES Grundschule Heidenheim"},{"@type":"BreadcrumbList","@id":"https:\/\/fes-heidenheim.de\/kita\/2024\/01\/10\/infoabend-fes-grundschule-25-januar-2024-19-30-uhr\/#breadcrumb","itemListElement":[{"@type":"ListItem","position":1,"name":"Startseite","item":"https:\/\/fes-heidenheim.de\/kita\/"},{"@type":"ListItem","position":2,"name":"Info\u00adabend FES-Grund\u00adschu\u00adle | 25. Janu\u00adar. 2024, 19.30&nbsp;Uhr"}]},{"@type":"WebSite","@id":"https:\/\/fes-heidenheim.de\/kita\/#website","url":"https:\/\/fes-heidenheim.de\/kita\/","name":"Kindertagesst\u00e4tte | Freie Evangelischen Schule und Kindertagesst\u00e4tte Heidenheim e. V.","description":"Du bist uns wichtig, hier bist du richtig!","potentialAction":[{"@type":"SearchAction","target":{"@type":"EntryPoint","urlTemplate":"https:\/\/fes-heidenheim.de\/kita\/?s={search_term_string}"},"query-input":{"@type":"PropertyValueSpecification","valueRequired":true,"valueName":"search_term_string"}}],"inLanguage":"de"},{"@type":"Person","@id":"https:\/\/fes-heidenheim.de\/kita\/#\/schema\/person\/e8b717a48deac1a9531664496e910db7","name":"fes","image":{"@type":"ImageObject","inLanguage":"de","@id":"https:\/\/secure.gravatar.com\/avatar\/effdf0474358ff27f1e16eb3157eee659b464c36afe22d3bed195415271415a3?s=96&d=mm&r=g","url":"https:\/\/secure.gravatar.com\/avatar\/effdf0474358ff27f1e16eb3157eee659b464c36afe22d3bed195415271415a3?s=96&d=mm&r=g","contentUrl":"https:\/\/secure.gravatar.com\/avatar\/effdf0474358ff27f1e16eb3157eee659b464c36afe22d3bed195415271415a3?s=96&d=mm&r=g","caption":"fes"},"url":"https:\/\/fes-heidenheim.de\/kita\/author\/fes\/"}]}},"_links":{"self":[{"href":"https:\/\/fes-heidenheim.de\/kita\/wp-json\/wp\/v2\/posts\/239336","targetHints":{"allow":["GET"]}}],"collection":[{"href":"https:\/\/fes-heidenheim.de\/kita\/wp-json\/wp\/v2\/posts"}],"about":[{"href":"https:\/\/fes-heidenheim.de\/kita\/wp-json\/wp\/v2\/types\/post"}],"author":[{"embeddable":true,"href":"https:\/\/fes-heidenheim.de\/kita\/wp-json\/wp\/v2\/users\/1"}],"replies":[{"embeddable":true,"href":"https:\/\/fes-heidenheim.de\/kita\/wp-json\/wp\/v2\/comments?post=239336"}],"version-history":[{"count":4,"href":"https:\/\/fes-heidenheim.de\/kita\/wp-json\/wp\/v2\/posts\/239336\/revisions"}],"predecessor-version":[{"id":239347,"href":"https:\/\/fes-heidenheim.de\/kita\/wp-json\/wp\/v2\/posts\/239336\/revisions\/239347"}],"wp:featuredmedia":[{"embeddable":true,"href":"https:\/\/fes-heidenheim.de\/kita\/wp-json\/wp\/v2\/media\/239341"}],"wp:attachment":[{"href":"https:\/\/fes-heidenheim.de\/kita\/wp-json\/wp\/v2\/media?parent=239336"}],"wp:term":[{"taxonomy":"category","embeddable":true,"href":"https:\/\/fes-heidenheim.de\/kita\/wp-json\/wp\/v2\/categories?post=239336"},{"taxonomy":"post_tag","embeddable":true,"href":"https:\/\/fes-heidenheim.de\/kita\/wp-json\/wp\/v2\/tags?post=239336"}],"curies":[{"name":"wp","href":"https:\/\/api.w.org\/{rel}","templated":true}]}}