{"id":239507,"date":"2024-11-26T12:57:49","date_gmt":"2024-11-26T11:57:49","guid":{"rendered":"https:\/\/fes-heidenheim.de\/kita\/2024\/11\/26\/bunte-farben-und-weihnachtliche-klaenge\/"},"modified":"2024-11-26T13:01:41","modified_gmt":"2024-11-26T12:01:41","slug":"bunte-farben-und-weihnachtliche-klaenge","status":"publish","type":"post","link":"https:\/\/fes-heidenheim.de\/kita\/2024\/11\/26\/bunte-farben-und-weihnachtliche-klaenge\/","title":{"rendered":"Bun\u00adte Far\u00adben und weih\u00adnacht\u00adli\u00adche Kl\u00e4nge"},"content":{"rendered":"\n<p>Am 16.11.2024 pr\u00e4\u00adsen\u00adtier\u00adte sich die FES Grund\u00adschu\u00adle in bun\u00adten Far\u00adben und mit weih\u00adnacht\u00adli\u00adchen Kl\u00e4n\u00adgen. Beim dies\u00adj\u00e4h\u00adri\u00adgen Advents\u00adba\u00adzar war neben dem viel\u00adf\u00e4l\u00adti\u00adgen Pro\u00adgramm der Kin\u00adder, ver\u00adschie\u00addens\u00adten sch\u00f6\u00adnen Advents\u00adde\u00adko\u00adra\u00adtio\u00adnen, Pl\u00e4tz\u00adchen, Kuchen und einem Kin\u00adder-Caf\u00e9, auch eine Leb\u00adku\u00adchen-Werk\u00adstatt gebo\u00adten. Das <a href=\"https:\/\/kinderwerk-lima.de\/\">Kin\u00adder\u00adwerk Lima<\/a> pr\u00e4\u00adsen\u00adtier\u00adte sich mit vie\u00adlen bun\u00adten perua\u00adni\u00adschen Klei\u00adnig\u00adkei\u00adten an ihrem Info\u00adstand. Die Kin\u00adder der Kita und aller Klas\u00adsen gestal\u00adte\u00adten Weih\u00adnachts\u00adkar\u00adten, bedien\u00adten im Caf\u00e9 und zeig\u00adten tol\u00adle Thea\u00adter\u00adst\u00fc\u00adcke. Ein beson\u00adde\u00adrer Dank geht dabei an die Eltern und Kin\u00adder, die flei\u00ad\u00dfig vor\u00adbe\u00adrei\u00adtet, geba\u00adcken und gebas\u00adtelt haben, um die\u00adses viel\u00adf\u00e4l\u00adti\u00adge Ange\u00adbot m\u00f6g\u00adlich zu machen.<\/p>\n\n\n\n<p>Die Kita er\u00f6ff\u00adne\u00adte das sch\u00f6\u00adne Fest mit einem Later\u00adnen\u00adtanz und erz\u00e4hl\u00adte die Geschich\u00adte vom klei\u00adnen Gl\u00fch\u00adw\u00fcrm\u00adchen. Dabei wur\u00adde deut\u00adlich, dass Jesus uns Licht gibt und wir unser Licht \u2013 sei es auch noch so klein \u2013 leuch\u00adten las\u00adsen sol\u00adlen, damit die Welt um uns erhellt wird. Anschlie\u00ad\u00dfend erz\u00e4hl\u00adten die Erst\u00adkl\u00e4ss\u00adler die Geschich\u00adte von Bar\u00adti\u00adm\u00e4\u00adus und san\u00adgen davon, dass Gott uns sieht und h\u00f6rt und wir ihn immer um Hil\u00adfe bit\u00adten k\u00f6n\u00adnen. Die Viert\u00adkl\u00e4ss\u00adler mach\u00adten wei\u00adter mit einem Thea\u00adter\u00adst\u00fcck zu Noah. \u201eGott will einen neu\u00aden Angang machen\u201c schall\u00adte es durch den Klas\u00adsen\u00adraum. Auch die Uku\u00adle\u00adle-AG pr\u00e4\u00adsen\u00adtier\u00adte zwei Lie\u00adder und eine selbst\u00adge\u00adgr\u00fcn\u00adde\u00adte Band von Viert\u00adkl\u00e4ss\u00adlern sorg\u00adte mit ihrem eige\u00adnen Song \u201e\u00d6ff\u00adnet das Fens\u00adter \u2013 \u00f6ff\u00adnet die T\u00fcr\u201c bei allen f\u00fcr einen Ohr\u00adwurm. Zum Abschluss san\u00adgen die Dritt\u00adkl\u00e4ss\u00adler, die vor allem im Kin\u00adder-Caf\u00e9 aktiv waren und bedien\u00adten, zwei weih\u00adnacht\u00adli\u00adche Lie\u00adder. Sie erin\u00adner\u00adten uns dar\u00adan, dass Jesus zu uns kommt, um Frie\u00adden zu brin\u00adgen und dass wir die Tore und T\u00fcren weit machen sol\u00adlen, damit er in unser Herz ein\u00adzie\u00adhen&nbsp;kann.<\/p>\n\n\n\n<p>Die Kin\u00adder und Fami\u00adli\u00aden konn\u00adten das viel\u00adf\u00e4l\u00adti\u00adge Ange\u00adbot genie\u00ad\u00dfen und es war ein sehr sch\u00f6\u00adner Start in die Advents\u00adzeit. So wur\u00adden wir neu aus\u00adge\u00adrich\u00adtet auf einen Gott, der sich zu uns auf den Weg&nbsp;macht.<\/p>\n\n\n\n<p><\/p>\n\n\n\n<figure class=\"wp-block-gallery has-nested-images columns-default is-cropped wp-block-gallery-1 is-layout-flex wp-block-gallery-is-layout-flex\">\n<figure class=\"wp-block-image size-large\"><img decoding=\"async\" data-id=\"3535\" src=\"https:\/\/fes-heidenheim.de\/grundschule\/wp-content\/uploads\/sites\/4\/2024\/11\/fes-heidenheim-grundschule-adventbasar-2024-706x1024.jpg\" alt=\"Adventsbasar FES Grundschule 2024\" class=\"wp-image-3535\"><\/figure>\n\n\n\n<figure class=\"wp-block-image size-large\"><img decoding=\"async\" data-id=\"3534\" src=\"https:\/\/fes-heidenheim.de\/grundschule\/wp-content\/uploads\/sites\/4\/2024\/11\/fes-heidenheim-grundschule-adventbasar-2024_07-681x1024.jpg\" alt=\"Adventsbasar FES Grundschule 2024\" class=\"wp-image-3534\"><\/figure>\n\n\n\n<figure class=\"wp-block-image size-large\"><img decoding=\"async\" data-id=\"3533\" src=\"https:\/\/fes-heidenheim.de\/grundschule\/wp-content\/uploads\/sites\/4\/2024\/11\/fes-heidenheim-grundschule-adventbasar-2024_06-1024x968.jpg\" alt=\"Adventsbasar FES Grundschule 2024\" class=\"wp-image-3533\"><\/figure>\n\n\n\n<figure class=\"wp-block-image size-large\"><img decoding=\"async\" data-id=\"3532\" src=\"https:\/\/fes-heidenheim.de\/grundschule\/wp-content\/uploads\/sites\/4\/2024\/11\/fes-heidenheim-grundschule-adventbasar-2024_05-770x1024.jpg\" alt=\"Adventsbasar FES Grundschule 2024\" class=\"wp-image-3532\"><\/figure>\n\n\n\n<figure class=\"wp-block-image size-large\"><img decoding=\"async\" data-id=\"3531\" src=\"https:\/\/fes-heidenheim.de\/grundschule\/wp-content\/uploads\/sites\/4\/2024\/11\/fes-heidenheim-grundschule-adventbasar-2024_04-936x1024.jpg\" alt=\"Adventsbasar FES Grundschule 2024\" class=\"wp-image-3531\"><\/figure>\n\n\n\n<figure class=\"wp-block-image size-large\"><img decoding=\"async\" data-id=\"3530\" src=\"https:\/\/fes-heidenheim.de\/grundschule\/wp-content\/uploads\/sites\/4\/2024\/11\/fes-heidenheim-grundschule-adventbasar-2024_03-1024x691.jpg\" alt=\"Adventsbasar FES Grundschule 2024\" class=\"wp-image-3530\"><\/figure>\n<\/figure>\n","protected":false},"excerpt":{"rendered":"<p>Am 16.11.2024 pr\u00e4\u00adsen\u00adtier\u00adte sich die FES Grund\u00adschu\u00adle in bun\u00adten Far\u00adben und mit weih\u00adnacht\u00adli\u00adchen Kl\u00e4n\u00adgen. Beim dies\u00adj\u00e4h\u00adri\u00adgen Advents\u00adba\u00adzar war neben dem viel\u00adf\u00e4l\u00adti\u00adgen Pro\u00adgramm der Kin\u00adder, ver\u00adschie\u00addens\u00adten sch\u00f6\u00adnen Advents\u00adde\u00adko\u00adra\u00adtio\u00adnen, Pl\u00e4tz\u00adchen, Kuchen und&nbsp;[\u2026]<\/p>\n","protected":false},"author":1,"featured_media":239508,"comment_status":"closed","ping_status":"closed","sticky":false,"template":"","format":"standard","meta":{"_et_pb_use_builder":"off","_et_pb_old_content":"","_et_gb_content_width":"","inline_featured_image":false,"wp_typography_post_enhancements_disabled":false,"footnotes":""},"categories":[43],"tags":[],"class_list":["post-239507","post","type-post","status-publish","format-standard","has-post-thumbnail","hentry","category-fes-grundschule"],"yoast_head":"<!-- This site is optimized with the Yoast SEO plugin v27.4 - https:\/\/yoast.com\/product\/yoast-seo-wordpress\/ -->\n<title>Bunte Farben und weihnachtliche Kl\u00e4nge - Kindertagesst\u00e4tte | Freie Evangelischen Schule und Kindertagesst\u00e4tte Heidenheim e. V.<\/title>\n<meta name=\"description\" content=\"Beim diesj\u00e4hrigen Adventsbasar am 16.11.2024 pr\u00e4sentierte sich die FES Grundschule in bunten Farben und mit weihnachtlichen Kl\u00e4ngen.\" \/>\n<meta name=\"robots\" content=\"index, follow, max-snippet:-1, max-image-preview:large, max-video-preview:-1\" \/>\n<link rel=\"canonical\" href=\"https:\/\/fes-heidenheim.de\/kita\/2024\/11\/26\/bunte-farben-und-weihnachtliche-klaenge\/\" \/>\n<meta property=\"og:locale\" content=\"de_DE\" \/>\n<meta property=\"og:type\" content=\"article\" \/>\n<meta property=\"og:title\" content=\"Bunte Farben und weihnachtliche Kl\u00e4nge - Kindertagesst\u00e4tte | Freie Evangelischen Schule und Kindertagesst\u00e4tte Heidenheim e. V.\" \/>\n<meta property=\"og:description\" content=\"Beim diesj\u00e4hrigen Adventsbasar am 16.11.2024 pr\u00e4sentierte sich die FES Grundschule in bunten Farben und mit weihnachtlichen Kl\u00e4ngen.\" \/>\n<meta property=\"og:url\" content=\"https:\/\/fes-heidenheim.de\/kita\/2024\/11\/26\/bunte-farben-und-weihnachtliche-klaenge\/\" \/>\n<meta property=\"og:site_name\" content=\"Kindertagesst\u00e4tte | Freie Evangelischen Schule und Kindertagesst\u00e4tte Heidenheim e. V.\" \/>\n<meta property=\"article:published_time\" content=\"2024-11-26T11:57:49+00:00\" \/>\n<meta property=\"article:modified_time\" content=\"2024-11-26T12:01:41+00:00\" \/>\n<meta property=\"og:image\" content=\"https:\/\/fes-heidenheim.de\/kita\/wp-content\/uploads\/sites\/3\/2024\/11\/fes-heidenheim-grundschule-adventbasar-2024_02.jpg\" \/>\n\t<meta property=\"og:image:width\" content=\"1080\" \/>\n\t<meta property=\"og:image:height\" content=\"810\" \/>\n\t<meta property=\"og:image:type\" content=\"image\/jpeg\" \/>\n<meta name=\"author\" content=\"fes\" \/>\n<meta name=\"twitter:card\" content=\"summary_large_image\" \/>\n<meta name=\"twitter:label1\" content=\"Verfasst von\" \/>\n\t<meta name=\"twitter:data1\" content=\"fes\" \/>\n\t<meta name=\"twitter:label2\" content=\"Gesch\u00e4tzte Lesezeit\" \/>\n\t<meta name=\"twitter:data2\" content=\"4\u00a0Minuten\" \/>\n<script type=\"application\/ld+json\" class=\"yoast-schema-graph\">{\"@context\":\"https:\\\/\\\/schema.org\",\"@graph\":[{\"@type\":\"Article\",\"@id\":\"https:\\\/\\\/fes-heidenheim.de\\\/kita\\\/2024\\\/11\\\/26\\\/bunte-farben-und-weihnachtliche-klaenge\\\/#article\",\"isPartOf\":{\"@id\":\"https:\\\/\\\/fes-heidenheim.de\\\/kita\\\/2024\\\/11\\\/26\\\/bunte-farben-und-weihnachtliche-klaenge\\\/\"},\"author\":{\"name\":\"fes\",\"@id\":\"https:\\\/\\\/fes-heidenheim.de\\\/kita\\\/#\\\/schema\\\/person\\\/e8b717a48deac1a9531664496e910db7\"},\"headline\":\"Bun\u00adte Far\u00adben und weih\u00adnacht\u00adli\u00adche Kl\u00e4nge\",\"datePublished\":\"2024-11-26T11:57:49+00:00\",\"dateModified\":\"2024-11-26T12:01:41+00:00\",\"mainEntityOfPage\":{\"@id\":\"https:\\\/\\\/fes-heidenheim.de\\\/kita\\\/2024\\\/11\\\/26\\\/bunte-farben-und-weihnachtliche-klaenge\\\/\"},\"wordCount\":327,\"image\":{\"@id\":\"https:\\\/\\\/fes-heidenheim.de\\\/kita\\\/2024\\\/11\\\/26\\\/bunte-farben-und-weihnachtliche-klaenge\\\/#primaryimage\"},\"thumbnailUrl\":\"https:\\\/\\\/fes-heidenheim.de\\\/kita\\\/wp-content\\\/uploads\\\/sites\\\/3\\\/2024\\\/11\\\/fes-heidenheim-grundschule-adventbasar-2024_02.jpg\",\"articleSection\":[\"FES Grundschule\"],\"inLanguage\":\"de\"},{\"@type\":\"WebPage\",\"@id\":\"https:\\\/\\\/fes-heidenheim.de\\\/kita\\\/2024\\\/11\\\/26\\\/bunte-farben-und-weihnachtliche-klaenge\\\/\",\"url\":\"https:\\\/\\\/fes-heidenheim.de\\\/kita\\\/2024\\\/11\\\/26\\\/bunte-farben-und-weihnachtliche-klaenge\\\/\",\"name\":\"Bunte Farben und weihnachtliche Kl\u00e4nge - Kindertagesst\u00e4tte | Freie Evangelischen Schule und Kindertagesst\u00e4tte Heidenheim e. V.\",\"isPartOf\":{\"@id\":\"https:\\\/\\\/fes-heidenheim.de\\\/kita\\\/#website\"},\"primaryImageOfPage\":{\"@id\":\"https:\\\/\\\/fes-heidenheim.de\\\/kita\\\/2024\\\/11\\\/26\\\/bunte-farben-und-weihnachtliche-klaenge\\\/#primaryimage\"},\"image\":{\"@id\":\"https:\\\/\\\/fes-heidenheim.de\\\/kita\\\/2024\\\/11\\\/26\\\/bunte-farben-und-weihnachtliche-klaenge\\\/#primaryimage\"},\"thumbnailUrl\":\"https:\\\/\\\/fes-heidenheim.de\\\/kita\\\/wp-content\\\/uploads\\\/sites\\\/3\\\/2024\\\/11\\\/fes-heidenheim-grundschule-adventbasar-2024_02.jpg\",\"datePublished\":\"2024-11-26T11:57:49+00:00\",\"dateModified\":\"2024-11-26T12:01:41+00:00\",\"author\":{\"@id\":\"https:\\\/\\\/fes-heidenheim.de\\\/kita\\\/#\\\/schema\\\/person\\\/e8b717a48deac1a9531664496e910db7\"},\"description\":\"Beim diesj\u00e4hrigen Adventsbasar am 16.11.2024 pr\u00e4sentierte sich die FES Grundschule in bunten Farben und mit weihnachtlichen Kl\u00e4ngen.\",\"breadcrumb\":{\"@id\":\"https:\\\/\\\/fes-heidenheim.de\\\/kita\\\/2024\\\/11\\\/26\\\/bunte-farben-und-weihnachtliche-klaenge\\\/#breadcrumb\"},\"inLanguage\":\"de\",\"potentialAction\":[{\"@type\":\"ReadAction\",\"target\":[\"https:\\\/\\\/fes-heidenheim.de\\\/kita\\\/2024\\\/11\\\/26\\\/bunte-farben-und-weihnachtliche-klaenge\\\/\"]}]},{\"@type\":\"ImageObject\",\"inLanguage\":\"de\",\"@id\":\"https:\\\/\\\/fes-heidenheim.de\\\/kita\\\/2024\\\/11\\\/26\\\/bunte-farben-und-weihnachtliche-klaenge\\\/#primaryimage\",\"url\":\"https:\\\/\\\/fes-heidenheim.de\\\/kita\\\/wp-content\\\/uploads\\\/sites\\\/3\\\/2024\\\/11\\\/fes-heidenheim-grundschule-adventbasar-2024_02.jpg\",\"contentUrl\":\"https:\\\/\\\/fes-heidenheim.de\\\/kita\\\/wp-content\\\/uploads\\\/sites\\\/3\\\/2024\\\/11\\\/fes-heidenheim-grundschule-adventbasar-2024_02.jpg\",\"width\":1080,\"height\":810,\"caption\":\"Adventsbasar FES Grundschule 2024\"},{\"@type\":\"BreadcrumbList\",\"@id\":\"https:\\\/\\\/fes-heidenheim.de\\\/kita\\\/2024\\\/11\\\/26\\\/bunte-farben-und-weihnachtliche-klaenge\\\/#breadcrumb\",\"itemListElement\":[{\"@type\":\"ListItem\",\"position\":1,\"name\":\"Startseite\",\"item\":\"https:\\\/\\\/fes-heidenheim.de\\\/kita\\\/\"},{\"@type\":\"ListItem\",\"position\":2,\"name\":\"Bun\u00adte Far\u00adben und weih\u00adnacht\u00adli\u00adche Kl\u00e4nge\"}]},{\"@type\":\"WebSite\",\"@id\":\"https:\\\/\\\/fes-heidenheim.de\\\/kita\\\/#website\",\"url\":\"https:\\\/\\\/fes-heidenheim.de\\\/kita\\\/\",\"name\":\"Kindertagesst\u00e4tte | Freie Evangelischen Schule und Kindertagesst\u00e4tte Heidenheim e. V.\",\"description\":\"Du bist uns wichtig, hier bist du richtig!\",\"potentialAction\":[{\"@type\":\"SearchAction\",\"target\":{\"@type\":\"EntryPoint\",\"urlTemplate\":\"https:\\\/\\\/fes-heidenheim.de\\\/kita\\\/?s={search_term_string}\"},\"query-input\":{\"@type\":\"PropertyValueSpecification\",\"valueRequired\":true,\"valueName\":\"search_term_string\"}}],\"inLanguage\":\"de\"},{\"@type\":\"Person\",\"@id\":\"https:\\\/\\\/fes-heidenheim.de\\\/kita\\\/#\\\/schema\\\/person\\\/e8b717a48deac1a9531664496e910db7\",\"name\":\"fes\",\"image\":{\"@type\":\"ImageObject\",\"inLanguage\":\"de\",\"@id\":\"https:\\\/\\\/secure.gravatar.com\\\/avatar\\\/effdf0474358ff27f1e16eb3157eee659b464c36afe22d3bed195415271415a3?s=96&d=mm&r=g\",\"url\":\"https:\\\/\\\/secure.gravatar.com\\\/avatar\\\/effdf0474358ff27f1e16eb3157eee659b464c36afe22d3bed195415271415a3?s=96&d=mm&r=g\",\"contentUrl\":\"https:\\\/\\\/secure.gravatar.com\\\/avatar\\\/effdf0474358ff27f1e16eb3157eee659b464c36afe22d3bed195415271415a3?s=96&d=mm&r=g\",\"caption\":\"fes\"},\"url\":\"https:\\\/\\\/fes-heidenheim.de\\\/kita\\\/author\\\/fes\\\/\"}]}<\/script>\n<!-- \/ Yoast SEO plugin. -->","yoast_head_json":{"title":"Bunte Farben und weihnachtliche Kl\u00e4nge - Kindertagesst\u00e4tte | Freie Evangelischen Schule und Kindertagesst\u00e4tte Heidenheim e. V.","description":"Beim diesj\u00e4hrigen Adventsbasar am 16.11.2024 pr\u00e4sentierte sich die FES Grundschule in bunten Farben und mit weihnachtlichen Kl\u00e4ngen.","robots":{"index":"index","follow":"follow","max-snippet":"max-snippet:-1","max-image-preview":"max-image-preview:large","max-video-preview":"max-video-preview:-1"},"canonical":"https:\/\/fes-heidenheim.de\/kita\/2024\/11\/26\/bunte-farben-und-weihnachtliche-klaenge\/","og_locale":"de_DE","og_type":"article","og_title":"Bunte Farben und weihnachtliche Kl\u00e4nge - Kindertagesst\u00e4tte | Freie Evangelischen Schule und Kindertagesst\u00e4tte Heidenheim e. V.","og_description":"Beim diesj\u00e4hrigen Adventsbasar am 16.11.2024 pr\u00e4sentierte sich die FES Grundschule in bunten Farben und mit weihnachtlichen Kl\u00e4ngen.","og_url":"https:\/\/fes-heidenheim.de\/kita\/2024\/11\/26\/bunte-farben-und-weihnachtliche-klaenge\/","og_site_name":"Kindertagesst\u00e4tte | Freie Evangelischen Schule und Kindertagesst\u00e4tte Heidenheim e. V.","article_published_time":"2024-11-26T11:57:49+00:00","article_modified_time":"2024-11-26T12:01:41+00:00","og_image":[{"width":1080,"height":810,"url":"https:\/\/fes-heidenheim.de\/kita\/wp-content\/uploads\/sites\/3\/2024\/11\/fes-heidenheim-grundschule-adventbasar-2024_02.jpg","type":"image\/jpeg"}],"author":"fes","twitter_card":"summary_large_image","twitter_misc":{"Verfasst von":"fes","Gesch\u00e4tzte Lesezeit":"4\u00a0Minuten"},"schema":{"@context":"https:\/\/schema.org","@graph":[{"@type":"Article","@id":"https:\/\/fes-heidenheim.de\/kita\/2024\/11\/26\/bunte-farben-und-weihnachtliche-klaenge\/#article","isPartOf":{"@id":"https:\/\/fes-heidenheim.de\/kita\/2024\/11\/26\/bunte-farben-und-weihnachtliche-klaenge\/"},"author":{"name":"fes","@id":"https:\/\/fes-heidenheim.de\/kita\/#\/schema\/person\/e8b717a48deac1a9531664496e910db7"},"headline":"Bun\u00adte Far\u00adben und weih\u00adnacht\u00adli\u00adche Kl\u00e4nge","datePublished":"2024-11-26T11:57:49+00:00","dateModified":"2024-11-26T12:01:41+00:00","mainEntityOfPage":{"@id":"https:\/\/fes-heidenheim.de\/kita\/2024\/11\/26\/bunte-farben-und-weihnachtliche-klaenge\/"},"wordCount":327,"image":{"@id":"https:\/\/fes-heidenheim.de\/kita\/2024\/11\/26\/bunte-farben-und-weihnachtliche-klaenge\/#primaryimage"},"thumbnailUrl":"https:\/\/fes-heidenheim.de\/kita\/wp-content\/uploads\/sites\/3\/2024\/11\/fes-heidenheim-grundschule-adventbasar-2024_02.jpg","articleSection":["FES Grundschule"],"inLanguage":"de"},{"@type":"WebPage","@id":"https:\/\/fes-heidenheim.de\/kita\/2024\/11\/26\/bunte-farben-und-weihnachtliche-klaenge\/","url":"https:\/\/fes-heidenheim.de\/kita\/2024\/11\/26\/bunte-farben-und-weihnachtliche-klaenge\/","name":"Bunte Farben und weihnachtliche Kl\u00e4nge - Kindertagesst\u00e4tte | Freie Evangelischen Schule und Kindertagesst\u00e4tte Heidenheim e. V.","isPartOf":{"@id":"https:\/\/fes-heidenheim.de\/kita\/#website"},"primaryImageOfPage":{"@id":"https:\/\/fes-heidenheim.de\/kita\/2024\/11\/26\/bunte-farben-und-weihnachtliche-klaenge\/#primaryimage"},"image":{"@id":"https:\/\/fes-heidenheim.de\/kita\/2024\/11\/26\/bunte-farben-und-weihnachtliche-klaenge\/#primaryimage"},"thumbnailUrl":"https:\/\/fes-heidenheim.de\/kita\/wp-content\/uploads\/sites\/3\/2024\/11\/fes-heidenheim-grundschule-adventbasar-2024_02.jpg","datePublished":"2024-11-26T11:57:49+00:00","dateModified":"2024-11-26T12:01:41+00:00","author":{"@id":"https:\/\/fes-heidenheim.de\/kita\/#\/schema\/person\/e8b717a48deac1a9531664496e910db7"},"description":"Beim diesj\u00e4hrigen Adventsbasar am 16.11.2024 pr\u00e4sentierte sich die FES Grundschule in bunten Farben und mit weihnachtlichen Kl\u00e4ngen.","breadcrumb":{"@id":"https:\/\/fes-heidenheim.de\/kita\/2024\/11\/26\/bunte-farben-und-weihnachtliche-klaenge\/#breadcrumb"},"inLanguage":"de","potentialAction":[{"@type":"ReadAction","target":["https:\/\/fes-heidenheim.de\/kita\/2024\/11\/26\/bunte-farben-und-weihnachtliche-klaenge\/"]}]},{"@type":"ImageObject","inLanguage":"de","@id":"https:\/\/fes-heidenheim.de\/kita\/2024\/11\/26\/bunte-farben-und-weihnachtliche-klaenge\/#primaryimage","url":"https:\/\/fes-heidenheim.de\/kita\/wp-content\/uploads\/sites\/3\/2024\/11\/fes-heidenheim-grundschule-adventbasar-2024_02.jpg","contentUrl":"https:\/\/fes-heidenheim.de\/kita\/wp-content\/uploads\/sites\/3\/2024\/11\/fes-heidenheim-grundschule-adventbasar-2024_02.jpg","width":1080,"height":810,"caption":"Adventsbasar FES Grundschule 2024"},{"@type":"BreadcrumbList","@id":"https:\/\/fes-heidenheim.de\/kita\/2024\/11\/26\/bunte-farben-und-weihnachtliche-klaenge\/#breadcrumb","itemListElement":[{"@type":"ListItem","position":1,"name":"Startseite","item":"https:\/\/fes-heidenheim.de\/kita\/"},{"@type":"ListItem","position":2,"name":"Bun\u00adte Far\u00adben und weih\u00adnacht\u00adli\u00adche Kl\u00e4nge"}]},{"@type":"WebSite","@id":"https:\/\/fes-heidenheim.de\/kita\/#website","url":"https:\/\/fes-heidenheim.de\/kita\/","name":"Kindertagesst\u00e4tte | Freie Evangelischen Schule und Kindertagesst\u00e4tte Heidenheim e. V.","description":"Du bist uns wichtig, hier bist du richtig!","potentialAction":[{"@type":"SearchAction","target":{"@type":"EntryPoint","urlTemplate":"https:\/\/fes-heidenheim.de\/kita\/?s={search_term_string}"},"query-input":{"@type":"PropertyValueSpecification","valueRequired":true,"valueName":"search_term_string"}}],"inLanguage":"de"},{"@type":"Person","@id":"https:\/\/fes-heidenheim.de\/kita\/#\/schema\/person\/e8b717a48deac1a9531664496e910db7","name":"fes","image":{"@type":"ImageObject","inLanguage":"de","@id":"https:\/\/secure.gravatar.com\/avatar\/effdf0474358ff27f1e16eb3157eee659b464c36afe22d3bed195415271415a3?s=96&d=mm&r=g","url":"https:\/\/secure.gravatar.com\/avatar\/effdf0474358ff27f1e16eb3157eee659b464c36afe22d3bed195415271415a3?s=96&d=mm&r=g","contentUrl":"https:\/\/secure.gravatar.com\/avatar\/effdf0474358ff27f1e16eb3157eee659b464c36afe22d3bed195415271415a3?s=96&d=mm&r=g","caption":"fes"},"url":"https:\/\/fes-heidenheim.de\/kita\/author\/fes\/"}]}},"_links":{"self":[{"href":"https:\/\/fes-heidenheim.de\/kita\/wp-json\/wp\/v2\/posts\/239507","targetHints":{"allow":["GET"]}}],"collection":[{"href":"https:\/\/fes-heidenheim.de\/kita\/wp-json\/wp\/v2\/posts"}],"about":[{"href":"https:\/\/fes-heidenheim.de\/kita\/wp-json\/wp\/v2\/types\/post"}],"author":[{"embeddable":true,"href":"https:\/\/fes-heidenheim.de\/kita\/wp-json\/wp\/v2\/users\/1"}],"replies":[{"embeddable":true,"href":"https:\/\/fes-heidenheim.de\/kita\/wp-json\/wp\/v2\/comments?post=239507"}],"version-history":[{"count":1,"href":"https:\/\/fes-heidenheim.de\/kita\/wp-json\/wp\/v2\/posts\/239507\/revisions"}],"predecessor-version":[{"id":239509,"href":"https:\/\/fes-heidenheim.de\/kita\/wp-json\/wp\/v2\/posts\/239507\/revisions\/239509"}],"wp:featuredmedia":[{"embeddable":true,"href":"https:\/\/fes-heidenheim.de\/kita\/wp-json\/wp\/v2\/media\/239508"}],"wp:attachment":[{"href":"https:\/\/fes-heidenheim.de\/kita\/wp-json\/wp\/v2\/media?parent=239507"}],"wp:term":[{"taxonomy":"category","embeddable":true,"href":"https:\/\/fes-heidenheim.de\/kita\/wp-json\/wp\/v2\/categories?post=239507"},{"taxonomy":"post_tag","embeddable":true,"href":"https:\/\/fes-heidenheim.de\/kita\/wp-json\/wp\/v2\/tags?post=239507"}],"curies":[{"name":"wp","href":"https:\/\/api.w.org\/{rel}","templated":true}]}}