{"id":5364,"date":"2024-10-10T12:51:24","date_gmt":"2024-10-10T10:51:24","guid":{"rendered":"https:\/\/fes-heidenheim.de\/realschule\/2024\/10\/10\/bienvenue-a-paris-sprachreise-der-jgst-8-und-9-nach-frankreich\/"},"modified":"2024-10-10T12:51:24","modified_gmt":"2024-10-10T10:51:24","slug":"bienvenue-a-paris-sprachreise-der-jgst-8-und-9-nach-frankreich","status":"publish","type":"post","link":"https:\/\/fes-heidenheim.de\/realschule\/2024\/10\/10\/bienvenue-a-paris-sprachreise-der-jgst-8-und-9-nach-frankreich\/","title":{"rendered":"Bienvenue \u00e0 Paris \u2013 Sprachreise der Jgst.8 und 9 nach Frankreich"},"content":{"rendered":"\n<p>Paris erkun\u00adden, die eige\u00adnen Sprachken\u00adnt\u00adnisse erweit\u00adern und Men\u00adschen und Kul\u00adtur bess\u00ader ken\u00adnen\u00adler\u00adnen, das kon\u00adnten die Sch\u00fcler der Klassen\u00adstufe 9 unseres FES-Gym\u00adna\u00adsi\u00adums gemein\u00adsam mit Sch\u00fcler des Wahlpflicht\u00adfach\u00ades Franz\u00f6\u00adsisch unser\u00ader FES-Realschule bei der zur\u00fcck\u00adliegen\u00adden Sprachexkur\u00adsion in die franz\u00f6\u00adsis\u00adche Haupt\u00adstadt. Beim Besuch renom\u00admiert\u00ader Museen kon\u00adnten die Sch\u00fcler die Gem\u00e4lde, die sie im Kun\u00adstun\u00adter\u00adricht ken\u00adnen gel\u00adernt hat\u00adten, im Orig\u00adi\u00adnal betra\u00adcht\u00aden. Bekan\u00adnte Sehensw\u00fcrdigkeit\u00aden und Bauw\u00aderke wie der Arc der Tri\u00adom\u00adphe, der Eifel\u00adturm aber auch ein Besuch in Ver\u00adsailles und eine Seine-Fahrt geh\u00f6rten zum kul\u00adturellen Pro\u00adgramm der Exkur\u00adsion. Die Stadt bot den 8. und 9.Kl\u00e4sslern ein aus\u00adge\u00adwo\u00adgenes Ver\u00adh\u00e4lt\u00adnis zwis\u00adchen Kul\u00adtur und Gemein\u00adschaft\u00adsak\u00adtiv\u00adit\u00e4ten. Der t\u00e4gliche Gebrauch der franz\u00f6\u00adsis\u00adchen Sprache \u2014 sei es beim Fahren mit der Metro oder beim Bestellen von Essen bedeutete f\u00fcr die Sch\u00fcler eine wertvolle Lern\u00ader\u00adfahrung, die ins\u00adge\u00adsamt bleibende Ein\u00addr\u00fccke und neue Sprachken\u00adnt\u00adnisse bei den jun\u00adgen Gym\u00adnasi\u00adas\u00adten und Realsch\u00fclern hin\u00adter\u00adlassen wird.<\/p>\n\n\n\n<figure class=\"wp-block-gallery has-nested-images columns-default is-cropped wp-block-gallery-1 is-layout-flex wp-block-gallery-is-layout-flex\">\n<figure class=\"wp-block-image size-large\"><img decoding=\"async\" data-id=\"5794\" src=\"https:\/\/fes-heidenheim.de\/gymnasium\/wp-content\/uploads\/sites\/8\/2024\/10\/weiteres-Bild-02-1024x660.jpg\" alt=\"Die Sch\u00fclerinnen und Sch\u00fcler der FES Schule sind auf Paris Exkursion. \" class=\"wp-image-5794\"><\/figure>\n\n\n\n<figure class=\"wp-block-image size-large\"><img decoding=\"async\" data-id=\"5795\" src=\"https:\/\/fes-heidenheim.de\/gymnasium\/wp-content\/uploads\/sites\/8\/2024\/10\/weiteres-Bild-01-1024x584.jpg\" alt=\"Die Sch\u00fclerinnen und Sch\u00fcler der FES Schule sind auf Paris Exkursion. \" class=\"wp-image-5795\"><\/figure>\n<\/figure>\n\n\n\n<figure class=\"wp-block-gallery has-nested-images columns-default is-cropped wp-block-gallery-2 is-layout-flex wp-block-gallery-is-layout-flex\">\n<figure class=\"wp-block-image size-large\"><img decoding=\"async\" data-id=\"5798\" src=\"https:\/\/fes-heidenheim.de\/gymnasium\/wp-content\/uploads\/sites\/8\/2024\/10\/weiteres-Bild-03-768x1024.jpg\" alt=\"Die Sch\u00fclerinnen und Sch\u00fcler der FES Schule sind auf Paris Exkursion. \" class=\"wp-image-5798\"><\/figure>\n\n\n\n<figure class=\"wp-block-image size-large\"><img decoding=\"async\" data-id=\"5797\" src=\"https:\/\/fes-heidenheim.de\/gymnasium\/wp-content\/uploads\/sites\/8\/2024\/10\/weiteres-Bild-04-768x1024.jpg\" alt=\"Die Sch\u00fclerinnen und Sch\u00fcler der FES Schule sind auf Paris Exkursion. \" class=\"wp-image-5797\"><\/figure>\n\n\n\n<figure class=\"wp-block-image size-large\"><img decoding=\"async\" data-id=\"5796\" src=\"https:\/\/fes-heidenheim.de\/gymnasium\/wp-content\/uploads\/sites\/8\/2024\/10\/weiteres-Bild-06-804x1024.jpg\" alt=\"Die Sch\u00fclerinnen und Sch\u00fcler der FES Schule sind auf Paris Exkursion. \" class=\"wp-image-5796\"><\/figure>\n<\/figure>\n\n\n\n<figure class=\"wp-block-gallery has-nested-images columns-default is-cropped wp-block-gallery-3 is-layout-flex wp-block-gallery-is-layout-flex\">\n<figure class=\"wp-block-image size-large\"><img decoding=\"async\" data-id=\"5800\" src=\"https:\/\/fes-heidenheim.de\/gymnasium\/wp-content\/uploads\/sites\/8\/2024\/10\/weiteres-Bild-05-1024x768.jpg\" alt=\"Die Sch\u00fclerinnen und Sch\u00fcler der FES Schule sind auf Paris Exkursion. \" class=\"wp-image-5800\"><\/figure>\n\n\n\n<figure class=\"wp-block-image size-large\"><img decoding=\"async\" data-id=\"5799\" src=\"https:\/\/fes-heidenheim.de\/gymnasium\/wp-content\/uploads\/sites\/8\/2024\/10\/weiteres-Bild-08-1-1024x905.jpg\" alt=\"Die Sch\u00fclerinnen und Sch\u00fcler der FES Schule sind auf Paris Exkursion. \" class=\"wp-image-5799\"><\/figure>\n<\/figure>\n","protected":false},"excerpt":{"rendered":"<p>Paris erkun\u00adden, die eige\u00adnen Sprachken\u00adnt\u00adnisse erweit\u00adern und Men\u00adschen und Kul\u00adtur bess\u00ader ken\u00adnen\u00adler\u00adnen, das kon\u00adnten die Sch\u00fcler der Klassen\u00adstufe 9 unseres FES-Gym\u00ad\u00adna\u00adsi\u00adums gemein\u00adsam mit Sch\u00fcler des Wahlpflicht\u00adfach\u00ades Franz\u00f6\u00adsisch unser\u00ader FES-Realschule bei&nbsp;[\u2026]<\/p>\n","protected":false},"author":15,"featured_media":5365,"comment_status":"closed","ping_status":"closed","sticky":false,"template":"","format":"standard","meta":{"_et_pb_use_builder":"off","_et_pb_old_content":"","_et_gb_content_width":"","inline_featured_image":false,"wp_typography_post_enhancements_disabled":false,"footnotes":""},"categories":[1,30,29,52,46],"tags":[],"class_list":["post-5364","post","type-post","status-publish","format-standard","has-post-thumbnail","hentry","category-allgemein","category-fes-gymnasium","category-fes-realschule","category-fes-unterwegs-gym","category-fes-unterwegs-rs"],"yoast_head":"<!-- This site is optimized with the Yoast SEO plugin v27.4 - https:\/\/yoast.com\/product\/yoast-seo-wordpress\/ -->\n<title>Bienvenue \u00e0 Paris \u2013 Sprachreise der Jgst.8 und 9 nach Frankreich - Realschule | Freie Evangelischen Schule und Kindertagesst\u00e4tte Heidenheim e. V.<\/title>\n<meta name=\"robots\" content=\"index, follow, max-snippet:-1, max-image-preview:large, max-video-preview:-1\" \/>\n<link rel=\"canonical\" href=\"https:\/\/fes-heidenheim.de\/realschule\/2024\/10\/10\/bienvenue-a-paris-sprachreise-der-jgst-8-und-9-nach-frankreich\/\" \/>\n<meta property=\"og:locale\" content=\"de_DE\" \/>\n<meta property=\"og:type\" content=\"article\" \/>\n<meta property=\"og:title\" content=\"Bienvenue \u00e0 Paris \u2013 Sprachreise der Jgst.8 und 9 nach Frankreich - Realschule | Freie Evangelischen Schule und Kindertagesst\u00e4tte Heidenheim e. V.\" \/>\n<meta property=\"og:description\" content=\"Paris erkun\u00adden, die eige\u00adnen Sprachken\u00adnt\u00adnisse erweit\u00adern und Men\u00adschen und Kul\u00adtur bess\u00ader ken\u00adnen\u00adler\u00adnen, das kon\u00adnten die Sch\u00fcler der Klassen\u00adstufe 9 unseres FES-Gym\u00adna\u00adsi\u00adums gemein\u00adsam mit Sch\u00fcler des Wahlpflicht\u00adfach\u00ades Franz\u00f6\u00adsisch unser\u00ader FES-Realschule bei [&hellip;]\" \/>\n<meta property=\"og:url\" content=\"https:\/\/fes-heidenheim.de\/realschule\/2024\/10\/10\/bienvenue-a-paris-sprachreise-der-jgst-8-und-9-nach-frankreich\/\" \/>\n<meta property=\"og:site_name\" content=\"Realschule | Freie Evangelischen Schule und Kindertagesst\u00e4tte Heidenheim e. V.\" \/>\n<meta property=\"article:published_time\" content=\"2024-10-10T10:51:24+00:00\" \/>\n<meta property=\"og:image\" content=\"https:\/\/fes-heidenheim.de\/realschule\/wp-content\/uploads\/sites\/5\/2024\/10\/Beitragsbild-scaled-1.jpg\" \/>\n\t<meta property=\"og:image:width\" content=\"2560\" \/>\n\t<meta property=\"og:image:height\" content=\"2168\" \/>\n\t<meta property=\"og:image:type\" content=\"image\/jpeg\" \/>\n<meta name=\"author\" content=\"sekretariatgym\" \/>\n<meta name=\"twitter:card\" content=\"summary_large_image\" \/>\n<meta name=\"twitter:label1\" content=\"Verfasst von\" \/>\n\t<meta name=\"twitter:data1\" content=\"sekretariatgym\" \/>\n\t<meta name=\"twitter:label2\" content=\"Gesch\u00e4tzte Lesezeit\" \/>\n\t<meta name=\"twitter:data2\" content=\"3\u00a0Minuten\" \/>\n<script type=\"application\/ld+json\" class=\"yoast-schema-graph\">{\"@context\":\"https:\\\/\\\/schema.org\",\"@graph\":[{\"@type\":\"Article\",\"@id\":\"https:\\\/\\\/fes-heidenheim.de\\\/realschule\\\/2024\\\/10\\\/10\\\/bienvenue-a-paris-sprachreise-der-jgst-8-und-9-nach-frankreich\\\/#article\",\"isPartOf\":{\"@id\":\"https:\\\/\\\/fes-heidenheim.de\\\/realschule\\\/2024\\\/10\\\/10\\\/bienvenue-a-paris-sprachreise-der-jgst-8-und-9-nach-frankreich\\\/\"},\"author\":{\"name\":\"sekretariatgym\",\"@id\":\"https:\\\/\\\/fes-heidenheim.de\\\/realschule\\\/#\\\/schema\\\/person\\\/e614df80cf0124a0861921322ba81ee9\"},\"headline\":\"Bienvenue \u00e0 Paris \u2013 Sprachreise der Jgst.8 und 9 nach Frankreich\",\"datePublished\":\"2024-10-10T10:51:24+00:00\",\"mainEntityOfPage\":{\"@id\":\"https:\\\/\\\/fes-heidenheim.de\\\/realschule\\\/2024\\\/10\\\/10\\\/bienvenue-a-paris-sprachreise-der-jgst-8-und-9-nach-frankreich\\\/\"},\"wordCount\":161,\"image\":{\"@id\":\"https:\\\/\\\/fes-heidenheim.de\\\/realschule\\\/2024\\\/10\\\/10\\\/bienvenue-a-paris-sprachreise-der-jgst-8-und-9-nach-frankreich\\\/#primaryimage\"},\"thumbnailUrl\":\"https:\\\/\\\/fes-heidenheim.de\\\/realschule\\\/wp-content\\\/uploads\\\/sites\\\/5\\\/2024\\\/10\\\/Beitragsbild-scaled-1.jpg\",\"articleSection\":{\"1\":\"FES Gymnasium\",\"2\":\"FES Realschule\",\"3\":\"FES unterwegs GYM\",\"4\":\"FES unterwegs RS\"},\"inLanguage\":\"de\"},{\"@type\":\"WebPage\",\"@id\":\"https:\\\/\\\/fes-heidenheim.de\\\/realschule\\\/2024\\\/10\\\/10\\\/bienvenue-a-paris-sprachreise-der-jgst-8-und-9-nach-frankreich\\\/\",\"url\":\"https:\\\/\\\/fes-heidenheim.de\\\/realschule\\\/2024\\\/10\\\/10\\\/bienvenue-a-paris-sprachreise-der-jgst-8-und-9-nach-frankreich\\\/\",\"name\":\"Bienvenue \u00e0 Paris \u2013 Sprachreise der Jgst.8 und 9 nach Frankreich - Realschule | Freie Evangelischen Schule und Kindertagesst\u00e4tte Heidenheim e. V.\",\"isPartOf\":{\"@id\":\"https:\\\/\\\/fes-heidenheim.de\\\/realschule\\\/#website\"},\"primaryImageOfPage\":{\"@id\":\"https:\\\/\\\/fes-heidenheim.de\\\/realschule\\\/2024\\\/10\\\/10\\\/bienvenue-a-paris-sprachreise-der-jgst-8-und-9-nach-frankreich\\\/#primaryimage\"},\"image\":{\"@id\":\"https:\\\/\\\/fes-heidenheim.de\\\/realschule\\\/2024\\\/10\\\/10\\\/bienvenue-a-paris-sprachreise-der-jgst-8-und-9-nach-frankreich\\\/#primaryimage\"},\"thumbnailUrl\":\"https:\\\/\\\/fes-heidenheim.de\\\/realschule\\\/wp-content\\\/uploads\\\/sites\\\/5\\\/2024\\\/10\\\/Beitragsbild-scaled-1.jpg\",\"datePublished\":\"2024-10-10T10:51:24+00:00\",\"author\":{\"@id\":\"https:\\\/\\\/fes-heidenheim.de\\\/realschule\\\/#\\\/schema\\\/person\\\/e614df80cf0124a0861921322ba81ee9\"},\"breadcrumb\":{\"@id\":\"https:\\\/\\\/fes-heidenheim.de\\\/realschule\\\/2024\\\/10\\\/10\\\/bienvenue-a-paris-sprachreise-der-jgst-8-und-9-nach-frankreich\\\/#breadcrumb\"},\"inLanguage\":\"de\",\"potentialAction\":[{\"@type\":\"ReadAction\",\"target\":[\"https:\\\/\\\/fes-heidenheim.de\\\/realschule\\\/2024\\\/10\\\/10\\\/bienvenue-a-paris-sprachreise-der-jgst-8-und-9-nach-frankreich\\\/\"]}]},{\"@type\":\"ImageObject\",\"inLanguage\":\"de\",\"@id\":\"https:\\\/\\\/fes-heidenheim.de\\\/realschule\\\/2024\\\/10\\\/10\\\/bienvenue-a-paris-sprachreise-der-jgst-8-und-9-nach-frankreich\\\/#primaryimage\",\"url\":\"https:\\\/\\\/fes-heidenheim.de\\\/realschule\\\/wp-content\\\/uploads\\\/sites\\\/5\\\/2024\\\/10\\\/Beitragsbild-scaled-1.jpg\",\"contentUrl\":\"https:\\\/\\\/fes-heidenheim.de\\\/realschule\\\/wp-content\\\/uploads\\\/sites\\\/5\\\/2024\\\/10\\\/Beitragsbild-scaled-1.jpg\",\"width\":2560,\"height\":2168,\"caption\":\"Die Sch\u00fclerinnen und Sch\u00fcler der FES Schule sind auf Paris Exkursion.\"},{\"@type\":\"BreadcrumbList\",\"@id\":\"https:\\\/\\\/fes-heidenheim.de\\\/realschule\\\/2024\\\/10\\\/10\\\/bienvenue-a-paris-sprachreise-der-jgst-8-und-9-nach-frankreich\\\/#breadcrumb\",\"itemListElement\":[{\"@type\":\"ListItem\",\"position\":1,\"name\":\"Startseite\",\"item\":\"https:\\\/\\\/fes-heidenheim.de\\\/realschule\\\/\"},{\"@type\":\"ListItem\",\"position\":2,\"name\":\"Bienvenue \u00e0 Paris \u2013 Sprachreise der Jgst.8 und 9 nach Frankreich\"}]},{\"@type\":\"WebSite\",\"@id\":\"https:\\\/\\\/fes-heidenheim.de\\\/realschule\\\/#website\",\"url\":\"https:\\\/\\\/fes-heidenheim.de\\\/realschule\\\/\",\"name\":\"Realschule | Freie Evangelischen Schule und Kindertagesst\u00e4tte Heidenheim e. V.\",\"description\":\"Eine weitere Freie Evangelische Schule Heidenheim e.V. Websites Website\",\"potentialAction\":[{\"@type\":\"SearchAction\",\"target\":{\"@type\":\"EntryPoint\",\"urlTemplate\":\"https:\\\/\\\/fes-heidenheim.de\\\/realschule\\\/?s={search_term_string}\"},\"query-input\":{\"@type\":\"PropertyValueSpecification\",\"valueRequired\":true,\"valueName\":\"search_term_string\"}}],\"inLanguage\":\"de\"},{\"@type\":\"Person\",\"@id\":\"https:\\\/\\\/fes-heidenheim.de\\\/realschule\\\/#\\\/schema\\\/person\\\/e614df80cf0124a0861921322ba81ee9\",\"name\":\"sekretariatgym\",\"image\":{\"@type\":\"ImageObject\",\"inLanguage\":\"de\",\"@id\":\"https:\\\/\\\/secure.gravatar.com\\\/avatar\\\/8196f14ce1450e8b1558ed9138138a8a40a91d9ddc1e02556e5dd141376b7e3a?s=96&d=mm&r=g\",\"url\":\"https:\\\/\\\/secure.gravatar.com\\\/avatar\\\/8196f14ce1450e8b1558ed9138138a8a40a91d9ddc1e02556e5dd141376b7e3a?s=96&d=mm&r=g\",\"contentUrl\":\"https:\\\/\\\/secure.gravatar.com\\\/avatar\\\/8196f14ce1450e8b1558ed9138138a8a40a91d9ddc1e02556e5dd141376b7e3a?s=96&d=mm&r=g\",\"caption\":\"sekretariatgym\"},\"url\":\"https:\\\/\\\/fes-heidenheim.de\\\/realschule\\\/author\\\/sekretariatgym\\\/\"}]}<\/script>\n<!-- \/ Yoast SEO plugin. -->","yoast_head_json":{"title":"Bienvenue \u00e0 Paris \u2013 Sprachreise der Jgst.8 und 9 nach Frankreich - Realschule | Freie Evangelischen Schule und Kindertagesst\u00e4tte Heidenheim e. V.","robots":{"index":"index","follow":"follow","max-snippet":"max-snippet:-1","max-image-preview":"max-image-preview:large","max-video-preview":"max-video-preview:-1"},"canonical":"https:\/\/fes-heidenheim.de\/realschule\/2024\/10\/10\/bienvenue-a-paris-sprachreise-der-jgst-8-und-9-nach-frankreich\/","og_locale":"de_DE","og_type":"article","og_title":"Bienvenue \u00e0 Paris \u2013 Sprachreise der Jgst.8 und 9 nach Frankreich - Realschule | Freie Evangelischen Schule und Kindertagesst\u00e4tte Heidenheim e. V.","og_description":"Paris erkun\u00adden, die eige\u00adnen Sprachken\u00adnt\u00adnisse erweit\u00adern und Men\u00adschen und Kul\u00adtur bess\u00ader ken\u00adnen\u00adler\u00adnen, das kon\u00adnten die Sch\u00fcler der Klassen\u00adstufe 9 unseres FES-Gym\u00adna\u00adsi\u00adums gemein\u00adsam mit Sch\u00fcler des Wahlpflicht\u00adfach\u00ades Franz\u00f6\u00adsisch unser\u00ader FES-Realschule bei [&hellip;]","og_url":"https:\/\/fes-heidenheim.de\/realschule\/2024\/10\/10\/bienvenue-a-paris-sprachreise-der-jgst-8-und-9-nach-frankreich\/","og_site_name":"Realschule | Freie Evangelischen Schule und Kindertagesst\u00e4tte Heidenheim e. V.","article_published_time":"2024-10-10T10:51:24+00:00","og_image":[{"width":2560,"height":2168,"url":"https:\/\/fes-heidenheim.de\/realschule\/wp-content\/uploads\/sites\/5\/2024\/10\/Beitragsbild-scaled-1.jpg","type":"image\/jpeg"}],"author":"sekretariatgym","twitter_card":"summary_large_image","twitter_misc":{"Verfasst von":"sekretariatgym","Gesch\u00e4tzte Lesezeit":"3\u00a0Minuten"},"schema":{"@context":"https:\/\/schema.org","@graph":[{"@type":"Article","@id":"https:\/\/fes-heidenheim.de\/realschule\/2024\/10\/10\/bienvenue-a-paris-sprachreise-der-jgst-8-und-9-nach-frankreich\/#article","isPartOf":{"@id":"https:\/\/fes-heidenheim.de\/realschule\/2024\/10\/10\/bienvenue-a-paris-sprachreise-der-jgst-8-und-9-nach-frankreich\/"},"author":{"name":"sekretariatgym","@id":"https:\/\/fes-heidenheim.de\/realschule\/#\/schema\/person\/e614df80cf0124a0861921322ba81ee9"},"headline":"Bienvenue \u00e0 Paris \u2013 Sprachreise der Jgst.8 und 9 nach Frankreich","datePublished":"2024-10-10T10:51:24+00:00","mainEntityOfPage":{"@id":"https:\/\/fes-heidenheim.de\/realschule\/2024\/10\/10\/bienvenue-a-paris-sprachreise-der-jgst-8-und-9-nach-frankreich\/"},"wordCount":161,"image":{"@id":"https:\/\/fes-heidenheim.de\/realschule\/2024\/10\/10\/bienvenue-a-paris-sprachreise-der-jgst-8-und-9-nach-frankreich\/#primaryimage"},"thumbnailUrl":"https:\/\/fes-heidenheim.de\/realschule\/wp-content\/uploads\/sites\/5\/2024\/10\/Beitragsbild-scaled-1.jpg","articleSection":{"1":"FES Gymnasium","2":"FES Realschule","3":"FES unterwegs GYM","4":"FES unterwegs RS"},"inLanguage":"de"},{"@type":"WebPage","@id":"https:\/\/fes-heidenheim.de\/realschule\/2024\/10\/10\/bienvenue-a-paris-sprachreise-der-jgst-8-und-9-nach-frankreich\/","url":"https:\/\/fes-heidenheim.de\/realschule\/2024\/10\/10\/bienvenue-a-paris-sprachreise-der-jgst-8-und-9-nach-frankreich\/","name":"Bienvenue \u00e0 Paris \u2013 Sprachreise der Jgst.8 und 9 nach Frankreich - Realschule | Freie Evangelischen Schule und Kindertagesst\u00e4tte Heidenheim e. V.","isPartOf":{"@id":"https:\/\/fes-heidenheim.de\/realschule\/#website"},"primaryImageOfPage":{"@id":"https:\/\/fes-heidenheim.de\/realschule\/2024\/10\/10\/bienvenue-a-paris-sprachreise-der-jgst-8-und-9-nach-frankreich\/#primaryimage"},"image":{"@id":"https:\/\/fes-heidenheim.de\/realschule\/2024\/10\/10\/bienvenue-a-paris-sprachreise-der-jgst-8-und-9-nach-frankreich\/#primaryimage"},"thumbnailUrl":"https:\/\/fes-heidenheim.de\/realschule\/wp-content\/uploads\/sites\/5\/2024\/10\/Beitragsbild-scaled-1.jpg","datePublished":"2024-10-10T10:51:24+00:00","author":{"@id":"https:\/\/fes-heidenheim.de\/realschule\/#\/schema\/person\/e614df80cf0124a0861921322ba81ee9"},"breadcrumb":{"@id":"https:\/\/fes-heidenheim.de\/realschule\/2024\/10\/10\/bienvenue-a-paris-sprachreise-der-jgst-8-und-9-nach-frankreich\/#breadcrumb"},"inLanguage":"de","potentialAction":[{"@type":"ReadAction","target":["https:\/\/fes-heidenheim.de\/realschule\/2024\/10\/10\/bienvenue-a-paris-sprachreise-der-jgst-8-und-9-nach-frankreich\/"]}]},{"@type":"ImageObject","inLanguage":"de","@id":"https:\/\/fes-heidenheim.de\/realschule\/2024\/10\/10\/bienvenue-a-paris-sprachreise-der-jgst-8-und-9-nach-frankreich\/#primaryimage","url":"https:\/\/fes-heidenheim.de\/realschule\/wp-content\/uploads\/sites\/5\/2024\/10\/Beitragsbild-scaled-1.jpg","contentUrl":"https:\/\/fes-heidenheim.de\/realschule\/wp-content\/uploads\/sites\/5\/2024\/10\/Beitragsbild-scaled-1.jpg","width":2560,"height":2168,"caption":"Die Sch\u00fclerinnen und Sch\u00fcler der FES Schule sind auf Paris Exkursion."},{"@type":"BreadcrumbList","@id":"https:\/\/fes-heidenheim.de\/realschule\/2024\/10\/10\/bienvenue-a-paris-sprachreise-der-jgst-8-und-9-nach-frankreich\/#breadcrumb","itemListElement":[{"@type":"ListItem","position":1,"name":"Startseite","item":"https:\/\/fes-heidenheim.de\/realschule\/"},{"@type":"ListItem","position":2,"name":"Bienvenue \u00e0 Paris \u2013 Sprachreise der Jgst.8 und 9 nach Frankreich"}]},{"@type":"WebSite","@id":"https:\/\/fes-heidenheim.de\/realschule\/#website","url":"https:\/\/fes-heidenheim.de\/realschule\/","name":"Realschule | Freie Evangelischen Schule und Kindertagesst\u00e4tte Heidenheim e. V.","description":"Eine weitere Freie Evangelische Schule Heidenheim e.V. Websites Website","potentialAction":[{"@type":"SearchAction","target":{"@type":"EntryPoint","urlTemplate":"https:\/\/fes-heidenheim.de\/realschule\/?s={search_term_string}"},"query-input":{"@type":"PropertyValueSpecification","valueRequired":true,"valueName":"search_term_string"}}],"inLanguage":"de"},{"@type":"Person","@id":"https:\/\/fes-heidenheim.de\/realschule\/#\/schema\/person\/e614df80cf0124a0861921322ba81ee9","name":"sekretariatgym","image":{"@type":"ImageObject","inLanguage":"de","@id":"https:\/\/secure.gravatar.com\/avatar\/8196f14ce1450e8b1558ed9138138a8a40a91d9ddc1e02556e5dd141376b7e3a?s=96&d=mm&r=g","url":"https:\/\/secure.gravatar.com\/avatar\/8196f14ce1450e8b1558ed9138138a8a40a91d9ddc1e02556e5dd141376b7e3a?s=96&d=mm&r=g","contentUrl":"https:\/\/secure.gravatar.com\/avatar\/8196f14ce1450e8b1558ed9138138a8a40a91d9ddc1e02556e5dd141376b7e3a?s=96&d=mm&r=g","caption":"sekretariatgym"},"url":"https:\/\/fes-heidenheim.de\/realschule\/author\/sekretariatgym\/"}]}},"_links":{"self":[{"href":"https:\/\/fes-heidenheim.de\/realschule\/wp-json\/wp\/v2\/posts\/5364","targetHints":{"allow":["GET"]}}],"collection":[{"href":"https:\/\/fes-heidenheim.de\/realschule\/wp-json\/wp\/v2\/posts"}],"about":[{"href":"https:\/\/fes-heidenheim.de\/realschule\/wp-json\/wp\/v2\/types\/post"}],"author":[{"embeddable":true,"href":"https:\/\/fes-heidenheim.de\/realschule\/wp-json\/wp\/v2\/users\/15"}],"replies":[{"embeddable":true,"href":"https:\/\/fes-heidenheim.de\/realschule\/wp-json\/wp\/v2\/comments?post=5364"}],"version-history":[{"count":0,"href":"https:\/\/fes-heidenheim.de\/realschule\/wp-json\/wp\/v2\/posts\/5364\/revisions"}],"wp:featuredmedia":[{"embeddable":true,"href":"https:\/\/fes-heidenheim.de\/realschule\/wp-json\/wp\/v2\/media\/5365"}],"wp:attachment":[{"href":"https:\/\/fes-heidenheim.de\/realschule\/wp-json\/wp\/v2\/media?parent=5364"}],"wp:term":[{"taxonomy":"category","embeddable":true,"href":"https:\/\/fes-heidenheim.de\/realschule\/wp-json\/wp\/v2\/categories?post=5364"},{"taxonomy":"post_tag","embeddable":true,"href":"https:\/\/fes-heidenheim.de\/realschule\/wp-json\/wp\/v2\/tags?post=5364"}],"curies":[{"name":"wp","href":"https:\/\/api.w.org\/{rel}","templated":true}]}}