{"id":5540,"date":"2025-05-27T08:54:52","date_gmt":"2025-05-27T06:54:52","guid":{"rendered":"https:\/\/fes-heidenheim.de\/realschule\/2025\/05\/27\/fes-vokalensembles-konzertierten-in-klosterkirche-koenigsbronn\/"},"modified":"2025-05-27T08:54:52","modified_gmt":"2025-05-27T06:54:52","slug":"fes-vokalensembles-konzertierten-in-klosterkirche-koenigsbronn","status":"publish","type":"post","link":"https:\/\/fes-heidenheim.de\/realschule\/2025\/05\/27\/fes-vokalensembles-konzertierten-in-klosterkirche-koenigsbronn\/","title":{"rendered":"FES-Vokalensembles konzertierten in Klosterkirche K\u00f6nigsbronn"},"content":{"rendered":"\n<p>Voll beset\u00adzt war die evan\u00adge\u00adlis\u00adche K\u00f6nigs\u00adbron\u00adner Kirche beim Chorkonz\u00adert der Ch\u00f6re des FES-Gym\u00adna\u00adsi\u00adums und der FES-Realschule. Die konz\u00ader\u00adtante Ver\u00adanstal\u00adtung gestal\u00adteten die Sch\u00fcler aus den Klassen\u00adstufen 5 \u201112 als musikalis\u00adche Lieder\u00adreise unter dem Mot\u00adto \u201eEin\u00adfach mal den Akku aufladen\u2026\u201c<\/p>\n\n\n\n<p>Dieser Titel war auch der Namensge\u00adber f\u00fcr ein bunt gestal\u00adtetes, unter\u00adhalt\u00adsames Konz\u00adert\u00adpro\u00adgramm, das, neben Beitr\u00e4\u00adgen aus dem Bere\u00adich Film\u00admusik, ins\u00adbeson\u00addere geistliche Chor\u00admusik unter\u00adschiedlich\u00adster Stilis\u00adtik bein\u00adhal\u00adtete \u2014 qua\u00adsi ein Streifzug durch die bunte Welt vokaler Klangkun\u00adst. Vom 25-k\u00f6p\u00adfi\u00adgen Knaben\u00adchor der Jahrgangstufe 5, \u00fcber ein M\u00e4d\u00adchen\u00advokalensem\u00adble, den Auswahlchor der 6.Klassen bis hin zum FES-Jugend\u00adchor pr\u00e4sen\u00adtierten die Sch\u00fcler des FES-Gym\u00adna\u00adsi\u00adums und der FES-Realschule ein abwech\u00adslungsre\u00adich\u00ades, gut ein\u00adst\u00fcndi\u00adges Pro\u00adgramm, das vom Pub\u00adlikum mit gro\u00dfem Beifall und am Ende mit anhal\u00adten\u00addem Applaus bedacht wurde.<\/p>\n\n\n\n<p>Die agieren\u00adden Sch\u00fcler der weit\u00ader\u00adf\u00fchren\u00adden Schulen der FES Hei\u00adden\u00adheim boten den Zuh\u00f6r\u00adern mit ihrem Streifzug durch die Musik dabei auch einen Ein\u00adblick in die schul\u00adspez\u00adi\u00adfis\u00adche Konzep\u00adtion eines ver\u00adst\u00e4rk\u00adten Musikun\u00adter\u00adrichts an FES-Gym\u00adna\u00adsi\u00adum und FES-Realschule mit einem dif\u00adferen\u00adzierten, cho\u00adrisch wie stimm\u00adbild\u00adner\u00adischen Ange\u00adbot, das inte\u00adgra\u00adtiv\u00ader Bestandteil eines umfassenden, ganzheitlichen FES-Bil\u00addungskonzepts ist.<\/p>\n\n\n\n<p>Die Akteure des Lieder\u00adabends wur\u00adden fachkundig, ein\u00adf\u00fchlsam und auf hohem Niveau von Daniel Kinds\u00advater, Chor\u00adleit\u00ader und Musik\u00adlehrer an der Freien Evan\u00adge\u00adlis\u00adchen Schule Hei\u00adden\u00adheim, sowie FES-Schulleit\u00ader und Musik\u00adlehrer Andreas Borkeloh selb\u00adst, begleit\u00adet und sich\u00ader durch das Konz\u00adert gef\u00fchrt.&nbsp;<strong><\/strong><\/p>\n\n\n\n<figure class=\"wp-block-gallery has-nested-images columns-default is-cropped wp-block-gallery-1 is-layout-flex wp-block-gallery-is-layout-flex\">\n<figure class=\"wp-block-image size-large\"><img decoding=\"async\" data-id=\"6056\" src=\"https:\/\/fes-heidenheim.de\/gymnasium\/wp-content\/uploads\/sites\/8\/2025\/05\/weiteres-Bild-02-1024x768.jpg\" alt=\"Voll besetzt war die evangelische K\u00f6nigsbronner Kirche beim Chorkonzert der Ch\u00f6re des FES-Gymnasiums und der FES-Realschule. Die konzertante Veranstaltung gestalteten die Sch\u00fcler aus den Klassenstufen 5 -12 als musikalische Liederreise unter dem Motto \u201eEinfach mal den Akku aufladen\u2026\u201c\" class=\"wp-image-6056\"><\/figure>\n\n\n\n<figure class=\"wp-block-image size-large\"><img decoding=\"async\" data-id=\"6055\" src=\"https:\/\/fes-heidenheim.de\/gymnasium\/wp-content\/uploads\/sites\/8\/2025\/05\/weiteres-Bild-03-1024x768.jpg\" alt=\"Voll besetzt war die evangelische K\u00f6nigsbronner Kirche beim Chorkonzert der Ch\u00f6re des FES-Gymnasiums und der FES-Realschule. Die konzertante Veranstaltung gestalteten die Sch\u00fcler aus den Klassenstufen 5 -12 als musikalische Liederreise unter dem Motto \u201eEinfach mal den Akku aufladen\u2026\u201c\" class=\"wp-image-6055\"><\/figure>\n<\/figure>\n\n\n\n<figure class=\"wp-block-gallery has-nested-images columns-default is-cropped wp-block-gallery-2 is-layout-flex wp-block-gallery-is-layout-flex\">\n<figure class=\"wp-block-image size-large\"><img decoding=\"async\" data-id=\"6057\" src=\"https:\/\/fes-heidenheim.de\/gymnasium\/wp-content\/uploads\/sites\/8\/2025\/05\/weiteres-Bild-05-1024x768.jpg\" alt=\"Voll besetzt war die evangelische K\u00f6nigsbronner Kirche beim Chorkonzert der Ch\u00f6re des FES-Gymnasiums und der FES-Realschule. Die konzertante Veranstaltung gestalteten die Sch\u00fcler aus den Klassenstufen 5 -12 als musikalische Liederreise unter dem Motto \u201eEinfach mal den Akku aufladen\u2026\u201c\" class=\"wp-image-6057\"><\/figure>\n<\/figure>\n\n\n\n<figure class=\"wp-block-gallery has-nested-images columns-default is-cropped wp-block-gallery-3 is-layout-flex wp-block-gallery-is-layout-flex\">\n<figure class=\"wp-block-image size-large\"><img decoding=\"async\" data-id=\"6059\" src=\"https:\/\/fes-heidenheim.de\/gymnasium\/wp-content\/uploads\/sites\/8\/2025\/05\/weiteres-Bild-01-1024x768.jpg\" alt=\"Voll besetzt war die evangelische K\u00f6nigsbronner Kirche beim Chorkonzert der Ch\u00f6re des FES-Gymnasiums und der FES-Realschule. Die konzertante Veranstaltung gestalteten die Sch\u00fcler aus den Klassenstufen 5 -12 als musikalische Liederreise unter dem Motto \u201eEinfach mal den Akku aufladen\u2026\u201c\" class=\"wp-image-6059\"><\/figure>\n\n\n\n<figure class=\"wp-block-image size-large\"><img decoding=\"async\" data-id=\"6058\" src=\"https:\/\/fes-heidenheim.de\/gymnasium\/wp-content\/uploads\/sites\/8\/2025\/05\/weiteres-Bild-04-1024x768.jpg\" alt=\"Voll besetzt war die evangelische K\u00f6nigsbronner Kirche beim Chorkonzert der Ch\u00f6re des FES-Gymnasiums und der FES-Realschule. Die konzertante Veranstaltung gestalteten die Sch\u00fcler aus den Klassenstufen 5 -12 als musikalische Liederreise unter dem Motto \u201eEinfach mal den Akku aufladen\u2026\u201c\" class=\"wp-image-6058\"><\/figure>\n<\/figure>\n","protected":false},"excerpt":{"rendered":"<p>Voll beset\u00adzt war die evan\u00adge\u00adlis\u00adche K\u00f6nigs\u00adbron\u00adner Kirche beim Chorkonz\u00adert der Ch\u00f6re des FES-Gym\u00ad\u00adna\u00adsi\u00adums und der FES-Realschule. Die konz\u00ader\u00adtante Ver\u00adanstal\u00adtung gestal\u00adteten die Sch\u00fcler aus den Klassen\u00adstufen 5 \u201112 als musikalis\u00adche Liederreise&nbsp;[\u2026]<\/p>\n","protected":false},"author":15,"featured_media":5541,"comment_status":"closed","ping_status":"closed","sticky":false,"template":"","format":"standard","meta":{"_et_pb_use_builder":"off","_et_pb_old_content":"","_et_gb_content_width":"","inline_featured_image":false,"wp_typography_post_enhancements_disabled":false,"footnotes":""},"categories":[30,29,48,50],"tags":[],"class_list":["post-5540","post","type-post","status-publish","format-standard","has-post-thumbnail","hentry","category-fes-gymnasium","category-fes-realschule","category-fes-vokal-gym","category-fes-vokal-rs"],"yoast_head":"<!-- This site is optimized with the Yoast SEO plugin v27.4 - https:\/\/yoast.com\/product\/yoast-seo-wordpress\/ -->\n<title>FES-Vokalensembles konzertierten in Klosterkirche K\u00f6nigsbronn - Realschule | Freie Evangelischen Schule und Kindertagesst\u00e4tte Heidenheim e. V.<\/title>\n<meta name=\"robots\" content=\"index, follow, max-snippet:-1, max-image-preview:large, max-video-preview:-1\" \/>\n<link rel=\"canonical\" href=\"https:\/\/fes-heidenheim.de\/realschule\/2025\/05\/27\/fes-vokalensembles-konzertierten-in-klosterkirche-koenigsbronn\/\" \/>\n<meta property=\"og:locale\" content=\"de_DE\" \/>\n<meta property=\"og:type\" content=\"article\" \/>\n<meta property=\"og:title\" content=\"FES-Vokalensembles konzertierten in Klosterkirche K\u00f6nigsbronn - Realschule | Freie Evangelischen Schule und Kindertagesst\u00e4tte Heidenheim e. V.\" \/>\n<meta property=\"og:description\" content=\"Voll beset\u00adzt war die evan\u00adge\u00adlis\u00adche K\u00f6nigs\u00adbron\u00adner Kirche beim Chorkonz\u00adert der Ch\u00f6re des FES-Gym\u00adna\u00adsi\u00adums und der FES-Realschule. Die konz\u00ader\u00adtante Ver\u00adanstal\u00adtung gestal\u00adteten die Sch\u00fcler aus den Klassen\u00adstufen 5 \u201112 als musikalis\u00adche Lieder\u00adreise [&hellip;]\" \/>\n<meta property=\"og:url\" content=\"https:\/\/fes-heidenheim.de\/realschule\/2025\/05\/27\/fes-vokalensembles-konzertierten-in-klosterkirche-koenigsbronn\/\" \/>\n<meta property=\"og:site_name\" content=\"Realschule | Freie Evangelischen Schule und Kindertagesst\u00e4tte Heidenheim e. V.\" \/>\n<meta property=\"article:published_time\" content=\"2025-05-27T06:54:52+00:00\" \/>\n<meta property=\"og:image\" content=\"https:\/\/fes-heidenheim.de\/realschule\/wp-content\/uploads\/sites\/5\/2025\/05\/Beitragsbild-zum-BLOG-Beitrag-FES-Schulkonzert-2025-scaled-1.jpg\" \/>\n\t<meta property=\"og:image:width\" content=\"2560\" \/>\n\t<meta property=\"og:image:height\" content=\"1920\" \/>\n\t<meta property=\"og:image:type\" content=\"image\/jpeg\" \/>\n<meta name=\"author\" content=\"sekretariatgym\" \/>\n<meta name=\"twitter:card\" content=\"summary_large_image\" \/>\n<meta name=\"twitter:label1\" content=\"Verfasst von\" \/>\n\t<meta name=\"twitter:data1\" content=\"sekretariatgym\" \/>\n\t<meta name=\"twitter:label2\" content=\"Gesch\u00e4tzte Lesezeit\" \/>\n\t<meta name=\"twitter:data2\" content=\"3\u00a0Minuten\" \/>\n<script type=\"application\/ld+json\" class=\"yoast-schema-graph\">{\"@context\":\"https:\\\/\\\/schema.org\",\"@graph\":[{\"@type\":\"Article\",\"@id\":\"https:\\\/\\\/fes-heidenheim.de\\\/realschule\\\/2025\\\/05\\\/27\\\/fes-vokalensembles-konzertierten-in-klosterkirche-koenigsbronn\\\/#article\",\"isPartOf\":{\"@id\":\"https:\\\/\\\/fes-heidenheim.de\\\/realschule\\\/2025\\\/05\\\/27\\\/fes-vokalensembles-konzertierten-in-klosterkirche-koenigsbronn\\\/\"},\"author\":{\"name\":\"sekretariatgym\",\"@id\":\"https:\\\/\\\/fes-heidenheim.de\\\/realschule\\\/#\\\/schema\\\/person\\\/e614df80cf0124a0861921322ba81ee9\"},\"headline\":\"FES-Vokalensembles konzertierten in Klosterkirche K\u00f6nigsbronn\",\"datePublished\":\"2025-05-27T06:54:52+00:00\",\"mainEntityOfPage\":{\"@id\":\"https:\\\/\\\/fes-heidenheim.de\\\/realschule\\\/2025\\\/05\\\/27\\\/fes-vokalensembles-konzertierten-in-klosterkirche-koenigsbronn\\\/\"},\"wordCount\":223,\"image\":{\"@id\":\"https:\\\/\\\/fes-heidenheim.de\\\/realschule\\\/2025\\\/05\\\/27\\\/fes-vokalensembles-konzertierten-in-klosterkirche-koenigsbronn\\\/#primaryimage\"},\"thumbnailUrl\":\"https:\\\/\\\/fes-heidenheim.de\\\/realschule\\\/wp-content\\\/uploads\\\/sites\\\/5\\\/2025\\\/05\\\/Beitragsbild-zum-BLOG-Beitrag-FES-Schulkonzert-2025-scaled-1.jpg\",\"articleSection\":[\"FES Gymnasium\",\"FES Realschule\",\"FES Vokal GYM\",\"FES Vokal RS\"],\"inLanguage\":\"de\"},{\"@type\":\"WebPage\",\"@id\":\"https:\\\/\\\/fes-heidenheim.de\\\/realschule\\\/2025\\\/05\\\/27\\\/fes-vokalensembles-konzertierten-in-klosterkirche-koenigsbronn\\\/\",\"url\":\"https:\\\/\\\/fes-heidenheim.de\\\/realschule\\\/2025\\\/05\\\/27\\\/fes-vokalensembles-konzertierten-in-klosterkirche-koenigsbronn\\\/\",\"name\":\"FES-Vokalensembles konzertierten in Klosterkirche K\u00f6nigsbronn - Realschule | Freie Evangelischen Schule und Kindertagesst\u00e4tte Heidenheim e. V.\",\"isPartOf\":{\"@id\":\"https:\\\/\\\/fes-heidenheim.de\\\/realschule\\\/#website\"},\"primaryImageOfPage\":{\"@id\":\"https:\\\/\\\/fes-heidenheim.de\\\/realschule\\\/2025\\\/05\\\/27\\\/fes-vokalensembles-konzertierten-in-klosterkirche-koenigsbronn\\\/#primaryimage\"},\"image\":{\"@id\":\"https:\\\/\\\/fes-heidenheim.de\\\/realschule\\\/2025\\\/05\\\/27\\\/fes-vokalensembles-konzertierten-in-klosterkirche-koenigsbronn\\\/#primaryimage\"},\"thumbnailUrl\":\"https:\\\/\\\/fes-heidenheim.de\\\/realschule\\\/wp-content\\\/uploads\\\/sites\\\/5\\\/2025\\\/05\\\/Beitragsbild-zum-BLOG-Beitrag-FES-Schulkonzert-2025-scaled-1.jpg\",\"datePublished\":\"2025-05-27T06:54:52+00:00\",\"author\":{\"@id\":\"https:\\\/\\\/fes-heidenheim.de\\\/realschule\\\/#\\\/schema\\\/person\\\/e614df80cf0124a0861921322ba81ee9\"},\"breadcrumb\":{\"@id\":\"https:\\\/\\\/fes-heidenheim.de\\\/realschule\\\/2025\\\/05\\\/27\\\/fes-vokalensembles-konzertierten-in-klosterkirche-koenigsbronn\\\/#breadcrumb\"},\"inLanguage\":\"de\",\"potentialAction\":[{\"@type\":\"ReadAction\",\"target\":[\"https:\\\/\\\/fes-heidenheim.de\\\/realschule\\\/2025\\\/05\\\/27\\\/fes-vokalensembles-konzertierten-in-klosterkirche-koenigsbronn\\\/\"]}]},{\"@type\":\"ImageObject\",\"inLanguage\":\"de\",\"@id\":\"https:\\\/\\\/fes-heidenheim.de\\\/realschule\\\/2025\\\/05\\\/27\\\/fes-vokalensembles-konzertierten-in-klosterkirche-koenigsbronn\\\/#primaryimage\",\"url\":\"https:\\\/\\\/fes-heidenheim.de\\\/realschule\\\/wp-content\\\/uploads\\\/sites\\\/5\\\/2025\\\/05\\\/Beitragsbild-zum-BLOG-Beitrag-FES-Schulkonzert-2025-scaled-1.jpg\",\"contentUrl\":\"https:\\\/\\\/fes-heidenheim.de\\\/realschule\\\/wp-content\\\/uploads\\\/sites\\\/5\\\/2025\\\/05\\\/Beitragsbild-zum-BLOG-Beitrag-FES-Schulkonzert-2025-scaled-1.jpg\",\"width\":2560,\"height\":1920,\"caption\":\"Voll besetzt war die evangelische K\u00f6nigsbronner Kirche beim Chorkonzert der Ch\u00f6re des FES-Gymnasiums und der FES-Realschule. Die konzertante Veranstaltung gestalteten die Sch\u00fcler aus den Klassenstufen 5 -12 als musikalische Liederreise unter dem Motto \u201eEinfach mal den Akku aufladen\u2026\u201c\"},{\"@type\":\"BreadcrumbList\",\"@id\":\"https:\\\/\\\/fes-heidenheim.de\\\/realschule\\\/2025\\\/05\\\/27\\\/fes-vokalensembles-konzertierten-in-klosterkirche-koenigsbronn\\\/#breadcrumb\",\"itemListElement\":[{\"@type\":\"ListItem\",\"position\":1,\"name\":\"Startseite\",\"item\":\"https:\\\/\\\/fes-heidenheim.de\\\/realschule\\\/\"},{\"@type\":\"ListItem\",\"position\":2,\"name\":\"FES-Vokalensembles konzertierten in Klosterkirche K\u00f6nigsbronn\"}]},{\"@type\":\"WebSite\",\"@id\":\"https:\\\/\\\/fes-heidenheim.de\\\/realschule\\\/#website\",\"url\":\"https:\\\/\\\/fes-heidenheim.de\\\/realschule\\\/\",\"name\":\"Realschule | Freie Evangelischen Schule und Kindertagesst\u00e4tte Heidenheim e. V.\",\"description\":\"Eine weitere Freie Evangelische Schule Heidenheim e.V. Websites Website\",\"potentialAction\":[{\"@type\":\"SearchAction\",\"target\":{\"@type\":\"EntryPoint\",\"urlTemplate\":\"https:\\\/\\\/fes-heidenheim.de\\\/realschule\\\/?s={search_term_string}\"},\"query-input\":{\"@type\":\"PropertyValueSpecification\",\"valueRequired\":true,\"valueName\":\"search_term_string\"}}],\"inLanguage\":\"de\"},{\"@type\":\"Person\",\"@id\":\"https:\\\/\\\/fes-heidenheim.de\\\/realschule\\\/#\\\/schema\\\/person\\\/e614df80cf0124a0861921322ba81ee9\",\"name\":\"sekretariatgym\",\"image\":{\"@type\":\"ImageObject\",\"inLanguage\":\"de\",\"@id\":\"https:\\\/\\\/secure.gravatar.com\\\/avatar\\\/8196f14ce1450e8b1558ed9138138a8a40a91d9ddc1e02556e5dd141376b7e3a?s=96&d=mm&r=g\",\"url\":\"https:\\\/\\\/secure.gravatar.com\\\/avatar\\\/8196f14ce1450e8b1558ed9138138a8a40a91d9ddc1e02556e5dd141376b7e3a?s=96&d=mm&r=g\",\"contentUrl\":\"https:\\\/\\\/secure.gravatar.com\\\/avatar\\\/8196f14ce1450e8b1558ed9138138a8a40a91d9ddc1e02556e5dd141376b7e3a?s=96&d=mm&r=g\",\"caption\":\"sekretariatgym\"},\"url\":\"https:\\\/\\\/fes-heidenheim.de\\\/realschule\\\/author\\\/sekretariatgym\\\/\"}]}<\/script>\n<!-- \/ Yoast SEO plugin. -->","yoast_head_json":{"title":"FES-Vokalensembles konzertierten in Klosterkirche K\u00f6nigsbronn - Realschule | Freie Evangelischen Schule und Kindertagesst\u00e4tte Heidenheim e. V.","robots":{"index":"index","follow":"follow","max-snippet":"max-snippet:-1","max-image-preview":"max-image-preview:large","max-video-preview":"max-video-preview:-1"},"canonical":"https:\/\/fes-heidenheim.de\/realschule\/2025\/05\/27\/fes-vokalensembles-konzertierten-in-klosterkirche-koenigsbronn\/","og_locale":"de_DE","og_type":"article","og_title":"FES-Vokalensembles konzertierten in Klosterkirche K\u00f6nigsbronn - Realschule | Freie Evangelischen Schule und Kindertagesst\u00e4tte Heidenheim e. V.","og_description":"Voll beset\u00adzt war die evan\u00adge\u00adlis\u00adche K\u00f6nigs\u00adbron\u00adner Kirche beim Chorkonz\u00adert der Ch\u00f6re des FES-Gym\u00adna\u00adsi\u00adums und der FES-Realschule. Die konz\u00ader\u00adtante Ver\u00adanstal\u00adtung gestal\u00adteten die Sch\u00fcler aus den Klassen\u00adstufen 5 \u201112 als musikalis\u00adche Lieder\u00adreise [&hellip;]","og_url":"https:\/\/fes-heidenheim.de\/realschule\/2025\/05\/27\/fes-vokalensembles-konzertierten-in-klosterkirche-koenigsbronn\/","og_site_name":"Realschule | Freie Evangelischen Schule und Kindertagesst\u00e4tte Heidenheim e. V.","article_published_time":"2025-05-27T06:54:52+00:00","og_image":[{"width":2560,"height":1920,"url":"https:\/\/fes-heidenheim.de\/realschule\/wp-content\/uploads\/sites\/5\/2025\/05\/Beitragsbild-zum-BLOG-Beitrag-FES-Schulkonzert-2025-scaled-1.jpg","type":"image\/jpeg"}],"author":"sekretariatgym","twitter_card":"summary_large_image","twitter_misc":{"Verfasst von":"sekretariatgym","Gesch\u00e4tzte Lesezeit":"3\u00a0Minuten"},"schema":{"@context":"https:\/\/schema.org","@graph":[{"@type":"Article","@id":"https:\/\/fes-heidenheim.de\/realschule\/2025\/05\/27\/fes-vokalensembles-konzertierten-in-klosterkirche-koenigsbronn\/#article","isPartOf":{"@id":"https:\/\/fes-heidenheim.de\/realschule\/2025\/05\/27\/fes-vokalensembles-konzertierten-in-klosterkirche-koenigsbronn\/"},"author":{"name":"sekretariatgym","@id":"https:\/\/fes-heidenheim.de\/realschule\/#\/schema\/person\/e614df80cf0124a0861921322ba81ee9"},"headline":"FES-Vokalensembles konzertierten in Klosterkirche K\u00f6nigsbronn","datePublished":"2025-05-27T06:54:52+00:00","mainEntityOfPage":{"@id":"https:\/\/fes-heidenheim.de\/realschule\/2025\/05\/27\/fes-vokalensembles-konzertierten-in-klosterkirche-koenigsbronn\/"},"wordCount":223,"image":{"@id":"https:\/\/fes-heidenheim.de\/realschule\/2025\/05\/27\/fes-vokalensembles-konzertierten-in-klosterkirche-koenigsbronn\/#primaryimage"},"thumbnailUrl":"https:\/\/fes-heidenheim.de\/realschule\/wp-content\/uploads\/sites\/5\/2025\/05\/Beitragsbild-zum-BLOG-Beitrag-FES-Schulkonzert-2025-scaled-1.jpg","articleSection":["FES Gymnasium","FES Realschule","FES Vokal GYM","FES Vokal RS"],"inLanguage":"de"},{"@type":"WebPage","@id":"https:\/\/fes-heidenheim.de\/realschule\/2025\/05\/27\/fes-vokalensembles-konzertierten-in-klosterkirche-koenigsbronn\/","url":"https:\/\/fes-heidenheim.de\/realschule\/2025\/05\/27\/fes-vokalensembles-konzertierten-in-klosterkirche-koenigsbronn\/","name":"FES-Vokalensembles konzertierten in Klosterkirche K\u00f6nigsbronn - Realschule | Freie Evangelischen Schule und Kindertagesst\u00e4tte Heidenheim e. V.","isPartOf":{"@id":"https:\/\/fes-heidenheim.de\/realschule\/#website"},"primaryImageOfPage":{"@id":"https:\/\/fes-heidenheim.de\/realschule\/2025\/05\/27\/fes-vokalensembles-konzertierten-in-klosterkirche-koenigsbronn\/#primaryimage"},"image":{"@id":"https:\/\/fes-heidenheim.de\/realschule\/2025\/05\/27\/fes-vokalensembles-konzertierten-in-klosterkirche-koenigsbronn\/#primaryimage"},"thumbnailUrl":"https:\/\/fes-heidenheim.de\/realschule\/wp-content\/uploads\/sites\/5\/2025\/05\/Beitragsbild-zum-BLOG-Beitrag-FES-Schulkonzert-2025-scaled-1.jpg","datePublished":"2025-05-27T06:54:52+00:00","author":{"@id":"https:\/\/fes-heidenheim.de\/realschule\/#\/schema\/person\/e614df80cf0124a0861921322ba81ee9"},"breadcrumb":{"@id":"https:\/\/fes-heidenheim.de\/realschule\/2025\/05\/27\/fes-vokalensembles-konzertierten-in-klosterkirche-koenigsbronn\/#breadcrumb"},"inLanguage":"de","potentialAction":[{"@type":"ReadAction","target":["https:\/\/fes-heidenheim.de\/realschule\/2025\/05\/27\/fes-vokalensembles-konzertierten-in-klosterkirche-koenigsbronn\/"]}]},{"@type":"ImageObject","inLanguage":"de","@id":"https:\/\/fes-heidenheim.de\/realschule\/2025\/05\/27\/fes-vokalensembles-konzertierten-in-klosterkirche-koenigsbronn\/#primaryimage","url":"https:\/\/fes-heidenheim.de\/realschule\/wp-content\/uploads\/sites\/5\/2025\/05\/Beitragsbild-zum-BLOG-Beitrag-FES-Schulkonzert-2025-scaled-1.jpg","contentUrl":"https:\/\/fes-heidenheim.de\/realschule\/wp-content\/uploads\/sites\/5\/2025\/05\/Beitragsbild-zum-BLOG-Beitrag-FES-Schulkonzert-2025-scaled-1.jpg","width":2560,"height":1920,"caption":"Voll besetzt war die evangelische K\u00f6nigsbronner Kirche beim Chorkonzert der Ch\u00f6re des FES-Gymnasiums und der FES-Realschule. Die konzertante Veranstaltung gestalteten die Sch\u00fcler aus den Klassenstufen 5 -12 als musikalische Liederreise unter dem Motto \u201eEinfach mal den Akku aufladen\u2026\u201c"},{"@type":"BreadcrumbList","@id":"https:\/\/fes-heidenheim.de\/realschule\/2025\/05\/27\/fes-vokalensembles-konzertierten-in-klosterkirche-koenigsbronn\/#breadcrumb","itemListElement":[{"@type":"ListItem","position":1,"name":"Startseite","item":"https:\/\/fes-heidenheim.de\/realschule\/"},{"@type":"ListItem","position":2,"name":"FES-Vokalensembles konzertierten in Klosterkirche K\u00f6nigsbronn"}]},{"@type":"WebSite","@id":"https:\/\/fes-heidenheim.de\/realschule\/#website","url":"https:\/\/fes-heidenheim.de\/realschule\/","name":"Realschule | Freie Evangelischen Schule und Kindertagesst\u00e4tte Heidenheim e. V.","description":"Eine weitere Freie Evangelische Schule Heidenheim e.V. Websites Website","potentialAction":[{"@type":"SearchAction","target":{"@type":"EntryPoint","urlTemplate":"https:\/\/fes-heidenheim.de\/realschule\/?s={search_term_string}"},"query-input":{"@type":"PropertyValueSpecification","valueRequired":true,"valueName":"search_term_string"}}],"inLanguage":"de"},{"@type":"Person","@id":"https:\/\/fes-heidenheim.de\/realschule\/#\/schema\/person\/e614df80cf0124a0861921322ba81ee9","name":"sekretariatgym","image":{"@type":"ImageObject","inLanguage":"de","@id":"https:\/\/secure.gravatar.com\/avatar\/8196f14ce1450e8b1558ed9138138a8a40a91d9ddc1e02556e5dd141376b7e3a?s=96&d=mm&r=g","url":"https:\/\/secure.gravatar.com\/avatar\/8196f14ce1450e8b1558ed9138138a8a40a91d9ddc1e02556e5dd141376b7e3a?s=96&d=mm&r=g","contentUrl":"https:\/\/secure.gravatar.com\/avatar\/8196f14ce1450e8b1558ed9138138a8a40a91d9ddc1e02556e5dd141376b7e3a?s=96&d=mm&r=g","caption":"sekretariatgym"},"url":"https:\/\/fes-heidenheim.de\/realschule\/author\/sekretariatgym\/"}]}},"_links":{"self":[{"href":"https:\/\/fes-heidenheim.de\/realschule\/wp-json\/wp\/v2\/posts\/5540","targetHints":{"allow":["GET"]}}],"collection":[{"href":"https:\/\/fes-heidenheim.de\/realschule\/wp-json\/wp\/v2\/posts"}],"about":[{"href":"https:\/\/fes-heidenheim.de\/realschule\/wp-json\/wp\/v2\/types\/post"}],"author":[{"embeddable":true,"href":"https:\/\/fes-heidenheim.de\/realschule\/wp-json\/wp\/v2\/users\/15"}],"replies":[{"embeddable":true,"href":"https:\/\/fes-heidenheim.de\/realschule\/wp-json\/wp\/v2\/comments?post=5540"}],"version-history":[{"count":0,"href":"https:\/\/fes-heidenheim.de\/realschule\/wp-json\/wp\/v2\/posts\/5540\/revisions"}],"wp:featuredmedia":[{"embeddable":true,"href":"https:\/\/fes-heidenheim.de\/realschule\/wp-json\/wp\/v2\/media\/5541"}],"wp:attachment":[{"href":"https:\/\/fes-heidenheim.de\/realschule\/wp-json\/wp\/v2\/media?parent=5540"}],"wp:term":[{"taxonomy":"category","embeddable":true,"href":"https:\/\/fes-heidenheim.de\/realschule\/wp-json\/wp\/v2\/categories?post=5540"},{"taxonomy":"post_tag","embeddable":true,"href":"https:\/\/fes-heidenheim.de\/realschule\/wp-json\/wp\/v2\/tags?post=5540"}],"curies":[{"name":"wp","href":"https:\/\/api.w.org\/{rel}","templated":true}]}}