{"id":5568,"date":"2025-07-18T08:06:01","date_gmt":"2025-07-18T06:06:01","guid":{"rendered":"https:\/\/fes-heidenheim.de\/realschule\/2025\/07\/18\/abschlussfahrt-kl-10r-wir-fahren-nach-berlin\/"},"modified":"2025-07-18T08:06:01","modified_gmt":"2025-07-18T06:06:01","slug":"abschlussfahrt-kl-10r-wir-fahren-nach-berlin","status":"publish","type":"post","link":"https:\/\/fes-heidenheim.de\/realschule\/2025\/07\/18\/abschlussfahrt-kl-10r-wir-fahren-nach-berlin\/","title":{"rendered":"Abschlussfahrt Kl.10R: Wir fahren nach Berlin\u2026"},"content":{"rendered":"\n<p>Zum unvergesslichen H\u00f6hep\u00adunkt zum Ende der Schulzeit der 10.Kl\u00e4ssler an der FES-Realschule wurde die Abschlussfahrt in die Bun\u00adde\u00adshaupt\u00adstadt. F\u00fcnf Tage lang taucht\u00aden die Abschlusss\u00adch\u00fcler ein in das bunte Leben Berlins zwis\u00adchen Geschichte und Gro\u00dfs\u00adtadt\u00adtrubel. Der Besuch im Bun\u00addestag lie\u00df die FES-ler Poli\u00adtik haut\u00adnah erleben, w\u00e4hrend die Gedenkst\u00e4tte Berlin\u00ader Mauer nach\u00adden\u00adklich stimmte. Doch Berlin zeigte sich auch von sein\u00ader lebendi\u00adgen Seite: Die 10.Kl\u00e4ssler schlen\u00adderten mit den bei\u00adden Klassen\u00adleit\u00adern Sergej Kasper und Lisa Schw\u00aderdt\u00adner \u00fcber den Alexan\u00adder\u00adplatz, bestaunten das Bran\u00adden\u00adburg\u00ader Tor und lebensechte Wachs\u00adfig\u00aduren, lie\u00dfen sich von vielf\u00e4lti\u00adgen Shop\u00adpin\u00adgange\u00adboten lock\u00aden und genossen eine nicht ganz trock\u00adene Boots\u00adfahrt auf der Spree. Nach Erk\u00adlim\u00admen der Siegess\u00e4ule und des Panorama\u00adpunk\u00adtes kon\u00adnte die Abschlusss\u00adch\u00fcler die Haupt\u00adstadt auch aus der H\u00f6he \u00fcberzeu\u00adgen. Kuli\u00adnar\u00adisch ver\u00adsorgte die 10-er der t\u00fcrkische Markt, sowie ver\u00adschieden\u00adste D\u00f6n\u00ader, Piz\u00adza- und Burg\u00ader\u00adl\u00e4\u00adden Berlins. Auch die Abende ver\u00adbracht\u00aden die FES-Realsch\u00fcler meist gemein\u00adsam mit Essen gehen in der Mark\u00adthalle, Bowl\u00ading und Billard.<\/p>\n\n\n\n<p>Die Berlin-Fahrt war nicht nur der kr\u00f6\u00adnende Abschluss der 10. Klasse, son\u00addern auch ein St\u00fcck gemein\u00adsamer Geschichte, das allen lange in Erin\u00adnerung bleiben wird.<\/p>\n\n\n\n<figure class=\"wp-block-gallery has-nested-images columns-default is-cropped wp-block-gallery-1 is-layout-flex wp-block-gallery-is-layout-flex\">\n<figure class=\"wp-block-image size-large\"><img decoding=\"async\" data-id=\"6100\" src=\"https:\/\/fes-heidenheim.de\/gymnasium\/wp-content\/uploads\/sites\/8\/2025\/07\/weiteres-Bild-01-2-1024x577.jpg\" alt=\"Zum unvergesslichen H\u00f6hepunkt zum Ende der Schulzeit der 10.Kl\u00e4ssler an der FES-Realschule wurde die Abschlussfahrt in die Bundeshauptstadt. F\u00fcnf Tage lang tauchten die Abschlusssch\u00fcler ein in das bunte Leben Berlins zwischen Geschichte und Gro\u00dfstadttrubel. \" class=\"wp-image-6100\"><\/figure>\n\n\n\n<figure class=\"wp-block-image size-large\"><img decoding=\"async\" data-id=\"6099\" src=\"https:\/\/fes-heidenheim.de\/gymnasium\/wp-content\/uploads\/sites\/8\/2025\/07\/weiteres-Bild-02-2-1024x577.jpg\" alt=\"Zum unvergesslichen H\u00f6hepunkt zum Ende der Schulzeit der 10.Kl\u00e4ssler an der FES-Realschule wurde die Abschlussfahrt in die Bundeshauptstadt. F\u00fcnf Tage lang tauchten die Abschlusssch\u00fcler ein in das bunte Leben Berlins zwischen Geschichte und Gro\u00dfstadttrubel. \" class=\"wp-image-6099\"><\/figure>\n<\/figure>\n","protected":false},"excerpt":{"rendered":"<p>Zum unvergesslichen H\u00f6hep\u00adunkt zum Ende der Schulzeit der 10.Kl\u00e4ssler an der FES-Realschule wurde die Abschlussfahrt in die Bun\u00adde\u00adshaupt\u00adstadt. F\u00fcnf Tage lang taucht\u00aden die Abschlusss\u00adch\u00fcler ein in das bunte Leben Berlins&nbsp;[\u2026]<\/p>\n","protected":false},"author":15,"featured_media":5569,"comment_status":"closed","ping_status":"closed","sticky":false,"template":"","format":"standard","meta":{"_et_pb_use_builder":"off","_et_pb_old_content":"","_et_gb_content_width":"","inline_featured_image":false,"wp_typography_post_enhancements_disabled":false,"footnotes":""},"categories":[29,46],"tags":[],"class_list":["post-5568","post","type-post","status-publish","format-standard","has-post-thumbnail","hentry","category-fes-realschule","category-fes-unterwegs-rs"],"yoast_head":"<!-- This site is optimized with the Yoast SEO plugin v27.4 - https:\/\/yoast.com\/product\/yoast-seo-wordpress\/ -->\n<title>Abschlussfahrt Kl.10R: Wir fahren nach Berlin\u2026 - Realschule | Freie Evangelischen Schule und Kindertagesst\u00e4tte Heidenheim e. V.<\/title>\n<meta name=\"robots\" content=\"index, follow, max-snippet:-1, max-image-preview:large, max-video-preview:-1\" \/>\n<link rel=\"canonical\" href=\"https:\/\/fes-heidenheim.de\/realschule\/2025\/07\/18\/abschlussfahrt-kl-10r-wir-fahren-nach-berlin\/\" \/>\n<meta property=\"og:locale\" content=\"de_DE\" \/>\n<meta property=\"og:type\" content=\"article\" \/>\n<meta property=\"og:title\" content=\"Abschlussfahrt Kl.10R: Wir fahren nach Berlin\u2026 - Realschule | Freie Evangelischen Schule und Kindertagesst\u00e4tte Heidenheim e. V.\" \/>\n<meta property=\"og:description\" content=\"Zum unvergesslichen H\u00f6hep\u00adunkt zum Ende der Schulzeit der 10.Kl\u00e4ssler an der FES-Realschule wurde die Abschlussfahrt in die Bun\u00adde\u00adshaupt\u00adstadt. F\u00fcnf Tage lang taucht\u00aden die Abschlusss\u00adch\u00fcler ein in das bunte Leben Berlins [&hellip;]\" \/>\n<meta property=\"og:url\" content=\"https:\/\/fes-heidenheim.de\/realschule\/2025\/07\/18\/abschlussfahrt-kl-10r-wir-fahren-nach-berlin\/\" \/>\n<meta property=\"og:site_name\" content=\"Realschule | Freie Evangelischen Schule und Kindertagesst\u00e4tte Heidenheim e. V.\" \/>\n<meta property=\"article:published_time\" content=\"2025-07-18T06:06:01+00:00\" \/>\n<meta property=\"og:image\" content=\"https:\/\/fes-heidenheim.de\/realschule\/wp-content\/uploads\/sites\/5\/2025\/07\/Beitragsbild-zum-BLOG-Beitrag-Abschlussfahrt-Berlin-Kl.10R-scaled-1.jpg\" \/>\n\t<meta property=\"og:image:width\" content=\"2560\" \/>\n\t<meta property=\"og:image:height\" content=\"1441\" \/>\n\t<meta property=\"og:image:type\" content=\"image\/jpeg\" \/>\n<meta name=\"author\" content=\"sekretariatgym\" \/>\n<meta name=\"twitter:card\" content=\"summary_large_image\" \/>\n<meta name=\"twitter:label1\" content=\"Verfasst von\" \/>\n\t<meta name=\"twitter:data1\" content=\"sekretariatgym\" \/>\n\t<meta name=\"twitter:label2\" content=\"Gesch\u00e4tzte Lesezeit\" \/>\n\t<meta name=\"twitter:data2\" content=\"2\u00a0Minuten\" \/>\n<script type=\"application\/ld+json\" class=\"yoast-schema-graph\">{\"@context\":\"https:\\\/\\\/schema.org\",\"@graph\":[{\"@type\":\"Article\",\"@id\":\"https:\\\/\\\/fes-heidenheim.de\\\/realschule\\\/2025\\\/07\\\/18\\\/abschlussfahrt-kl-10r-wir-fahren-nach-berlin\\\/#article\",\"isPartOf\":{\"@id\":\"https:\\\/\\\/fes-heidenheim.de\\\/realschule\\\/2025\\\/07\\\/18\\\/abschlussfahrt-kl-10r-wir-fahren-nach-berlin\\\/\"},\"author\":{\"name\":\"sekretariatgym\",\"@id\":\"https:\\\/\\\/fes-heidenheim.de\\\/realschule\\\/#\\\/schema\\\/person\\\/e614df80cf0124a0861921322ba81ee9\"},\"headline\":\"Abschlussfahrt Kl.10R: Wir fahren nach Berlin\u2026\",\"datePublished\":\"2025-07-18T06:06:01+00:00\",\"mainEntityOfPage\":{\"@id\":\"https:\\\/\\\/fes-heidenheim.de\\\/realschule\\\/2025\\\/07\\\/18\\\/abschlussfahrt-kl-10r-wir-fahren-nach-berlin\\\/\"},\"wordCount\":195,\"image\":{\"@id\":\"https:\\\/\\\/fes-heidenheim.de\\\/realschule\\\/2025\\\/07\\\/18\\\/abschlussfahrt-kl-10r-wir-fahren-nach-berlin\\\/#primaryimage\"},\"thumbnailUrl\":\"https:\\\/\\\/fes-heidenheim.de\\\/realschule\\\/wp-content\\\/uploads\\\/sites\\\/5\\\/2025\\\/07\\\/Beitragsbild-zum-BLOG-Beitrag-Abschlussfahrt-Berlin-Kl.10R-scaled-1.jpg\",\"articleSection\":[\"FES Realschule\",\"FES unterwegs RS\"],\"inLanguage\":\"de\"},{\"@type\":\"WebPage\",\"@id\":\"https:\\\/\\\/fes-heidenheim.de\\\/realschule\\\/2025\\\/07\\\/18\\\/abschlussfahrt-kl-10r-wir-fahren-nach-berlin\\\/\",\"url\":\"https:\\\/\\\/fes-heidenheim.de\\\/realschule\\\/2025\\\/07\\\/18\\\/abschlussfahrt-kl-10r-wir-fahren-nach-berlin\\\/\",\"name\":\"Abschlussfahrt Kl.10R: Wir fahren nach Berlin\u2026 - Realschule | Freie Evangelischen Schule und Kindertagesst\u00e4tte Heidenheim e. V.\",\"isPartOf\":{\"@id\":\"https:\\\/\\\/fes-heidenheim.de\\\/realschule\\\/#website\"},\"primaryImageOfPage\":{\"@id\":\"https:\\\/\\\/fes-heidenheim.de\\\/realschule\\\/2025\\\/07\\\/18\\\/abschlussfahrt-kl-10r-wir-fahren-nach-berlin\\\/#primaryimage\"},\"image\":{\"@id\":\"https:\\\/\\\/fes-heidenheim.de\\\/realschule\\\/2025\\\/07\\\/18\\\/abschlussfahrt-kl-10r-wir-fahren-nach-berlin\\\/#primaryimage\"},\"thumbnailUrl\":\"https:\\\/\\\/fes-heidenheim.de\\\/realschule\\\/wp-content\\\/uploads\\\/sites\\\/5\\\/2025\\\/07\\\/Beitragsbild-zum-BLOG-Beitrag-Abschlussfahrt-Berlin-Kl.10R-scaled-1.jpg\",\"datePublished\":\"2025-07-18T06:06:01+00:00\",\"author\":{\"@id\":\"https:\\\/\\\/fes-heidenheim.de\\\/realschule\\\/#\\\/schema\\\/person\\\/e614df80cf0124a0861921322ba81ee9\"},\"breadcrumb\":{\"@id\":\"https:\\\/\\\/fes-heidenheim.de\\\/realschule\\\/2025\\\/07\\\/18\\\/abschlussfahrt-kl-10r-wir-fahren-nach-berlin\\\/#breadcrumb\"},\"inLanguage\":\"de\",\"potentialAction\":[{\"@type\":\"ReadAction\",\"target\":[\"https:\\\/\\\/fes-heidenheim.de\\\/realschule\\\/2025\\\/07\\\/18\\\/abschlussfahrt-kl-10r-wir-fahren-nach-berlin\\\/\"]}]},{\"@type\":\"ImageObject\",\"inLanguage\":\"de\",\"@id\":\"https:\\\/\\\/fes-heidenheim.de\\\/realschule\\\/2025\\\/07\\\/18\\\/abschlussfahrt-kl-10r-wir-fahren-nach-berlin\\\/#primaryimage\",\"url\":\"https:\\\/\\\/fes-heidenheim.de\\\/realschule\\\/wp-content\\\/uploads\\\/sites\\\/5\\\/2025\\\/07\\\/Beitragsbild-zum-BLOG-Beitrag-Abschlussfahrt-Berlin-Kl.10R-scaled-1.jpg\",\"contentUrl\":\"https:\\\/\\\/fes-heidenheim.de\\\/realschule\\\/wp-content\\\/uploads\\\/sites\\\/5\\\/2025\\\/07\\\/Beitragsbild-zum-BLOG-Beitrag-Abschlussfahrt-Berlin-Kl.10R-scaled-1.jpg\",\"width\":2560,\"height\":1441},{\"@type\":\"BreadcrumbList\",\"@id\":\"https:\\\/\\\/fes-heidenheim.de\\\/realschule\\\/2025\\\/07\\\/18\\\/abschlussfahrt-kl-10r-wir-fahren-nach-berlin\\\/#breadcrumb\",\"itemListElement\":[{\"@type\":\"ListItem\",\"position\":1,\"name\":\"Startseite\",\"item\":\"https:\\\/\\\/fes-heidenheim.de\\\/realschule\\\/\"},{\"@type\":\"ListItem\",\"position\":2,\"name\":\"Abschlussfahrt Kl.10R: Wir fahren nach Berlin\u2026\"}]},{\"@type\":\"WebSite\",\"@id\":\"https:\\\/\\\/fes-heidenheim.de\\\/realschule\\\/#website\",\"url\":\"https:\\\/\\\/fes-heidenheim.de\\\/realschule\\\/\",\"name\":\"Realschule | Freie Evangelischen Schule und Kindertagesst\u00e4tte Heidenheim e. V.\",\"description\":\"Eine weitere Freie Evangelische Schule Heidenheim e.V. Websites Website\",\"potentialAction\":[{\"@type\":\"SearchAction\",\"target\":{\"@type\":\"EntryPoint\",\"urlTemplate\":\"https:\\\/\\\/fes-heidenheim.de\\\/realschule\\\/?s={search_term_string}\"},\"query-input\":{\"@type\":\"PropertyValueSpecification\",\"valueRequired\":true,\"valueName\":\"search_term_string\"}}],\"inLanguage\":\"de\"},{\"@type\":\"Person\",\"@id\":\"https:\\\/\\\/fes-heidenheim.de\\\/realschule\\\/#\\\/schema\\\/person\\\/e614df80cf0124a0861921322ba81ee9\",\"name\":\"sekretariatgym\",\"image\":{\"@type\":\"ImageObject\",\"inLanguage\":\"de\",\"@id\":\"https:\\\/\\\/secure.gravatar.com\\\/avatar\\\/8196f14ce1450e8b1558ed9138138a8a40a91d9ddc1e02556e5dd141376b7e3a?s=96&d=mm&r=g\",\"url\":\"https:\\\/\\\/secure.gravatar.com\\\/avatar\\\/8196f14ce1450e8b1558ed9138138a8a40a91d9ddc1e02556e5dd141376b7e3a?s=96&d=mm&r=g\",\"contentUrl\":\"https:\\\/\\\/secure.gravatar.com\\\/avatar\\\/8196f14ce1450e8b1558ed9138138a8a40a91d9ddc1e02556e5dd141376b7e3a?s=96&d=mm&r=g\",\"caption\":\"sekretariatgym\"},\"url\":\"https:\\\/\\\/fes-heidenheim.de\\\/realschule\\\/author\\\/sekretariatgym\\\/\"}]}<\/script>\n<!-- \/ Yoast SEO plugin. -->","yoast_head_json":{"title":"Abschlussfahrt Kl.10R: Wir fahren nach Berlin\u2026 - Realschule | Freie Evangelischen Schule und Kindertagesst\u00e4tte Heidenheim e. V.","robots":{"index":"index","follow":"follow","max-snippet":"max-snippet:-1","max-image-preview":"max-image-preview:large","max-video-preview":"max-video-preview:-1"},"canonical":"https:\/\/fes-heidenheim.de\/realschule\/2025\/07\/18\/abschlussfahrt-kl-10r-wir-fahren-nach-berlin\/","og_locale":"de_DE","og_type":"article","og_title":"Abschlussfahrt Kl.10R: Wir fahren nach Berlin\u2026 - Realschule | Freie Evangelischen Schule und Kindertagesst\u00e4tte Heidenheim e. V.","og_description":"Zum unvergesslichen H\u00f6hep\u00adunkt zum Ende der Schulzeit der 10.Kl\u00e4ssler an der FES-Realschule wurde die Abschlussfahrt in die Bun\u00adde\u00adshaupt\u00adstadt. F\u00fcnf Tage lang taucht\u00aden die Abschlusss\u00adch\u00fcler ein in das bunte Leben Berlins [&hellip;]","og_url":"https:\/\/fes-heidenheim.de\/realschule\/2025\/07\/18\/abschlussfahrt-kl-10r-wir-fahren-nach-berlin\/","og_site_name":"Realschule | Freie Evangelischen Schule und Kindertagesst\u00e4tte Heidenheim e. V.","article_published_time":"2025-07-18T06:06:01+00:00","og_image":[{"width":2560,"height":1441,"url":"https:\/\/fes-heidenheim.de\/realschule\/wp-content\/uploads\/sites\/5\/2025\/07\/Beitragsbild-zum-BLOG-Beitrag-Abschlussfahrt-Berlin-Kl.10R-scaled-1.jpg","type":"image\/jpeg"}],"author":"sekretariatgym","twitter_card":"summary_large_image","twitter_misc":{"Verfasst von":"sekretariatgym","Gesch\u00e4tzte Lesezeit":"2\u00a0Minuten"},"schema":{"@context":"https:\/\/schema.org","@graph":[{"@type":"Article","@id":"https:\/\/fes-heidenheim.de\/realschule\/2025\/07\/18\/abschlussfahrt-kl-10r-wir-fahren-nach-berlin\/#article","isPartOf":{"@id":"https:\/\/fes-heidenheim.de\/realschule\/2025\/07\/18\/abschlussfahrt-kl-10r-wir-fahren-nach-berlin\/"},"author":{"name":"sekretariatgym","@id":"https:\/\/fes-heidenheim.de\/realschule\/#\/schema\/person\/e614df80cf0124a0861921322ba81ee9"},"headline":"Abschlussfahrt Kl.10R: Wir fahren nach Berlin\u2026","datePublished":"2025-07-18T06:06:01+00:00","mainEntityOfPage":{"@id":"https:\/\/fes-heidenheim.de\/realschule\/2025\/07\/18\/abschlussfahrt-kl-10r-wir-fahren-nach-berlin\/"},"wordCount":195,"image":{"@id":"https:\/\/fes-heidenheim.de\/realschule\/2025\/07\/18\/abschlussfahrt-kl-10r-wir-fahren-nach-berlin\/#primaryimage"},"thumbnailUrl":"https:\/\/fes-heidenheim.de\/realschule\/wp-content\/uploads\/sites\/5\/2025\/07\/Beitragsbild-zum-BLOG-Beitrag-Abschlussfahrt-Berlin-Kl.10R-scaled-1.jpg","articleSection":["FES Realschule","FES unterwegs RS"],"inLanguage":"de"},{"@type":"WebPage","@id":"https:\/\/fes-heidenheim.de\/realschule\/2025\/07\/18\/abschlussfahrt-kl-10r-wir-fahren-nach-berlin\/","url":"https:\/\/fes-heidenheim.de\/realschule\/2025\/07\/18\/abschlussfahrt-kl-10r-wir-fahren-nach-berlin\/","name":"Abschlussfahrt Kl.10R: Wir fahren nach Berlin\u2026 - Realschule | Freie Evangelischen Schule und Kindertagesst\u00e4tte Heidenheim e. V.","isPartOf":{"@id":"https:\/\/fes-heidenheim.de\/realschule\/#website"},"primaryImageOfPage":{"@id":"https:\/\/fes-heidenheim.de\/realschule\/2025\/07\/18\/abschlussfahrt-kl-10r-wir-fahren-nach-berlin\/#primaryimage"},"image":{"@id":"https:\/\/fes-heidenheim.de\/realschule\/2025\/07\/18\/abschlussfahrt-kl-10r-wir-fahren-nach-berlin\/#primaryimage"},"thumbnailUrl":"https:\/\/fes-heidenheim.de\/realschule\/wp-content\/uploads\/sites\/5\/2025\/07\/Beitragsbild-zum-BLOG-Beitrag-Abschlussfahrt-Berlin-Kl.10R-scaled-1.jpg","datePublished":"2025-07-18T06:06:01+00:00","author":{"@id":"https:\/\/fes-heidenheim.de\/realschule\/#\/schema\/person\/e614df80cf0124a0861921322ba81ee9"},"breadcrumb":{"@id":"https:\/\/fes-heidenheim.de\/realschule\/2025\/07\/18\/abschlussfahrt-kl-10r-wir-fahren-nach-berlin\/#breadcrumb"},"inLanguage":"de","potentialAction":[{"@type":"ReadAction","target":["https:\/\/fes-heidenheim.de\/realschule\/2025\/07\/18\/abschlussfahrt-kl-10r-wir-fahren-nach-berlin\/"]}]},{"@type":"ImageObject","inLanguage":"de","@id":"https:\/\/fes-heidenheim.de\/realschule\/2025\/07\/18\/abschlussfahrt-kl-10r-wir-fahren-nach-berlin\/#primaryimage","url":"https:\/\/fes-heidenheim.de\/realschule\/wp-content\/uploads\/sites\/5\/2025\/07\/Beitragsbild-zum-BLOG-Beitrag-Abschlussfahrt-Berlin-Kl.10R-scaled-1.jpg","contentUrl":"https:\/\/fes-heidenheim.de\/realschule\/wp-content\/uploads\/sites\/5\/2025\/07\/Beitragsbild-zum-BLOG-Beitrag-Abschlussfahrt-Berlin-Kl.10R-scaled-1.jpg","width":2560,"height":1441},{"@type":"BreadcrumbList","@id":"https:\/\/fes-heidenheim.de\/realschule\/2025\/07\/18\/abschlussfahrt-kl-10r-wir-fahren-nach-berlin\/#breadcrumb","itemListElement":[{"@type":"ListItem","position":1,"name":"Startseite","item":"https:\/\/fes-heidenheim.de\/realschule\/"},{"@type":"ListItem","position":2,"name":"Abschlussfahrt Kl.10R: Wir fahren nach Berlin\u2026"}]},{"@type":"WebSite","@id":"https:\/\/fes-heidenheim.de\/realschule\/#website","url":"https:\/\/fes-heidenheim.de\/realschule\/","name":"Realschule | Freie Evangelischen Schule und Kindertagesst\u00e4tte Heidenheim e. V.","description":"Eine weitere Freie Evangelische Schule Heidenheim e.V. Websites Website","potentialAction":[{"@type":"SearchAction","target":{"@type":"EntryPoint","urlTemplate":"https:\/\/fes-heidenheim.de\/realschule\/?s={search_term_string}"},"query-input":{"@type":"PropertyValueSpecification","valueRequired":true,"valueName":"search_term_string"}}],"inLanguage":"de"},{"@type":"Person","@id":"https:\/\/fes-heidenheim.de\/realschule\/#\/schema\/person\/e614df80cf0124a0861921322ba81ee9","name":"sekretariatgym","image":{"@type":"ImageObject","inLanguage":"de","@id":"https:\/\/secure.gravatar.com\/avatar\/8196f14ce1450e8b1558ed9138138a8a40a91d9ddc1e02556e5dd141376b7e3a?s=96&d=mm&r=g","url":"https:\/\/secure.gravatar.com\/avatar\/8196f14ce1450e8b1558ed9138138a8a40a91d9ddc1e02556e5dd141376b7e3a?s=96&d=mm&r=g","contentUrl":"https:\/\/secure.gravatar.com\/avatar\/8196f14ce1450e8b1558ed9138138a8a40a91d9ddc1e02556e5dd141376b7e3a?s=96&d=mm&r=g","caption":"sekretariatgym"},"url":"https:\/\/fes-heidenheim.de\/realschule\/author\/sekretariatgym\/"}]}},"_links":{"self":[{"href":"https:\/\/fes-heidenheim.de\/realschule\/wp-json\/wp\/v2\/posts\/5568","targetHints":{"allow":["GET"]}}],"collection":[{"href":"https:\/\/fes-heidenheim.de\/realschule\/wp-json\/wp\/v2\/posts"}],"about":[{"href":"https:\/\/fes-heidenheim.de\/realschule\/wp-json\/wp\/v2\/types\/post"}],"author":[{"embeddable":true,"href":"https:\/\/fes-heidenheim.de\/realschule\/wp-json\/wp\/v2\/users\/15"}],"replies":[{"embeddable":true,"href":"https:\/\/fes-heidenheim.de\/realschule\/wp-json\/wp\/v2\/comments?post=5568"}],"version-history":[{"count":0,"href":"https:\/\/fes-heidenheim.de\/realschule\/wp-json\/wp\/v2\/posts\/5568\/revisions"}],"wp:featuredmedia":[{"embeddable":true,"href":"https:\/\/fes-heidenheim.de\/realschule\/wp-json\/wp\/v2\/media\/5569"}],"wp:attachment":[{"href":"https:\/\/fes-heidenheim.de\/realschule\/wp-json\/wp\/v2\/media?parent=5568"}],"wp:term":[{"taxonomy":"category","embeddable":true,"href":"https:\/\/fes-heidenheim.de\/realschule\/wp-json\/wp\/v2\/categories?post=5568"},{"taxonomy":"post_tag","embeddable":true,"href":"https:\/\/fes-heidenheim.de\/realschule\/wp-json\/wp\/v2\/tags?post=5568"}],"curies":[{"name":"wp","href":"https:\/\/api.w.org\/{rel}","templated":true}]}}